{"id":19388,"date":"2015-11-23T10:31:51","date_gmt":"2015-11-23T08:31:51","guid":{"rendered":"https:\/\/www.stepienybarno.es\/blog\/?p=19388"},"modified":"2015-11-23T10:32:11","modified_gmt":"2015-11-23T08:32:11","slug":"%c2%bfestudiar-arquitectura-2","status":"publish","type":"post","link":"https:\/\/stepienybarno.es\/blog\/2015\/11\/23\/%c2%bfestudiar-arquitectura-2\/","title":{"rendered":"\u00bfESTUDIAR ARQUITECTURA?"},"content":{"rendered":"<p><a href=\"https:\/\/stepienybarno.es\/blog\/wp-content\/uploads\/2015\/11\/stepienybarno-blog-stepien-y-barno-arquitectura-arquitectamos-locos-jose-ramon-hernandez-correa.jpg\"><img loading=\"lazy\" decoding=\"async\" class=\"aligncenter size-full wp-image-19389\" title=\"stepienybarno-blog-stepien-y-barno-arquitectura-arquitectamos-locos-jose-ramon-hernandez-correa\" src=\"https:\/\/stepienybarno.es\/blog\/wp-content\/uploads\/2015\/11\/stepienybarno-blog-stepien-y-barno-arquitectura-arquitectamos-locos-jose-ramon-hernandez-correa.jpg\" alt=\"stepienybarno-blog-stepien-y-barno-arquitectura-arquitectamos-locos-jose-ramon-hernandez-correa\" width=\"500\" height=\"333\" srcset=\"https:\/\/stepienybarno.es\/blog\/wp-content\/uploads\/2015\/11\/stepienybarno-blog-stepien-y-barno-arquitectura-arquitectamos-locos-jose-ramon-hernandez-correa.jpg 500w, https:\/\/stepienybarno.es\/blog\/wp-content\/uploads\/2015\/11\/stepienybarno-blog-stepien-y-barno-arquitectura-arquitectamos-locos-jose-ramon-hernandez-correa-180x120.jpg 180w, https:\/\/stepienybarno.es\/blog\/wp-content\/uploads\/2015\/11\/stepienybarno-blog-stepien-y-barno-arquitectura-arquitectamos-locos-jose-ramon-hernandez-correa-316x210.jpg 316w\" sizes=\"(max-width: 500px) 100vw, 500px\" \/><\/a><\/p>\n<p>Por Jos\u00e9 Ram\u00f3n Hern\u00e1ndez Correa Desde <a href=\"http:\/\/hicarquitectura.com\/\"><\/a> <a href=\"http:\/\/arquitectamoslocos.blogspot.com.es\/\" target=\"_blank\">Arquitectamos Locos<\/a><\/p>\n<p><!--more--><\/p>\n<p>\u201cCreo que a estas alturas los lectores de este blog ya sabr\u00e9is que el\u00a0<a href=\"http:\/\/www.frikipedia.es\/friki\/TIA\">Gobierno de Espa\u00f1a<\/a> prepara una ley (la de Servicios Profesionales, o LSP) que, entre otras cosas, permitir\u00e1 a los ingenieros el ejercicio de la arquitectura.<br \/>\n(Acabamos de enterarnos de que aplazan su aprobaci\u00f3n: Prolongan nuestra agon\u00eda).<br \/>\nEl borrador de esa ley quiere hacer patente que no existe distinci\u00f3n entre edificaci\u00f3n, construcci\u00f3n y arquitectura, y razona que si un ingeniero sabe hacer una nave tiene que saber hacer una casa.<br \/>\nSurge entonces una duda inmediata: Si un ingeniero va a poder hacer lo suyo y adem\u00e1s lo del arquitecto, mientras que un arquitecto seguir\u00e1 sin poder hacer lo del ingeniero, \u00bfpara qu\u00e9 estudiar Arquitectura?<\/p>\n<p>Se me ocurren muchas l\u00edneas de comentarios, pero todas ellas han sido mucho mejor desarrolladas por elocuentes compa\u00f1eros. As\u00ed que tiro por otro sitio.<br \/>\nTengo dos hijos, y ninguno de ellos est\u00e1 ni remotamente interesado en ser arquitecto. Pero, si les hubiera atra\u00eddo la arquitectura, \u00bfqu\u00e9 les podr\u00eda decir?, \u00bfc\u00f3mo les aconsejar\u00eda? Uf, qu\u00e9 dif\u00edcil.<br \/>\nEl sentido com\u00fan dice que estudiar arquitectura es in\u00fatil, es una aut\u00e9ntica p\u00e9rdida de tiempo. (\u2026)\u201d<\/p>\n<blockquote>\n<p style=\"text-align: center;\">Accede a la noticia, <a href=\"http:\/\/arquitectamoslocos.blogspot.com.es\/2013\/06\/estudiar-arquitectura.html\" target=\"_blank\">AQU\u00cd<\/a><\/p>\n<\/blockquote>\n<p style=\"text-align: center;\">\n<p><a href=\"http:\/\/www.lacol.org\/\"><\/a><\/p>\n<p><em><span style=\"color: #999999;\">Noticia seleccionada por el Canal de arquitectura STEPIENYBARNO.<\/span><\/em><\/p>\n<p><a href=\"https:\/\/twitter.com\/stepienybarno\" target=\"_blank\"><em>STEPIENYBARNO EN TWITTER _ @stepienybarno<\/em><\/a><\/p>\n<p><a href=\"http:\/\/www.linkedin.com\/company\/stepienybarno\" target=\"_blank\"><em>STEPIENYBARNO EN LINKEDIN<\/em><\/a><\/p>\n<p><a href=\"https:\/\/www.facebook.com\/pages\/BLOG-DE-STEPIENYBARNO\/78001079029\" target=\"_blank\"><em>STEPIENYBARNO EN FACEBOOK<\/em><\/a><\/p>\n<p><em><span style=\"color: #999999;\">*Stepienybarno est\u00e1 formado por Agnieszka Stepien y Lorenzo Barn\u00f3 y desde mayo del 2009 estamos en la red con\u00a0 la presente publicaci\u00f3n digital (Blog) de arquitectura.<\/span><\/em><\/p>\n<p><em><span style=\"color: #999999;\">Nuestra actividad se sustenta en tres pilares b\u00e1sicos: la investigaci\u00f3n, la publicaci\u00f3n (comunicaci\u00f3n y difusi\u00f3n) y la redacci\u00f3n de proyectos de arquitectura.<\/span><\/em><\/p>\n<p><em><span style=\"color: #999999;\">A su vez, somos socios cofundadores de<\/span><\/em><em> <\/em><a href=\"http:\/\/sinergiasostenible.org\/\" target=\"_blank\"><em>SINERGIA SOSTENIBLE<\/em><\/a><span style=\"color: #999999;\"><em>, redactores de<\/em><em> <\/em><\/span><a href=\"http:\/\/www.laciudadviva.org\/blogs\/?author=45\" target=\"_blank\"><em>LA CIUDAD VIVA<\/em><\/a><span style=\"color: #999999;\"><em> <\/em><em>y directores del blog de<\/em><em> <\/em><\/span><a href=\"http:\/\/blogfundacion.arquia.es\/\" target=\"_blank\"><em>FUNDACI\u00d3N ARQUIA<span style=\"color: #999999;\">.<\/span><\/em><\/a><\/p>\n<p><em><span style=\"color: #999999;\">* Los editores de esta publicaci\u00f3n digital no nos hacemos cargo de de los comentarios y\u00a0 conceptos vertidos en los textos firmados por otras personas, siendo \u00e9stos de responsabilidad exclusiva de sus autores.<\/span><\/em><\/p>\n<p><em><span style=\"color: #999999;\">* Tu comentario podr\u00e1 ser moderado, por lo tanto, aunque aparezca inmediatamente al ser publicado en la entrada, los editores de esta publicaci\u00f3n digital nos reservamos el derecho tanto de editarlo (si fuera necesario, para hacerlo m\u00e1s legible) como de eliminarlo en el caso de que se usen expresiones incorrectas (descalificaciones, palabras malsonantes\u2026). A su vez, si quieres comentar desde el anonimato puedes hacerlo, aunque, nosotros personalmente, agradecemos que tod@s nos podamos identificar.<\/span><\/em><\/p>\n","protected":false},"excerpt":{"rendered":"<p>Por Jos\u00e9 Ram\u00f3n Hern\u00e1ndez Correa Desde Arquitectamos Locos<\/p>\n<p>(m\u00e1s&#8230;)<\/p>\n","protected":false},"author":2,"featured_media":0,"comment_status":"open","ping_status":"closed","sticky":false,"template":"","format":"standard","meta":{"om_disable_all_campaigns":false,"_monsterinsights_skip_tracking":false,"_monsterinsights_sitenote_active":false,"_monsterinsights_sitenote_note":"","_monsterinsights_sitenote_category":0,"_uf_show_specific_survey":0,"_uf_disable_surveys":false,"episode_type":"","audio_file":"","cover_image":"","cover_image_id":"","duration":"","filesize":"","date_recorded":"","explicit":"","block":"","filesize_raw":"","footnotes":""},"categories":[244],"tags":[2481,2480],"series":[],"class_list":["post-19388","post","type-post","status-publish","format-standard","hentry","category-canal-de-arquitectura","tag-arquitectamos-locos","tag-jose-ramon-hernandez-correa"],"aioseo_notices":[],"episode_featured_image":false,"episode_player_image":"https:\/\/stepienybarno.es\/blog\/wp-content\/uploads\/2020\/11\/stepienybarno-podcast-scaled.jpg","download_link":"","player_link":"","audio_player":false,"episode_data":{"playerMode":"dark","subscribeUrls":[],"rssFeedUrl":"https:\/\/stepienybarno.es\/blog\/feed\/podcast\/podcast-de-stepienybarno","embedCode":"<blockquote class=\"wp-embedded-content\" data-secret=\"B9swrMbxTK\"><a href=\"https:\/\/stepienybarno.es\/blog\/2015\/11\/23\/%c2%bfestudiar-arquitectura-2\/\">\u00bfESTUDIAR ARQUITECTURA?<\/a><\/blockquote><iframe sandbox=\"allow-scripts\" security=\"restricted\" src=\"https:\/\/stepienybarno.es\/blog\/2015\/11\/23\/%c2%bfestudiar-arquitectura-2\/embed\/#?secret=B9swrMbxTK\" width=\"500\" height=\"350\" title=\"\u00ab\u00bfESTUDIAR ARQUITECTURA?\u00bb \u2014 Blog de STEPIEN Y BARNO - publicaci\u00f3n digital sobre arquitectura\" data-secret=\"B9swrMbxTK\" frameborder=\"0\" marginwidth=\"0\" marginheight=\"0\" scrolling=\"no\" class=\"wp-embedded-content\"><\/iframe><script type=\"text\/javascript\">\n\/* <![CDATA[ *\/\n\/*! This file is auto-generated *\/\n!function(d,l){\"use strict\";l.querySelector&&d.addEventListener&&\"undefined\"!=typeof URL&&(d.wp=d.wp||{},d.wp.receiveEmbedMessage||(d.wp.receiveEmbedMessage=function(e){var t=e.data;if((t||t.secret||t.message||t.value)&&!\/[^a-zA-Z0-9]\/.test(t.secret)){for(var s,r,n,a=l.querySelectorAll('iframe[data-secret=\"'+t.secret+'\"]'),o=l.querySelectorAll('blockquote[data-secret=\"'+t.secret+'\"]'),c=new RegExp(\"^https?:$\",\"i\"),i=0;i<o.length;i++)o[i].style.display=\"none\";for(i=0;i<a.length;i++)s=a[i],e.source===s.contentWindow&&(s.removeAttribute(\"style\"),\"height\"===t.message?(1e3<(r=parseInt(t.value,10))?r=1e3:~~r<200&&(r=200),s.height=r):\"link\"===t.message&&(r=new URL(s.getAttribute(\"src\")),n=new URL(t.value),c.test(n.protocol))&&n.host===r.host&&l.activeElement===s&&(d.top.location.href=t.value))}},d.addEventListener(\"message\",d.wp.receiveEmbedMessage,!1),l.addEventListener(\"DOMContentLoaded\",function(){for(var e,t,s=l.querySelectorAll(\"iframe.wp-embedded-content\"),r=0;r<s.length;r++)(t=(e=s[r]).getAttribute(\"data-secret\"))||(t=Math.random().toString(36).substring(2,12),e.src+=\"#?secret=\"+t,e.setAttribute(\"data-secret\",t)),e.contentWindow.postMessage({message:\"ready\",secret:t},\"*\")},!1)))}(window,document);\n\/* ]]> *\/\n<\/script>\n"},"_links":{"self":[{"href":"https:\/\/stepienybarno.es\/blog\/wp-json\/wp\/v2\/posts\/19388"}],"collection":[{"href":"https:\/\/stepienybarno.es\/blog\/wp-json\/wp\/v2\/posts"}],"about":[{"href":"https:\/\/stepienybarno.es\/blog\/wp-json\/wp\/v2\/types\/post"}],"author":[{"embeddable":true,"href":"https:\/\/stepienybarno.es\/blog\/wp-json\/wp\/v2\/users\/2"}],"replies":[{"embeddable":true,"href":"https:\/\/stepienybarno.es\/blog\/wp-json\/wp\/v2\/comments?post=19388"}],"version-history":[{"count":3,"href":"https:\/\/stepienybarno.es\/blog\/wp-json\/wp\/v2\/posts\/19388\/revisions"}],"predecessor-version":[{"id":19391,"href":"https:\/\/stepienybarno.es\/blog\/wp-json\/wp\/v2\/posts\/19388\/revisions\/19391"}],"wp:attachment":[{"href":"https:\/\/stepienybarno.es\/blog\/wp-json\/wp\/v2\/media?parent=19388"}],"wp:term":[{"taxonomy":"category","embeddable":true,"href":"https:\/\/stepienybarno.es\/blog\/wp-json\/wp\/v2\/categories?post=19388"},{"taxonomy":"post_tag","embeddable":true,"href":"https:\/\/stepienybarno.es\/blog\/wp-json\/wp\/v2\/tags?post=19388"},{"taxonomy":"series","embeddable":true,"href":"https:\/\/stepienybarno.es\/blog\/wp-json\/wp\/v2\/series?post=19388"}],"curies":[{"name":"wp","href":"https:\/\/api.w.org\/{rel}","templated":true}]}}