{"id":19397,"date":"2015-11-23T11:37:55","date_gmt":"2015-11-23T09:37:55","guid":{"rendered":"https:\/\/www.stepienybarno.es\/blog\/?p=19397"},"modified":"2020-04-16T19:25:09","modified_gmt":"2020-04-16T17:25:09","slug":"de-la-arquitectura-de-la-suciedad-a-la-arquitectura-de-la-sociedad","status":"publish","type":"post","link":"https:\/\/stepienybarno.es\/blog\/2015\/11\/23\/de-la-arquitectura-de-la-suciedad-a-la-arquitectura-de-la-sociedad\/","title":{"rendered":"DE LA ARQUITECTURA DE LA SUCIEDAD A LA ARQUITECTURA DE LA SOCIEDAD"},"content":{"rendered":"<p style=\"text-align: center;\"><a href=\"https:\/\/stepienybarno.es\/blog\/wp-content\/uploads\/2015\/11\/paisaje-transversal-stepienybarno.jpg\"><img loading=\"lazy\" decoding=\"async\" class=\"aligncenter size-medium wp-image-19408\" title=\"paisaje-transversal-stepienybarno\" src=\"https:\/\/stepienybarno.es\/blog\/wp-content\/uploads\/2015\/11\/paisaje-transversal-stepienybarno-350x232.jpg\" alt=\"paisaje-transversal-stepienybarno\" width=\"350\" height=\"232\" \/><\/a><\/p>\n<p>Sobre suciedad y sociedad y su papel en la arquitectura va el post de hoy. A ver qu\u00e9 os parece la reflexi\u00f3n.<\/p>\n<p><!--more--><\/p>\n<p>El pasado viernes d\u00eda 20 de noviembre Anatxu Zabalbeascoa, mientras moderaba la estupenda <a href=\"https:\/\/stepienybarno.es\/blog\/2015\/11\/11\/homenaje-a-alvaro-siza-vieira-arquiaxsiza\/\">mesa redonda de Siza x Siza<\/a>, coment\u00f3 que la obra del maestro portugu\u00e9s, m\u00e1s all\u00e1 de sus evidentes bondades, ten\u00eda el plus de que estaba pensada cuidando todos los detalles -incluso el poco tratado tema de la limpieza del proyecto-. Para ilustrarlo hablaba de c\u00f3mo en uno de sus primeros proyectos, las piscinas de Leca de Palmeira, los vestuarios\u00a0 estaban dise\u00f1ados para ser limpiados con un simple manguerazo.<\/p>\n<p>Posteriormente Anatxu, ya en <em>petit comit\u00e9<\/em>, nos contaba que tanto el coste de las obras de arquitectura, como su posterior limpieza y mantenimiento eran dos temas que siempre le hab\u00edan interesado.<\/p>\n<p style=\"text-align: center;\"><span style=\"color: #888888;\"><a href=\"https:\/\/stepienybarno.es\/blog\/wp-content\/uploads\/2015\/11\/1.-ALVARO-siza-stepienybarno-Piscinas-en-Le\u00e7a-de-Palmeira-500.png\"><img loading=\"lazy\" decoding=\"async\" class=\"aligncenter size-full wp-image-19407\" title=\"1. ALVARO-siza-stepienybarno-Piscinas en Le\u00e7a de Palmeira 500\" src=\"https:\/\/stepienybarno.es\/blog\/wp-content\/uploads\/2015\/11\/1.-ALVARO-siza-stepienybarno-Piscinas-en-Le\u00e7a-de-Palmeira-500.png\" alt=\"1. ALVARO-siza-stepienybarno-Piscinas en Le\u00e7a de Palmeira 500\" width=\"500\" height=\"352\" srcset=\"https:\/\/stepienybarno.es\/blog\/wp-content\/uploads\/2015\/11\/1.-ALVARO-siza-stepienybarno-Piscinas-en-Le\u00e7a-de-Palmeira-500.png 500w, https:\/\/stepienybarno.es\/blog\/wp-content\/uploads\/2015\/11\/1.-ALVARO-siza-stepienybarno-Piscinas-en-Le\u00e7a-de-Palmeira-500-180x127.png 180w, https:\/\/stepienybarno.es\/blog\/wp-content\/uploads\/2015\/11\/1.-ALVARO-siza-stepienybarno-Piscinas-en-Le\u00e7a-de-Palmeira-500-316x222.png 316w\" sizes=\"(max-width: 500px) 100vw, 500px\" \/><\/a><br \/>\n<\/span><\/p>\n<p style=\"text-align: center;\"><span style=\"color: #888888;\">Piscinas en Le\u00e7a de Palmeira de \u00c1lvaro Siza.<\/span><\/p>\n<p style=\"text-align: center;\"><span style=\"color: #888888;\">Foto: Fernando Guerra_ FG+SG fotograf\u00eda de arquitectura.<\/span><\/p>\n<p style=\"text-align: center;\"><span style=\"color: #888888;\">Publicada en Alvaro Siza. Complete Works 1952-2013. Editorial Taschen.<\/span><\/p>\n<p>En este sentido, nos pareci\u00f3 muy oportuna su intervenci\u00f3n pues, en los actuales tiempos en los que <strong>la imagen, y el postureo<\/strong>, son tan importantes (todo es ef\u00edmero casi por naturaleza), pararnos, como arquitectos, a <strong>pensar en el detalle y en lo que no se ve en la foto<\/strong>, nos parece de suma importancia. Ante tanto formalismo desatado y publicaci\u00f3n de cualquier proyecto que sea espectacular, bien nos viene volver a la esencia de la propia arquitectura y dejarnos de brindis al sol.<\/p>\n<p>De todas formas, esto no es nuevo y en la arquitectura muchas veces ha ido conviviendo la innovaci\u00f3n formal y tipol\u00f3gica, con grandes <strong>chapuzas constructivas.<\/strong> Es m\u00e1s, hasta un cierto punto, fue necesaria cierta temeridad constructiva, y asumir posibles goteras, para dar nacimiento, sin ir m\u00e1s lejos, a la arquitectura moderna (1).<\/p>\n<p>No hay que olvidar que el propio Le Corbusier, era muy consciente de las consecuencias medi\u00e1ticas de sus proyectos e incluso de su propia persona. El <strong>marketing, <\/strong>que tanto sigue provocando sarpullido a muchos arquitectos, es algo que ha ido de la mano de los m\u00e1s grandes de la arquitectura; pero este es ya otro tema y en otros post nos ocuparemos de \u00e9l.<\/p>\n<p>En cualquier caso, una cosa es arriesgar en el l\u00edmite de la t\u00e9cnica, y otra, bien distinta, sucumbir ante el mundo del espect\u00e1culo.<\/p>\n<p>En muchos proyectos, aparecen vidrios demasiado grandes que son imposibles de limpiar, a no ser que se mont\u00e9 el circo para ello. En este sentido, con la llegada en el 2006 del CTE (se nos hace raro estar defendiendo semejante tocho lleno de contradicciones), se puso el acento en que los\u00a0 vidrios de las ventanas pudieran ser limpiables con facilidad. Aun as\u00ed, no es complicado ir por la calle y encontrarte a m\u00e1s de una persona jug\u00e1ndose la vida \u2013literal- para <strong>limpiar sus ventanas <\/strong>(posible soluci\u00f3n por <a href=\"https:\/\/www.youtube.com\/watch?v=0JDjR3_4_5s\">aqu\u00ed<\/a>).<\/p>\n<p>Tampoco ayuda demasiado la t\u00edpica ventana corrida con la vitrocer\u00e1mica delante y a ras. Seguramente, quedar\u00e1 muy bien, pero desde el punto de vista de limpieza, desde luego que no.<\/p>\n<p>Otro aspecto dudoso que aparece, muchas veces, en la \u201carquitectura minimalista\u201d es el<strong> encuentro entre paramento vertical y horizontal<\/strong>; de hecho, lo que suelen hacer es encontrarse tal cual, pues un <strong>rodapi\u00e9 \u201c<\/strong>ensuciar\u00eda\u201d el proyecto. Curiosamente, lo que acabar\u00e1 ensuci\u00e1ndose, sin duda alguna, son los bajos de esa pared, una vez que el fot\u00f3grafo de turno haya hecho el reportaje del proyecto.<\/p>\n<p>Y as\u00ed podr\u00edamos seguir con la lista de soluciones proyectuales que no ayudan para nada al mantenimiento ni limpieza de los proyectos.(2)<\/p>\n<p style=\"text-align: center;\"><a href=\"https:\/\/stepienybarno.es\/blog\/wp-content\/uploads\/2015\/11\/1.1-Palau-santiago-calatrava-JOSE-CUELLAR1.jpg\"><img loading=\"lazy\" decoding=\"async\" class=\"aligncenter size-full wp-image-19402\" title=\"1.1 Palau-santiago-calatrava-JOSE CUELLAR\" src=\"https:\/\/stepienybarno.es\/blog\/wp-content\/uploads\/2015\/11\/1.1-Palau-santiago-calatrava-JOSE-CUELLAR1.jpg\" alt=\"1.1 Palau-santiago-calatrava-JOSE CUELLAR\" width=\"500\" height=\"331\" srcset=\"https:\/\/stepienybarno.es\/blog\/wp-content\/uploads\/2015\/11\/1.1-Palau-santiago-calatrava-JOSE-CUELLAR1.jpg 500w, https:\/\/stepienybarno.es\/blog\/wp-content\/uploads\/2015\/11\/1.1-Palau-santiago-calatrava-JOSE-CUELLAR1-180x119.jpg 180w, https:\/\/stepienybarno.es\/blog\/wp-content\/uploads\/2015\/11\/1.1-Palau-santiago-calatrava-JOSE-CUELLAR1-316x209.jpg 316w\" sizes=\"(max-width: 500px) 100vw, 500px\" \/><\/a><\/p>\n<p style=\"text-align: center;\"><span style=\"color: #888888;\">Foto de reparaci\u00f3n de \u00a0Palau de les arts,obra de Santiago Calatrava<\/span><\/p>\n<p style=\"text-align: center;\"><span style=\"color: #888888;\">Foto: Jos\u00e9 Cuellar para El Mundo<\/span><\/p>\n<p>Hace ya unos a\u00f1itos, cuando \u00e9ramos todav\u00eda estudiantes, no nos par\u00e1bamos demasiado a pensar qu\u00e9 hac\u00eda que un proyecto acabar\u00e1 siendo publicado en la AV o en el Croquis; sin demasiada reflexi\u00f3n al respecto, d\u00e1bamos por hecho que la buena arquitectura era la que se terminaba publicando.<\/p>\n<p>Y eso era as\u00ed, pero solo en parte. Sin ir m\u00e1s lejos, que una vez terminado el proyecto, se llame a un <strong>fot\u00f3grafo <\/strong>o a otro, har\u00e1 que las posibilidades de publicaci\u00f3n del proyecto aumenten considerablemente. Y por supuesto, los fot\u00f3grafos m\u00e1s caros, en general, son los que ten\u00edan y tienen los mejores <strong>contactos editoriales<\/strong>; as\u00ed que, ser portada de una revista de papel, puede pasar en gran parte por tener pasta para gastar en el reportaje del edificio. (3)<\/p>\n<p>Con ello, muchas veces la labor del fot\u00f3grafo -cuya necesidad y calidad de la mayor\u00eda de ellos, no dudamos- ha ido m\u00e1s all\u00e1 de retratar el edificio y se ha centrado en ocasiones en <strong>camuflar sus defectos<\/strong>, incluso usando el photoshop cuando hace falta. Sobre barandillas que aparecen o desaparecen en las fotos de los proyectos (seg\u00fan intereses) dar\u00eda para otro buen post.<\/p>\n<p>Seguro que no siempre es as\u00ed; pero s\u00ed en muchos casos. Como vemos este tipo de situaciones y actitudes est\u00e1n muy lejos del rigor con el que Anatxu hablaba de Siza.<\/p>\n<p style=\"text-align: center;\"><span style=\"color: #888888;\"><a href=\"https:\/\/stepienybarno.es\/blog\/wp-content\/uploads\/2015\/11\/2-caixa-forum-herzog-de-meuron-jose-ramon-hernadez.png\"><img loading=\"lazy\" decoding=\"async\" class=\"aligncenter size-full wp-image-19396\" title=\"2-caixa-forum-herzog-de meuron- jose ramon- hernadez\" src=\"https:\/\/stepienybarno.es\/blog\/wp-content\/uploads\/2015\/11\/2-caixa-forum-herzog-de-meuron-jose-ramon-hernadez.png\" alt=\"2-caixa-forum-herzog-de meuron- jose ramon- hernadez\" width=\"500\" height=\"419\" srcset=\"https:\/\/stepienybarno.es\/blog\/wp-content\/uploads\/2015\/11\/2-caixa-forum-herzog-de-meuron-jose-ramon-hernadez.png 500w, https:\/\/stepienybarno.es\/blog\/wp-content\/uploads\/2015\/11\/2-caixa-forum-herzog-de-meuron-jose-ramon-hernadez-180x151.png 180w, https:\/\/stepienybarno.es\/blog\/wp-content\/uploads\/2015\/11\/2-caixa-forum-herzog-de-meuron-jose-ramon-hernadez-316x265.png 316w\" sizes=\"(max-width: 500px) 100vw, 500px\" \/><\/a><br \/>\n<\/span><\/p>\n<p style=\"text-align: center;\"><span style=\"color: #888888;\">Foto del rodapi\u00e9 de la escalera del <a href=\"http:\/\/arquitecturaespectacular.blogspot.com.es\/2010\/10\/caixa-forum.html\">Caixa Forum Madrid<\/a>.<\/span><\/p>\n<p style=\"text-align: center;\"><span style=\"color: #888888;\">Arquitectos: Herzog &amp; de Meuron<\/span><\/p>\n<p style=\"text-align: center;\"><span style=\"color: #888888;\">Fotos de <a href=\"https:\/\/www.facebook.com\/joseramon.hernandezcorrea\">Jos\u00e9 Ram\u00f3n Hern\u00e1ndez Correa<\/a> (pantallazo a su Facebook)<\/span><\/p>\n<p>De esta forma, en demasiadas ocasiones la arquitectura ha olvidado su papel de servicio y se ha dejado engatusar por la foto y <em>papel couch\u00e9<\/em>. Proyectos que, casi desde el momento de ser paridos, sucumb\u00edan al espect\u00e1culo y no es que se fueran a preocupar de c\u00f3mo ser\u00e1 su limpieza o mantenimiento, sino que cualquier deficiencia constructiva, pod\u00eda ser asumida en favor de su posterior <strong>difusi\u00f3n y publicaci\u00f3n.<\/strong><\/p>\n<p>Ejemplos de esta arquitectura la tenemos en abundancia y pasa desde los \u201ccl\u00e1sicos\u201d de <strong>Santiago Calatrava o Zaha Hadid<\/strong>, hasta otros en ocasiones menos evidentes como <strong>Bjarke Ingels<\/strong> o muchos de los edificios de <strong>Frank Gehry <\/strong>(<a href=\"https:\/\/stepienybarno.es\/blog\/2014\/12\/31\/10-horribles-proyectos-de-arquitectura-en-el-2014\/#more-15325\">ver post<\/a>).<\/p>\n<p>Mientras esto ha ocurrido, y todav\u00eda nos ha distanciado m\u00e1s de la sociedad, tambi\u00e9n ha existido siempre arquitectura seria y rigurosa. De hecho, Espa\u00f1a es un pa\u00eds en que abundan arquitectos, casi anti-medi\u00e1ticos, como los casos de <strong>Fisac o Coderch<\/strong> y otros muchos, m\u00e1s actuales, como <strong>Tu\u00f1\u00f3n y Mansilla o Cruz y Ortiz.<\/strong><\/p>\n<p>La lista, por suerte ser\u00eda interminable.<\/p>\n<p style=\"text-align: center;\"><span style=\"color: #888888;\"><a href=\"https:\/\/stepienybarno.es\/blog\/wp-content\/uploads\/2015\/11\/3-Iglesia-de-Nuestra-Sra.-de-la-Coronaci\u00f3n-de-Vitoria.-Miguel-Fisac-1957-60-stepienybarno.jpg\"><img loading=\"lazy\" decoding=\"async\" class=\"aligncenter size-full wp-image-19395\" title=\"3-Iglesia de Nuestra Sra. de la Coronaci\u00f3n de Vitoria. Miguel Fisac, 1957-60-stepienybarno\" src=\"https:\/\/stepienybarno.es\/blog\/wp-content\/uploads\/2015\/11\/3-Iglesia-de-Nuestra-Sra.-de-la-Coronaci\u00f3n-de-Vitoria.-Miguel-Fisac-1957-60-stepienybarno.jpg\" alt=\"3-Iglesia de Nuestra Sra. de la Coronaci\u00f3n de Vitoria. Miguel Fisac, 1957-60-stepienybarno\" width=\"500\" height=\"333\" srcset=\"https:\/\/stepienybarno.es\/blog\/wp-content\/uploads\/2015\/11\/3-Iglesia-de-Nuestra-Sra.-de-la-Coronaci\u00f3n-de-Vitoria.-Miguel-Fisac-1957-60-stepienybarno.jpg 500w, https:\/\/stepienybarno.es\/blog\/wp-content\/uploads\/2015\/11\/3-Iglesia-de-Nuestra-Sra.-de-la-Coronaci\u00f3n-de-Vitoria.-Miguel-Fisac-1957-60-stepienybarno-180x120.jpg 180w, https:\/\/stepienybarno.es\/blog\/wp-content\/uploads\/2015\/11\/3-Iglesia-de-Nuestra-Sra.-de-la-Coronaci\u00f3n-de-Vitoria.-Miguel-Fisac-1957-60-stepienybarno-316x210.jpg 316w\" sizes=\"(max-width: 500px) 100vw, 500px\" \/><\/a><br \/>\n<\/span><\/p>\n<p style=\"text-align: center;\"><span style=\"color: #888888;\">Iglesia de Nuestra Sra. de la Coronaci\u00f3n de Vitoria. Miguel Fisac, 1957-60<\/span><\/p>\n<p style=\"text-align: center;\"><span style=\"color: #888888;\">Proyecto que visitamos no hace mucho y que se encuentra es muy buen estado.<\/span><\/p>\n<p>Aun con todo, y no siendo poco esta arquitectura rigurosa, sincera y eficaz de la que hablamos, lo que en la actualidad a nosotros m\u00e1s nos interesa, es el nacimiento de <strong>un nuevo tipo de arquitecto<\/strong>. Esta figura, totalmente alejada de los fuegos de artificio, pone todo su \u00e9nfasis en<strong> acercar la arquitectura a la sociedad.<\/strong><\/p>\n<p>As\u00ed, pasamos de una especie de <strong>arquitectura de la suciedad<\/strong> (en el sentido literal y tambi\u00e9n en el de su encantamiento por la imagen) a una <strong>arquitectura de la sociedad.<\/strong><\/p>\n<p><strong>No nos vale eso de que si es buena arquitectura ya es social y, por tanto, entabla un di\u00e1logo suficiente con la sociedad. No entabla nada,<\/strong> lo \u00fanico que hace es hacernos valer como una necesidad a la sociedad; lo cual, por otro lado, siempre est\u00e1 bien.<\/p>\n<p>Estamos convencidos que, para que nos entiendan los \u201cno arquitectos\u201d, tendremos que hacer bastante m\u00e1s que construir buena arquitectura; este es un paso imprescindible, pero <strong>tenemos que aprender a comunicarnos de manera diferente.<\/strong><\/p>\n<p>Seguramente, no lo conseguiremos en esta <strong>generaci\u00f3n<\/strong>, sobre todo si no nos ponemos la pilas -y de momento, desde nuestras cabezas pensantes no se hace gran cosa en este sentido-. Aun as\u00ed, gracias a <a href=\"mailto:arquitect@s\">arquitect@s<\/a> como <strong>Almudena de Benito<\/strong> (<a href=\"http:\/\/www.chiquitectos.com\/\">Chiquitectos<\/a>), Zaramari y su <a href=\"http:\/\/www.arkitente.org\/es\/\"><strong>arkitente<\/strong><\/a> o <a href=\"http:\/\/maushaus.info\/\"><strong>Maushaus<\/strong><\/a>, que trabajan con l@s m\u00e1s peque\u00f1@s, quiz\u00e1s haya m\u00e1s opciones de que la pr\u00f3xima generaci\u00f3n <strong>no nos vea como unos tipos pedantes y distantes que no se sabe muy bien lo que hacen.<\/strong><\/p>\n<p>Sobre el<strong> lenguaje<\/strong> de los arquitectos ya hemos hablado mucho (<a href=\"http:\/\/www.laciudadviva.org\/blogs\/?p=17076\">ver post<\/a>) y sobre la apat\u00eda del colectivo a la hora de bajar a tierra nuestras ideas tambi\u00e9n.<\/p>\n<p style=\"text-align: center;\"><span style=\"color: #888888;\"><a href=\"https:\/\/stepienybarno.es\/blog\/wp-content\/uploads\/2015\/11\/4.-chiquitectos.jpg\"><img loading=\"lazy\" decoding=\"async\" class=\"aligncenter size-full wp-image-19393\" title=\"4. chiquitectos\" src=\"https:\/\/stepienybarno.es\/blog\/wp-content\/uploads\/2015\/11\/4.-chiquitectos.jpg\" alt=\"4. chiquitectos\" width=\"500\" height=\"434\" srcset=\"https:\/\/stepienybarno.es\/blog\/wp-content\/uploads\/2015\/11\/4.-chiquitectos.jpg 500w, https:\/\/stepienybarno.es\/blog\/wp-content\/uploads\/2015\/11\/4.-chiquitectos-180x156.jpg 180w, https:\/\/stepienybarno.es\/blog\/wp-content\/uploads\/2015\/11\/4.-chiquitectos-316x274.jpg 316w\" sizes=\"(max-width: 500px) 100vw, 500px\" \/><\/a><br \/>\n<\/span><\/p>\n<p style=\"text-align: center;\"><span style=\"color: #888888;\">Imagen de taller realizado por Almudena de Benito (Chiquitectos)<\/span><\/p>\n<p style=\"text-align: center;\"><span style=\"color: #888888;\">Publicada en: https:\/\/visionarq.wordpress.com\/2013\/11\/22\/los-ninos-pequenos-arquitectos-grandes-ideas\/<\/span><\/p>\n<p>Por todo ello, valoramos tanto que \u201c<strong>colectivos<\/strong>\u201d o agrupaciones de arquitectos (ver post sobre colectivos, <a href=\"https:\/\/stepienybarno.es\/blog\/2015\/01\/07\/colectivos-de-arquitectura-y-gestalt\/#more-15442\">aqu\u00ed<\/a>), hayan sabido estar en las trincheras, salir al cuerpo a cuerpo, dejar el t\u00edtulo en casa (de hecho, algunos ni han terminado la carrera) y <strong>facilitar procesos. <\/strong><\/p>\n<p>Y esto es muy diferente de firmar proyectos, pues implica un <strong>posicionamiento horizontal<\/strong> en el que la autoridad se gana en cada segundo y nada se da por sentado. Viven en el aqu\u00ed y en el ahora, asumiendo una responsabilidad que aparentemente no les tocaba y haci\u00e9ndose valer por lo que son, no por lo que aparentan ser.<\/p>\n<p>As\u00ed que, solo nos queda felicitar a gente como <a href=\"http:\/\/paisajetransversal.es\/\"><strong>Paisaje Transversal<\/strong><\/a><strong>, <\/strong><a href=\"http:\/\/www.zuloark.com\/\"><strong>Zuloark<\/strong><\/a><strong> o <\/strong><a href=\"http:\/\/www.nundo.org\/\"><strong>n\u00b4UNDO<\/strong><\/a>, que, de manera m\u00e1s que generosa, est\u00e1n <strong>cimentando las bases de una nueva manera de hacer arquitectura<\/strong>; una actitud que<strong> apuesta por el ciudadano y devuelve a la arquitectura su vocaci\u00f3n de servicio.<\/strong><\/p>\n<p>Y esto en mucho para unos nuevos tiempos que se presentan tan esperanzadores como inciertos.<\/p>\n<p>Ahora os toca a vosotros contarnos como veis nuestra reflexi\u00f3n!<\/p>\n<blockquote>\n<p style=\"text-align: center;\"><strong>Autores del texto: Agnieszka Stepien + Lorenzo Barn\u00f3 (Stepienybarno)<\/strong><\/p>\n<\/blockquote>\n<p><span style=\"color: #888888;\">Foto de portada: Advocacy planning: Urbanismo al servicio de la justicia social.<\/span><\/p>\n<p><span style=\"color: #888888;\">Publicada en el blog de Paisaje Transversal: <a href=\"http:\/\/www.paisajetransversal.org\/2013\/03\/advocacy-planning-urbanismo-al-servicio.html\">http:\/\/www.paisajetransversal.org\/2013\/03\/advocacy-planning-urbanismo-al-servicio.html<\/a><\/span><\/p>\n<p><span style=\"color: #888888;\">Cr\u00e9dito: Strategic advocacy planning training, Budapest, septiembre 2012\u00a0(fuente:\u00a0<a href=\"http:\/\/ilga-europe.org\/\">http:\/\/ilga-europe.org<\/a>).<\/span><\/p>\n<blockquote><p>(1)\u00a0\u00a0 De todas formas, no olvidamos que la arquitectura moderna, surge, en gran parte, para dar respuesta a un problema social de un momento concreto de la historia. Precisamente, la preocupaci\u00f3n por la salubridad, tiene que ver con parte de las soluciones constructivas que se propon\u00edan. Luego, no es menos cierto, que \u00e9stas tambi\u00e9n daban problemas, como los que mencionamos en el post.<\/p>\n<p>(2)\u00a0\u00a0 A modo de \u201canectota\u201d, rescatamos del recuerdo la siguiente historia. Hace como un par de a\u00f1os, ten\u00edamos que escribir un reportaje de unas viviendas para una revista de papel polaca. Como las fotos originales estaban hechas por Ronald Hable, la revista ya sab\u00eda que no tendr\u00eda presupuesto para pagarlas; as\u00ed que, encarg\u00f3 a otro fot\u00f3grafo hacer unas cuantas fotos y \u00e9sas salieron publicadas. Y se publicaron tal cual; es decir, si hab\u00eda chorretones, sal\u00edan los chorretones. Las viviendas no ten\u00edan ni meses de vida y, a pesar de los premios recibidos, no estaban en perfecto estado (tampoco nada horrible). De todas formas, lo que m\u00e1s nos llam\u00f3 la atenci\u00f3n fue la indignaci\u00f3n con la que el arquitecto responsable de la obra \u2013por otro lado, un arquitecto muy bueno, que, en general, admiramos mucho-, nos llam\u00f3 porque su obra no estaba en la revista como al \u00e9l le gustaba (las fotos retocadas de Hable). En fin, una an\u00e9cdota que resume, en gran parte, lo que nos pasa con las fotos y las publicaciones a los arquitectos.<\/p>\n<p>(3)\u00a0\u00a0 A este respecto hay que apuntar que, la mayor\u00eda de los arquitectos ganan cuatro duros y muchas responsabilidades -recordar que Asemas se acuerda de ti, y de tu dinero, 10 a\u00f1os despu\u00e9s de haber dado el fin de obra-, perdiendo mucha salud en toda la fase de la obra del edifico.<\/p><\/blockquote>\n<blockquote><p><strong>Post relacionados:<\/strong><\/p>\n<p>COLECTIVOS DE ARQUITECTURA y GESTALT<\/p>\n<p><a href=\"https:\/\/stepienybarno.es\/blog\/2015\/01\/07\/colectivos-de-arquitectura-y-gestalt\/#more-15442\">https:\/\/stepienybarno.es\/blog\/2015\/01\/07\/colectivos-de-arquitectura-y-gestalt\/#more-15442<\/a><\/p>\n<p>EL LENGUAJE DE LOS ARQUITECTOS<\/p>\n<p><a href=\"http:\/\/www.laciudadviva.org\/blogs\/?p=17076\">http:\/\/www.laciudadviva.org\/blogs\/?p=17076<\/a><\/p>\n<p>10 HORRIBLES PROYECTOS DE ARQUITECTURA EN EL 2014<\/p>\n<p><a href=\"https:\/\/stepienybarno.es\/blog\/2014\/12\/31\/10-horribles-proyectos-de-arquitectura-en-el-2014\/#more-15325\">https:\/\/stepienybarno.es\/blog\/2014\/12\/31\/10-horribles-proyectos-de-arquitectura-en-el-2014\/#more-15325<\/a><\/p><\/blockquote>\n<p>*<span style=\"color: #888888;\"><em> Este art\u00edculo ha sido escrito con car\u00e1cter divulgativo y sin ning\u00fan tipo de \u00e1nimo de lucro. As\u00ed que, si te apetece compartirlo en cualquier otro medio, estaremos encantados de que lo hagas siempre y cuando cites el lugar donde lo has encontrado.<\/em><\/span><\/p>\n<p><a href=\"https:\/\/twitter.com\/stepienybarno\"><span style=\"color: #888888;\"><em>STEPIENYBARNO EN TWITTER _ @stepienybarno<\/em><\/span><\/a><\/p>\n<p><a href=\"http:\/\/www.linkedin.com\/company\/stepienybarno\"><span style=\"color: #888888;\"><em>STEPIENYBARNO EN LINKEDIN<\/em><\/span><\/a><\/p>\n<p><a href=\"https:\/\/www.facebook.com\/pages\/BLOG-DE-STEPIENYBARNO\/78001079029\"><span style=\"color: #888888;\"><em>STEPIENYBARNO EN FACEBOOK<\/em><\/span><\/a><\/p>\n<p><span style=\"color: #888888;\"><em>* Stepienybarno est\u00e1 formado por Agnieszka Stepien y Lorenzo Barn\u00f3 y desde mayo del 2009 estamos en la red con\u00a0 la presente publicaci\u00f3n digital (Blog) de arquitectura.<\/em><\/span><\/p>\n<p><span style=\"color: #888888;\"><em>Nuestra actividad se sustenta en tres pilares b\u00e1sicos: la investigaci\u00f3n, la publicaci\u00f3n y la redacci\u00f3n de proyectos de arquitectura.<\/em><\/span><\/p>\n<p><span style=\"color: #888888;\"><em>A su vez, somos socios cofundadores de <a href=\"http:\/\/sinergiasostenible.org\/\">SINERGIA SOSTENIBLE<\/a>, redactores de <a href=\"http:\/\/www.laciudadviva.org\/blogs\/?author=45\">LA CIUDAD VIVA<\/a> y directores del blog de FUNDACI\u00d3N ARQUIA.<\/em><\/span><\/p>\n<p><span style=\"color: #888888;\"><em>* Los editores de esta publicaci\u00f3n digital no nos hacemos cargo de de los comentarios y\u00a0 conceptos vertidos en los textos firmados por otras personas, siendo \u00e9stos de responsabilidad exclusiva de sus autores.<\/em><\/span><\/p>\n<p><span style=\"color: #888888;\"><em>* Tu comentario pudiera ser moderado, por lo tanto, aunque aparezca inmediatamente al ser publicado en la entrada, los editores de esta publicaci\u00f3n digital nos reservamos el derecho tanto de editarlo (si fuera necesario, para hacerlo m\u00e1s legible) como de eliminarlo en el caso de que se usen expresiones incorrectas (descalificaciones, palabras malsonantes\u2026). A su vez, si quieres comentar desde el anonimato puedes hacerlo, aunque, nosotros personalmente, agradecemos que tod@s nos podamos identificar.<\/em><\/span><\/p>\n","protected":false},"excerpt":{"rendered":"<p> Sobre suciedad y sociedad y su papel en la arquitectura va el post de hoy. A ver qu\u00e9 os parece la reflexi\u00f3n.<\/p>\n<p>(m\u00e1s&#8230;)<\/p>\n","protected":false},"author":2,"featured_media":19408,"comment_status":"open","ping_status":"closed","sticky":false,"template":"","format":"standard","meta":{"om_disable_all_campaigns":false,"_monsterinsights_skip_tracking":false,"_monsterinsights_sitenote_active":false,"_monsterinsights_sitenote_note":"","_monsterinsights_sitenote_category":0,"_uf_show_specific_survey":0,"_uf_disable_surveys":false,"episode_type":"audio","audio_file":"","cover_image":"","cover_image_id":"","duration":"","filesize":"","date_recorded":"","explicit":"","block":"","filesize_raw":"","footnotes":""},"categories":[34,4,2976],"tags":[3787,253,3788,1017,1687,1387,541,2358,3066,3064,109,1582,243,941,3786,1412,1303,2013,834],"series":[],"class_list":["post-19397","post","type-post","status-publish","format-standard","has-post-thumbnail","hentry","category-actualidad","category-arquilectura","category-profesion-arquitecto","tag-almudena-de-benito","tag-anatxu-zabalbeascoa","tag-arkitente","tag-bjarke-ingels","tag-chiquitectos","tag-coderch","tag-cruz-y-ortiz","tag-fisac","tag-frank-gehry","tag-herzog-de-meuron","tag-maushaus","tag-nundo","tag-paisaje-transversal","tag-santiago-calatrava","tag-siza-x-siza","tag-tunon-y-mansilla","tag-zaha-hadid","tag-zaramari","tag-zuloark"],"aioseo_notices":[],"episode_featured_image":"https:\/\/stepienybarno.es\/blog\/wp-content\/uploads\/2015\/11\/paisaje-transversal-stepienybarno.jpg","episode_player_image":"https:\/\/stepienybarno.es\/blog\/wp-content\/uploads\/2020\/11\/stepienybarno-podcast-scaled.jpg","download_link":"","player_link":"","audio_player":false,"episode_data":{"playerMode":"dark","subscribeUrls":[],"rssFeedUrl":"https:\/\/stepienybarno.es\/blog\/feed\/podcast\/podcast-de-stepienybarno","embedCode":"<blockquote class=\"wp-embedded-content\" data-secret=\"g6VpbQ1tXV\"><a href=\"https:\/\/stepienybarno.es\/blog\/2015\/11\/23\/de-la-arquitectura-de-la-suciedad-a-la-arquitectura-de-la-sociedad\/\">DE LA ARQUITECTURA DE LA SUCIEDAD A LA ARQUITECTURA DE LA SOCIEDAD<\/a><\/blockquote><iframe sandbox=\"allow-scripts\" security=\"restricted\" src=\"https:\/\/stepienybarno.es\/blog\/2015\/11\/23\/de-la-arquitectura-de-la-suciedad-a-la-arquitectura-de-la-sociedad\/embed\/#?secret=g6VpbQ1tXV\" width=\"500\" height=\"350\" title=\"\u00abDE LA ARQUITECTURA DE LA SUCIEDAD A LA ARQUITECTURA DE LA SOCIEDAD\u00bb \u2014 Blog de STEPIEN Y BARNO - publicaci\u00f3n digital sobre arquitectura\" data-secret=\"g6VpbQ1tXV\" frameborder=\"0\" marginwidth=\"0\" marginheight=\"0\" scrolling=\"no\" class=\"wp-embedded-content\"><\/iframe><script type=\"text\/javascript\">\n\/* <![CDATA[ *\/\n\/*! This file is auto-generated *\/\n!function(d,l){\"use strict\";l.querySelector&&d.addEventListener&&\"undefined\"!=typeof URL&&(d.wp=d.wp||{},d.wp.receiveEmbedMessage||(d.wp.receiveEmbedMessage=function(e){var t=e.data;if((t||t.secret||t.message||t.value)&&!\/[^a-zA-Z0-9]\/.test(t.secret)){for(var s,r,n,a=l.querySelectorAll('iframe[data-secret=\"'+t.secret+'\"]'),o=l.querySelectorAll('blockquote[data-secret=\"'+t.secret+'\"]'),c=new RegExp(\"^https?:$\",\"i\"),i=0;i<o.length;i++)o[i].style.display=\"none\";for(i=0;i<a.length;i++)s=a[i],e.source===s.contentWindow&&(s.removeAttribute(\"style\"),\"height\"===t.message?(1e3<(r=parseInt(t.value,10))?r=1e3:~~r<200&&(r=200),s.height=r):\"link\"===t.message&&(r=new URL(s.getAttribute(\"src\")),n=new URL(t.value),c.test(n.protocol))&&n.host===r.host&&l.activeElement===s&&(d.top.location.href=t.value))}},d.addEventListener(\"message\",d.wp.receiveEmbedMessage,!1),l.addEventListener(\"DOMContentLoaded\",function(){for(var e,t,s=l.querySelectorAll(\"iframe.wp-embedded-content\"),r=0;r<s.length;r++)(t=(e=s[r]).getAttribute(\"data-secret\"))||(t=Math.random().toString(36).substring(2,12),e.src+=\"#?secret=\"+t,e.setAttribute(\"data-secret\",t)),e.contentWindow.postMessage({message:\"ready\",secret:t},\"*\")},!1)))}(window,document);\n\/* ]]> *\/\n<\/script>\n"},"_links":{"self":[{"href":"https:\/\/stepienybarno.es\/blog\/wp-json\/wp\/v2\/posts\/19397"}],"collection":[{"href":"https:\/\/stepienybarno.es\/blog\/wp-json\/wp\/v2\/posts"}],"about":[{"href":"https:\/\/stepienybarno.es\/blog\/wp-json\/wp\/v2\/types\/post"}],"author":[{"embeddable":true,"href":"https:\/\/stepienybarno.es\/blog\/wp-json\/wp\/v2\/users\/2"}],"replies":[{"embeddable":true,"href":"https:\/\/stepienybarno.es\/blog\/wp-json\/wp\/v2\/comments?post=19397"}],"version-history":[{"count":6,"href":"https:\/\/stepienybarno.es\/blog\/wp-json\/wp\/v2\/posts\/19397\/revisions"}],"predecessor-version":[{"id":41248,"href":"https:\/\/stepienybarno.es\/blog\/wp-json\/wp\/v2\/posts\/19397\/revisions\/41248"}],"wp:featuredmedia":[{"embeddable":true,"href":"https:\/\/stepienybarno.es\/blog\/wp-json\/wp\/v2\/media\/19408"}],"wp:attachment":[{"href":"https:\/\/stepienybarno.es\/blog\/wp-json\/wp\/v2\/media?parent=19397"}],"wp:term":[{"taxonomy":"category","embeddable":true,"href":"https:\/\/stepienybarno.es\/blog\/wp-json\/wp\/v2\/categories?post=19397"},{"taxonomy":"post_tag","embeddable":true,"href":"https:\/\/stepienybarno.es\/blog\/wp-json\/wp\/v2\/tags?post=19397"},{"taxonomy":"series","embeddable":true,"href":"https:\/\/stepienybarno.es\/blog\/wp-json\/wp\/v2\/series?post=19397"}],"curies":[{"name":"wp","href":"https:\/\/api.w.org\/{rel}","templated":true}]}}