{"id":19460,"date":"2015-11-25T20:15:33","date_gmt":"2015-11-25T18:15:33","guid":{"rendered":"https:\/\/www.stepienybarno.es\/blog\/?p=19460"},"modified":"2015-11-25T20:15:33","modified_gmt":"2015-11-25T18:15:33","slug":"iv-edicion-curso-online-de-identidad-digital-para-arquitectos-%c2%a1sorteamos-un-cupo","status":"publish","type":"post","link":"https:\/\/stepienybarno.es\/blog\/2015\/11\/25\/iv-edicion-curso-online-de-identidad-digital-para-arquitectos-%c2%a1sorteamos-un-cupo\/","title":{"rendered":"IV EDICI\u00d3N &#8216;CURSO ONLINE DE IDENTIDAD DIGITAL PARA ARQUITECTOS&#8217; \/ \u00a1SORTEAMOS UN CUPO!"},"content":{"rendered":"<p><a href=\"https:\/\/stepienybarno.es\/blog\/wp-content\/uploads\/2015\/11\/stepienybarno-blog-stepien-y-barno-plataforma-arquitectura-curso-identidad-digital.jpg\"><img loading=\"lazy\" decoding=\"async\" class=\"aligncenter size-full wp-image-19461\" title=\"stepienybarno-blog-stepien-y-barno-plataforma-arquitectura-curso-identidad-digital\" src=\"https:\/\/stepienybarno.es\/blog\/wp-content\/uploads\/2015\/11\/stepienybarno-blog-stepien-y-barno-plataforma-arquitectura-curso-identidad-digital.jpg\" alt=\"stepienybarno-blog-stepien-y-barno-plataforma-arquitectura-curso-identidad-digital\" width=\"500\" height=\"500\" srcset=\"https:\/\/stepienybarno.es\/blog\/wp-content\/uploads\/2015\/11\/stepienybarno-blog-stepien-y-barno-plataforma-arquitectura-curso-identidad-digital.jpg 500w, https:\/\/stepienybarno.es\/blog\/wp-content\/uploads\/2015\/11\/stepienybarno-blog-stepien-y-barno-plataforma-arquitectura-curso-identidad-digital-180x180.jpg 180w, https:\/\/stepienybarno.es\/blog\/wp-content\/uploads\/2015\/11\/stepienybarno-blog-stepien-y-barno-plataforma-arquitectura-curso-identidad-digital-224x224.jpg 224w, https:\/\/stepienybarno.es\/blog\/wp-content\/uploads\/2015\/11\/stepienybarno-blog-stepien-y-barno-plataforma-arquitectura-curso-identidad-digital-316x316.jpg 316w\" sizes=\"(max-width: 500px) 100vw, 500px\" \/><\/a><\/p>\n<p>Desde <a href=\"http:\/\/www.plataformaarquitectura.cl\" target=\"_blank\">Plataforma Arquitectura<\/a><\/p>\n<p><!--more--><\/p>\n<p>\u201cStepienybarno realizar\u00e1 la cuarta edici\u00f3n del \u00abCurso online de Identidad Digital espec\u00edficamente dise\u00f1ado para arquitectos\u00bb entre el 10 y el 23 de diciembre. \u00a1Y nuestro sitio regala un cupo entre nuestros lectores!<\/p>\n<p>Los autores explican:<\/p>\n<p>Como bien sab\u00e9is, \u00faltimamente llev\u00e1bamos varios talleres offline y nos encanta poder alternar los dos entornos. Como siempre, hemos pensado un precio reducido para estudiantes y, si te apuntas r\u00e1pido, el precio es realmente econ\u00f3mico para lo que se ofrece. Se trata de un curso muy f\u00e1cil de realizar y con un dise\u00f1o totalmente novedoso y adaptado a los nuevos tiempos que nos tocan vivir.<\/p>\n<p>As\u00ed que, si eres arquitecto (o del mundillo) y tienes claro que has de mejorar tu Identidad Digital, incidiendo en tu estrategia empresarial y comunicaci\u00f3n online, quiz\u00e1s te interese este curso\/taller que hemos dise\u00f1ado para tod@s vosotr@s.<\/p>\n<p>Eso s\u00ed, como queremos estar muy pendientes de todo lo que ocurra, el n\u00famero de plazas ser\u00e1n limitadas y os recordamos que todas las ediciones anteriores se han llenado con antelaci\u00f3n; as\u00ed que \u00a1no esperes mucho para apuntarte! (\u2026)\u201d<\/p>\n<blockquote>\n<p style=\"text-align: center;\">Accede a la informaci\u00f3n, <a href=\"http:\/\/www.plataformaarquitectura.cl\/cl\/777632\/iv-edicion-curso-online-de-identidad-digital-para-arquitectos-sorteamos-un-cupo\" target=\"_blank\">AQU\u00cd<\/a><\/p>\n<p style=\"text-align: center;\">\n<\/blockquote>\n<p><a href=\"http:\/\/www.lacol.org\/\"><\/a><\/p>\n<p><em><span style=\"color: #888888;\">Noticia seleccionada por el Canal de arquitectura STEPIENYBARNO.<\/span><\/em><\/p>\n<p><a href=\"https:\/\/twitter.com\/stepienybarno\" target=\"_blank\"><em>STEPIENYBARNO EN TWITTER _ @stepienybarno<\/em><\/a><\/p>\n<p><a href=\"http:\/\/www.linkedin.com\/company\/stepienybarno\" target=\"_blank\"><em>STEPIENYBARNO EN LINKEDIN<\/em><\/a><\/p>\n<p><a href=\"https:\/\/www.facebook.com\/pages\/BLOG-DE-STEPIENYBARNO\/78001079029\" target=\"_blank\"><em>STEPIENYBARNO EN FACEBOOK<\/em><\/a><\/p>\n<p><em><span style=\"color: #888888;\">*Stepienybarno est\u00e1 formado por Agnieszka Stepien y Lorenzo Barn\u00f3 y desde mayo del 2009 estamos en la red con\u00a0 la presente publicaci\u00f3n digital (Blog) de arquitectura.<\/span><\/em><\/p>\n<p><em><span style=\"color: #888888;\">Nuestra actividad se sustenta en tres pilares b\u00e1sicos: la investigaci\u00f3n, la publicaci\u00f3n (comunicaci\u00f3n y difusi\u00f3n) y la redacci\u00f3n de proyectos de arquitectura.<\/span><\/em><\/p>\n<p><em><span style=\"color: #888888;\">A su vez, somos socios cofundadores de<\/span><\/em><em> <\/em><a href=\"http:\/\/sinergiasostenible.org\/\" target=\"_blank\"><em>SINERGIA SOSTENIBLE<\/em><\/a><em><span style=\"color: #888888;\">, redactores de<\/span><\/em><em> <\/em><a href=\"http:\/\/www.laciudadviva.org\/blogs\/?author=45\" target=\"_blank\"><em>LA CIUDAD VIVA<\/em><\/a><em> <\/em><span style=\"color: #888888;\"><em>y directores del blog de<\/em><em> <\/em><\/span><a href=\"http:\/\/blogfundacion.arquia.es\/\" target=\"_blank\"><em>FUNDACI\u00d3N ARQUIA<span style=\"color: #888888;\">.<\/span><\/em><\/a><\/p>\n<p><em><span style=\"color: #888888;\">* Los editores de esta publicaci\u00f3n digital no nos hacemos cargo de de los comentarios y\u00a0 conceptos vertidos en los textos firmados por otras personas, siendo \u00e9stos de responsabilidad exclusiva de sus autores.<\/span><\/em><\/p>\n<p><em><span style=\"color: #888888;\">* Tu comentario podr\u00e1 ser moderado, por lo tanto, aunque aparezca inmediatamente al ser publicado en la entrada, los editores de esta publicaci\u00f3n digital nos reservamos el derecho tanto de editarlo (si fuera necesario, para hacerlo m\u00e1s legible) como de eliminarlo en el caso de que se usen expresiones incorrectas (descalificaciones, palabras malsonantes\u2026). A su vez, si quieres comentar desde el anonimato puedes hacerlo, aunque, nosotros personalmente, agradecemos que tod@s nos podamos identificar.<\/span><\/em><\/p>\n","protected":false},"excerpt":{"rendered":"<p>Desde Plataforma Arquitectura<\/p>\n<p>(m\u00e1s&#8230;)<\/p>\n","protected":false},"author":2,"featured_media":0,"comment_status":"open","ping_status":"closed","sticky":false,"template":"","format":"standard","meta":{"om_disable_all_campaigns":false,"_monsterinsights_skip_tracking":false,"_monsterinsights_sitenote_active":false,"_monsterinsights_sitenote_note":"","_monsterinsights_sitenote_category":0,"_uf_show_specific_survey":0,"_uf_disable_surveys":false,"episode_type":"","audio_file":"","cover_image":"","cover_image_id":"","duration":"","filesize":"","date_recorded":"","explicit":"","block":"","filesize_raw":"","footnotes":""},"categories":[244],"tags":[4273,921,35],"series":[],"class_list":["post-19460","post","type-post","status-publish","format-standard","hentry","category-canal-de-arquitectura","tag-identidad-digital-syb","tag-plataforma-arquitectura","tag-stepienybarno"],"aioseo_notices":[],"episode_featured_image":false,"episode_player_image":"https:\/\/stepienybarno.es\/blog\/wp-content\/uploads\/2020\/11\/stepienybarno-podcast-scaled.jpg","download_link":"","player_link":"","audio_player":false,"episode_data":{"playerMode":"dark","subscribeUrls":[],"rssFeedUrl":"https:\/\/stepienybarno.es\/blog\/feed\/podcast\/podcast-de-stepienybarno","embedCode":"<blockquote class=\"wp-embedded-content\" data-secret=\"yr29wpZLQd\"><a href=\"https:\/\/stepienybarno.es\/blog\/2015\/11\/25\/iv-edicion-curso-online-de-identidad-digital-para-arquitectos-%c2%a1sorteamos-un-cupo\/\">IV EDICI\u00d3N &#8216;CURSO ONLINE DE IDENTIDAD DIGITAL PARA ARQUITECTOS&#8217; \/ \u00a1SORTEAMOS UN CUPO!<\/a><\/blockquote><iframe sandbox=\"allow-scripts\" security=\"restricted\" src=\"https:\/\/stepienybarno.es\/blog\/2015\/11\/25\/iv-edicion-curso-online-de-identidad-digital-para-arquitectos-%c2%a1sorteamos-un-cupo\/embed\/#?secret=yr29wpZLQd\" width=\"500\" height=\"350\" title=\"\u00abIV EDICI\u00d3N &#8216;CURSO ONLINE DE IDENTIDAD DIGITAL PARA ARQUITECTOS&#8217; \/ \u00a1SORTEAMOS UN CUPO!\u00bb \u2014 Blog de STEPIEN Y BARNO - publicaci\u00f3n digital sobre arquitectura\" data-secret=\"yr29wpZLQd\" frameborder=\"0\" marginwidth=\"0\" marginheight=\"0\" scrolling=\"no\" class=\"wp-embedded-content\"><\/iframe><script type=\"text\/javascript\">\n\/* <![CDATA[ *\/\n\/*! This file is auto-generated *\/\n!function(d,l){\"use strict\";l.querySelector&&d.addEventListener&&\"undefined\"!=typeof URL&&(d.wp=d.wp||{},d.wp.receiveEmbedMessage||(d.wp.receiveEmbedMessage=function(e){var t=e.data;if((t||t.secret||t.message||t.value)&&!\/[^a-zA-Z0-9]\/.test(t.secret)){for(var s,r,n,a=l.querySelectorAll('iframe[data-secret=\"'+t.secret+'\"]'),o=l.querySelectorAll('blockquote[data-secret=\"'+t.secret+'\"]'),c=new RegExp(\"^https?:$\",\"i\"),i=0;i<o.length;i++)o[i].style.display=\"none\";for(i=0;i<a.length;i++)s=a[i],e.source===s.contentWindow&&(s.removeAttribute(\"style\"),\"height\"===t.message?(1e3<(r=parseInt(t.value,10))?r=1e3:~~r<200&&(r=200),s.height=r):\"link\"===t.message&&(r=new URL(s.getAttribute(\"src\")),n=new URL(t.value),c.test(n.protocol))&&n.host===r.host&&l.activeElement===s&&(d.top.location.href=t.value))}},d.addEventListener(\"message\",d.wp.receiveEmbedMessage,!1),l.addEventListener(\"DOMContentLoaded\",function(){for(var e,t,s=l.querySelectorAll(\"iframe.wp-embedded-content\"),r=0;r<s.length;r++)(t=(e=s[r]).getAttribute(\"data-secret\"))||(t=Math.random().toString(36).substring(2,12),e.src+=\"#?secret=\"+t,e.setAttribute(\"data-secret\",t)),e.contentWindow.postMessage({message:\"ready\",secret:t},\"*\")},!1)))}(window,document);\n\/* ]]> *\/\n<\/script>\n"},"_links":{"self":[{"href":"https:\/\/stepienybarno.es\/blog\/wp-json\/wp\/v2\/posts\/19460"}],"collection":[{"href":"https:\/\/stepienybarno.es\/blog\/wp-json\/wp\/v2\/posts"}],"about":[{"href":"https:\/\/stepienybarno.es\/blog\/wp-json\/wp\/v2\/types\/post"}],"author":[{"embeddable":true,"href":"https:\/\/stepienybarno.es\/blog\/wp-json\/wp\/v2\/users\/2"}],"replies":[{"embeddable":true,"href":"https:\/\/stepienybarno.es\/blog\/wp-json\/wp\/v2\/comments?post=19460"}],"version-history":[{"count":2,"href":"https:\/\/stepienybarno.es\/blog\/wp-json\/wp\/v2\/posts\/19460\/revisions"}],"predecessor-version":[{"id":19463,"href":"https:\/\/stepienybarno.es\/blog\/wp-json\/wp\/v2\/posts\/19460\/revisions\/19463"}],"wp:attachment":[{"href":"https:\/\/stepienybarno.es\/blog\/wp-json\/wp\/v2\/media?parent=19460"}],"wp:term":[{"taxonomy":"category","embeddable":true,"href":"https:\/\/stepienybarno.es\/blog\/wp-json\/wp\/v2\/categories?post=19460"},{"taxonomy":"post_tag","embeddable":true,"href":"https:\/\/stepienybarno.es\/blog\/wp-json\/wp\/v2\/tags?post=19460"},{"taxonomy":"series","embeddable":true,"href":"https:\/\/stepienybarno.es\/blog\/wp-json\/wp\/v2\/series?post=19460"}],"curies":[{"name":"wp","href":"https:\/\/api.w.org\/{rel}","templated":true}]}}