{"id":19557,"date":"2015-12-03T11:34:31","date_gmt":"2015-12-03T09:34:31","guid":{"rendered":"https:\/\/www.stepienybarno.es\/blog\/?p=19557"},"modified":"2015-12-03T11:34:31","modified_gmt":"2015-12-03T09:34:31","slug":"la-demografia-esta-bajando-el-precio-de-la-vivienda","status":"publish","type":"post","link":"https:\/\/stepienybarno.es\/blog\/2015\/12\/03\/la-demografia-esta-bajando-el-precio-de-la-vivienda\/","title":{"rendered":"LA DEMOGRAF\u00cdA EST\u00c1 BAJANDO EL PRECIO DE LA VIVIENDA."},"content":{"rendered":"<p><a href=\"https:\/\/stepienybarno.es\/blog\/wp-content\/uploads\/2015\/12\/stepienybarno-blog-stepien-y-barno-arquitectura-arquitasa.jpg\"><img loading=\"lazy\" decoding=\"async\" class=\"aligncenter size-full wp-image-19558\" title=\"stepienybarno-blog-stepien-y-barno-arquitectura-arquitasa\" src=\"https:\/\/stepienybarno.es\/blog\/wp-content\/uploads\/2015\/12\/stepienybarno-blog-stepien-y-barno-arquitectura-arquitasa.jpg\" alt=\"stepienybarno-blog-stepien-y-barno-arquitectura-arquitasa\" width=\"500\" height=\"216\" srcset=\"https:\/\/stepienybarno.es\/blog\/wp-content\/uploads\/2015\/12\/stepienybarno-blog-stepien-y-barno-arquitectura-arquitasa.jpg 500w, https:\/\/stepienybarno.es\/blog\/wp-content\/uploads\/2015\/12\/stepienybarno-blog-stepien-y-barno-arquitectura-arquitasa-180x78.jpg 180w, https:\/\/stepienybarno.es\/blog\/wp-content\/uploads\/2015\/12\/stepienybarno-blog-stepien-y-barno-arquitectura-arquitasa-316x137.jpg 316w\" sizes=\"(max-width: 500px) 100vw, 500px\" \/><\/a><\/p>\n<p>Desde<a href=\"http:\/\/hicarquitectura.com\/\"><\/a> <a href=\"http:\/\/uaaap.blogspot.com.es\/\" target=\"_blank\">Arquitasa<\/a><\/p>\n<p><!--more--><\/p>\n<p>\u201cCada vez nacen menos ni\u00f1os en los pa\u00edses de nuestro entorno, llegando a ser preocupante la<strong> <\/strong><strong>evoluci\u00f3n<\/strong><strong> <\/strong><strong><a href=\"http:\/\/elpais.com\/elpais\/2013\/11\/29\/media\/1385748284_360476.html\" target=\"_blank\">demogr\u00e1fica espa\u00f1ola<\/a><\/strong>, donde han saltado todas las alarmas. En algunas Comunidades Aut\u00f3nomas, como Asturias, el<strong> <\/strong><strong><a href=\"http:\/\/www.20minutos.es\/noticia\/2495232\/0\/asturias-nueve-comunidades-con-crecimiento-vegetativo-negativo-2014\/\" target=\"_blank\">crecimiento vegetativo est\u00e1 siendo negativo<\/a><\/strong> en los \u00faltimos a\u00f1os. A todos los problemas que acarrear\u00e1 en el futuro el envejecimiento de nuestra sociedad, se a\u00f1aden otros inducidos, con graves efectos en el corto plazo.<\/p>\n<p>Entre estos problemas est\u00e1 una ralentizaci\u00f3n, en algunos casos, paralizaci\u00f3n total, de importantes sectores de nuestra econom\u00eda, como es el caso de la construcci\u00f3n residencial. Pero tambi\u00e9n la<strong>baja demograf\u00eda<\/strong> est\u00e1 contribuyendo a una\u00a0<strong>disminuci\u00f3n del valor de nuestras viviendas<\/strong> y con ello al valor del patrimonio de las clases medias espa\u00f1olas. Ante la incertidumbre de la situaci\u00f3n de las pensiones en el futuro, muchas personas confiaban en poder obtener alg\u00fan rendimiento a su peque\u00f1o patrimonio para ayudar a transitar, de una forma digna, por los \u00faltimos a\u00f1os de su vida. Pero parece que la evoluci\u00f3n de los acontecimientos va a dificultar que se pueda realizar\u00a0<strong><a href=\"http:\/\/www.elmundo.es\/grafico\/economia\/2015\/04\/24\/55392b5d268e3e776a8b4584.html\" target=\"_blank\">lo referido<\/a><\/strong>. (\u2026)\u201d<\/p>\n<blockquote>\n<p align=\"center\">Accede al art\u00edculo, <a href=\"http:\/\/www.arquitasa.com\/la-demografia-esta-bajando-el-precio-de-la-vivienda\/\" target=\"_blank\">AQU\u00cd<\/a><\/p>\n<p align=\"center\">\n<\/blockquote>\n<p><a href=\"http:\/\/www.lacol.org\/\"><\/a><\/p>\n<p><em><span style=\"color: #888888;\">Noticia seleccionada por el Canal de arquitectura STEPIENYBARNO.<\/span><\/em><\/p>\n<p><a href=\"https:\/\/twitter.com\/stepienybarno\" target=\"_blank\"><em>STEPIENYBARNO EN TWITTER _ @stepienybarno<\/em><\/a><\/p>\n<p><a href=\"http:\/\/www.linkedin.com\/company\/stepienybarno\" target=\"_blank\"><em>STEPIENYBARNO EN LINKEDIN<\/em><\/a><\/p>\n<p><a href=\"https:\/\/www.facebook.com\/pages\/BLOG-DE-STEPIENYBARNO\/78001079029\" target=\"_blank\"><em>STEPIENYBARNO EN FACEBOOK<\/em><\/a><\/p>\n<p><em><span style=\"color: #888888;\">*Stepienybarno est\u00e1 formado por Agnieszka Stepien y Lorenzo Barn\u00f3 y desde mayo del 2009 estamos en la red con\u00a0 la presente publicaci\u00f3n digital (Blog) de arquitectura.<\/span><\/em><\/p>\n<p><em><span style=\"color: #888888;\">Nuestra actividad se sustenta en tres pilares b\u00e1sicos: la investigaci\u00f3n, la publicaci\u00f3n (comunicaci\u00f3n y difusi\u00f3n) y la redacci\u00f3n de proyectos de arquitectura.<\/span><\/em><\/p>\n<p><em><span style=\"color: #888888;\">A su vez, somos socios cofundadores de<\/span><\/em><em> <\/em><a href=\"http:\/\/sinergiasostenible.org\/\" target=\"_blank\"><em>SINERGIA SOSTENIBLE<\/em><\/a><span style=\"color: #888888;\"><em>, redactores de<\/em><em> <\/em><\/span><a href=\"http:\/\/www.laciudadviva.org\/blogs\/?author=45\" target=\"_blank\"><em>LA CIUDAD VIVA<\/em><\/a><span style=\"color: #888888;\"><em> <\/em><em>y directores del blog de<\/em><\/span><em> <\/em><a href=\"http:\/\/blogfundacion.arquia.es\/\" target=\"_blank\"><em>FUNDACI\u00d3N ARQUIA.<\/em><\/a><\/p>\n<p><em><span style=\"color: #888888;\">* Los editores de esta publicaci\u00f3n digital no nos hacemos cargo de de los comentarios y\u00a0 conceptos vertidos en los textos firmados por otras personas, siendo \u00e9stos de responsabilidad exclusiva de sus autores.<\/span><\/em><\/p>\n<p><em><span style=\"color: #888888;\">* Tu comentario podr\u00e1 ser moderado, por lo tanto, aunque aparezca inmediatamente al ser publicado en la entrada, los editores de esta publicaci\u00f3n digital nos reservamos el derecho tanto de editarlo (si fuera necesario, para hacerlo m\u00e1s legible) como de eliminarlo en el caso de que se usen expresiones incorrectas (descalificaciones, palabras malsonantes\u2026). A su vez, si quieres comentar desde el anonimato puedes hacerlo, aunque, nosotros personalmente, agradecemos que tod@s nos podamos identificar.<\/span><\/em><\/p>\n","protected":false},"excerpt":{"rendered":"<p>Desde Arquitasa<\/p>\n<p>(m\u00e1s&#8230;)<\/p>\n","protected":false},"author":2,"featured_media":0,"comment_status":"open","ping_status":"closed","sticky":false,"template":"","format":"standard","meta":{"om_disable_all_campaigns":false,"_monsterinsights_skip_tracking":false,"_monsterinsights_sitenote_active":false,"_monsterinsights_sitenote_note":"","_monsterinsights_sitenote_category":0,"_uf_show_specific_survey":0,"_uf_disable_surveys":false,"episode_type":"","audio_file":"","cover_image":"","cover_image_id":"","duration":"","filesize":"","date_recorded":"","explicit":"","block":"","filesize_raw":"","footnotes":""},"categories":[244],"tags":[3541],"series":[],"class_list":["post-19557","post","type-post","status-publish","format-standard","hentry","category-canal-de-arquitectura","tag-arquitasa"],"aioseo_notices":[],"episode_featured_image":false,"episode_player_image":"https:\/\/stepienybarno.es\/blog\/wp-content\/uploads\/2020\/11\/stepienybarno-podcast-scaled.jpg","download_link":"","player_link":"","audio_player":false,"episode_data":{"playerMode":"dark","subscribeUrls":[],"rssFeedUrl":"https:\/\/stepienybarno.es\/blog\/feed\/podcast\/podcast-de-stepienybarno","embedCode":"<blockquote class=\"wp-embedded-content\" data-secret=\"SM1cZIM2pr\"><a href=\"https:\/\/stepienybarno.es\/blog\/2015\/12\/03\/la-demografia-esta-bajando-el-precio-de-la-vivienda\/\">LA DEMOGRAF\u00cdA EST\u00c1 BAJANDO EL PRECIO DE LA VIVIENDA.<\/a><\/blockquote><iframe sandbox=\"allow-scripts\" security=\"restricted\" src=\"https:\/\/stepienybarno.es\/blog\/2015\/12\/03\/la-demografia-esta-bajando-el-precio-de-la-vivienda\/embed\/#?secret=SM1cZIM2pr\" width=\"500\" height=\"350\" title=\"\u00abLA DEMOGRAF\u00cdA EST\u00c1 BAJANDO EL PRECIO DE LA VIVIENDA.\u00bb \u2014 Blog de STEPIEN Y BARNO - publicaci\u00f3n digital sobre arquitectura\" data-secret=\"SM1cZIM2pr\" frameborder=\"0\" marginwidth=\"0\" marginheight=\"0\" scrolling=\"no\" class=\"wp-embedded-content\"><\/iframe><script type=\"text\/javascript\">\n\/* <![CDATA[ *\/\n\/*! This file is auto-generated *\/\n!function(d,l){\"use strict\";l.querySelector&&d.addEventListener&&\"undefined\"!=typeof URL&&(d.wp=d.wp||{},d.wp.receiveEmbedMessage||(d.wp.receiveEmbedMessage=function(e){var t=e.data;if((t||t.secret||t.message||t.value)&&!\/[^a-zA-Z0-9]\/.test(t.secret)){for(var s,r,n,a=l.querySelectorAll('iframe[data-secret=\"'+t.secret+'\"]'),o=l.querySelectorAll('blockquote[data-secret=\"'+t.secret+'\"]'),c=new RegExp(\"^https?:$\",\"i\"),i=0;i<o.length;i++)o[i].style.display=\"none\";for(i=0;i<a.length;i++)s=a[i],e.source===s.contentWindow&&(s.removeAttribute(\"style\"),\"height\"===t.message?(1e3<(r=parseInt(t.value,10))?r=1e3:~~r<200&&(r=200),s.height=r):\"link\"===t.message&&(r=new URL(s.getAttribute(\"src\")),n=new URL(t.value),c.test(n.protocol))&&n.host===r.host&&l.activeElement===s&&(d.top.location.href=t.value))}},d.addEventListener(\"message\",d.wp.receiveEmbedMessage,!1),l.addEventListener(\"DOMContentLoaded\",function(){for(var e,t,s=l.querySelectorAll(\"iframe.wp-embedded-content\"),r=0;r<s.length;r++)(t=(e=s[r]).getAttribute(\"data-secret\"))||(t=Math.random().toString(36).substring(2,12),e.src+=\"#?secret=\"+t,e.setAttribute(\"data-secret\",t)),e.contentWindow.postMessage({message:\"ready\",secret:t},\"*\")},!1)))}(window,document);\n\/* ]]> *\/\n<\/script>\n"},"_links":{"self":[{"href":"https:\/\/stepienybarno.es\/blog\/wp-json\/wp\/v2\/posts\/19557"}],"collection":[{"href":"https:\/\/stepienybarno.es\/blog\/wp-json\/wp\/v2\/posts"}],"about":[{"href":"https:\/\/stepienybarno.es\/blog\/wp-json\/wp\/v2\/types\/post"}],"author":[{"embeddable":true,"href":"https:\/\/stepienybarno.es\/blog\/wp-json\/wp\/v2\/users\/2"}],"replies":[{"embeddable":true,"href":"https:\/\/stepienybarno.es\/blog\/wp-json\/wp\/v2\/comments?post=19557"}],"version-history":[{"count":2,"href":"https:\/\/stepienybarno.es\/blog\/wp-json\/wp\/v2\/posts\/19557\/revisions"}],"predecessor-version":[{"id":19560,"href":"https:\/\/stepienybarno.es\/blog\/wp-json\/wp\/v2\/posts\/19557\/revisions\/19560"}],"wp:attachment":[{"href":"https:\/\/stepienybarno.es\/blog\/wp-json\/wp\/v2\/media?parent=19557"}],"wp:term":[{"taxonomy":"category","embeddable":true,"href":"https:\/\/stepienybarno.es\/blog\/wp-json\/wp\/v2\/categories?post=19557"},{"taxonomy":"post_tag","embeddable":true,"href":"https:\/\/stepienybarno.es\/blog\/wp-json\/wp\/v2\/tags?post=19557"},{"taxonomy":"series","embeddable":true,"href":"https:\/\/stepienybarno.es\/blog\/wp-json\/wp\/v2\/series?post=19557"}],"curies":[{"name":"wp","href":"https:\/\/api.w.org\/{rel}","templated":true}]}}