{"id":19574,"date":"2015-12-03T19:21:01","date_gmt":"2015-12-03T17:21:01","guid":{"rendered":"https:\/\/www.stepienybarno.es\/blog\/?p=19574"},"modified":"2015-12-03T12:43:29","modified_gmt":"2015-12-03T10:43:29","slug":"edu-y-la-mejor-casa-del-mundo","status":"publish","type":"post","link":"https:\/\/stepienybarno.es\/blog\/2015\/12\/03\/edu-y-la-mejor-casa-del-mundo\/","title":{"rendered":"\u00abEDU Y LA MEJOR CASA DEL MUNDO\u00bb"},"content":{"rendered":"<p><a href=\"https:\/\/stepienybarno.es\/blog\/wp-content\/uploads\/2015\/12\/stepienybarno-blog-stepien-y-barno-arquitectives-casa-edu.jpg\"><img loading=\"lazy\" decoding=\"async\" class=\"aligncenter size-full wp-image-19575\" title=\"stepienybarno-blog-stepien-y-barno-arquitectives-casa-edu\" src=\"https:\/\/stepienybarno.es\/blog\/wp-content\/uploads\/2015\/12\/stepienybarno-blog-stepien-y-barno-arquitectives-casa-edu.jpg\" alt=\"stepienybarno-blog-stepien-y-barno-arquitectives-casa-edu\" width=\"500\" height=\"229\" srcset=\"https:\/\/stepienybarno.es\/blog\/wp-content\/uploads\/2015\/12\/stepienybarno-blog-stepien-y-barno-arquitectives-casa-edu.jpg 500w, https:\/\/stepienybarno.es\/blog\/wp-content\/uploads\/2015\/12\/stepienybarno-blog-stepien-y-barno-arquitectives-casa-edu-180x82.jpg 180w, https:\/\/stepienybarno.es\/blog\/wp-content\/uploads\/2015\/12\/stepienybarno-blog-stepien-y-barno-arquitectives-casa-edu-316x145.jpg 316w\" sizes=\"(max-width: 500px) 100vw, 500px\" \/><\/a><\/p>\n<p>Por <a href=\"http:\/\/www.arquitectives.com\/\" target=\"_blank\">Arquitectives<\/a><\/p>\n<p><!--more--><span style=\"font-size: 1em;\">\u00abUn material did\u00e1ctico para\u00a0profesores, familias\u00a0y\u00a0alumnos que recorre la\u00a0evoluci\u00f3n de la vivienda\u00a0a lo largo\u00a0de la historia.<\/span><\/p>\n<p><strong><em><span style=\"text-decoration: underline;\"> \u2018Edu y la mejor casa del mundo\u2019 <\/span><\/em><\/strong>es un libro. Y\u00a0un mont\u00f3n\u00a0de ladrillos\u00a0para\u00a0construir una casa. Y\u00a0una\u00a0<strong>vivencia l\u00fadica, creativa y\u00a0pedag\u00f3gica<\/strong> que permite\u00a0la\u00a0aplicaci\u00f3n transversal de materias relacionadas con\u00a0las matem\u00e1ticas, la historia, la tecnolog\u00eda, el\u00a0arte o el conocimiento\u00a0del medio natural y\u00a0social.<\/p>\n<p>Nuestro libro puede leerse de suelo a techo, de techo a suelo o de ventana a ventana:<\/p>\n<ul>\n<li>Como\u00a0elemento interactivo, gracias\u00a0a la integraci\u00f3n de\u00a0<strong>escenas de\u00a0realidad\u00a0aumentada<\/strong>, que permiten la participaci\u00f3n del lector, as\u00ed como la creaci\u00f3n de nuevas\u00a0historias.<\/li>\n<li>Como\u00a0<strong>plataforma de\u00a0intercambio<\/strong> para\u00a0familias y maestros, a trav\u00e9s de\u00a0redes\u00a0sociales y\u00a0f\u00f3rums abiertos.<\/li>\n<li>Como<strong> juego\u00a0de construcci\u00f3n<\/strong>, con\u00a0p\u00e1ginas encajables\u00a0que transforman el libro\u00a0en un material did\u00e1ctico propio.<\/li>\n<li>Como\u00a0<strong>material y\u00a0gu\u00eda did\u00e1ctica<\/strong> para\u00a0familias e\u00a0educadores, dise\u00f1ados para disfrutar del proyecto\u00a0tanto\u00a0en el\u00a0aula como en el\u00a0sal\u00f3n de casa, con\u00a0<strong>herramientas\u00a0descargables<\/strong> adicionales que transformaran la historia inicial en una extensa y\u00a0divertida experiencia educativa para todas\u00a0las edades.<\/li>\n<li>Como\u00a0<strong>cuento\u00a0infantil \/ juvenil<\/strong> ilustrado. (\u2026)\u201d<\/li>\n<\/ul>\n<p style=\"text-align: center;\">Forma parte de la ciudad virtual, <a href=\"http:\/\/www.arquitectives.com\/micasaestucasa\/\" target=\"_blank\">AQU\u00cd<\/a><\/p>\n<p align=\"center\">\n<p align=\"center\">\n<p><a href=\"http:\/\/www.lacol.org\/\"><\/a><\/p>\n<p><em><span style=\"color: #999999;\">Noticia seleccionada por el Canal de arquitectura STEPIENYBARNO.<\/span><\/em><\/p>\n<p><a href=\"https:\/\/twitter.com\/stepienybarno\" target=\"_blank\"><em>STEPIENYBARNO EN TWITTER _ @stepienybarno<\/em><\/a><\/p>\n<p><a href=\"http:\/\/www.linkedin.com\/company\/stepienybarno\" target=\"_blank\"><em>STEPIENYBARNO EN LINKEDIN<\/em><\/a><\/p>\n<p><a href=\"https:\/\/www.facebook.com\/pages\/BLOG-DE-STEPIENYBARNO\/78001079029\" target=\"_blank\"><em>STEPIENYBARNO EN FACEBOOK<\/em><\/a><\/p>\n<p><em><span style=\"color: #999999;\">*Stepienybarno est\u00e1 formado por Agnieszka Stepien y Lorenzo Barn\u00f3 y desde mayo del 2009 estamos en la red con\u00a0 la presente publicaci\u00f3n digital (Blog) de arquitectura.<\/span><\/em><\/p>\n<p><em><span style=\"color: #999999;\">Nuestra actividad se sustenta en tres pilares b\u00e1sicos: la investigaci\u00f3n, la publicaci\u00f3n (comunicaci\u00f3n y difusi\u00f3n) y la redacci\u00f3n de proyectos de arquitectura.<\/span><\/em><\/p>\n<p><em><span style=\"color: #999999;\">A su vez, somos socios cofundadores de<\/span><\/em><em> <\/em><a href=\"http:\/\/sinergiasostenible.org\/\" target=\"_blank\"><em>SINERGIA SOSTENIBLE<\/em><\/a><span style=\"color: #999999;\"><em>, redactores de<\/em><em> <\/em><\/span><a href=\"http:\/\/www.laciudadviva.org\/blogs\/?author=45\" target=\"_blank\"><em>LA CIUDAD VIVA<\/em><\/a><span style=\"color: #999999;\"><em> <\/em><em>y directores del blog de<\/em><\/span><em> <\/em><a href=\"http:\/\/blogfundacion.arquia.es\/\" target=\"_blank\"><em>FUNDACI\u00d3N ARQUIA<span style=\"color: #999999;\">.<\/span><\/em><\/a><\/p>\n<p><em><span style=\"color: #999999;\">* Los editores de esta publicaci\u00f3n digital no nos hacemos cargo de de los comentarios y\u00a0 conceptos vertidos en los textos firmados por otras personas, siendo \u00e9stos de responsabilidad exclusiva de sus autores.<\/span><\/em><\/p>\n<p><em><span style=\"color: #999999;\">* Tu comentario podr\u00e1 ser moderado, por lo tanto, aunque aparezca inmediatamente al ser publicado en la entrada, los editores de esta publicaci\u00f3n digital nos reservamos el derecho tanto de editarlo (si fuera necesario, para hacerlo m\u00e1s legible) como de eliminarlo en el caso de que se usen expresiones incorrectas (descalificaciones, palabras malsonantes\u2026). A su vez, si quieres comentar desde el anonimato puedes hacerlo, aunque, nosotros personalmente, agradecemos que tod@s nos podamos identificar.<\/span><\/em><\/p>\n","protected":false},"excerpt":{"rendered":"<p>Por Arquitectives<\/p>\n<p>(m\u00e1s&#8230;)<\/p>\n","protected":false},"author":2,"featured_media":0,"comment_status":"open","ping_status":"closed","sticky":false,"template":"","format":"standard","meta":{"om_disable_all_campaigns":false,"_monsterinsights_skip_tracking":false,"_monsterinsights_sitenote_active":false,"_monsterinsights_sitenote_note":"","_monsterinsights_sitenote_category":0,"_uf_show_specific_survey":0,"_uf_disable_surveys":false,"episode_type":"","audio_file":"","cover_image":"","cover_image_id":"","duration":"","filesize":"","date_recorded":"","explicit":"","block":"","filesize_raw":"","footnotes":""},"categories":[244],"tags":[2304],"series":[],"class_list":["post-19574","post","type-post","status-publish","format-standard","hentry","category-canal-de-arquitectura","tag-arquitectives"],"aioseo_notices":[],"episode_featured_image":false,"episode_player_image":"https:\/\/stepienybarno.es\/blog\/wp-content\/uploads\/2020\/11\/stepienybarno-podcast-scaled.jpg","download_link":"","player_link":"","audio_player":false,"episode_data":{"playerMode":"dark","subscribeUrls":[],"rssFeedUrl":"https:\/\/stepienybarno.es\/blog\/feed\/podcast\/podcast-de-stepienybarno","embedCode":"<blockquote class=\"wp-embedded-content\" data-secret=\"5oMR8a0YIx\"><a href=\"https:\/\/stepienybarno.es\/blog\/2015\/12\/03\/edu-y-la-mejor-casa-del-mundo\/\">\u00abEDU Y LA MEJOR CASA DEL MUNDO\u00bb<\/a><\/blockquote><iframe sandbox=\"allow-scripts\" security=\"restricted\" src=\"https:\/\/stepienybarno.es\/blog\/2015\/12\/03\/edu-y-la-mejor-casa-del-mundo\/embed\/#?secret=5oMR8a0YIx\" width=\"500\" height=\"350\" title=\"\u00ab\u00abEDU Y LA MEJOR CASA DEL MUNDO\u00bb\u00bb \u2014 Blog de STEPIEN Y BARNO - publicaci\u00f3n digital sobre arquitectura\" data-secret=\"5oMR8a0YIx\" frameborder=\"0\" marginwidth=\"0\" marginheight=\"0\" scrolling=\"no\" class=\"wp-embedded-content\"><\/iframe><script type=\"text\/javascript\">\n\/* <![CDATA[ *\/\n\/*! This file is auto-generated *\/\n!function(d,l){\"use strict\";l.querySelector&&d.addEventListener&&\"undefined\"!=typeof URL&&(d.wp=d.wp||{},d.wp.receiveEmbedMessage||(d.wp.receiveEmbedMessage=function(e){var t=e.data;if((t||t.secret||t.message||t.value)&&!\/[^a-zA-Z0-9]\/.test(t.secret)){for(var s,r,n,a=l.querySelectorAll('iframe[data-secret=\"'+t.secret+'\"]'),o=l.querySelectorAll('blockquote[data-secret=\"'+t.secret+'\"]'),c=new RegExp(\"^https?:$\",\"i\"),i=0;i<o.length;i++)o[i].style.display=\"none\";for(i=0;i<a.length;i++)s=a[i],e.source===s.contentWindow&&(s.removeAttribute(\"style\"),\"height\"===t.message?(1e3<(r=parseInt(t.value,10))?r=1e3:~~r<200&&(r=200),s.height=r):\"link\"===t.message&&(r=new URL(s.getAttribute(\"src\")),n=new URL(t.value),c.test(n.protocol))&&n.host===r.host&&l.activeElement===s&&(d.top.location.href=t.value))}},d.addEventListener(\"message\",d.wp.receiveEmbedMessage,!1),l.addEventListener(\"DOMContentLoaded\",function(){for(var e,t,s=l.querySelectorAll(\"iframe.wp-embedded-content\"),r=0;r<s.length;r++)(t=(e=s[r]).getAttribute(\"data-secret\"))||(t=Math.random().toString(36).substring(2,12),e.src+=\"#?secret=\"+t,e.setAttribute(\"data-secret\",t)),e.contentWindow.postMessage({message:\"ready\",secret:t},\"*\")},!1)))}(window,document);\n\/* ]]> *\/\n<\/script>\n"},"_links":{"self":[{"href":"https:\/\/stepienybarno.es\/blog\/wp-json\/wp\/v2\/posts\/19574"}],"collection":[{"href":"https:\/\/stepienybarno.es\/blog\/wp-json\/wp\/v2\/posts"}],"about":[{"href":"https:\/\/stepienybarno.es\/blog\/wp-json\/wp\/v2\/types\/post"}],"author":[{"embeddable":true,"href":"https:\/\/stepienybarno.es\/blog\/wp-json\/wp\/v2\/users\/2"}],"replies":[{"embeddable":true,"href":"https:\/\/stepienybarno.es\/blog\/wp-json\/wp\/v2\/comments?post=19574"}],"version-history":[{"count":2,"href":"https:\/\/stepienybarno.es\/blog\/wp-json\/wp\/v2\/posts\/19574\/revisions"}],"predecessor-version":[{"id":19577,"href":"https:\/\/stepienybarno.es\/blog\/wp-json\/wp\/v2\/posts\/19574\/revisions\/19577"}],"wp:attachment":[{"href":"https:\/\/stepienybarno.es\/blog\/wp-json\/wp\/v2\/media?parent=19574"}],"wp:term":[{"taxonomy":"category","embeddable":true,"href":"https:\/\/stepienybarno.es\/blog\/wp-json\/wp\/v2\/categories?post=19574"},{"taxonomy":"post_tag","embeddable":true,"href":"https:\/\/stepienybarno.es\/blog\/wp-json\/wp\/v2\/tags?post=19574"},{"taxonomy":"series","embeddable":true,"href":"https:\/\/stepienybarno.es\/blog\/wp-json\/wp\/v2\/series?post=19574"}],"curies":[{"name":"wp","href":"https:\/\/api.w.org\/{rel}","templated":true}]}}