{"id":19591,"date":"2015-12-04T09:52:46","date_gmt":"2015-12-04T07:52:46","guid":{"rendered":"https:\/\/www.stepienybarno.es\/blog\/?p=19591"},"modified":"2015-12-04T10:53:06","modified_gmt":"2015-12-04T08:53:06","slug":"el-espacio-habitable","status":"publish","type":"post","link":"https:\/\/stepienybarno.es\/blog\/2015\/12\/04\/el-espacio-habitable\/","title":{"rendered":"EL ESPACIO HABITABLE"},"content":{"rendered":"<p><a href=\"https:\/\/stepienybarno.es\/blog\/wp-content\/uploads\/2015\/12\/stepienybarno-blog-stepien-y-barno-arquitectura-descubrir-el-arte.jpg\"><img loading=\"lazy\" decoding=\"async\" class=\"aligncenter size-full wp-image-19592\" title=\"stepienybarno-blog-stepien-y-barno-arquitectura-descubrir-el-arte\" src=\"https:\/\/stepienybarno.es\/blog\/wp-content\/uploads\/2015\/12\/stepienybarno-blog-stepien-y-barno-arquitectura-descubrir-el-arte.jpg\" alt=\"stepienybarno-blog-stepien-y-barno-arquitectura-descubrir-el-arte\" width=\"500\" height=\"333\" srcset=\"https:\/\/stepienybarno.es\/blog\/wp-content\/uploads\/2015\/12\/stepienybarno-blog-stepien-y-barno-arquitectura-descubrir-el-arte.jpg 500w, https:\/\/stepienybarno.es\/blog\/wp-content\/uploads\/2015\/12\/stepienybarno-blog-stepien-y-barno-arquitectura-descubrir-el-arte-180x120.jpg 180w, https:\/\/stepienybarno.es\/blog\/wp-content\/uploads\/2015\/12\/stepienybarno-blog-stepien-y-barno-arquitectura-descubrir-el-arte-316x210.jpg 316w\" sizes=\"(max-width: 500px) 100vw, 500px\" \/><\/a><\/p>\n<p>Desde<a href=\"http:\/\/hicarquitectura.com\/\"><\/a> <a href=\"http:\/\/www.descubrirelarte.es\/\" target=\"_blank\">Descubrir el arte<\/a><\/p>\n<p><!--more--><\/p>\n<p>\u201cEl objetivo del dise\u00f1o de interior es hacer el espacio habitable, otorgarle escala humana. La forma de hacerlo y\u00a0los medios utilizados\u00a0han cambiado much\u00edsimo en los \u00faltimos quince a\u00f1os. Ayer, mi\u00e9rcoles 25, asistimos a una charla en Roca Madrid Gallery del arquitecto Miguel Barahona en la que mostr\u00f3 c\u00f3mo esta disciplina se mezcla y bebe de otras muchas: dise\u00f1o industrial, textil, gr\u00e1fico, arte\u2026<\/p>\n<p><strong>Miguel Barahona,<\/strong> arquitecto, director del master de Dise\u00f1o de interiores en el<strong> <\/strong><strong>Istituto Europeo di Design<\/strong> en Madrid\u00a0y colaborador de<strong> <\/strong><strong>Descubrir el Arte<\/strong> (entre otras publicaciones), escogi\u00f3 seis estudios profesionales para\u00a0expresar esa interrelaci\u00f3n entre el dise\u00f1o de interiores\u00a0y otras disciplinas.\u00a0Demostr\u00f3 que el\u00a0<strong>dise\u00f1o industrial<\/strong> es capaz de construir espacios con las piezas\u00a0para<strong> <\/strong><strong>Vitra<\/strong> o\u00a0<strong>Kvadrat<\/strong> de los hermanos\u00a0<strong>Bouroullec;<\/strong> los textiles de\u00a0<strong>Petra Blaisse<\/strong> le dieron pie a hablar de c\u00f3mo los elementos blandos\u00a0son capaces de\u00a0<strong>configurar \u00e1mbitos y enriquecer los existentes con su forma de dejar pasar la luz, de crear reflejos y movimiento.<\/strong> (\u2026)\u201d<\/p>\n<blockquote>\n<p style=\"text-align: center;\">\n<p style=\"text-align: center;\">Accede al art\u00edculo, <a href=\"http:\/\/www.descubrirelarte.es\/2015\/11\/26\/el-espacio-habitable.html\" target=\"_blank\">AQU\u00cd<\/a><\/p>\n<p style=\"text-align: center;\">\n<p style=\"text-align: center;\">\n<\/blockquote>\n<p><a href=\"http:\/\/www.lacol.org\/\"><\/a><\/p>\n<p><em><span style=\"color: #999999;\">Noticia seleccionada por el Canal de arquitectura STEPIENYBARNO.<\/span><\/em><\/p>\n<p><a href=\"https:\/\/twitter.com\/stepienybarno\" target=\"_blank\"><em>STEPIENYBARNO EN TWITTER _ @stepienybarno<\/em><\/a><\/p>\n<p><a href=\"http:\/\/www.linkedin.com\/company\/stepienybarno\" target=\"_blank\"><em>STEPIENYBARNO EN LINKEDIN<\/em><\/a><\/p>\n<p><a href=\"https:\/\/www.facebook.com\/pages\/BLOG-DE-STEPIENYBARNO\/78001079029\" target=\"_blank\"><em>STEPIENYBARNO EN FACEBOOK<\/em><\/a><\/p>\n<p><em><span style=\"color: #999999;\">*Stepienybarno est\u00e1 formado por Agnieszka Stepien y Lorenzo Barn\u00f3 y desde mayo del 2009 estamos en la red con\u00a0 la presente publicaci\u00f3n digital (Blog) de arquitectura.<\/span><\/em><\/p>\n<p><em><span style=\"color: #999999;\">Nuestra actividad se sustenta en tres pilares b\u00e1sicos: la investigaci\u00f3n, la publicaci\u00f3n (comunicaci\u00f3n y difusi\u00f3n) y la redacci\u00f3n de proyectos de arquitectura.<\/span><\/em><\/p>\n<p><em><span style=\"color: #999999;\">A su vez, somos socios cofundadores de<\/span><\/em><em> <\/em><a href=\"http:\/\/sinergiasostenible.org\/\" target=\"_blank\"><em>SINERGIA SOSTENIBLE<\/em><\/a><em><span style=\"color: #999999;\">, redactores de<\/span><\/em><em> <\/em><a href=\"http:\/\/www.laciudadviva.org\/blogs\/?author=45\" target=\"_blank\"><em>LA CIUDAD VIVA<\/em><\/a><em> <\/em><em><span style=\"color: #999999;\">y directores del blog de<\/span><\/em><em> <\/em><a href=\"http:\/\/blogfundacion.arquia.es\/\" target=\"_blank\"><em>FUNDACI\u00d3N ARQUIA<span style=\"color: #999999;\">.<\/span><\/em><\/a><\/p>\n<p><em><span style=\"color: #999999;\">* Los editores de esta publicaci\u00f3n digital no nos hacemos cargo de de los comentarios y\u00a0 conceptos vertidos en los textos firmados por otras personas, siendo \u00e9stos de responsabilidad exclusiva de sus autores.<\/span><\/em><\/p>\n<p><em><span style=\"color: #999999;\">* Tu comentario podr\u00e1 ser moderado, por lo tanto, aunque aparezca inmediatamente al ser publicado en la entrada, los editores de esta publicaci\u00f3n digital nos reservamos el derecho tanto de editarlo (si fuera necesario, para hacerlo m\u00e1s legible) como de eliminarlo en el caso de que se usen expresiones incorrectas (descalificaciones, palabras malsonantes\u2026). A su vez, si quieres comentar desde el anonimato puedes hacerlo, aunque, nosotros personalmente, agradecemos que tod@s nos podamos identificar.<\/span><\/em><\/p>\n","protected":false},"excerpt":{"rendered":"<p>Desde Descubrir el arte<\/p>\n<p>(m\u00e1s&#8230;)<\/p>\n","protected":false},"author":2,"featured_media":0,"comment_status":"open","ping_status":"closed","sticky":false,"template":"","format":"standard","meta":{"om_disable_all_campaigns":false,"_monsterinsights_skip_tracking":false,"_monsterinsights_sitenote_active":false,"_monsterinsights_sitenote_note":"","_monsterinsights_sitenote_category":0,"_uf_show_specific_survey":0,"_uf_disable_surveys":false,"episode_type":"","audio_file":"","cover_image":"","cover_image_id":"","duration":"","filesize":"","date_recorded":"","explicit":"","block":"","filesize_raw":"","footnotes":""},"categories":[244],"tags":[3815],"series":[],"class_list":["post-19591","post","type-post","status-publish","format-standard","hentry","category-canal-de-arquitectura","tag-descubrir-el-arte"],"aioseo_notices":[],"episode_featured_image":false,"episode_player_image":"https:\/\/stepienybarno.es\/blog\/wp-content\/uploads\/2020\/11\/stepienybarno-podcast-scaled.jpg","download_link":"","player_link":"","audio_player":false,"episode_data":{"playerMode":"dark","subscribeUrls":[],"rssFeedUrl":"https:\/\/stepienybarno.es\/blog\/feed\/podcast\/podcast-de-stepienybarno","embedCode":"<blockquote class=\"wp-embedded-content\" data-secret=\"e9xiPrfOI0\"><a href=\"https:\/\/stepienybarno.es\/blog\/2015\/12\/04\/el-espacio-habitable\/\">EL ESPACIO HABITABLE<\/a><\/blockquote><iframe sandbox=\"allow-scripts\" security=\"restricted\" src=\"https:\/\/stepienybarno.es\/blog\/2015\/12\/04\/el-espacio-habitable\/embed\/#?secret=e9xiPrfOI0\" width=\"500\" height=\"350\" title=\"\u00abEL ESPACIO HABITABLE\u00bb \u2014 Blog de STEPIEN Y BARNO - publicaci\u00f3n digital sobre arquitectura\" data-secret=\"e9xiPrfOI0\" frameborder=\"0\" marginwidth=\"0\" marginheight=\"0\" scrolling=\"no\" class=\"wp-embedded-content\"><\/iframe><script type=\"text\/javascript\">\n\/* <![CDATA[ *\/\n\/*! This file is auto-generated *\/\n!function(d,l){\"use strict\";l.querySelector&&d.addEventListener&&\"undefined\"!=typeof URL&&(d.wp=d.wp||{},d.wp.receiveEmbedMessage||(d.wp.receiveEmbedMessage=function(e){var t=e.data;if((t||t.secret||t.message||t.value)&&!\/[^a-zA-Z0-9]\/.test(t.secret)){for(var s,r,n,a=l.querySelectorAll('iframe[data-secret=\"'+t.secret+'\"]'),o=l.querySelectorAll('blockquote[data-secret=\"'+t.secret+'\"]'),c=new RegExp(\"^https?:$\",\"i\"),i=0;i<o.length;i++)o[i].style.display=\"none\";for(i=0;i<a.length;i++)s=a[i],e.source===s.contentWindow&&(s.removeAttribute(\"style\"),\"height\"===t.message?(1e3<(r=parseInt(t.value,10))?r=1e3:~~r<200&&(r=200),s.height=r):\"link\"===t.message&&(r=new URL(s.getAttribute(\"src\")),n=new URL(t.value),c.test(n.protocol))&&n.host===r.host&&l.activeElement===s&&(d.top.location.href=t.value))}},d.addEventListener(\"message\",d.wp.receiveEmbedMessage,!1),l.addEventListener(\"DOMContentLoaded\",function(){for(var e,t,s=l.querySelectorAll(\"iframe.wp-embedded-content\"),r=0;r<s.length;r++)(t=(e=s[r]).getAttribute(\"data-secret\"))||(t=Math.random().toString(36).substring(2,12),e.src+=\"#?secret=\"+t,e.setAttribute(\"data-secret\",t)),e.contentWindow.postMessage({message:\"ready\",secret:t},\"*\")},!1)))}(window,document);\n\/* ]]> *\/\n<\/script>\n"},"_links":{"self":[{"href":"https:\/\/stepienybarno.es\/blog\/wp-json\/wp\/v2\/posts\/19591"}],"collection":[{"href":"https:\/\/stepienybarno.es\/blog\/wp-json\/wp\/v2\/posts"}],"about":[{"href":"https:\/\/stepienybarno.es\/blog\/wp-json\/wp\/v2\/types\/post"}],"author":[{"embeddable":true,"href":"https:\/\/stepienybarno.es\/blog\/wp-json\/wp\/v2\/users\/2"}],"replies":[{"embeddable":true,"href":"https:\/\/stepienybarno.es\/blog\/wp-json\/wp\/v2\/comments?post=19591"}],"version-history":[{"count":3,"href":"https:\/\/stepienybarno.es\/blog\/wp-json\/wp\/v2\/posts\/19591\/revisions"}],"predecessor-version":[{"id":19595,"href":"https:\/\/stepienybarno.es\/blog\/wp-json\/wp\/v2\/posts\/19591\/revisions\/19595"}],"wp:attachment":[{"href":"https:\/\/stepienybarno.es\/blog\/wp-json\/wp\/v2\/media?parent=19591"}],"wp:term":[{"taxonomy":"category","embeddable":true,"href":"https:\/\/stepienybarno.es\/blog\/wp-json\/wp\/v2\/categories?post=19591"},{"taxonomy":"post_tag","embeddable":true,"href":"https:\/\/stepienybarno.es\/blog\/wp-json\/wp\/v2\/tags?post=19591"},{"taxonomy":"series","embeddable":true,"href":"https:\/\/stepienybarno.es\/blog\/wp-json\/wp\/v2\/series?post=19591"}],"curies":[{"name":"wp","href":"https:\/\/api.w.org\/{rel}","templated":true}]}}