{"id":19755,"date":"2015-12-16T19:21:31","date_gmt":"2015-12-16T17:21:31","guid":{"rendered":"https:\/\/www.stepienybarno.es\/blog\/?p=19755"},"modified":"2015-12-16T12:15:06","modified_gmt":"2015-12-16T10:15:06","slug":"bano-de-luz","status":"publish","type":"post","link":"https:\/\/stepienybarno.es\/blog\/2015\/12\/16\/bano-de-luz\/","title":{"rendered":"BA\u00d1O DE LUZ"},"content":{"rendered":"<p><a href=\"https:\/\/stepienybarno.es\/blog\/wp-content\/uploads\/2015\/12\/stepienybarno-blog-stepien-y-barno-Santiago-de-molina-multiples-estrategias-de-arquitectura.jpg\"><img loading=\"lazy\" decoding=\"async\" class=\"aligncenter size-full wp-image-19756\" title=\"stepienybarno-blog-stepien-y-barno-Santiago-de-molina-multiples-estrategias-de-arquitectura\" src=\"https:\/\/stepienybarno.es\/blog\/wp-content\/uploads\/2015\/12\/stepienybarno-blog-stepien-y-barno-Santiago-de-molina-multiples-estrategias-de-arquitectura.jpg\" alt=\"stepienybarno-blog-stepien-y-barno-Santiago-de-molina-multiples-estrategias-de-arquitectura\" width=\"500\" height=\"366\" srcset=\"https:\/\/stepienybarno.es\/blog\/wp-content\/uploads\/2015\/12\/stepienybarno-blog-stepien-y-barno-Santiago-de-molina-multiples-estrategias-de-arquitectura.jpg 500w, https:\/\/stepienybarno.es\/blog\/wp-content\/uploads\/2015\/12\/stepienybarno-blog-stepien-y-barno-Santiago-de-molina-multiples-estrategias-de-arquitectura-180x132.jpg 180w, https:\/\/stepienybarno.es\/blog\/wp-content\/uploads\/2015\/12\/stepienybarno-blog-stepien-y-barno-Santiago-de-molina-multiples-estrategias-de-arquitectura-316x231.jpg 316w\" sizes=\"(max-width: 500px) 100vw, 500px\" \/><\/a><\/p>\n<p>Por Santiago de Molina<em> <\/em>Desde <a href=\"http:\/\/www.santiagodemolina.com\/\" target=\"_blank\">M\u00faltiples Estrategias de Arquitectura<\/a><\/p>\n<p><!--more--><\/p>\n<p>\u201c \u2018Luz, aire y sol\u2019 fue el lema empleado en la inauguraci\u00f3n del espacio cuadriculado, uniforme y m\u00e1gico del Stadtbad Mitte, la piscina p\u00fablica que Heinrich Tessenow erigi\u00f3 en Berl\u00edn en 1930 y que aun hoy es toda una lecci\u00f3n.<\/p>\n<p>Este espacio, transformado con saunas y todos los aditamentos que se le requieren al ba\u00f1o p\u00fablico actual, pertenece a la familia arquitect\u00f3nica de las antiguas termas romanas, o a esos salones donde poder relacionarse entre ciudadanos. Sin embargo la gran lecci\u00f3n arquitect\u00f3nica que encierra esta sala est\u00e1 en formar una caja de\u00a0<a href=\"http:\/\/www.santiagodemolina.com\/2009\/10\/entre-dos-luces.html\" target=\"_blank\">luz intangible<\/a>, uniforme y et\u00e9rea con los medios de la modernidad. Y eso a pesar de que Tessenow no era precisamente un arquitecto que pueda considerarse moderno.<\/p>\n<p>De hecho, Tessenow se hab\u00eda situado en un lugar m\u00e1s bien inc\u00f3modo respecto a la modernidad no solamente para la cr\u00edtica y la historia. No encaj\u00f3 nunca bien en un simple esquema hegeliano de evoluci\u00f3n hist\u00f3rica. Por eso no fue considerado ni por Giedion, ni por Zevi, ni por Tafuri \u2013por poner ejemplos alejados entre s\u00ed desde el punto de vista de la historiograf\u00eda- digno de aparecer entre sus preferencias. Y no es s\u00f3lo que Tessenow no fuera un arquitecto moderno, sin m\u00e1s, sino que adem\u00e1s no era un arquitecto f\u00e1cil.\u00a0 (\u2026)\u201d<\/p>\n<blockquote>\n<p style=\"text-align: center;\">Accede a la reflexi\u00f3n, <a href=\"http:\/\/www.santiagodemolina.com\/2015\/12\/bano-de-luz.html\" target=\"_blank\">AQU\u00cd<\/a><\/p>\n<\/blockquote>\n<p align=\"center\">\n<p align=\"center\">\n<p><a href=\"http:\/\/www.lacol.org\/\"><\/a><\/p>\n<p><em><span style=\"color: #888888;\">Noticia seleccionada por el Canal de arquitectura STEPIENYBARNO.<\/span><\/em><\/p>\n<p><a href=\"https:\/\/twitter.com\/stepienybarno\" target=\"_blank\"><em>STEPIENYBARNO EN TWITTER _ @stepienybarno<\/em><\/a><\/p>\n<p><a href=\"http:\/\/www.linkedin.com\/company\/stepienybarno\" target=\"_blank\"><em>STEPIENYBARNO EN LINKEDIN<\/em><\/a><\/p>\n<p><a href=\"https:\/\/www.facebook.com\/pages\/BLOG-DE-STEPIENYBARNO\/78001079029\" target=\"_blank\"><em>STEPIENYBARNO EN FACEBOOK<\/em><\/a><\/p>\n<p><em><span style=\"color: #888888;\">*Stepienybarno est\u00e1 formado por Agnieszka Stepien y Lorenzo Barn\u00f3 y desde mayo del 2009 estamos en la red con\u00a0 la presente publicaci\u00f3n digital (Blog) de arquitectura.<\/span><\/em><\/p>\n<p><em><span style=\"color: #888888;\">Nuestra actividad se sustenta en tres pilares b\u00e1sicos: la investigaci\u00f3n, la publicaci\u00f3n (comunicaci\u00f3n y difusi\u00f3n) y la redacci\u00f3n de proyectos de arquitectura.<\/span><\/em><\/p>\n<p><em><span style=\"color: #888888;\">A su vez, somos socios cofundadores de<\/span><\/em><em> <\/em><a href=\"http:\/\/sinergiasostenible.org\/\" target=\"_blank\"><em>SINERGIA SOSTENIBLE<\/em><\/a><em><span style=\"color: #888888;\">, redactores de<\/span><\/em><em> <\/em><a href=\"http:\/\/www.laciudadviva.org\/blogs\/?author=45\" target=\"_blank\"><em>LA CIUDAD VIVA<\/em><\/a><span style=\"color: #888888;\"><em> <\/em><em>y directores del blog de<\/em><em> <\/em><\/span><a href=\"http:\/\/blogfundacion.arquia.es\/\" target=\"_blank\"><em>FUNDACI\u00d3N ARQUIA<span style=\"color: #888888;\">.<\/span><\/em><\/a><\/p>\n<p><em><span style=\"color: #888888;\">* Los editores de esta publicaci\u00f3n digital no nos hacemos cargo de de los comentarios y\u00a0 conceptos vertidos en los textos firmados por otras personas, siendo \u00e9stos de responsabilidad exclusiva de sus autores.<\/span><\/em><\/p>\n<p><em><span style=\"color: #888888;\">* Tu comentario podr\u00e1 ser moderado, por lo tanto, aunque aparezca inmediatamente al ser publicado en la entrada, los editores de esta publicaci\u00f3n digital nos reservamos el derecho tanto de editarlo (si fuera necesario, para hacerlo m\u00e1s legible) como de eliminarlo en el caso de que se usen expresiones incorrectas (descalificaciones, palabras malsonantes\u2026). A su vez, si quieres comentar desde el anonimato puedes hacerlo, aunque, nosotros personalmente, agradecemos que tod@s nos podamos identificar.<\/span><\/em><\/p>\n","protected":false},"excerpt":{"rendered":"<p>Por Santiago de Molina Desde M\u00faltiples Estrategias de Arquitectura<\/p>\n<p>(m\u00e1s&#8230;)<\/p>\n","protected":false},"author":2,"featured_media":0,"comment_status":"open","ping_status":"closed","sticky":false,"template":"","format":"standard","meta":{"om_disable_all_campaigns":false,"_monsterinsights_skip_tracking":false,"_monsterinsights_sitenote_active":false,"_monsterinsights_sitenote_note":"","_monsterinsights_sitenote_category":0,"_uf_show_specific_survey":0,"_uf_disable_surveys":false,"episode_type":"","audio_file":"","cover_image":"","cover_image_id":"","duration":"","filesize":"","date_recorded":"","explicit":"","block":"","filesize_raw":"","footnotes":""},"categories":[244],"tags":[189,187],"series":[],"class_list":["post-19755","post","type-post","status-publish","format-standard","hentry","category-canal-de-arquitectura","tag-multiples-estrategias-de-arquitectura","tag-santiago-de-molina"],"aioseo_notices":[],"episode_featured_image":false,"episode_player_image":"https:\/\/stepienybarno.es\/blog\/wp-content\/uploads\/2020\/11\/stepienybarno-podcast-scaled.jpg","download_link":"","player_link":"","audio_player":false,"episode_data":{"playerMode":"dark","subscribeUrls":[],"rssFeedUrl":"https:\/\/stepienybarno.es\/blog\/feed\/podcast\/podcast-de-stepienybarno","embedCode":"<blockquote class=\"wp-embedded-content\" data-secret=\"vwLhoSYEhl\"><a href=\"https:\/\/stepienybarno.es\/blog\/2015\/12\/16\/bano-de-luz\/\">BA\u00d1O DE LUZ<\/a><\/blockquote><iframe sandbox=\"allow-scripts\" security=\"restricted\" src=\"https:\/\/stepienybarno.es\/blog\/2015\/12\/16\/bano-de-luz\/embed\/#?secret=vwLhoSYEhl\" width=\"500\" height=\"350\" title=\"\u00abBA\u00d1O DE LUZ\u00bb \u2014 Blog de STEPIEN Y BARNO - publicaci\u00f3n digital sobre arquitectura\" data-secret=\"vwLhoSYEhl\" frameborder=\"0\" marginwidth=\"0\" marginheight=\"0\" scrolling=\"no\" class=\"wp-embedded-content\"><\/iframe><script type=\"text\/javascript\">\n\/* <![CDATA[ *\/\n\/*! This file is auto-generated *\/\n!function(d,l){\"use strict\";l.querySelector&&d.addEventListener&&\"undefined\"!=typeof URL&&(d.wp=d.wp||{},d.wp.receiveEmbedMessage||(d.wp.receiveEmbedMessage=function(e){var t=e.data;if((t||t.secret||t.message||t.value)&&!\/[^a-zA-Z0-9]\/.test(t.secret)){for(var s,r,n,a=l.querySelectorAll('iframe[data-secret=\"'+t.secret+'\"]'),o=l.querySelectorAll('blockquote[data-secret=\"'+t.secret+'\"]'),c=new RegExp(\"^https?:$\",\"i\"),i=0;i<o.length;i++)o[i].style.display=\"none\";for(i=0;i<a.length;i++)s=a[i],e.source===s.contentWindow&&(s.removeAttribute(\"style\"),\"height\"===t.message?(1e3<(r=parseInt(t.value,10))?r=1e3:~~r<200&&(r=200),s.height=r):\"link\"===t.message&&(r=new URL(s.getAttribute(\"src\")),n=new URL(t.value),c.test(n.protocol))&&n.host===r.host&&l.activeElement===s&&(d.top.location.href=t.value))}},d.addEventListener(\"message\",d.wp.receiveEmbedMessage,!1),l.addEventListener(\"DOMContentLoaded\",function(){for(var e,t,s=l.querySelectorAll(\"iframe.wp-embedded-content\"),r=0;r<s.length;r++)(t=(e=s[r]).getAttribute(\"data-secret\"))||(t=Math.random().toString(36).substring(2,12),e.src+=\"#?secret=\"+t,e.setAttribute(\"data-secret\",t)),e.contentWindow.postMessage({message:\"ready\",secret:t},\"*\")},!1)))}(window,document);\n\/* ]]> *\/\n<\/script>\n"},"_links":{"self":[{"href":"https:\/\/stepienybarno.es\/blog\/wp-json\/wp\/v2\/posts\/19755"}],"collection":[{"href":"https:\/\/stepienybarno.es\/blog\/wp-json\/wp\/v2\/posts"}],"about":[{"href":"https:\/\/stepienybarno.es\/blog\/wp-json\/wp\/v2\/types\/post"}],"author":[{"embeddable":true,"href":"https:\/\/stepienybarno.es\/blog\/wp-json\/wp\/v2\/users\/2"}],"replies":[{"embeddable":true,"href":"https:\/\/stepienybarno.es\/blog\/wp-json\/wp\/v2\/comments?post=19755"}],"version-history":[{"count":2,"href":"https:\/\/stepienybarno.es\/blog\/wp-json\/wp\/v2\/posts\/19755\/revisions"}],"predecessor-version":[{"id":19758,"href":"https:\/\/stepienybarno.es\/blog\/wp-json\/wp\/v2\/posts\/19755\/revisions\/19758"}],"wp:attachment":[{"href":"https:\/\/stepienybarno.es\/blog\/wp-json\/wp\/v2\/media?parent=19755"}],"wp:term":[{"taxonomy":"category","embeddable":true,"href":"https:\/\/stepienybarno.es\/blog\/wp-json\/wp\/v2\/categories?post=19755"},{"taxonomy":"post_tag","embeddable":true,"href":"https:\/\/stepienybarno.es\/blog\/wp-json\/wp\/v2\/tags?post=19755"},{"taxonomy":"series","embeddable":true,"href":"https:\/\/stepienybarno.es\/blog\/wp-json\/wp\/v2\/series?post=19755"}],"curies":[{"name":"wp","href":"https:\/\/api.w.org\/{rel}","templated":true}]}}