{"id":19803,"date":"2015-12-20T12:00:01","date_gmt":"2015-12-20T10:00:01","guid":{"rendered":"https:\/\/www.stepienybarno.es\/blog\/?p=19803"},"modified":"2015-12-24T14:55:19","modified_gmt":"2015-12-24T12:55:19","slug":"dos-viviendas-escuela-infantil-casa-canals-proyectodeldia","status":"publish","type":"post","link":"https:\/\/stepienybarno.es\/blog\/2015\/12\/20\/dos-viviendas-escuela-infantil-casa-canals-proyectodeldia\/","title":{"rendered":"DOS VIVIENDAS + ESCUELA INFANTIL + CASA CANALS  #ProyectoDelDia"},"content":{"rendered":"<p style=\"text-align: center;\">\n<blockquote>\n<p style=\"text-align: center;\"><a href=\"https:\/\/stepienybarno.es\/blog\/wp-content\/uploads\/2015\/12\/Stepienybarno-blog-stepien-y-barno-Paredes-Pedrosa-Arquitectos-Rafael-de-La-Hoz-Arderius-BaKpak-architects..png\"><img loading=\"lazy\" decoding=\"async\" class=\"aligncenter size-full wp-image-19806\" title=\"Stepienybarno-blog-stepien-y-barno- Paredes Pedrosa Arquitectos-Rafael de La-Hoz Arderius- BaKpak architects.\" src=\"https:\/\/stepienybarno.es\/blog\/wp-content\/uploads\/2015\/12\/Stepienybarno-blog-stepien-y-barno-Paredes-Pedrosa-Arquitectos-Rafael-de-La-Hoz-Arderius-BaKpak-architects..png\" alt=\"Stepienybarno-blog-stepien-y-barno- Paredes Pedrosa Arquitectos-Rafael de La-Hoz Arderius- BaKpak architects.\" width=\"350\" height=\"66\" srcset=\"https:\/\/stepienybarno.es\/blog\/wp-content\/uploads\/2015\/12\/Stepienybarno-blog-stepien-y-barno-Paredes-Pedrosa-Arquitectos-Rafael-de-La-Hoz-Arderius-BaKpak-architects..png 350w, https:\/\/stepienybarno.es\/blog\/wp-content\/uploads\/2015\/12\/Stepienybarno-blog-stepien-y-barno-Paredes-Pedrosa-Arquitectos-Rafael-de-La-Hoz-Arderius-BaKpak-architects.-180x34.png 180w, https:\/\/stepienybarno.es\/blog\/wp-content\/uploads\/2015\/12\/Stepienybarno-blog-stepien-y-barno-Paredes-Pedrosa-Arquitectos-Rafael-de-La-Hoz-Arderius-BaKpak-architects.-316x60.png 316w\" sizes=\"(max-width: 350px) 100vw, 350px\" \/><\/a><!--more--><\/p>\n<\/blockquote>\n<blockquote><p><strong>DOS VIVIENDAS EN OROPESA<\/strong><\/p>\n<p>Autor: Paredes Pedrosa Arquitectos<\/p>\n<p>Fot\u00f3grafo: Luis As\u00edn<\/p>\n<p><a href=\"http:\/\/hicarquitectura.com\/2015\/12\/partes-pedrosa-arquitectos-dos-viviendas-en-oropeza\/?utm_source=dlvr.it&amp;utm_medium=facebook\">Acceder al proyecto<\/a><\/p>\n<p style=\"text-align: center;\"><a href=\"https:\/\/stepienybarno.es\/blog\/wp-content\/uploads\/2015\/12\/Paredes-Pedrosa-Arquitectos1.jpg\"><img loading=\"lazy\" decoding=\"async\" class=\"aligncenter size-full wp-image-19807\" title=\"Paredes Pedrosa Arquitectos\" src=\"https:\/\/stepienybarno.es\/blog\/wp-content\/uploads\/2015\/12\/Paredes-Pedrosa-Arquitectos1.jpg\" alt=\"Paredes Pedrosa Arquitectos\" width=\"500\" height=\"375\" srcset=\"https:\/\/stepienybarno.es\/blog\/wp-content\/uploads\/2015\/12\/Paredes-Pedrosa-Arquitectos1.jpg 500w, https:\/\/stepienybarno.es\/blog\/wp-content\/uploads\/2015\/12\/Paredes-Pedrosa-Arquitectos1-180x135.jpg 180w, https:\/\/stepienybarno.es\/blog\/wp-content\/uploads\/2015\/12\/Paredes-Pedrosa-Arquitectos1-316x237.jpg 316w\" sizes=\"(max-width: 500px) 100vw, 500px\" \/><\/a><\/p>\n<\/blockquote>\n<blockquote><p><strong>ESCUELA INFANTIL \u201cLOS CARACOLES\u201d<\/strong><\/p>\n<p>Autor:\u00a0BaKpak\u00a0architects.<\/p>\n<p>Fot\u00f3grafo: Jes\u00fas Granada.<\/p>\n<p><a href=\"http:\/\/bakpakarchitects.com\/portfolio\/pequena-factoria-de-suenos-2\/\">Acceder al proyecto<\/a><\/p>\n<p style=\"text-align: center;\"><a href=\"https:\/\/stepienybarno.es\/blog\/wp-content\/uploads\/2015\/12\/BaKpak-architects..jpg\"><img loading=\"lazy\" decoding=\"async\" class=\"aligncenter size-full wp-image-19808\" title=\"BaKpak architects.\" src=\"https:\/\/stepienybarno.es\/blog\/wp-content\/uploads\/2015\/12\/BaKpak-architects..jpg\" alt=\"BaKpak architects.\" width=\"500\" height=\"300\" srcset=\"https:\/\/stepienybarno.es\/blog\/wp-content\/uploads\/2015\/12\/BaKpak-architects..jpg 500w, https:\/\/stepienybarno.es\/blog\/wp-content\/uploads\/2015\/12\/BaKpak-architects.-180x108.jpg 180w, https:\/\/stepienybarno.es\/blog\/wp-content\/uploads\/2015\/12\/BaKpak-architects.-316x190.jpg 316w\" sizes=\"(max-width: 500px) 100vw, 500px\" \/><\/a><\/p>\n<\/blockquote>\n<blockquote><p><strong>CASA CANALS<\/strong><\/p>\n<p>Autor: \u00a0<a title=\"Rafael de La-Hoz Arderius\" href=\"http:\/\/www.urbipedia.org\/index.php?title=Rafael_de_La-Hoz_Arderius\">Rafael de La-Hoz Arderius<\/a><\/p>\n<p><a href=\"http:\/\/www.urbipedia.org\/index.php?title=Casa_Canals\" target=\"_blank\">Acceder al proyecto<\/a><\/p>\n<p style=\"text-align: center;\"><a href=\"https:\/\/stepienybarno.es\/blog\/wp-content\/uploads\/2015\/12\/Rafael-de-La-Hoz-Arderius.png\"><img loading=\"lazy\" decoding=\"async\" class=\"aligncenter size-full wp-image-19810\" title=\"Rafael de La-Hoz Arderius\" src=\"https:\/\/stepienybarno.es\/blog\/wp-content\/uploads\/2015\/12\/Rafael-de-La-Hoz-Arderius.png\" alt=\"Rafael de La-Hoz Arderius\" width=\"500\" height=\"390\" srcset=\"https:\/\/stepienybarno.es\/blog\/wp-content\/uploads\/2015\/12\/Rafael-de-La-Hoz-Arderius.png 500w, https:\/\/stepienybarno.es\/blog\/wp-content\/uploads\/2015\/12\/Rafael-de-La-Hoz-Arderius-180x140.png 180w, https:\/\/stepienybarno.es\/blog\/wp-content\/uploads\/2015\/12\/Rafael-de-La-Hoz-Arderius-316x246.png 316w\" sizes=\"(max-width: 500px) 100vw, 500px\" \/><\/a><\/p>\n<\/blockquote>\n<p align=\"left\">\n<blockquote>\n<p align=\"left\"><strong>Post relacionados:<\/strong><\/p>\n<p align=\"left\">#ProyectoDelDia<\/p>\n<p align=\"left\"><a href=\"https:\/\/stepienybarno.es\/blog\/tag\/proyectodeldia\/\">https:\/\/stepienybarno.es\/blog\/tag\/proyectodeldia\/<\/a><\/p>\n<\/blockquote>\n<p align=\"left\"><span style=\"color: #888888;\">Noticia seleccionada por el Canal de arquitectura STEPIENYBARNO.<\/span><\/p>\n<p><a href=\"https:\/\/twitter.com\/stepienybarno\"><span style=\"color: #888888;\">STEPIENYBARNO EN TWITTER _ @stepienybarno<\/span><\/a><\/p>\n<p align=\"left\"><a href=\"http:\/\/www.linkedin.com\/company\/stepienybarno\"><span style=\"color: #888888;\">STEPIENYBARNO EN LINKEDIN<\/span><\/a><\/p>\n<p align=\"left\"><a href=\"https:\/\/www.facebook.com\/pages\/BLOG-DE-STEPIENYBARNO\/78001079029\"><span style=\"color: #888888;\">STEPIENYBARNO EN FACEBOOK<\/span><\/a><\/p>\n<p align=\"left\"><span style=\"color: #888888;\">*Stepienybarno est\u00e1 formado por Agnieszka Stepien y Lorenzo Barn\u00f3 y desde mayo del 2009 estamos en la red con\u00a0 la presente publicaci\u00f3n digital (Blog) de arquitectura.<\/span><\/p>\n<p align=\"left\"><span style=\"color: #888888;\">Nuestra actividad se sustenta en tres pilares b\u00e1sicos: la investigaci\u00f3n, la publicaci\u00f3n (comunicaci\u00f3n y difusi\u00f3n) y la redacci\u00f3n de proyectos de arquitectura.<\/span><\/p>\n<p align=\"left\"><span style=\"color: #888888;\">A su vez, somos socios cofundadores de <a href=\"http:\/\/sinergiasostenible.org\/\">SINERGIA SOSTENIBLE<\/a>, redactores de <a href=\"http:\/\/www.laciudadviva.org\/blogs\/?author=45\">LA CIUDAD VIVA<\/a> y directores del blog de FUNDACI\u00d3N ARQUIA.<\/span><\/p>\n<p align=\"left\"><span style=\"color: #888888;\">* Los editores de esta publicaci\u00f3n digital no nos hacemos cargo de de los comentarios y\u00a0 conceptos vertidos en los textos firmados por otras personas, siendo \u00e9stos de responsabilidad exclusiva de sus autores.<\/span><\/p>\n<p align=\"left\"><span style=\"color: #888888;\">* Tu comentario podr\u00e1 ser moderado, por lo tanto, aunque aparezca inmediatamente al ser publicado en la entrada, los editores de esta publicaci\u00f3n digital nos reservamos el derecho tanto de editarlo (si fuera necesario, para hacerlo m\u00e1s legible) como de eliminarlo en el caso de que se usen expresiones incorrectas (descalificaciones, palabras malsonantes\u2026). A su vez, si quieres comentar desde el anonimato puedes hacerlo, aunque, nosotros personalmente, agradecemos que tod@s nos podamos identificar.<\/span><\/p>\n<p align=\"left\"><span style=\"color: #888888;\"><a href=\"https:\/\/stepienybarno.es\/blog\/wp-content\/uploads\/2015\/12\/Stepienybarno-blog-stepien-y-barno-Paredes-Pedrosa-Arquitectos-Rafael-de-La-Hoz-Arderius-BaKpak-architects.1.png\"><img loading=\"lazy\" decoding=\"async\" class=\"aligncenter size-full wp-image-19812\" title=\"Stepienybarno-blog-stepien-y-barno- Paredes Pedrosa Arquitectos-Rafael de La-Hoz Arderius- BaKpak architects.\" src=\"https:\/\/stepienybarno.es\/blog\/wp-content\/uploads\/2015\/12\/Stepienybarno-blog-stepien-y-barno-Paredes-Pedrosa-Arquitectos-Rafael-de-La-Hoz-Arderius-BaKpak-architects.1.png\" alt=\"Stepienybarno-blog-stepien-y-barno- Paredes Pedrosa Arquitectos-Rafael de La-Hoz Arderius- BaKpak architects.\" width=\"350\" height=\"66\" srcset=\"https:\/\/stepienybarno.es\/blog\/wp-content\/uploads\/2015\/12\/Stepienybarno-blog-stepien-y-barno-Paredes-Pedrosa-Arquitectos-Rafael-de-La-Hoz-Arderius-BaKpak-architects.1.png 350w, https:\/\/stepienybarno.es\/blog\/wp-content\/uploads\/2015\/12\/Stepienybarno-blog-stepien-y-barno-Paredes-Pedrosa-Arquitectos-Rafael-de-La-Hoz-Arderius-BaKpak-architects.1-180x34.png 180w, https:\/\/stepienybarno.es\/blog\/wp-content\/uploads\/2015\/12\/Stepienybarno-blog-stepien-y-barno-Paredes-Pedrosa-Arquitectos-Rafael-de-La-Hoz-Arderius-BaKpak-architects.1-316x60.png 316w\" sizes=\"(max-width: 350px) 100vw, 350px\" \/><\/a><br \/>\n<\/span><\/p>\n","protected":false},"excerpt":{"rendered":"<p>Stepienybarno-blog-stepien-y-barno- Paredes Pedrosa Arquitectos-Rafael de La-Hoz Arderius- BaKpak architects.(m\u00e1s&#8230;)<\/p>\n","protected":false},"author":2,"featured_media":0,"comment_status":"open","ping_status":"closed","sticky":false,"template":"","format":"standard","meta":{"om_disable_all_campaigns":false,"_monsterinsights_skip_tracking":false,"_monsterinsights_sitenote_active":false,"_monsterinsights_sitenote_note":"","_monsterinsights_sitenote_category":0,"_uf_show_specific_survey":0,"_uf_disable_surveys":false,"episode_type":"","audio_file":"","cover_image":"","cover_image_id":"","duration":"","filesize":"","date_recorded":"","explicit":"","block":"","filesize_raw":"","footnotes":""},"categories":[34,244],"tags":[4277],"series":[],"class_list":["post-19803","post","type-post","status-publish","format-standard","hentry","category-actualidad","category-canal-de-arquitectura","tag-proyecto-de-arquitectura-del-dia"],"aioseo_notices":[],"episode_featured_image":false,"episode_player_image":"https:\/\/stepienybarno.es\/blog\/wp-content\/uploads\/2020\/11\/stepienybarno-podcast-scaled.jpg","download_link":"","player_link":"","audio_player":false,"episode_data":{"playerMode":"dark","subscribeUrls":[],"rssFeedUrl":"https:\/\/stepienybarno.es\/blog\/feed\/podcast\/podcast-de-stepienybarno","embedCode":"<blockquote class=\"wp-embedded-content\" data-secret=\"NYm5WH3sZE\"><a href=\"https:\/\/stepienybarno.es\/blog\/2015\/12\/20\/dos-viviendas-escuela-infantil-casa-canals-proyectodeldia\/\">DOS VIVIENDAS + ESCUELA INFANTIL + CASA CANALS  #ProyectoDelDia<\/a><\/blockquote><iframe sandbox=\"allow-scripts\" security=\"restricted\" src=\"https:\/\/stepienybarno.es\/blog\/2015\/12\/20\/dos-viviendas-escuela-infantil-casa-canals-proyectodeldia\/embed\/#?secret=NYm5WH3sZE\" width=\"500\" height=\"350\" title=\"\u00abDOS VIVIENDAS + ESCUELA INFANTIL + CASA CANALS  #ProyectoDelDia\u00bb \u2014 Blog de STEPIEN Y BARNO - publicaci\u00f3n digital sobre arquitectura\" data-secret=\"NYm5WH3sZE\" frameborder=\"0\" marginwidth=\"0\" marginheight=\"0\" scrolling=\"no\" class=\"wp-embedded-content\"><\/iframe><script type=\"text\/javascript\">\n\/* <![CDATA[ *\/\n\/*! This file is auto-generated *\/\n!function(d,l){\"use strict\";l.querySelector&&d.addEventListener&&\"undefined\"!=typeof URL&&(d.wp=d.wp||{},d.wp.receiveEmbedMessage||(d.wp.receiveEmbedMessage=function(e){var t=e.data;if((t||t.secret||t.message||t.value)&&!\/[^a-zA-Z0-9]\/.test(t.secret)){for(var s,r,n,a=l.querySelectorAll('iframe[data-secret=\"'+t.secret+'\"]'),o=l.querySelectorAll('blockquote[data-secret=\"'+t.secret+'\"]'),c=new RegExp(\"^https?:$\",\"i\"),i=0;i<o.length;i++)o[i].style.display=\"none\";for(i=0;i<a.length;i++)s=a[i],e.source===s.contentWindow&&(s.removeAttribute(\"style\"),\"height\"===t.message?(1e3<(r=parseInt(t.value,10))?r=1e3:~~r<200&&(r=200),s.height=r):\"link\"===t.message&&(r=new URL(s.getAttribute(\"src\")),n=new URL(t.value),c.test(n.protocol))&&n.host===r.host&&l.activeElement===s&&(d.top.location.href=t.value))}},d.addEventListener(\"message\",d.wp.receiveEmbedMessage,!1),l.addEventListener(\"DOMContentLoaded\",function(){for(var e,t,s=l.querySelectorAll(\"iframe.wp-embedded-content\"),r=0;r<s.length;r++)(t=(e=s[r]).getAttribute(\"data-secret\"))||(t=Math.random().toString(36).substring(2,12),e.src+=\"#?secret=\"+t,e.setAttribute(\"data-secret\",t)),e.contentWindow.postMessage({message:\"ready\",secret:t},\"*\")},!1)))}(window,document);\n\/* ]]> *\/\n<\/script>\n"},"_links":{"self":[{"href":"https:\/\/stepienybarno.es\/blog\/wp-json\/wp\/v2\/posts\/19803"}],"collection":[{"href":"https:\/\/stepienybarno.es\/blog\/wp-json\/wp\/v2\/posts"}],"about":[{"href":"https:\/\/stepienybarno.es\/blog\/wp-json\/wp\/v2\/types\/post"}],"author":[{"embeddable":true,"href":"https:\/\/stepienybarno.es\/blog\/wp-json\/wp\/v2\/users\/2"}],"replies":[{"embeddable":true,"href":"https:\/\/stepienybarno.es\/blog\/wp-json\/wp\/v2\/comments?post=19803"}],"version-history":[{"count":6,"href":"https:\/\/stepienybarno.es\/blog\/wp-json\/wp\/v2\/posts\/19803\/revisions"}],"predecessor-version":[{"id":19809,"href":"https:\/\/stepienybarno.es\/blog\/wp-json\/wp\/v2\/posts\/19803\/revisions\/19809"}],"wp:attachment":[{"href":"https:\/\/stepienybarno.es\/blog\/wp-json\/wp\/v2\/media?parent=19803"}],"wp:term":[{"taxonomy":"category","embeddable":true,"href":"https:\/\/stepienybarno.es\/blog\/wp-json\/wp\/v2\/categories?post=19803"},{"taxonomy":"post_tag","embeddable":true,"href":"https:\/\/stepienybarno.es\/blog\/wp-json\/wp\/v2\/tags?post=19803"},{"taxonomy":"series","embeddable":true,"href":"https:\/\/stepienybarno.es\/blog\/wp-json\/wp\/v2\/series?post=19803"}],"curies":[{"name":"wp","href":"https:\/\/api.w.org\/{rel}","templated":true}]}}