{"id":19815,"date":"2015-12-20T21:01:49","date_gmt":"2015-12-20T19:01:49","guid":{"rendered":"https:\/\/www.stepienybarno.es\/blog\/?p=19815"},"modified":"2020-04-22T18:10:49","modified_gmt":"2020-04-22T16:10:49","slug":"100-blogs-de-arquitectura","status":"publish","type":"post","link":"https:\/\/stepienybarno.es\/blog\/2015\/12\/20\/100-blogs-de-arquitectura\/","title":{"rendered":"100 BLOGS DE ARQUITECTURA"},"content":{"rendered":"<p style=\"text-align: center;\"><a href=\"https:\/\/stepienybarno.es\/blog\/wp-content\/uploads\/2015\/12\/blog-arquitectura-stepienybarno.png\"><img loading=\"lazy\" decoding=\"async\" class=\"aligncenter size-medium wp-image-19816\" title=\"blog-arquitectura-stepienybarno\" src=\"https:\/\/stepienybarno.es\/blog\/wp-content\/uploads\/2015\/12\/blog-arquitectura-stepienybarno-350x227.png\" alt=\"blog-arquitectura-stepienybarno\" width=\"350\" height=\"227\" \/><\/a><\/p>\n<p>Como es habitual por estos lares, con la llegada del fin de a\u00f1o, nos gusta hacer algunas recapitulaciones. En este caso, nos vamos a animar con una lista de 100 blog de arquitectura en castellano que nos gustan y que quisi\u00e9ramos traer a primer plano.<\/p>\n<p>No es una lista de los 100 mejores blogs, ni un premio al mejor blog del a\u00f1o; solo es una lista de 100 blogs que a nosotros nos parece que son muy interesantes.<\/p>\n<p>\u00a1Ah\u00ed van!<\/p>\n<p><!--more--><\/p>\n<h3 style=\"text-align: center;\"><span style=\"color: #ff0000;\"><a style=\"color: #ff0000;\" href=\"http:\/\/cursoidentidaddigital.stepienybarno.es\/\">Sexta edici\u00f3n de nuestro curso online de Identidad Digital para arquitectos<\/a><\/span><\/h3>\n<p style=\"text-align: center;\">Un curso hecho por arquitectos, para arquitectos. Si te interesa mejorar tu visibilidad en la red y, por lo tanto, tus posibilidades laborales \u00a1este es tu curso!<\/p>\n<p style=\"text-align: center;\">Toda la informaci\u00f3n <a href=\"http:\/\/cursoidentidaddigital.stepienybarno.es\/\">por aqu\u00ed.<\/a><\/p>\n<blockquote><p>1_ <a href=\"http:\/\/blogs.elpais.com\/del-tirador-a-la-ciudad\/\" target=\"_blank\" rel=\"noopener noreferrer\">Del tirador a la ciudad<\/a><\/p>\n<p>2_ <a href=\"http:\/\/www.santiagodemolina.com\/\" target=\"_blank\" rel=\"noopener noreferrer\">M\u00faltiples estrategias de Arquitectura<\/a><\/p>\n<p>3_<a href=\"https:\/\/nmas1.wordpress.com\/\"> N+1<\/a><\/p>\n<p>4_ <a href=\"http:\/\/elblogdefarina.blogspot.com.es\/\">El blog de Jos\u00e9 Fari\u00f1a<\/a><\/p>\n<p>5_ <a href=\"http:\/\/madc-texts.blogspot.com.es\/\">P\u00e1rrafos de arquitectura<\/a><\/p>\n<p>6_<a href=\"http:\/\/tectonicablog.com\/\" target=\"_blank\" rel=\"noopener noreferrer\">El blog de Tect\u00f3nica<\/a><\/p>\n<p>7_ <a href=\"http:\/\/pedacicosarquitectonicos.com\/\" target=\"_blank\" rel=\"noopener noreferrer\">Pedacicos arquitect\u00f3nicos<\/a><\/p>\n<p>8_ <a href=\"http:\/\/www.metalocus.es\/content\/es\/blog\/all\" target=\"_blank\" rel=\"noopener noreferrer\">Metalocus<\/a><\/p>\n<p>9_ <a href=\"http:\/\/hicarquitectura.com\/\" target=\"_blank\" rel=\"noopener noreferrer\">HIC<\/a><\/p>\n<p><strong>10<\/strong>_ <a href=\"http:\/\/blogfundacion.arquia.es\/\" target=\"_blank\" rel=\"noopener noreferrer\">El blog de Fundaci\u00f3n Arquia<\/a><\/p>\n<p>11_<a href=\"http:\/\/www.arquitecturaviva.com\/\" target=\"_blank\" rel=\"noopener noreferrer\">Arquitectura Viva<\/a><\/p>\n<p>12_ <a href=\"http:\/\/www.paisajetransversal.org\/\" target=\"_blank\" rel=\"noopener noreferrer\">Paisaje Transversal<\/a><\/p>\n<p>13_ <a href=\"http:\/\/veredes.es\/blog\/\" target=\"_blank\" rel=\"noopener noreferrer\">Veredes<\/a><\/p>\n<p>14_ <a href=\"http:\/\/www.ecosistemaurbano.com\/\" target=\"_blank\" rel=\"noopener noreferrer\">El blog de Ecosistema Urbano<\/a><\/p>\n<p>15_ <a href=\"http:\/\/arquitectamoslocos.blogspot.com.es\/\" target=\"_blank\" rel=\"noopener noreferrer\">Arquitectamos Locos<\/a><\/p>\n<p>16_ <a href=\"http:\/\/abcblogs.abc.es\/fredy-massad\/\">La viga en el ojo<\/a><\/p>\n<p>17_ <a href=\"http:\/\/www.plataformaarquitectura.cl\/cl\" target=\"_blank\" rel=\"noopener noreferrer\">Plataforma de Arquitectura<\/a><\/p>\n<p>18_ <a href=\"http:\/\/jaumeprat.com\/\">Arquitectura entre otras soluciones<\/a><\/p>\n<p>19_ <a href=\"www.arquine.com\/\" target=\"_blank\" rel=\"noopener noreferrer\">Arquine<\/a><\/p>\n<p><strong>20<\/strong>_ <a href=\"http:\/\/www.sostenibilidadyarquitectura.com\/blog\/\">El blog de ASA<\/a><\/p>\n<p>21_ <a href=\"http:\/\/urbanohumano.org\/es\/\" target=\"_blank\" rel=\"noopener noreferrer\">El blog de Domenico Di Siena<\/a><\/p>\n<p>22_ <a href=\"http:\/\/arquitextonica.net\/\" target=\"_blank\" rel=\"noopener noreferrer\">Arquitextonica<\/a><\/p>\n<p>23_ <a href=\"http:\/\/www.cosasdearquitectos.com\/\" target=\"_blank\" rel=\"noopener noreferrer\">Cosas de Arquitectos<\/a><\/p>\n<p>24_ <a href=\"http:\/\/cajondearquitecto.com\/\" target=\"_blank\" rel=\"noopener noreferrer\">Caj\u00f3n (de sastre) de arquitecto.<\/a><\/p>\n<p>25_ <a href=\"http:\/\/metaspaceblog.com\/\" target=\"_blank\" rel=\"noopener noreferrer\">Metaspaceblog<\/a><\/p>\n<p>26_<a href=\"http:\/\/theaaaamagazine.com\/\" target=\"_blank\" rel=\"noopener noreferrer\"> Aaaa Magazine<\/a><\/p>\n<p>27_ <a href=\"https:\/\/rarquitectura.wordpress.com\/\" target=\"_blank\" rel=\"noopener noreferrer\">El blog de Rodrigo Almonacid<\/a><\/p>\n<p>28_\u00a0<a href=\"http:\/\/www.edgargonzalez.com\/\" target=\"_blank\" rel=\"noopener noreferrer\"> Edgar Gonz\u00e1lez<\/a><\/p>\n<p>29_ <a href=\"http:\/\/www.catalogoarquitectura.cl\/\" target=\"_blank\" rel=\"noopener noreferrer\">Catalogo Arquitectura<\/a><\/p>\n<p><strong>30<\/strong>_ <a href=\"http:\/\/www.arquiparados.com\/\" target=\"_blank\" rel=\"noopener noreferrer\">Arquiparados<\/a><\/p>\n<p>31_ <a href=\"http:\/\/www.plataformaurbana.cl\/\" target=\"_blank\" rel=\"noopener noreferrer\">Plataforma Urbana<\/a><\/p>\n<p>32_ <a href=\"http:\/\/www.arquitecturayempresa.es\/\" target=\"_blank\" rel=\"noopener noreferrer\">Arquitectura y empresa<\/a><\/p>\n<p>33_ <a href=\"http:\/\/www.laciudadviva.org\/blogs\/\" target=\"_blank\" rel=\"noopener noreferrer\">La Ciudad Viva<\/a><\/p>\n<p>34_ <a href=\"http:\/\/www.reharq.com\/\" target=\"_blank\" rel=\"noopener noreferrer\">El blog de Libe Fern\u00e1ndez <\/a><\/p>\n<p>35_ <a href=\"http:\/\/www.asesorarq.es\/\" target=\"_blank\" rel=\"noopener noreferrer\">El blog de Asesorarq<\/a><\/p>\n<p>36_ <a href=\"http:\/\/domusxl.com\/\" target=\"_blank\" rel=\"noopener noreferrer\">Domusxl<\/a><\/p>\n<p>37_ <a href=\"http:\/\/afasiaarchzine.com\/\" target=\"_blank\" rel=\"noopener noreferrer\">Afasia<\/a><\/p>\n<p>37_ <a href=\"http:\/\/www.uaaap.blogspot.com.es\/\">El blog de la uni\u00f3n<\/a><\/p>\n<p>39_ <a href=\"http:\/\/www.ctearquitectura.es\/\" target=\"_blank\" rel=\"noopener noreferrer\">El blog de K\u00f6mmerling<\/a><\/p>\n<p><strong>40<\/strong>_ <a href=\"http:\/\/www.arquilecturas.com\/\">Arquilecturas<\/a><\/p>\n<p>41_ <a href=\"http:\/\/www.chiquitectos.com\/blog\/\" target=\"_blank\" rel=\"noopener noreferrer\">El blog de Almudena de Benito<\/a><\/p>\n<p>42_ <a href=\"http:\/\/q9magazine.com\/\" target=\"_blank\" rel=\"noopener noreferrer\">Q9 magazine<\/a><\/p>\n<p>43_ <a href=\"http:\/\/www.bsarethinkingarchitecture.com\/\" target=\"_blank\" rel=\"noopener noreferrer\">El blog de Jos\u00e9 Javier Quintana<\/a><\/p>\n<p>44_<a href=\"http:\/\/teoriadeconstruccion.net\/blog\/\" target=\"_blank\" rel=\"noopener noreferrer\"> Teor\u00eda de Construcci\u00f3n<\/a><\/p>\n<p>45_ <a href=\"http:\/\/merxenavarro.com\/\" target=\"_blank\" rel=\"noopener noreferrer\">Brutalmente Valenci\u00e0<\/a><\/p>\n<p>46_ <a href=\"http:\/\/lahoradelarquitecto.blogspot.com.es\/\" target=\"_blank\" rel=\"noopener noreferrer\">La hora del arquitecto<\/a><\/p>\n<p>47_ <a href=\"http:\/\/arquiscopio.com\/\" target=\"_blank\" rel=\"noopener noreferrer\">Arquiscopio<\/a><\/p>\n<p>48_ <a href=\"http:\/\/www.architectabroad.com\/\" target=\"_blank\" rel=\"noopener noreferrer\">Arquitectura para el P\u00fablico<\/a><\/p>\n<p>49_ <a href=\"http:\/\/fotografiadearquitectura-jorgeallende.blogspot.com.es\/\" target=\"_blank\" rel=\"noopener noreferrer\">El blog de Jorge Allende<\/a><\/p>\n<p><strong>50<\/strong>_ <a href=\"https:\/\/arquitecturaconminusculas.wordpress.com\/\" target=\"_blank\" rel=\"noopener noreferrer\">Arquitectura con min\u00fasculas<\/a><\/p>\n<p>51_<a href=\"http:\/\/blog.bellostes.com\/\" target=\"_blank\" rel=\"noopener noreferrer\">El blog de Judit Bellostes<\/a><\/p>\n<p>52_ <a href=\"https:\/\/axonometrica.wordpress.com\/\" target=\"_blank\" rel=\"noopener noreferrer\">El blog de Miquel Lacasta<\/a><\/p>\n<p>53_ <a href=\"http:\/\/diariodesign.com\/\" target=\"_blank\" rel=\"noopener noreferrer\">Diariodesign<\/a><\/p>\n<p>54_ <a href=\"http:\/\/conarquitectura.co\/\" target=\"_blank\" rel=\"noopener noreferrer\">ConArquitectura<\/a><\/p>\n<p>55_ <a href=\"http:\/\/dgarquitecto.blogspot.com.es\/\" target=\"_blank\" rel=\"noopener noreferrer\">DG arquitecto<\/a><\/p>\n<p>56_ <a href=\"http:\/\/www.de3.es\/blog\" target=\"_blank\" rel=\"noopener noreferrer\">D3<\/a><\/p>\n<p>57_ <a href=\"https:\/\/compoarq.wordpress.com\/\" target=\"_blank\" rel=\"noopener noreferrer\">Compoarq<\/a><\/p>\n<p>58_ <a href=\"http:\/\/nundoblog.org\/\" target=\"_blank\" rel=\"noopener noreferrer\">El blog de n\u00b4Undo<\/a><\/p>\n<p>59_ <a href=\"http:\/\/aguileraguerreroarquitectos.blogspot.com.es\/\" target=\"_blank\" rel=\"noopener noreferrer\">El blog de Aguilera Guerrero arquitectos<\/a><\/p>\n<p><strong>60<\/strong>_ <a href=\"http:\/\/www.redfundamentos.com\/blog\/\" target=\"_blank\" rel=\"noopener noreferrer\">Redfundamentos<\/a><\/p>\n<p>61_ <a href=\"http:\/\/www.c-bentocompany.es\/\" target=\"_blank\" rel=\"noopener noreferrer\">El blog de Carlos Bento Company<\/a><\/p>\n<p>62_ <a href=\"http:\/\/mapa-tda.com\/blog\/\">El blog de Mapa<\/a><\/p>\n<p>63_ <a href=\"http:\/\/alfavino.blogspot.com.es\/\" target=\"_blank\" rel=\"noopener noreferrer\">El blog de @Alfavino<\/a><\/p>\n<p>64_ <a href=\"http:\/\/estudioatope.com\/blog\/\" target=\"_blank\" rel=\"noopener noreferrer\">El blog de Estudio Atope<\/a><\/p>\n<p>65_ <a href=\"http:\/\/www.enriquealario.com\/blog\/\">El blog de Enrique Alario<\/a><\/p>\n<p>66_ <a href=\"http:\/\/www2.ual.es\/RedURBS\/BlogURBS\/\" target=\"_blank\" rel=\"noopener noreferrer\">URBS<\/a><\/p>\n<p>67_ <a href=\"http:\/\/javierazurmendi.blogspot.com.es\/\" target=\"_blank\" rel=\"noopener noreferrer\">El blog de Javier Azurmendi<\/a><\/p>\n<p>68_ <a href=\"https:\/\/www.construible.es\/#\" target=\"_blank\" rel=\"noopener noreferrer\">Construible<\/a><\/p>\n<p>69_<a href=\"http:\/\/arquiestudiantebcn.blogspot.com.es\/\" target=\"_blank\" rel=\"noopener noreferrer\"> Cr\u00f3nicas de un estudiante de arquitectura<\/a><\/p>\n<p><strong>70<\/strong>_ <a href=\"https:\/\/arquitecturag.wordpress.com\/\">Arquitectura G<\/a><\/p>\n<p>71_ <a href=\"http:\/\/www.arquitasa.com\/blog\/\" target=\"_blank\" rel=\"noopener noreferrer\">El blog de Arquitasa<\/a><\/p>\n<p>72_ <a href=\"http:\/\/www.opendeco.es\/\" target=\"_blank\" rel=\"noopener noreferrer\">open deco<\/a><\/p>\n<p>73_ <a href=\"https:\/\/sancheztaffurarquitecto.wordpress.com\/\">Propuestas In_consultas<\/a><\/p>\n<p>74_ <a href=\"http:\/\/maushaus-by-rulot.blogspot.com.es\/\" target=\"_blank\" rel=\"noopener noreferrer\">Maushaus<\/a><\/p>\n<p>75_ <a href=\"http:\/\/interiorismos.com\/\" target=\"_blank\" rel=\"noopener noreferrer\">Interiorismos<\/a><\/p>\n<p>76_ <a href=\"http:\/\/pilarjimenezabos.com\/blog\/\" target=\"_blank\" rel=\"noopener noreferrer\">El blog de Pilar Jim\u00e9nez Ab\u00f3s<\/a><\/p>\n<p>77_ <a href=\"http:\/\/blogdeldiseno.com\/\">Blog del dise\u00f1o<\/a><\/p>\n<p>78_ <a href=\"http:\/\/www.decoesfera.com\/\" target=\"_blank\" rel=\"noopener noreferrer\">Decoesfera<\/a><\/p>\n<p>79_ <a href=\"http:\/\/www.noticiasarquitectura.info\/\">Noticias Arquitectura<\/a><\/p>\n<p><strong>80<\/strong>_ <a href=\"http:\/\/decoradecora.blogspot.com\/\" target=\"_blank\" rel=\"noopener noreferrer\">Decoradecora<\/a><\/p>\n<p>81_<a href=\"http:\/\/www.delikatissen.com\/\" target=\"_blank\" rel=\"noopener noreferrer\">Delikatissen<\/a><\/p>\n<p>82_ <a href=\"http:\/\/www.arquimaster.com.ar\/\">Arquimaster<\/a><\/p>\n<p>83_ <a href=\"http:\/\/www.estiloydeco.com\/\" target=\"_blank\" rel=\"noopener noreferrer\">Estiloydeco<\/a><\/p>\n<p>84_ <a href=\"http:\/\/blog.is-arquitectura.es\/\">Is-arquitectura<\/a><\/p>\n<p>85_ <a href=\"http:\/\/www.arquinauta.com\/\">Arquinauta<\/a><\/p>\n<p>86_ <a href=\"http:\/\/www.blogbricolaje.com\/\" target=\"_blank\" rel=\"noopener noreferrer\">Blog Bricolaje<\/a><\/p>\n<p>87_ <a href=\"http:\/\/eventosdearquitectura.com\/blog\/\">Eventos de arquitectura<\/a><\/p>\n<p>88_ <a href=\"http:\/\/umbralesymujeres.org\/\" target=\"_blank\" rel=\"noopener noreferrer\">Umbrales y mujeres<\/a><\/p>\n<p>89_ <a href=\"http:\/\/cursfutursarquitectes.tumblr.com\/\" target=\"_blank\" rel=\"noopener noreferrer\">Taller 0,0 d\u2019Arquitectura<\/a><\/p>\n<p><strong>90<\/strong>_ <a href=\"http:\/\/arrsa.org\/\" target=\"_blank\" rel=\"noopener noreferrer\">Arrsa<\/a><\/p>\n<p>91_<a href=\"http:\/\/decoratualma.blogspot.com\/\" target=\"_blank\" rel=\"noopener noreferrer\">Decora tu alma<\/a><\/p>\n<p>92_ <a href=\"http:\/\/colectivo-arquitectos-comprometidos.blogspot.com.es\/\">El blog de Carmen G\u00f3mez<\/a><\/p>\n<p>93_ <a href=\"http:\/\/www.vintageandchicblog.com\/\" target=\"_blank\" rel=\"noopener noreferrer\">Vintage and chic<\/a><\/p>\n<p>94_ <a href=\"https:\/\/dearquitecturayafecciones.wordpress.com\/\">El blog de Guillem Carab\u00ed<\/a><\/p>\n<p>95_ <a href=\"http:\/\/www.cosasdedecoracion.es\/\" target=\"_blank\" rel=\"noopener noreferrer\">Cosas de decoracion<\/a><\/p>\n<p>96_ <a href=\"https:\/\/conungarabato.wordpress.com\/\" target=\"_blank\" rel=\"noopener noreferrer\">El blog de Jos\u00e9 Luis Nu\u00f1ez<\/a><\/p>\n<p>97_ <a href=\"http:\/\/www.mimbrea.com\/\" target=\"_blank\" rel=\"noopener noreferrer\">Mimbrea<\/a><\/p>\n<p>98_ <a title=\"M\u00e1s informaciones sobre este blog\" href=\"http:\/\/ministryofdeco.blogspot.com\/\" target=\"_blank\" rel=\"noopener noreferrer\">Ministry of Deco<\/a><\/p>\n<p>99_ <a href=\"http:\/\/www.waparquitectura.com\/\" target=\"_blank\" rel=\"noopener noreferrer\">Waparquitectura<\/a><\/p>\n<p><strong>100<\/strong>_<a href=\"http:\/\/arkitekturadok.blogspot.com.es\/\" target=\"_blank\" rel=\"noopener noreferrer\"> Arkitekturadok<\/a><\/p>\n<p>Y ahora nos gustar\u00eda saber qu\u00e9 blogs os gustan a vosotros y que quiz\u00e1s no aparecen en la lista!<\/p><\/blockquote>\n<blockquote><p><span style=\"color: #808080;\">*Nuestro blog de Stepienybarno no sale en la lista, al ser nosotros los autores de la misma.<\/span><\/p>\n<p><span style=\"color: #808080;\">**Algunos blogs muy populares como el de Acero, no salen en la lista, pues, como apunt\u00e1bamos al principio, solo es un listado de los blogs que m\u00e1s nos gustan.<\/span><\/p>\n<p><span style=\"color: #808080;\">Otros que s\u00ed que nos gustan mucho, como el blog de <a href=\"http:\/\/etsaunproyectos2.com\/quienes-somos\/\" target=\"_blank\" rel=\"noopener noreferrer\">Taller4 <\/a>, <a href=\"http:\/\/www.acafeole.com\/\" target=\"_blank\" rel=\"noopener noreferrer\">Acafeole<\/a>,\u00a0<a href=\"http:\/\/la-cajita.es\/blog\/\" target=\"_blank\" rel=\"noopener noreferrer\">Jorge Toledo<\/a>, el <a href=\"http:\/\/vaumm.com\/category\/blog\/\" target=\"_blank\" rel=\"noopener noreferrer\">blog de Vaumm<\/a> o el\u00a0 <a href=\"https:\/\/blancaespigaresrooney.wordpress.com\/\" target=\"_blank\" rel=\"noopener noreferrer\">el blog de Blanca Espigares<\/a>, tampoco salen, porque \u00faltimamente est\u00e1n un poco parados.<\/span><\/p><\/blockquote>\n<p>&nbsp;<\/p>\n<blockquote><p><strong>POST RELACIONADOS<\/strong><\/p>\n<p>-140 BLOGS DE ARQUITECTURA<\/p>\n<p>Por Stepienybarno<\/p>\n<p><a href=\"https:\/\/stepienybarno.es\/blog\/2013\/11\/01\/10523\/\">https:\/\/stepienybarno.es\/blog\/2013\/11\/01\/10523\/<\/a><\/p>\n<p>+100 ARQUITECTOS CON PROYECTOS ACTIVOS EN LAS REDES SOCIALES\u00a0(I)<\/p>\n<p><a href=\"https:\/\/rarquitectura.wordpress.com\/2015\/11\/23\/100-arquitectos-en-redes-sociales-1\/\">https:\/\/rarquitectura.wordpress.com\/2015\/11\/23\/100-arquitectos-en-redes-sociales-1\/<\/a><\/p><\/blockquote>\n<p>* <span style=\"color: #999999;\"><em>Este art\u00edculo ha sido escrito con car\u00e1cter divulgativo y sin ning\u00fan tipo de \u00e1nimo de lucro. As\u00ed que, si te apetece compartirlo en cualquier otro medio, estaremos encantados de que lo hagas siempre y cuando cites el lugar donde lo has encontrado.<\/em><\/span><\/p>\n<p><a href=\"https:\/\/twitter.com\/stepienybarno\"><span style=\"color: #999999;\"><em>STEPIENYBARNO EN TWITTER _ @stepienybarno<\/em><\/span><\/a><\/p>\n<p><a href=\"http:\/\/www.linkedin.com\/company\/stepienybarno\"><span style=\"color: #999999;\"><em>STEPIENYBARNO EN LINKEDIN<\/em><\/span><\/a><\/p>\n<p><a href=\"https:\/\/www.facebook.com\/pages\/BLOG-DE-STEPIENYBARNO\/78001079029\"><span style=\"color: #999999;\"><em>STEPIENYBARNO EN FACEBOOK<\/em><\/span><\/a><\/p>\n<p><span style=\"color: #999999;\"><em>* Stepienybarno est\u00e1 formado por Agnieszka Stepien y Lorenzo Barn\u00f3 y desde mayo del 2009 estamos en la red con\u00a0 la presente publicaci\u00f3n digital (Blog) de arquitectura.<\/em><\/span><\/p>\n<p><span style=\"color: #999999;\"><em>Nuestra actividad se sustenta en tres pilares b\u00e1sicos: la investigaci\u00f3n, la publicaci\u00f3n y la redacci\u00f3n de proyectos de arquitectura.<\/em><\/span><\/p>\n<p align=\"left\"><span style=\"color: #999999;\"><em>A su vez, somos socios cofundadores de <a href=\"http:\/\/sinergiasostenible.org\/\">SINERGIA SOSTENIBLE<\/a>, redactores de <a href=\"http:\/\/www.laciudadviva.org\/blogs\/?author=45\">LA CIUDAD VIVA<\/a> y directores del blog de FUNDACI\u00d3N ARQUIA.<\/em><\/span><\/p>\n<p><span style=\"color: #999999;\"><em>* Los editores de esta publicaci\u00f3n digital no nos hacemos cargo de de los comentarios y\u00a0 conceptos vertidos en los textos firmados por otras personas, siendo \u00e9stos de responsabilidad exclusiva de sus autores.<\/em><\/span><\/p>\n<p><span style=\"color: #999999;\"><em>* Tu comentario pudiera ser moderado, por lo tanto, aunque aparezca inmediatamente al ser publicado en la entrada, los editores de esta publicaci\u00f3n digital nos reservamos el derecho tanto de editarlo (si fuera necesario, para hacerlo m\u00e1s legible) como de eliminarlo en el caso de que se usen expresiones incorrectas (descalificaciones, palabras malsonantes\u2026). A su vez, si quieres comentar desde el anonimato puedes hacerlo, aunque, nosotros personalmente, agradecemos que tod@s nos podamos identificar.<\/em><\/span><\/p>\n","protected":false},"excerpt":{"rendered":"<p>Como es habitual por estos lares, con la llegada del fin de a\u00f1o, nos gusta hacer algunas recapitulaciones. En este caso, nos vamos a animar con una lista de 100 blog de arquitectura en castellano que nos gustan y que quisi\u00e9ramos traer a primer plano.<\/p>\n<p>No es una lista de los 100 mejores blogs, ni un premio al mejor blog del a\u00f1o; solo es una lista de 100 blogs que a nosotros nos parece que son muy interesantes.<\/p>\n<p>\u00a1Ah\u00ed van!<\/p>\n<p>(m\u00e1s&#8230;)<\/p>\n","protected":false},"author":2,"featured_media":19816,"comment_status":"open","ping_status":"closed","sticky":false,"template":"","format":"standard","meta":{"om_disable_all_campaigns":false,"_monsterinsights_skip_tracking":false,"_monsterinsights_sitenote_active":false,"_monsterinsights_sitenote_note":"","_monsterinsights_sitenote_category":0,"_uf_show_specific_survey":0,"_uf_disable_surveys":false,"episode_type":"audio","audio_file":"","cover_image":"","cover_image_id":"","duration":"","filesize":"","date_recorded":"","explicit":"","block":"","filesize_raw":"","footnotes":""},"categories":[34,22],"tags":[395,3843,1701,3842,1697,2871,189,264,2980,2476],"series":[],"class_list":["post-19815","post","type-post","status-publish","format-standard","has-post-thumbnail","hentry","category-actualidad","category-identidad-digital-syb","tag-del-tirador-a-la-ciudad","tag-el-blog-de-fundacion-arquia","tag-el-blog-de-jose-farina","tag-el-blog-de-tectonica","tag-hic","tag-metalocus","tag-multiples-estrategias-de-arquitectura","tag-n1","tag-parrafos-de-arquitectura","tag-pedacicos-arquitectonicos"],"aioseo_notices":[],"episode_featured_image":"https:\/\/stepienybarno.es\/blog\/wp-content\/uploads\/2015\/12\/blog-arquitectura-stepienybarno.png","episode_player_image":"https:\/\/stepienybarno.es\/blog\/wp-content\/uploads\/2020\/11\/stepienybarno-podcast-scaled.jpg","download_link":"","player_link":"","audio_player":false,"episode_data":{"playerMode":"dark","subscribeUrls":[],"rssFeedUrl":"https:\/\/stepienybarno.es\/blog\/feed\/podcast\/podcast-de-stepienybarno","embedCode":"<blockquote class=\"wp-embedded-content\" data-secret=\"nH3v6WIOkT\"><a href=\"https:\/\/stepienybarno.es\/blog\/2015\/12\/20\/100-blogs-de-arquitectura\/\">100 BLOGS DE ARQUITECTURA<\/a><\/blockquote><iframe sandbox=\"allow-scripts\" security=\"restricted\" src=\"https:\/\/stepienybarno.es\/blog\/2015\/12\/20\/100-blogs-de-arquitectura\/embed\/#?secret=nH3v6WIOkT\" width=\"500\" height=\"350\" title=\"\u00ab100 BLOGS DE ARQUITECTURA\u00bb \u2014 Blog de STEPIEN Y BARNO - publicaci\u00f3n digital sobre arquitectura\" data-secret=\"nH3v6WIOkT\" frameborder=\"0\" marginwidth=\"0\" marginheight=\"0\" scrolling=\"no\" class=\"wp-embedded-content\"><\/iframe><script type=\"text\/javascript\">\n\/* <![CDATA[ *\/\n\/*! This file is auto-generated *\/\n!function(d,l){\"use strict\";l.querySelector&&d.addEventListener&&\"undefined\"!=typeof URL&&(d.wp=d.wp||{},d.wp.receiveEmbedMessage||(d.wp.receiveEmbedMessage=function(e){var t=e.data;if((t||t.secret||t.message||t.value)&&!\/[^a-zA-Z0-9]\/.test(t.secret)){for(var s,r,n,a=l.querySelectorAll('iframe[data-secret=\"'+t.secret+'\"]'),o=l.querySelectorAll('blockquote[data-secret=\"'+t.secret+'\"]'),c=new RegExp(\"^https?:$\",\"i\"),i=0;i<o.length;i++)o[i].style.display=\"none\";for(i=0;i<a.length;i++)s=a[i],e.source===s.contentWindow&&(s.removeAttribute(\"style\"),\"height\"===t.message?(1e3<(r=parseInt(t.value,10))?r=1e3:~~r<200&&(r=200),s.height=r):\"link\"===t.message&&(r=new URL(s.getAttribute(\"src\")),n=new URL(t.value),c.test(n.protocol))&&n.host===r.host&&l.activeElement===s&&(d.top.location.href=t.value))}},d.addEventListener(\"message\",d.wp.receiveEmbedMessage,!1),l.addEventListener(\"DOMContentLoaded\",function(){for(var e,t,s=l.querySelectorAll(\"iframe.wp-embedded-content\"),r=0;r<s.length;r++)(t=(e=s[r]).getAttribute(\"data-secret\"))||(t=Math.random().toString(36).substring(2,12),e.src+=\"#?secret=\"+t,e.setAttribute(\"data-secret\",t)),e.contentWindow.postMessage({message:\"ready\",secret:t},\"*\")},!1)))}(window,document);\n\/* ]]> *\/\n<\/script>\n"},"_links":{"self":[{"href":"https:\/\/stepienybarno.es\/blog\/wp-json\/wp\/v2\/posts\/19815"}],"collection":[{"href":"https:\/\/stepienybarno.es\/blog\/wp-json\/wp\/v2\/posts"}],"about":[{"href":"https:\/\/stepienybarno.es\/blog\/wp-json\/wp\/v2\/types\/post"}],"author":[{"embeddable":true,"href":"https:\/\/stepienybarno.es\/blog\/wp-json\/wp\/v2\/users\/2"}],"replies":[{"embeddable":true,"href":"https:\/\/stepienybarno.es\/blog\/wp-json\/wp\/v2\/comments?post=19815"}],"version-history":[{"count":6,"href":"https:\/\/stepienybarno.es\/blog\/wp-json\/wp\/v2\/posts\/19815\/revisions"}],"predecessor-version":[{"id":41368,"href":"https:\/\/stepienybarno.es\/blog\/wp-json\/wp\/v2\/posts\/19815\/revisions\/41368"}],"wp:featuredmedia":[{"embeddable":true,"href":"https:\/\/stepienybarno.es\/blog\/wp-json\/wp\/v2\/media\/19816"}],"wp:attachment":[{"href":"https:\/\/stepienybarno.es\/blog\/wp-json\/wp\/v2\/media?parent=19815"}],"wp:term":[{"taxonomy":"category","embeddable":true,"href":"https:\/\/stepienybarno.es\/blog\/wp-json\/wp\/v2\/categories?post=19815"},{"taxonomy":"post_tag","embeddable":true,"href":"https:\/\/stepienybarno.es\/blog\/wp-json\/wp\/v2\/tags?post=19815"},{"taxonomy":"series","embeddable":true,"href":"https:\/\/stepienybarno.es\/blog\/wp-json\/wp\/v2\/series?post=19815"}],"curies":[{"name":"wp","href":"https:\/\/api.w.org\/{rel}","templated":true}]}}