{"id":19836,"date":"2015-12-21T19:21:24","date_gmt":"2015-12-21T17:21:24","guid":{"rendered":"https:\/\/www.stepienybarno.es\/blog\/?p=19836"},"modified":"2015-12-21T11:34:58","modified_gmt":"2015-12-21T09:34:58","slug":"hacia-un-arquitecto-multiple","status":"publish","type":"post","link":"https:\/\/stepienybarno.es\/blog\/2015\/12\/21\/hacia-un-arquitecto-multiple\/","title":{"rendered":"HACIA UN ARQUITECTO M\u00daLTIPLE."},"content":{"rendered":"<p><a href=\"https:\/\/stepienybarno.es\/blog\/wp-content\/uploads\/2015\/12\/stepienybarno-blog-stepien-y-barno-i\u00f1igo-garcia-fundacion-arquia.jpg\"><img loading=\"lazy\" decoding=\"async\" class=\"aligncenter size-full wp-image-19837\" title=\"stepienybarno-blog-stepien-y-barno-i\u00f1igo-garcia-fundacion-arquia\" src=\"https:\/\/stepienybarno.es\/blog\/wp-content\/uploads\/2015\/12\/stepienybarno-blog-stepien-y-barno-i\u00f1igo-garcia-fundacion-arquia.jpg\" alt=\"stepienybarno-blog-stepien-y-barno-i\u00f1igo-garcia-fundacion-arquia\" width=\"500\" height=\"362\" srcset=\"https:\/\/stepienybarno.es\/blog\/wp-content\/uploads\/2015\/12\/stepienybarno-blog-stepien-y-barno-i\u00f1igo-garcia-fundacion-arquia.jpg 500w, https:\/\/stepienybarno.es\/blog\/wp-content\/uploads\/2015\/12\/stepienybarno-blog-stepien-y-barno-i\u00f1igo-garcia-fundacion-arquia-180x130.jpg 180w, https:\/\/stepienybarno.es\/blog\/wp-content\/uploads\/2015\/12\/stepienybarno-blog-stepien-y-barno-i\u00f1igo-garcia-fundacion-arquia-316x229.jpg 316w\" sizes=\"(max-width: 500px) 100vw, 500px\" \/><\/a><\/p>\n<p>Por <a href=\"http:\/\/blogfundacion.arquia.es\/author\/inigo\/\" target=\"_blank\">I\u00f1igo Garc\u00eda Odiaga<\/a> Desde <a href=\"http:\/\/blogfundacion.arquia.es\/\" target=\"_blank\">Blog Fundaci\u00f3n Arquia<\/a><\/p>\n<p><!--more--><\/p>\n<p>\u201cPasear por la exposici\u00f3n previa de los proyectos fin de carrera, me produce la misma sensaci\u00f3n que la famosa imagen del camarote de los Hermanos Marx. He constatado que ese atiborramiento, ese agobio que envuelve el ambiente, no es proporcional al n\u00famero de proyectos presentados a la convocatoria de turno, sino a su uniformidad.<\/p>\n<p>Programas similares, maquetas semejantes, infinitos planos, memorias y m\u00e1s memorias, recogen un inmenso trabajo, se agolpan\u00a0<strong>uniformizando la profesi\u00f3n.<\/strong> Trabajos orientados a menudo por una normativa (generalizar tiene siempre el defecto de hacer pagar a justos por pecadores), en un sentido que a d\u00eda de hoy es contraproducente.<\/p>\n<p>Es cierto que, la titulaci\u00f3n de arquitecto es habilitante, y que, hist\u00f3ricamente, el proyecto fin de carrera se ha ido concretando como una prueba capaz de validar ese conocimiento global. Pero, no es menos cierto, que ahora\u00a0<strong>la profesi\u00f3n tambi\u00e9n demanda otros perfiles<\/strong>, m\u00e1s abiertos, m\u00e1s m\u00faltiples, m\u00e1s transversales, diferentes. En ese sentido, se podr\u00edan plantear unas nuevas normas de juego; por ejemplo, habilitar la titulaci\u00f3n con las asignaturas y construir un PFC dirigido a abrir el escenario. Ampliar las expectativas, construyendo nuevas normativas que hablasen de (\u2026)\u201d<\/p>\n<blockquote>\n<p style=\"text-align: center;\">Accede a la reflexi\u00f3n, <a href=\"http:\/\/blogfundacion.arquia.es\/2015\/12\/hacia-un-arquitecto-multiple\/\">AQU\u00cd<\/a><\/p>\n<\/blockquote>\n<p align=\"center\">\n<p align=\"center\">\n<p><a href=\"http:\/\/www.lacol.org\/\"><\/a><\/p>\n<p><em><span style=\"color: #999999;\">Noticia seleccionada por el Canal de arquitectura STEPIENYBARNO.<\/span><\/em><\/p>\n<p><a href=\"https:\/\/twitter.com\/stepienybarno\" target=\"_blank\"><em>STEPIENYBARNO EN TWITTER _ @stepienybarno<\/em><\/a><\/p>\n<p><a href=\"http:\/\/www.linkedin.com\/company\/stepienybarno\" target=\"_blank\"><em>STEPIENYBARNO EN LINKEDIN<\/em><\/a><\/p>\n<p><a href=\"https:\/\/www.facebook.com\/pages\/BLOG-DE-STEPIENYBARNO\/78001079029\" target=\"_blank\"><em>STEPIENYBARNO EN FACEBOOK<\/em><\/a><\/p>\n<p><em><span style=\"color: #999999;\">*Stepienybarno est\u00e1 formado por Agnieszka Stepien y Lorenzo Barn\u00f3 y desde mayo del 2009 estamos en la red con\u00a0 la presente publicaci\u00f3n digital (Blog) de arquitectura.<\/span><\/em><\/p>\n<p><em><span style=\"color: #999999;\">Nuestra actividad se sustenta en tres pilares b\u00e1sicos: la investigaci\u00f3n, la publicaci\u00f3n (comunicaci\u00f3n y difusi\u00f3n) y la redacci\u00f3n de proyectos de arquitectura.<\/span><\/em><\/p>\n<p><span style=\"color: #999999;\"><em>A su vez, somos socios cofundadores de<\/em><em> <\/em><\/span><a href=\"http:\/\/sinergiasostenible.org\/\" target=\"_blank\"><em>SINERGIA SOSTENIBLE<\/em><\/a><em><span style=\"color: #999999;\">, redactores de<\/span><\/em><em> <\/em><a href=\"http:\/\/www.laciudadviva.org\/blogs\/?author=45\" target=\"_blank\"><em>LA CIUDAD VIVA<\/em><\/a><span style=\"color: #999999;\"><em> <\/em><em>y directores del blog de<\/em><\/span><em> <\/em><a href=\"http:\/\/blogfundacion.arquia.es\/\" target=\"_blank\"><em>FUNDACI\u00d3N ARQUIA<span style=\"color: #999999;\">.<\/span><\/em><\/a><\/p>\n<p><em><span style=\"color: #999999;\">* Los editores de esta publicaci\u00f3n digital no nos hacemos cargo de de los comentarios y\u00a0 conceptos vertidos en los textos firmados por otras personas, siendo \u00e9stos de responsabilidad exclusiva de sus autores.<\/span><\/em><\/p>\n<p><em><span style=\"color: #999999;\">* Tu comentario podr\u00e1 ser moderado, por lo tanto, aunque aparezca inmediatamente al ser publicado en la entrada, los editores de esta publicaci\u00f3n digital nos reservamos el derecho tanto de editarlo (si fuera necesario, para hacerlo m\u00e1s legible) como de eliminarlo en el caso de que se usen expresiones incorrectas (descalificaciones, palabras malsonantes\u2026). A su vez, si quieres comentar desde el anonimato puedes hacerlo, aunque, nosotros personalmente, agradecemos que tod@s nos podamos identificar.<\/span><\/em><\/p>\n","protected":false},"excerpt":{"rendered":"<p>Por I\u00f1igo Garc\u00eda Odiaga Desde Blog Fundaci\u00f3n Arquia<\/p>\n<p>(m\u00e1s&#8230;)<\/p>\n","protected":false},"author":2,"featured_media":0,"comment_status":"open","ping_status":"closed","sticky":false,"template":"","format":"standard","meta":{"om_disable_all_campaigns":false,"_monsterinsights_skip_tracking":false,"_monsterinsights_sitenote_active":false,"_monsterinsights_sitenote_note":"","_monsterinsights_sitenote_category":0,"_uf_show_specific_survey":0,"_uf_disable_surveys":false,"episode_type":"","audio_file":"","cover_image":"","cover_image_id":"","duration":"","filesize":"","date_recorded":"","explicit":"","block":"","filesize_raw":"","footnotes":""},"categories":[244],"tags":[3320,574],"series":[],"class_list":["post-19836","post","type-post","status-publish","format-standard","hentry","category-canal-de-arquitectura","tag-blog-fundacion-arquia","tag-inigo-garcia-odiaga"],"aioseo_notices":[],"episode_featured_image":false,"episode_player_image":"https:\/\/stepienybarno.es\/blog\/wp-content\/uploads\/2020\/11\/stepienybarno-podcast-scaled.jpg","download_link":"","player_link":"","audio_player":false,"episode_data":{"playerMode":"dark","subscribeUrls":[],"rssFeedUrl":"https:\/\/stepienybarno.es\/blog\/feed\/podcast\/podcast-de-stepienybarno","embedCode":"<blockquote class=\"wp-embedded-content\" data-secret=\"WtOizGAcbc\"><a href=\"https:\/\/stepienybarno.es\/blog\/2015\/12\/21\/hacia-un-arquitecto-multiple\/\">HACIA UN ARQUITECTO M\u00daLTIPLE.<\/a><\/blockquote><iframe sandbox=\"allow-scripts\" security=\"restricted\" src=\"https:\/\/stepienybarno.es\/blog\/2015\/12\/21\/hacia-un-arquitecto-multiple\/embed\/#?secret=WtOizGAcbc\" width=\"500\" height=\"350\" title=\"\u00abHACIA UN ARQUITECTO M\u00daLTIPLE.\u00bb \u2014 Blog de STEPIEN Y BARNO - publicaci\u00f3n digital sobre arquitectura\" data-secret=\"WtOizGAcbc\" frameborder=\"0\" marginwidth=\"0\" marginheight=\"0\" scrolling=\"no\" class=\"wp-embedded-content\"><\/iframe><script type=\"text\/javascript\">\n\/* <![CDATA[ *\/\n\/*! This file is auto-generated *\/\n!function(d,l){\"use strict\";l.querySelector&&d.addEventListener&&\"undefined\"!=typeof URL&&(d.wp=d.wp||{},d.wp.receiveEmbedMessage||(d.wp.receiveEmbedMessage=function(e){var t=e.data;if((t||t.secret||t.message||t.value)&&!\/[^a-zA-Z0-9]\/.test(t.secret)){for(var s,r,n,a=l.querySelectorAll('iframe[data-secret=\"'+t.secret+'\"]'),o=l.querySelectorAll('blockquote[data-secret=\"'+t.secret+'\"]'),c=new RegExp(\"^https?:$\",\"i\"),i=0;i<o.length;i++)o[i].style.display=\"none\";for(i=0;i<a.length;i++)s=a[i],e.source===s.contentWindow&&(s.removeAttribute(\"style\"),\"height\"===t.message?(1e3<(r=parseInt(t.value,10))?r=1e3:~~r<200&&(r=200),s.height=r):\"link\"===t.message&&(r=new URL(s.getAttribute(\"src\")),n=new URL(t.value),c.test(n.protocol))&&n.host===r.host&&l.activeElement===s&&(d.top.location.href=t.value))}},d.addEventListener(\"message\",d.wp.receiveEmbedMessage,!1),l.addEventListener(\"DOMContentLoaded\",function(){for(var e,t,s=l.querySelectorAll(\"iframe.wp-embedded-content\"),r=0;r<s.length;r++)(t=(e=s[r]).getAttribute(\"data-secret\"))||(t=Math.random().toString(36).substring(2,12),e.src+=\"#?secret=\"+t,e.setAttribute(\"data-secret\",t)),e.contentWindow.postMessage({message:\"ready\",secret:t},\"*\")},!1)))}(window,document);\n\/* ]]> *\/\n<\/script>\n"},"_links":{"self":[{"href":"https:\/\/stepienybarno.es\/blog\/wp-json\/wp\/v2\/posts\/19836"}],"collection":[{"href":"https:\/\/stepienybarno.es\/blog\/wp-json\/wp\/v2\/posts"}],"about":[{"href":"https:\/\/stepienybarno.es\/blog\/wp-json\/wp\/v2\/types\/post"}],"author":[{"embeddable":true,"href":"https:\/\/stepienybarno.es\/blog\/wp-json\/wp\/v2\/users\/2"}],"replies":[{"embeddable":true,"href":"https:\/\/stepienybarno.es\/blog\/wp-json\/wp\/v2\/comments?post=19836"}],"version-history":[{"count":2,"href":"https:\/\/stepienybarno.es\/blog\/wp-json\/wp\/v2\/posts\/19836\/revisions"}],"predecessor-version":[{"id":19839,"href":"https:\/\/stepienybarno.es\/blog\/wp-json\/wp\/v2\/posts\/19836\/revisions\/19839"}],"wp:attachment":[{"href":"https:\/\/stepienybarno.es\/blog\/wp-json\/wp\/v2\/media?parent=19836"}],"wp:term":[{"taxonomy":"category","embeddable":true,"href":"https:\/\/stepienybarno.es\/blog\/wp-json\/wp\/v2\/categories?post=19836"},{"taxonomy":"post_tag","embeddable":true,"href":"https:\/\/stepienybarno.es\/blog\/wp-json\/wp\/v2\/tags?post=19836"},{"taxonomy":"series","embeddable":true,"href":"https:\/\/stepienybarno.es\/blog\/wp-json\/wp\/v2\/series?post=19836"}],"curies":[{"name":"wp","href":"https:\/\/api.w.org\/{rel}","templated":true}]}}