{"id":20043,"date":"2015-12-31T19:01:03","date_gmt":"2015-12-31T17:01:03","guid":{"rendered":"https:\/\/www.stepienybarno.es\/blog\/?p=20043"},"modified":"2015-12-31T13:40:46","modified_gmt":"2015-12-31T11:40:46","slug":"30-documentales-de-arquitectura-para-ver","status":"publish","type":"post","link":"https:\/\/stepienybarno.es\/blog\/2015\/12\/31\/30-documentales-de-arquitectura-para-ver\/","title":{"rendered":"30 DOCUMENTALES DE ARQUITECTURA PARA VER"},"content":{"rendered":"<p><a href=\"https:\/\/stepienybarno.es\/blog\/wp-content\/uploads\/2015\/12\/stepienybarno-blog-stepien-y-barno-jose-tomas-franco-plataforma-arquitectura.jpg\"><img loading=\"lazy\" decoding=\"async\" class=\"aligncenter size-full wp-image-20044\" title=\"stepienybarno-blog-stepien-y-barno-jose-tomas-franco-plataforma-arquitectura\" src=\"https:\/\/stepienybarno.es\/blog\/wp-content\/uploads\/2015\/12\/stepienybarno-blog-stepien-y-barno-jose-tomas-franco-plataforma-arquitectura.jpg\" alt=\"stepienybarno-blog-stepien-y-barno-jose-tomas-franco-plataforma-arquitectura\" width=\"500\" height=\"281\" srcset=\"https:\/\/stepienybarno.es\/blog\/wp-content\/uploads\/2015\/12\/stepienybarno-blog-stepien-y-barno-jose-tomas-franco-plataforma-arquitectura.jpg 500w, https:\/\/stepienybarno.es\/blog\/wp-content\/uploads\/2015\/12\/stepienybarno-blog-stepien-y-barno-jose-tomas-franco-plataforma-arquitectura-180x101.jpg 180w, https:\/\/stepienybarno.es\/blog\/wp-content\/uploads\/2015\/12\/stepienybarno-blog-stepien-y-barno-jose-tomas-franco-plataforma-arquitectura-316x178.jpg 316w\" sizes=\"(max-width: 500px) 100vw, 500px\" \/><\/a><\/p>\n<p>Por Jos\u00e9 Tom\u00e1s Franco Desde <a href=\"http:\/\/www.plataformaarquitectura.cl\/cl\/762853\/30-documentales-de-arquitectura-para-ver-este-2015\" target=\"_blank\">Plataforma Arquitectura<\/a><\/p>\n<p><!--more--><\/p>\n<p>\u201cEn dos ocasiones anteriores [<a href=\"http:\/\/www.plataformaarquitectura.cl\/cl\/02-238129\/30-documentales-de-arquitectura-para-ver-el-2013\" target=\"_blank\">2013<\/a> y\u00a0<a href=\"http:\/\/www.plataformaarquitectura.cl\/cl\/02-327899\/40-documentales-de-arquitectura-para-ver-el-2014\" target=\"_blank\">2014<\/a>]\u00a0les hemos presentado una selecci\u00f3n de documentales imperdibles para arquitectos y este a\u00f1o no es la excepci\u00f3n. Comenzando este 2015, nos hemos sumergido nuevamente en el fascinante y diverso\u00a0mundo del<a href=\"http:\/\/www.plataformaarquitectura.cl\/cl\/tag\/documental\" target=\"_blank\">documental<\/a> para recopilar una serie de t\u00edtulos de inter\u00e9s para todos nosotros.<\/p>\n<p>Estrenos o cl\u00e1sicos; urbanos, te\u00f3ricos o miscel\u00e1neos, la selecci\u00f3n de este a\u00f1o va desde la\u00a0<strong>experiencia de una\u00a0pareja\u00a0habitando el pol\u00e9mico proyecto \u00ab<a href=\"http:\/\/www.plataformaarquitectura.cl\/cl\/02-57658\/8-house-big\" target=\"_blank\">8 House<\/a>\u00bb de BIG<\/strong> hasta la\u00a0<strong>decadencia urbana de<\/strong><strong> <\/strong><strong><a href=\"http:\/\/www.plataformaarquitectura.cl\/cl\/tag\/venecia\" target=\"_blank\">Venecia<\/a> al verse consumida por el turismo<\/strong>, pasando por un documental de NatGeo que nos muestra\u00a0<strong>c\u00f3mo funciona la impresionante f\u00e1brica de<\/strong><strong> <\/strong><strong><a href=\"http:\/\/www.plataformaarquitectura.cl\/cl\/tag\/lego\" target=\"_blank\">Lego<\/a><\/strong>.<\/p>\n<p>En orden aleatorio, dejamos con ustedes 30 documentales para ver (\u2026)\u201d<\/p>\n<blockquote>\n<p style=\"text-align: center;\">\n<p style=\"text-align: center;\">Accede a la selecci\u00f3n, <a href=\"http:\/\/www.plataformaarquitectura.cl\/cl\/762853\/30-documentales-de-arquitectura-para-ver-este-2015\" target=\"_blank\">AQU\u00cd<\/a><\/p>\n<\/blockquote>\n<p align=\"center\">\n<p align=\"center\">\n<p><a href=\"http:\/\/www.lacol.org\/\"><\/a><\/p>\n<p><em><span style=\"color: #888888;\">Noticia seleccionada por el Canal de arquitectura STEPIENYBARNO.<\/span><\/em><\/p>\n<p><a href=\"https:\/\/twitter.com\/stepienybarno\" target=\"_blank\"><em>STEPIENYBARNO EN TWITTER _ @stepienybarno<\/em><\/a><\/p>\n<p><a href=\"http:\/\/www.linkedin.com\/company\/stepienybarno\" target=\"_blank\"><em>STEPIENYBARNO EN LINKEDIN<\/em><\/a><\/p>\n<p><a href=\"https:\/\/www.facebook.com\/pages\/BLOG-DE-STEPIENYBARNO\/78001079029\" target=\"_blank\"><em>STEPIENYBARNO EN FACEBOOK<\/em><\/a><\/p>\n<p><em><span style=\"color: #888888;\">*Stepienybarno est\u00e1 formado por Agnieszka Stepien y Lorenzo Barn\u00f3 y desde mayo del 2009 estamos en la red con\u00a0 la presente publicaci\u00f3n digital (Blog) de arquitectura.<\/span><\/em><\/p>\n<p><em><span style=\"color: #888888;\">Nuestra actividad se sustenta en tres pilares b\u00e1sicos: la investigaci\u00f3n, la publicaci\u00f3n (comunicaci\u00f3n y difusi\u00f3n) y la redacci\u00f3n de proyectos de arquitectura.<\/span><\/em><\/p>\n<p><em><span style=\"color: #888888;\">A su vez, somos socios cofundadores de<\/span><\/em><em> <\/em><a href=\"http:\/\/sinergiasostenible.org\/\" target=\"_blank\"><em>SINERGIA SOSTENIBLE<\/em><\/a><em><span style=\"color: #888888;\">, redactores de<\/span><\/em><em> <\/em><a href=\"http:\/\/www.laciudadviva.org\/blogs\/?author=45\" target=\"_blank\"><em>LA CIUDAD VIVA<\/em><\/a><span style=\"color: #888888;\"><em> <\/em><em>y directores del blog de<\/em><em> <\/em><\/span><a href=\"http:\/\/blogfundacion.arquia.es\/\" target=\"_blank\"><em>FUNDACI\u00d3N ARQUIA<span style=\"color: #888888;\">.<\/span><\/em><\/a><\/p>\n<p><em><span style=\"color: #888888;\">* Los editores de esta publicaci\u00f3n digital no nos hacemos cargo de de los comentarios y\u00a0 conceptos vertidos en los textos firmados por otras personas, siendo \u00e9stos de responsabilidad exclusiva de sus autores.<\/span><\/em><\/p>\n<p><em><span style=\"color: #888888;\">* Tu comentario podr\u00e1 ser moderado, por lo tanto, aunque aparezca inmediatamente al ser publicado en la entrada, los editores de esta publicaci\u00f3n digital nos reservamos el derecho tanto de editarlo (si fuera necesario, para hacerlo m\u00e1s legible) como de eliminarlo en el caso de que se usen expresiones incorrectas (descalificaciones, palabras malsonantes\u2026). A su vez, si quieres comentar desde el anonimato puedes hacerlo, aunque, nosotros personalmente, agradecemos que tod@s nos podamos identificar.<\/span><\/em><\/p>\n<p><em> <\/em><\/p>\n","protected":false},"excerpt":{"rendered":"<p>Por Jos\u00e9 Tom\u00e1s Franco Desde Plataforma Arquitectura <\/p>\n<p>(m\u00e1s&#8230;)<\/p>\n","protected":false},"author":2,"featured_media":0,"comment_status":"open","ping_status":"closed","sticky":false,"template":"","format":"standard","meta":{"om_disable_all_campaigns":false,"_monsterinsights_skip_tracking":false,"_monsterinsights_sitenote_active":false,"_monsterinsights_sitenote_note":"","_monsterinsights_sitenote_category":0,"_uf_show_specific_survey":0,"_uf_disable_surveys":false,"episode_type":"","audio_file":"","cover_image":"","cover_image_id":"","duration":"","filesize":"","date_recorded":"","explicit":"","block":"","filesize_raw":"","footnotes":""},"categories":[244],"tags":[2189,921],"series":[],"class_list":["post-20043","post","type-post","status-publish","format-standard","hentry","category-canal-de-arquitectura","tag-jose-tomas-franco","tag-plataforma-arquitectura"],"aioseo_notices":[],"episode_featured_image":false,"episode_player_image":"https:\/\/stepienybarno.es\/blog\/wp-content\/uploads\/2020\/11\/stepienybarno-podcast-scaled.jpg","download_link":"","player_link":"","audio_player":false,"episode_data":{"playerMode":"dark","subscribeUrls":[],"rssFeedUrl":"https:\/\/stepienybarno.es\/blog\/feed\/podcast\/podcast-de-stepienybarno","embedCode":"<blockquote class=\"wp-embedded-content\" data-secret=\"drAfKaagX9\"><a href=\"https:\/\/stepienybarno.es\/blog\/2015\/12\/31\/30-documentales-de-arquitectura-para-ver\/\">30 DOCUMENTALES DE ARQUITECTURA PARA VER<\/a><\/blockquote><iframe sandbox=\"allow-scripts\" security=\"restricted\" src=\"https:\/\/stepienybarno.es\/blog\/2015\/12\/31\/30-documentales-de-arquitectura-para-ver\/embed\/#?secret=drAfKaagX9\" width=\"500\" height=\"350\" title=\"\u00ab30 DOCUMENTALES DE ARQUITECTURA PARA VER\u00bb \u2014 Blog de STEPIEN Y BARNO - publicaci\u00f3n digital sobre arquitectura\" data-secret=\"drAfKaagX9\" frameborder=\"0\" marginwidth=\"0\" marginheight=\"0\" scrolling=\"no\" class=\"wp-embedded-content\"><\/iframe><script type=\"text\/javascript\">\n\/* <![CDATA[ *\/\n\/*! This file is auto-generated *\/\n!function(d,l){\"use strict\";l.querySelector&&d.addEventListener&&\"undefined\"!=typeof URL&&(d.wp=d.wp||{},d.wp.receiveEmbedMessage||(d.wp.receiveEmbedMessage=function(e){var t=e.data;if((t||t.secret||t.message||t.value)&&!\/[^a-zA-Z0-9]\/.test(t.secret)){for(var s,r,n,a=l.querySelectorAll('iframe[data-secret=\"'+t.secret+'\"]'),o=l.querySelectorAll('blockquote[data-secret=\"'+t.secret+'\"]'),c=new RegExp(\"^https?:$\",\"i\"),i=0;i<o.length;i++)o[i].style.display=\"none\";for(i=0;i<a.length;i++)s=a[i],e.source===s.contentWindow&&(s.removeAttribute(\"style\"),\"height\"===t.message?(1e3<(r=parseInt(t.value,10))?r=1e3:~~r<200&&(r=200),s.height=r):\"link\"===t.message&&(r=new URL(s.getAttribute(\"src\")),n=new URL(t.value),c.test(n.protocol))&&n.host===r.host&&l.activeElement===s&&(d.top.location.href=t.value))}},d.addEventListener(\"message\",d.wp.receiveEmbedMessage,!1),l.addEventListener(\"DOMContentLoaded\",function(){for(var e,t,s=l.querySelectorAll(\"iframe.wp-embedded-content\"),r=0;r<s.length;r++)(t=(e=s[r]).getAttribute(\"data-secret\"))||(t=Math.random().toString(36).substring(2,12),e.src+=\"#?secret=\"+t,e.setAttribute(\"data-secret\",t)),e.contentWindow.postMessage({message:\"ready\",secret:t},\"*\")},!1)))}(window,document);\n\/* ]]> *\/\n<\/script>\n"},"_links":{"self":[{"href":"https:\/\/stepienybarno.es\/blog\/wp-json\/wp\/v2\/posts\/20043"}],"collection":[{"href":"https:\/\/stepienybarno.es\/blog\/wp-json\/wp\/v2\/posts"}],"about":[{"href":"https:\/\/stepienybarno.es\/blog\/wp-json\/wp\/v2\/types\/post"}],"author":[{"embeddable":true,"href":"https:\/\/stepienybarno.es\/blog\/wp-json\/wp\/v2\/users\/2"}],"replies":[{"embeddable":true,"href":"https:\/\/stepienybarno.es\/blog\/wp-json\/wp\/v2\/comments?post=20043"}],"version-history":[{"count":2,"href":"https:\/\/stepienybarno.es\/blog\/wp-json\/wp\/v2\/posts\/20043\/revisions"}],"predecessor-version":[{"id":20046,"href":"https:\/\/stepienybarno.es\/blog\/wp-json\/wp\/v2\/posts\/20043\/revisions\/20046"}],"wp:attachment":[{"href":"https:\/\/stepienybarno.es\/blog\/wp-json\/wp\/v2\/media?parent=20043"}],"wp:term":[{"taxonomy":"category","embeddable":true,"href":"https:\/\/stepienybarno.es\/blog\/wp-json\/wp\/v2\/categories?post=20043"},{"taxonomy":"post_tag","embeddable":true,"href":"https:\/\/stepienybarno.es\/blog\/wp-json\/wp\/v2\/tags?post=20043"},{"taxonomy":"series","embeddable":true,"href":"https:\/\/stepienybarno.es\/blog\/wp-json\/wp\/v2\/series?post=20043"}],"curies":[{"name":"wp","href":"https:\/\/api.w.org\/{rel}","templated":true}]}}