{"id":20061,"date":"2016-01-03T19:11:41","date_gmt":"2016-01-03T17:11:41","guid":{"rendered":"https:\/\/www.stepienybarno.es\/blog\/?p=20061"},"modified":"2016-01-03T19:17:43","modified_gmt":"2016-01-03T17:17:43","slug":"stepienybarno-en-el-2015","status":"publish","type":"post","link":"https:\/\/stepienybarno.es\/blog\/2016\/01\/03\/stepienybarno-en-el-2015\/","title":{"rendered":"STEPIENYBARNO EN EL 2015"},"content":{"rendered":"<p style=\"text-align: center;\"><a href=\"https:\/\/stepienybarno.es\/blog\/wp-content\/uploads\/2016\/01\/STEPIENYBARNO-logo_blanco_3501.jpg\"><img loading=\"lazy\" decoding=\"async\" class=\"aligncenter size-full wp-image-20064\" title=\"STEPIENYBARNO logo_blanco_350\" src=\"https:\/\/stepienybarno.es\/blog\/wp-content\/uploads\/2016\/01\/STEPIENYBARNO-logo_blanco_3501.jpg\" alt=\"STEPIENYBARNO logo_blanco_350\" width=\"350\" height=\"350\" srcset=\"https:\/\/stepienybarno.es\/blog\/wp-content\/uploads\/2016\/01\/STEPIENYBARNO-logo_blanco_3501.jpg 350w, https:\/\/stepienybarno.es\/blog\/wp-content\/uploads\/2016\/01\/STEPIENYBARNO-logo_blanco_3501-180x180.jpg 180w, https:\/\/stepienybarno.es\/blog\/wp-content\/uploads\/2016\/01\/STEPIENYBARNO-logo_blanco_3501-224x224.jpg 224w, https:\/\/stepienybarno.es\/blog\/wp-content\/uploads\/2016\/01\/STEPIENYBARNO-logo_blanco_3501-316x316.jpg 316w\" sizes=\"(max-width: 350px) 100vw, 350px\" \/><\/a><\/p>\n<p>Como siempre, por estas fechas vale la pena hacer un peque\u00f1o balance lo que fue el a\u00f1o.<\/p>\n<p>Los que nos conoc\u00e9is bien sab\u00e9is que basamos nuestra actividad principal en tres pilares: por un lado, el presente blog, por otro, todo lo que tiene que ver con la Identidad Digital y, por \u00faltimo, lo que nosotros llamamos las 3C: Cursos, conferencias y comisariado.<\/p>\n<p>\u00a1Ah\u00ed vamos!<\/p>\n<blockquote><p><!--more--><\/p><\/blockquote>\n<p>As\u00ed que, si os parece vamos por partes.<\/p>\n<p><strong>1_ EL BLOG<\/strong><\/p>\n<p>El blog ha ido como un tiro y hemos publicado de manera constante tanto <strong>post propios<\/strong> (ver <a href=\"https:\/\/stepienybarno.es\/blog\/2016\/01\/01\/las-15-entradas-mas-vistas-del-ano-2015-en-stepienybarno\/\" target=\"_blank\">aqu\u00ed<\/a> las entradas m\u00e1s populares del a\u00f1o), como <strong>entrevistas<\/strong>. Tambi\u00e9n, hemos sido constantes en el rescate de las noticias arquitect\u00f3nicas que nos van llamando la atenci\u00f3n y todo ello ha ido consolidando nuestro <strong>canal de arquitectura<\/strong> (columna de la izquierda).<\/p>\n<p>Aunque, lo m\u00e1s importante es el <strong>feedback <\/strong>que provoca nuestra publicaci\u00f3n digital, es importante destacar que la cantidad de <strong>visitas sigue siendo muy alta.<\/strong> Sin ir m\u00e1s lejos, en este diciembre han sido casi <strong>70.000 p\u00e1ginas <\/strong>vistas.<\/p>\n<p style=\"text-align: center;\"><a href=\"https:\/\/stepienybarno.es\/blog\/wp-content\/uploads\/2016\/01\/1.-blog-visitas-stepienybarno.png\"><img loading=\"lazy\" decoding=\"async\" class=\"aligncenter size-full wp-image-20063\" title=\"1. blog visitas - stepienybarno\" src=\"https:\/\/stepienybarno.es\/blog\/wp-content\/uploads\/2016\/01\/1.-blog-visitas-stepienybarno.png\" alt=\"1. blog visitas - stepienybarno\" width=\"500\" height=\"210\" srcset=\"https:\/\/stepienybarno.es\/blog\/wp-content\/uploads\/2016\/01\/1.-blog-visitas-stepienybarno.png 500w, https:\/\/stepienybarno.es\/blog\/wp-content\/uploads\/2016\/01\/1.-blog-visitas-stepienybarno-180x76.png 180w, https:\/\/stepienybarno.es\/blog\/wp-content\/uploads\/2016\/01\/1.-blog-visitas-stepienybarno-316x133.png 316w\" sizes=\"(max-width: 500px) 100vw, 500px\" \/><\/a><\/p>\n<p>Los n\u00fameros de las redes sociales, vienen a ser m\u00e1s de <strong>17.000 seguidores en Facebook <\/strong>y casi <strong>13.000 en Twitter<\/strong>; lo cual pensamos que es para estar contentos.<\/p>\n<p>A su vez, hemos comenzado a trastear por <strong>Instagram <\/strong>y la verdad es que da mucho juego esta red social.<\/p>\n<p>En otras como <strong>LinkedIn<\/strong> seguimos siendo bastante poco activos \u00a1como asignatura pendiente nos queda!<\/p>\n<p><strong>2_ IDENTIDAD DIGITAL<\/strong><\/p>\n<p>A los proyectos de identidad digital que llevamos desde hace bastante tiempo, <strong>Fundaci\u00f3n Arquia <\/strong>\u2013como directores de su<a href=\"http:\/\/blogfundacion.arquia.es\/\" target=\"_blank\"> publicaci\u00f3n digita<\/a>l, asesores en las redes sociales y difusi\u00f3n online de <a href=\"https:\/\/stepienybarno.es\/blog\/2015\/11\/22\/siza-x-siza-una-fiesta-de-la-arquitectura\/\" target=\"_blank\">eventos como este<\/a>&#8211; o <strong><a href=\"http:\/\/www.sostenibilidadyarquitectura.com\/blog\/\" target=\"_blank\">ASA arquitectura y sostenibilidad,<\/a><\/strong> se han ido uniendo otros, como<a href=\"http:\/\/www.arquitasa.com\/blog\/\" target=\"_blank\"> <strong>Arquitasa<\/strong><\/a> o el <strong>Colegio de Arquitectos de C\u00e1diz<\/strong> (a quienes tambi\u00e9n estamos construyendo su nueva web) que han echado a rodar con buen pie.<\/p>\n<p>Tambi\u00e9n, hemos terminado alg\u00fan <strong>Proyecto de Identidad Digital m\u00e1s personal<\/strong> como el que le hicimos a <strong><a href=\"https:\/\/stepienybarno.es\/blog\/2015\/10\/21\/proyecto-de-identidad-digital-de-stepienybarno-para-pacho-camino\/\" target=\"_blank\">Pacho Camino<\/a> <\/strong>o <strong><a href=\"https:\/\/stepienybarno.es\/blog\/2015\/01\/27\/proyecto-de-identidad-digital-de-stepienybarno-para-bonsai-arquitectos\/\" target=\"_blank\">Bonsai Arquitectos<\/a><\/strong> y hemos comenzado otros cuatro que est\u00e1n avanzando, poco a poco, y de los que os podremos hablar en breve.<\/p>\n<p style=\"text-align: center;\"><img loading=\"lazy\" decoding=\"async\" class=\"aligncenter\" style=\"color: #0000ee; text-align: center;\" title=\"2. bonai arquitectos - stepienybarno\" src=\"https:\/\/stepienybarno.es\/blog\/wp-content\/uploads\/2016\/01\/2.-bonai-arquitectos-stepienybarno.png\" alt=\"2. bonai arquitectos - stepienybarno\" width=\"500\" height=\"280\" \/><\/p>\n<p>Para nosotros, es un lujo poder seguir ayudando a compa\u00f1eros e instrucciones del mundillo arquitect\u00f3nico a tener una <strong>buena presencia en la red<\/strong> y es un camino que, por suerte, nos est\u00e1 dando grandes alegr\u00edas. Seguiremos trabajando para ser <strong>referencia dentro del mundo de la Identidad Digital y la arquitectura<\/strong>. Es algo que vimos muy claro hace cuatro a\u00f1os y, en este tiempo, hemos aprendido de lo lindo para garantizar que nuestros servicios son una<strong> inversi\u00f3n <\/strong>segura y nunca un coste.<\/p>\n<p style=\"text-align: center;\"><a href=\"https:\/\/stepienybarno.es\/blog\/wp-content\/uploads\/2016\/01\/2.-bonai-arquitectos-stepienybarno.png\"><\/a><\/p>\n<p><strong>3_ LAS 3Cs<\/strong><\/p>\n<p>Quiz\u00e1s la parte que se ha quedado m\u00e1s flojilla este a\u00f1o es el tema del <strong>Comisariado<\/strong>; aunque, s\u00ed que hemos hecho alguna cosita bonita, como el comisariado de la jornada de \u201cLa periferia de la arquitectura\u201d (<a href=\"https:\/\/stepienybarno.es\/blog\/2015\/03\/12\/la-periferia-de-la-arquitectura-periarqhna\/\">ver aqu\u00ed<\/a>). Seguramente, con un poco m\u00e1s de empe\u00f1o, pudi\u00e9ramos haber hecho m\u00e1s. En cualquier caso, muchas veces, <strong>si las cosas no se ponen muy a tiro es mejor no gastar demasiada energ\u00eda y poner el foco en otros puntos.<\/strong><\/p>\n<p>El tema de las <strong>Conferencias<\/strong> y <strong>charlas<\/strong>, siempre nos lleva un buen tiempo. Hemos estado en varios lugares de toda Espa\u00f1a (<a href=\"https:\/\/stepienybarno.es\/blog\/2015\/03\/09\/conferencia-de-stepienybarno-en-busca-de-la-ciudad-viva\/\" target=\"_blank\">San Sebasti\u00e1n,<\/a> <a href=\"https:\/\/stepienybarno.es\/blog\/2015\/04\/28\/charla-de-stepienybarno-en-el-colegio-de-arquitectos-de-cadiz\/\" target=\"_blank\">C\u00e1diz,<\/a> <a href=\"https:\/\/stepienybarno.es\/blog\/2015\/05\/15\/jornada-so-what-en-la-universidad-de-arquitectura-de-valencia\/\" target=\"_blank\">Valencia,<\/a> <a href=\"https:\/\/stepienybarno.es\/blog\/2015\/07\/15\/video-resumen-de-la-mesa-redonda-arquitectos-comunicando-en-la-red\/\" target=\"_blank\">Bilbao,<\/a> <a href=\"https:\/\/stepienybarno.es\/blog\/2015\/09\/28\/stepienybarno-participara-en-el-pecharkucha15\/\" target=\"_blank\">Pamplona<\/a>\u2026) y es una actividad que nos gusta preparar muy bien. Siempre es un halago que nos llamen y, cuando vamos, intentamos estar a tope.<\/p>\n<p>Normalmente hablamos de <strong>Identidad Digital<\/strong>,<strong> <\/strong>aunque tambi\u00e9n ha tocado hablar de <strong>comunicaci\u00f3n online, <\/strong>, arquitectura y educaci\u00f3n infantil (<a href=\"https:\/\/stepienybarno.es\/blog\/2015\/05\/12\/charla-sobre-arquitectura-y-educacion-infantil-en-pamplona\/\" target=\"_blank\">aqu\u00ed<\/a>) \u00a0o de <strong>Sostenibilidad<\/strong>. En fin\u2026 que ya sab\u00e9is que es algo que nos gusta mucho; as\u00ed que, si est\u00e1s leyendo este post y quieres que nos pasemos por tu ciudad \u00a1lo organizamos en un periquete!<\/p>\n<p>Eso s\u00ed, una de las cosas bonitas del a\u00f1o ha sido el surgimiento del <strong>#archica\u00f1as<\/strong> \u2013como su propio nombre indica, encuentro de arquitect@s entre ca\u00f1as para hablar de todo un poco- que ha ido coincidiendo con nuestras visitas a Madrid. \u00a1Este a\u00f1o prometemos m\u00e1s todav\u00eda!<\/p>\n<p style=\"text-align: center;\"><img loading=\"lazy\" decoding=\"async\" class=\"aligncenter\" style=\"color: #0000ee; text-align: center;\" title=\"3- blog -2015-stepienybarno-archica\u00f1as\" src=\"https:\/\/stepienybarno.es\/blog\/wp-content\/uploads\/2016\/01\/3-blog-2015-stepienybarno-archica\u00f1as.jpg\" alt=\"3- blog -2015-stepienybarno-archica\u00f1as\" width=\"500\" height=\"500\" \/><\/p>\n<p>Tambi\u00e9n fue bonito estar en el jurado de este <a href=\"https:\/\/stepienybarno.es\/blog\/2015\/06\/10\/concurso-portfolio-speed-dating\/\" target=\"_blank\">interesante concurso<\/a>, organizado por Roca Madrid Gallery y comisariado por Brijuni.<\/p>\n<p>Finalmente, la actividad que m\u00e1s tiempo y energ\u00eda nos ha llevado son<strong> los Cursos.<\/strong> Hasta ahora la mayor\u00eda de los que hab\u00edamos hecho eran <a href=\"https:\/\/stepienybarno.es\/blog\/2015\/11\/17\/curso-online-de-identidad-digital-para-arquitectos-_-cuarta-edicion\/\" target=\"_blank\">cursos online de Identidad Digital<\/a>; pero, este a\u00f1o hemos comenzado, tambi\u00e9n, con los offline.<\/p>\n<p>En el entorno pixelizado ya llevamos <strong>cuatro cursos<\/strong> con m\u00e1s de 30 alumnos por cada uno de ellos y los resultados son estupendos. El feedback casi siempre es muy bueno y lo que m\u00e1s se remarca es que es <strong>un curso que parece offline<\/strong> -por la intensa <strong>interacci\u00f3n<\/strong> que se produce- y que son unos d\u00edas que sirven de mucho.<\/p>\n<p>As\u00ed que, en este 2016, por lo menos haremos dos ediciones m\u00e1s.<\/p>\n<p>Pero la gran <strong>sorpresa <\/strong>del a\u00f1o han sido los cursos f\u00edsicos que comenzaron hace un par de meses y que, de golpe y porrazo, nos llev\u00f3 a Madrid (<a href=\"https:\/\/stepienybarno.es\/blog\/2015\/02\/21\/taller-de-stepienybarno-sobre-identidad-grupal\/\" target=\"_blank\">aqu\u00ed<\/a> y <a href=\"https:\/\/stepienybarno.es\/blog\/2015\/10\/02\/curso-de-identidad-digital-para-arquitectos-de-stepienybarno-en-el-coam\/\" target=\"_blank\">aqu\u00ed<\/a>), a C\u00e1diz (<a href=\"https:\/\/stepienybarno.es\/blog\/2015\/09\/13\/curso-sobre-identidad-digital-de-stepienybarno-en-el-colegio-de-arquitectos-de-cadiz\/\" target=\"_blank\">aqu\u00ed<\/a>), a Zaragoza (<a href=\"https:\/\/stepienybarno.es\/blog\/2015\/10\/06\/stepienybarno-estara-en-el-congreso-de-crearq\/\" target=\"_blank\">aqu\u00ed<\/a>) y a Santiago de Compostela (<a href=\"https:\/\/stepienybarno.es\/blog\/2015\/10\/30\/curso-de-identidad-digital-de-stepienybarno-en-santiago\/\" target=\"_blank\">aqu\u00ed<\/a>).<\/p>\n<p><strong>Hemos disfrutado de lo lindo con ellos<\/strong> y el formato que hemos inventado, parece que funciona bien para que en dos tardes los alumnos, no se aburran ni un poquito y se vayan llenos de ideas para casa.<\/p>\n<p>Aunque, de momento, no est\u00e1bamos dando clase en ninguna Escuela; siempre, hemos tenido claro que el tema de la ense\u00f1anza nos apasiona y que, de una forma u otra, acabaremos en \u00e9l. As\u00ed que, este camino que ha nacido, no lo pensamos abandonar; de hecho, <strong>ya hay confirmados cuatro o cinco nuevos cursos para el comienzo del a\u00f1o.<\/strong><\/p>\n<blockquote>\n<p style=\"text-align: left;\">\n<\/blockquote>\n<p>A su vez, hay que destacar que hemos comenzado a colaborar de manera puntual, pero constante, con varias personas (Uxua, Susana, Carmen, Marta), y estamos la mar de contentos de ello. A buen seguro, durante el 2016 se intensificar\u00e1n estas colaboraciones y lo mismo surge alguna m\u00e1s \u00bfQui\u00e9n sabe?<\/p>\n<p>En fin que, ha sido <strong>un a\u00f1o muy productivo e intenso<\/strong> y ha servido para seguir consolidando un camino que nos seguir\u00e1 llevando por bonitos derroteros.<\/p>\n<p>Si a todo esto sumamos, la <strong>investigaci\u00f3n<\/strong> (las tesis avanzan; despacio, pero avanzan \u2013<a href=\"https:\/\/stepienybarno.es\/blog\/2015\/11\/17\/alvar-o-alvar-lugares-comunes-la-influencia-de-aalto-en-la-obra-de-siza\/\" target=\"_blank\">ver tesina aqu\u00ed<\/a>-) y nuestros paralelos con <strong>Sinergia sostenible<\/strong> (comisar\u00edamos <a href=\"http:\/\/sinergiasostenible.org\/2015\/04\/green-play-i-jornadas-de-educacion-en-arquitectura-y-sostenibilidad-para-la-infancia%E2%80%9D\/\" target=\"_blank\">estas bonitas jornadas<\/a>) y nuestra actividad en \u00a0<strong><a href=\"http:\/\/www.haiki.es\/\">Haiki<\/a><\/strong>, ya veis que no tenemos mucho tiempo para aburrirnos.<\/p>\n<p>Ah!! Y m\u00e1s all\u00e1 de todo este jaleo, seguimos con nuestra \u00fanica<strong> obra<\/strong> presente en marcha. Una vivienda que se va construyendo, poco a poco, y que quiz\u00e1s este a\u00f1o est\u00e9 lista. Estamos muy ilusionados con el proceso; as\u00ed que, ya os iremos contando.<\/p>\n<p>Como <strong>deseo para el 2016<\/strong>, no pedimos gran cosa; m\u00e1s que deseo, tenemos <strong>el prop\u00f3sito <\/strong>de seguir en la misma l\u00ednea y estar lo suficientemente despiertos para cuando surja algo interesante hacerlo. As\u00ed que, mejor <strong>quedamos en manos del destino<\/strong> que seguro que nos tiene preparado algo chulo para este nuevo a\u00f1o.<\/p>\n<p>De todas formas, y a pesar de que en lo laboral ha sido un a\u00f1o estupendo, lo mejor de todo ha sido, sin duda, la gente que hemos ido conociendo, des-digitalizado y, sobre todo, amistades que hemos afianzado.<strong> Lo mejor del mundo online, siempre llega cuando se transforma en offline.<\/strong> Nos lleva pasando desde que el 2009 naciera este blog y estamos seguros que nos seguir\u00e1 pasando.<\/p>\n<p>As\u00ed que \u00a1Mil gracias por estar ah\u00ed!!<\/p>\n<blockquote><p><strong>Quiz\u00e1s tambi\u00e9n te interese:<\/strong><\/p>\n<p>STEPIENYBARNO EN EL 2014<\/p>\n<p>https:\/\/stepienybarno.es\/blog\/2015\/01\/01\/stepienybarno-en-el-2014\/<\/p><\/blockquote>\n<p>* <span style=\"color: #888888;\"><em>Este art\u00edculo ha sido escrito con car\u00e1cter divulgativo y sin ning\u00fan tipo de \u00e1nimo de lucro. As\u00ed que, si te apetece compartirlo en cualquier otro medio, estaremos encantados de que lo hagas siempre y cuando cites el lugar donde lo has encontrado.<\/em><\/span><\/p>\n<p><a href=\"https:\/\/twitter.com\/stepienybarno\"><span style=\"color: #888888;\"><em>STEPIENYBARNO EN TWITTER _ @stepienybarno<\/em><\/span><\/a><\/p>\n<p><a href=\"http:\/\/www.linkedin.com\/company\/stepienybarno\"><span style=\"color: #888888;\"><em>STEPIENYBARNO EN LINKEDIN<\/em><\/span><\/a><\/p>\n<p><a href=\"https:\/\/www.facebook.com\/pages\/BLOG-DE-STEPIENYBARNO\/78001079029\"><span style=\"color: #888888;\"><em>STEPIENYBARNO EN FACEBOOK<\/em><\/span><\/a><\/p>\n<p><span style=\"color: #888888;\"><em>* Stepienybarno est\u00e1 formado por Agnieszka Stepien y Lorenzo Barn\u00f3 y desde mayo del 2009 estamos en la red con\u00a0 la presente publicaci\u00f3n digital (Blog) de arquitectura.<\/em><\/span><\/p>\n<p><span style=\"color: #888888;\"><em>Nuestra actividad se sustenta en tres pilares b\u00e1sicos: la investigaci\u00f3n, la publicaci\u00f3n y la redacci\u00f3n de proyectos de arquitectura.<\/em><\/span><\/p>\n<p align=\"left\"><span style=\"color: #888888;\"><em>A su vez, somos socios cofundadores de <a href=\"http:\/\/sinergiasostenible.org\/\">SINERGIA SOSTENIBLE<\/a>, redactores de <a href=\"http:\/\/www.laciudadviva.org\/blogs\/?author=45\">LA CIUDAD VIVA<\/a> y directores del blog de FUNDACI\u00d3N ARQUIA.<\/em><\/span><\/p>\n<p><span style=\"color: #888888;\"><em>* Los editores de esta publicaci\u00f3n digital no nos hacemos cargo de de los comentarios y\u00a0 conceptos vertidos en los textos firmados por otras personas, siendo \u00e9stos de responsabilidad exclusiva de sus autores.<\/em><\/span><\/p>\n<p><span style=\"color: #888888;\"><em>* Tu comentario pudiera ser moderado, por lo tanto, aunque aparezca inmediatamente al ser publicado en la entrada, los editores de esta publicaci\u00f3n digital nos reservamos el derecho tanto de editarlo (si fuera necesario, para hacerlo m\u00e1s legible) como de eliminarlo en el caso de que se usen expresiones incorrectas (descalificaciones, palabras malsonantes\u2026). A su vez, si quieres comentar desde el anonimato puedes hacerlo, aunque, nosotros personalmente, agradecemos que tod@s nos podamos identificar.<\/em><\/span><\/p>\n","protected":false},"excerpt":{"rendered":"<p>Como siempre, por estas fechas vale la pena hacer un peque\u00f1o balance lo que fue el a\u00f1o.<\/p>\n<p>Los que nos conoc\u00e9is bien sab\u00e9is que basamos nuestra actividad principal en tres pilares: por un lado, el presente blog, por otro, todo lo que tiene que ver con la Identidad Digital y, por \u00faltimo, lo que nosotros llamamos las 3C: Cursos, conferencias y comisariado.<\/p>\n<p>\u00a1Ah\u00ed vamos!<\/p>\n<p>(m\u00e1s&#8230;)<\/p>\n","protected":false},"author":2,"featured_media":0,"comment_status":"open","ping_status":"closed","sticky":false,"template":"","format":"standard","meta":{"om_disable_all_campaigns":false,"_monsterinsights_skip_tracking":false,"_monsterinsights_sitenote_active":false,"_monsterinsights_sitenote_note":"","_monsterinsights_sitenote_category":0,"_uf_show_specific_survey":0,"_uf_disable_surveys":false,"episode_type":"","audio_file":"","cover_image":"","cover_image_id":"","duration":"","filesize":"","date_recorded":"","explicit":"","block":"","filesize_raw":"","footnotes":""},"categories":[34,4],"tags":[3878],"series":[],"class_list":["post-20061","post","type-post","status-publish","format-standard","hentry","category-actualidad","category-arquilectura","tag-3878"],"aioseo_notices":[],"episode_featured_image":false,"episode_player_image":"https:\/\/stepienybarno.es\/blog\/wp-content\/uploads\/2020\/11\/stepienybarno-podcast-scaled.jpg","download_link":"","player_link":"","audio_player":false,"episode_data":{"playerMode":"dark","subscribeUrls":[],"rssFeedUrl":"https:\/\/stepienybarno.es\/blog\/feed\/podcast\/podcast-de-stepienybarno","embedCode":"<blockquote class=\"wp-embedded-content\" data-secret=\"rKYdlmOf5f\"><a href=\"https:\/\/stepienybarno.es\/blog\/2016\/01\/03\/stepienybarno-en-el-2015\/\">STEPIENYBARNO EN EL 2015<\/a><\/blockquote><iframe sandbox=\"allow-scripts\" security=\"restricted\" src=\"https:\/\/stepienybarno.es\/blog\/2016\/01\/03\/stepienybarno-en-el-2015\/embed\/#?secret=rKYdlmOf5f\" width=\"500\" height=\"350\" title=\"\u00abSTEPIENYBARNO EN EL 2015\u00bb \u2014 Blog de STEPIEN Y BARNO - publicaci\u00f3n digital sobre arquitectura\" data-secret=\"rKYdlmOf5f\" frameborder=\"0\" marginwidth=\"0\" marginheight=\"0\" scrolling=\"no\" class=\"wp-embedded-content\"><\/iframe><script type=\"text\/javascript\">\n\/* <![CDATA[ *\/\n\/*! This file is auto-generated *\/\n!function(d,l){\"use strict\";l.querySelector&&d.addEventListener&&\"undefined\"!=typeof URL&&(d.wp=d.wp||{},d.wp.receiveEmbedMessage||(d.wp.receiveEmbedMessage=function(e){var t=e.data;if((t||t.secret||t.message||t.value)&&!\/[^a-zA-Z0-9]\/.test(t.secret)){for(var s,r,n,a=l.querySelectorAll('iframe[data-secret=\"'+t.secret+'\"]'),o=l.querySelectorAll('blockquote[data-secret=\"'+t.secret+'\"]'),c=new RegExp(\"^https?:$\",\"i\"),i=0;i<o.length;i++)o[i].style.display=\"none\";for(i=0;i<a.length;i++)s=a[i],e.source===s.contentWindow&&(s.removeAttribute(\"style\"),\"height\"===t.message?(1e3<(r=parseInt(t.value,10))?r=1e3:~~r<200&&(r=200),s.height=r):\"link\"===t.message&&(r=new URL(s.getAttribute(\"src\")),n=new URL(t.value),c.test(n.protocol))&&n.host===r.host&&l.activeElement===s&&(d.top.location.href=t.value))}},d.addEventListener(\"message\",d.wp.receiveEmbedMessage,!1),l.addEventListener(\"DOMContentLoaded\",function(){for(var e,t,s=l.querySelectorAll(\"iframe.wp-embedded-content\"),r=0;r<s.length;r++)(t=(e=s[r]).getAttribute(\"data-secret\"))||(t=Math.random().toString(36).substring(2,12),e.src+=\"#?secret=\"+t,e.setAttribute(\"data-secret\",t)),e.contentWindow.postMessage({message:\"ready\",secret:t},\"*\")},!1)))}(window,document);\n\/* ]]> *\/\n<\/script>\n"},"_links":{"self":[{"href":"https:\/\/stepienybarno.es\/blog\/wp-json\/wp\/v2\/posts\/20061"}],"collection":[{"href":"https:\/\/stepienybarno.es\/blog\/wp-json\/wp\/v2\/posts"}],"about":[{"href":"https:\/\/stepienybarno.es\/blog\/wp-json\/wp\/v2\/types\/post"}],"author":[{"embeddable":true,"href":"https:\/\/stepienybarno.es\/blog\/wp-json\/wp\/v2\/users\/2"}],"replies":[{"embeddable":true,"href":"https:\/\/stepienybarno.es\/blog\/wp-json\/wp\/v2\/comments?post=20061"}],"version-history":[{"count":4,"href":"https:\/\/stepienybarno.es\/blog\/wp-json\/wp\/v2\/posts\/20061\/revisions"}],"predecessor-version":[{"id":20066,"href":"https:\/\/stepienybarno.es\/blog\/wp-json\/wp\/v2\/posts\/20061\/revisions\/20066"}],"wp:attachment":[{"href":"https:\/\/stepienybarno.es\/blog\/wp-json\/wp\/v2\/media?parent=20061"}],"wp:term":[{"taxonomy":"category","embeddable":true,"href":"https:\/\/stepienybarno.es\/blog\/wp-json\/wp\/v2\/categories?post=20061"},{"taxonomy":"post_tag","embeddable":true,"href":"https:\/\/stepienybarno.es\/blog\/wp-json\/wp\/v2\/tags?post=20061"},{"taxonomy":"series","embeddable":true,"href":"https:\/\/stepienybarno.es\/blog\/wp-json\/wp\/v2\/series?post=20061"}],"curies":[{"name":"wp","href":"https:\/\/api.w.org\/{rel}","templated":true}]}}