{"id":20069,"date":"2016-01-04T09:05:37","date_gmt":"2016-01-04T07:05:37","guid":{"rendered":"https:\/\/www.stepienybarno.es\/blog\/?p=20069"},"modified":"2016-01-03T23:10:50","modified_gmt":"2016-01-03T21:10:50","slug":"fantastico-regalo-para-estos-dias-edu-y-la-mejor-casa-del-mundo","status":"publish","type":"post","link":"https:\/\/stepienybarno.es\/blog\/2016\/01\/04\/fantastico-regalo-para-estos-dias-edu-y-la-mejor-casa-del-mundo\/","title":{"rendered":"FANT\u00c1STICO REGALO PARA ESTOS D\u00cdAS: EDU Y LA MEJOR CASA DEL MUNDO"},"content":{"rendered":"<p><a href=\"https:\/\/stepienybarno.es\/blog\/wp-content\/uploads\/2016\/01\/stepienybarno-blog-stepien-y-barno-arquitectives-edu.jpg\"><img loading=\"lazy\" decoding=\"async\" class=\"aligncenter size-full wp-image-20070\" title=\"stepienybarno-blog-stepien-y-barno-arquitectives-edu\" src=\"https:\/\/stepienybarno.es\/blog\/wp-content\/uploads\/2016\/01\/stepienybarno-blog-stepien-y-barno-arquitectives-edu.jpg\" alt=\"stepienybarno-blog-stepien-y-barno-arquitectives-edu\" width=\"500\" height=\"262\" srcset=\"https:\/\/stepienybarno.es\/blog\/wp-content\/uploads\/2016\/01\/stepienybarno-blog-stepien-y-barno-arquitectives-edu.jpg 500w, https:\/\/stepienybarno.es\/blog\/wp-content\/uploads\/2016\/01\/stepienybarno-blog-stepien-y-barno-arquitectives-edu-180x94.jpg 180w, https:\/\/stepienybarno.es\/blog\/wp-content\/uploads\/2016\/01\/stepienybarno-blog-stepien-y-barno-arquitectives-edu-316x166.jpg 316w\" sizes=\"(max-width: 500px) 100vw, 500px\" \/><\/a><\/p>\n<p><span style=\"font-weight: normal;\">Por <a href=\"http:\/\/www.arquitectives.com\/\" target=\"_blank\">Arquitectives<\/a><\/span><\/p>\n<p><!--more--><\/p>\n<p>\u00bfQui\u00e9n es Edu?<\/p>\n<p><strong>\u201cEdu<\/strong> surge como\u00a0<strong>evoluci\u00f3n de un cuento infantil<\/strong> en formato tradicional, con la\u00a0intenci\u00f3n de acercar a los ni\u00f1os al campo de la arquitectura. Como veh\u00edculo conductor de este viaje inici\u00e1tico, se utiliza\u00a0<strong>la vivienda y su evoluci\u00f3n<\/strong> a lo largo de la historia de la humanidad, desde la vida en las cuevas hasta la vivienda racionalista del siglo XX.<\/p>\n<p>Edu se presenta no s\u00f3lo como un personaje, sino como el\u00a0<strong>punto de partida de una vivencia l\u00fadica, creativa y pedag\u00f3gica<\/strong>: una manera de animar a los m\u00e1s peque\u00f1os (y quiz\u00e1s no tan peque\u00f1os) a mirar el mundo de manera diferente.<\/p>\n<p>\u00bfQu\u00e9\u00a0es Edu?<\/p>\n<p>\u00abEdu y la mejor casa del mundo\u00bb es un soporte pedag\u00f3gico para ni\u00f1os y j\u00f3venes, un\u00a0<strong>material did\u00e1ctico<\/strong> que permite la aplicaci\u00f3n transversal de materias relacionadas con las matem\u00e1ticas, la historia, la tecnolog\u00eda, el arte o el conocimiento del medio natural y social. Una estrategia basada en\u00a0<strong>el pensamiento divergente y en el fomento de la creatividad<\/strong> como pilar b\u00e1sico del aprendizaje.<\/p>\n<p>La publicaci\u00f3n cuenta con\u00a0<strong>diferentes tipos de \u00ablecturas\u00bb<\/strong> (\u2026) \u201c<\/p>\n<blockquote>\n<p style=\"text-align: center;\">Accede a m\u00e1s informaci\u00f3n, <a href=\"http:\/\/www.arquitectives.com\/edu\/\" target=\"_blank\">AQU\u00cd<\/a><\/p>\n<p style=\"text-align: center;\">\n<\/blockquote>\n<p><a href=\"http:\/\/www.lacol.org\/\"><\/a><\/p>\n<p><em><span style=\"color: #888888;\">Noticia seleccionada por el Canal de arquitectura STEPIENYBARNO.<\/span><\/em><\/p>\n<p><a href=\"https:\/\/twitter.com\/stepienybarno\" target=\"_blank\"><em>STEPIENYBARNO EN TWITTER _ @stepienybarno<\/em><\/a><\/p>\n<p><a href=\"http:\/\/www.linkedin.com\/company\/stepienybarno\" target=\"_blank\"><em>STEPIENYBARNO EN LINKEDIN<\/em><\/a><\/p>\n<p><a href=\"https:\/\/www.facebook.com\/pages\/BLOG-DE-STEPIENYBARNO\/78001079029\" target=\"_blank\"><em>STEPIENYBARNO EN FACEBOOK<\/em><\/a><\/p>\n<p><em><span style=\"color: #888888;\">*Stepienybarno est\u00e1 formado por Agnieszka Stepien y Lorenzo Barn\u00f3 y desde mayo del 2009 estamos en la red con\u00a0 la presente publicaci\u00f3n digital (Blog) de arquitectura.<\/span><\/em><\/p>\n<p><em><span style=\"color: #888888;\">Nuestra actividad se sustenta en tres pilares b\u00e1sicos: la investigaci\u00f3n, la publicaci\u00f3n (comunicaci\u00f3n y difusi\u00f3n) y la redacci\u00f3n de proyectos de arquitectura.<\/span><\/em><\/p>\n<p><em><span style=\"color: #888888;\">A su vez, somos socios cofundadores de<\/span><\/em><em> <\/em><a href=\"http:\/\/sinergiasostenible.org\/\" target=\"_blank\"><em>SINERGIA SOSTENIBLE<\/em><\/a><em><span style=\"color: #888888;\">, redactores de<\/span><\/em><em> <\/em><a href=\"http:\/\/www.laciudadviva.org\/blogs\/?author=45\" target=\"_blank\"><em>LA CIUDAD VIVA<\/em><\/a><span style=\"color: #888888;\"><em> <\/em><em>y directores del blog de<\/em><\/span><em> <\/em><a href=\"http:\/\/blogfundacion.arquia.es\/\" target=\"_blank\"><em>FUNDACI\u00d3N ARQUIA<span style=\"color: #888888;\">.<\/span><\/em><\/a><\/p>\n<p><em><span style=\"color: #888888;\">* Los editores de esta publicaci\u00f3n digital no nos hacemos cargo de de los comentarios y\u00a0 conceptos vertidos en los textos firmados por otras personas, siendo \u00e9stos de responsabilidad exclusiva de sus autores.<\/span><\/em><\/p>\n<p><em><span style=\"color: #888888;\">* Tu comentario podr\u00e1 ser moderado, por lo tanto, aunque aparezca inmediatamente al ser publicado en la entrada, los editores de esta publicaci\u00f3n digital nos reservamos el derecho tanto de editarlo (si fuera necesario, para hacerlo m\u00e1s legible) como de eliminarlo en el caso de que se usen expresiones incorrectas (descalificaciones, palabras malsonantes\u2026). A su vez, si quieres comentar desde el anonimato puedes hacerlo, aunque, nosotros personalmente, agradecemos que tod@s nos podamos identificar.<\/span><\/em><\/p>\n","protected":false},"excerpt":{"rendered":"<p>Por Arquitectives<\/p>\n<p>(m\u00e1s&#8230;)<\/p>\n","protected":false},"author":2,"featured_media":0,"comment_status":"open","ping_status":"closed","sticky":false,"template":"","format":"standard","meta":{"om_disable_all_campaigns":false,"_monsterinsights_skip_tracking":false,"_monsterinsights_sitenote_active":false,"_monsterinsights_sitenote_note":"","_monsterinsights_sitenote_category":0,"_uf_show_specific_survey":0,"_uf_disable_surveys":false,"episode_type":"","audio_file":"","cover_image":"","cover_image_id":"","duration":"","filesize":"","date_recorded":"","explicit":"","block":"","filesize_raw":"","footnotes":""},"categories":[244],"tags":[2304],"series":[],"class_list":["post-20069","post","type-post","status-publish","format-standard","hentry","category-canal-de-arquitectura","tag-arquitectives"],"aioseo_notices":[],"episode_featured_image":false,"episode_player_image":"https:\/\/stepienybarno.es\/blog\/wp-content\/uploads\/2020\/11\/stepienybarno-podcast-scaled.jpg","download_link":"","player_link":"","audio_player":false,"episode_data":{"playerMode":"dark","subscribeUrls":[],"rssFeedUrl":"https:\/\/stepienybarno.es\/blog\/feed\/podcast\/podcast-de-stepienybarno","embedCode":"<blockquote class=\"wp-embedded-content\" data-secret=\"h4k0KUeaT0\"><a href=\"https:\/\/stepienybarno.es\/blog\/2016\/01\/04\/fantastico-regalo-para-estos-dias-edu-y-la-mejor-casa-del-mundo\/\">FANT\u00c1STICO REGALO PARA ESTOS D\u00cdAS: EDU Y LA MEJOR CASA DEL MUNDO<\/a><\/blockquote><iframe sandbox=\"allow-scripts\" security=\"restricted\" src=\"https:\/\/stepienybarno.es\/blog\/2016\/01\/04\/fantastico-regalo-para-estos-dias-edu-y-la-mejor-casa-del-mundo\/embed\/#?secret=h4k0KUeaT0\" width=\"500\" height=\"350\" title=\"\u00abFANT\u00c1STICO REGALO PARA ESTOS D\u00cdAS: EDU Y LA MEJOR CASA DEL MUNDO\u00bb \u2014 Blog de STEPIEN Y BARNO - publicaci\u00f3n digital sobre arquitectura\" data-secret=\"h4k0KUeaT0\" frameborder=\"0\" marginwidth=\"0\" marginheight=\"0\" scrolling=\"no\" class=\"wp-embedded-content\"><\/iframe><script type=\"text\/javascript\">\n\/* <![CDATA[ *\/\n\/*! This file is auto-generated *\/\n!function(d,l){\"use strict\";l.querySelector&&d.addEventListener&&\"undefined\"!=typeof URL&&(d.wp=d.wp||{},d.wp.receiveEmbedMessage||(d.wp.receiveEmbedMessage=function(e){var t=e.data;if((t||t.secret||t.message||t.value)&&!\/[^a-zA-Z0-9]\/.test(t.secret)){for(var s,r,n,a=l.querySelectorAll('iframe[data-secret=\"'+t.secret+'\"]'),o=l.querySelectorAll('blockquote[data-secret=\"'+t.secret+'\"]'),c=new RegExp(\"^https?:$\",\"i\"),i=0;i<o.length;i++)o[i].style.display=\"none\";for(i=0;i<a.length;i++)s=a[i],e.source===s.contentWindow&&(s.removeAttribute(\"style\"),\"height\"===t.message?(1e3<(r=parseInt(t.value,10))?r=1e3:~~r<200&&(r=200),s.height=r):\"link\"===t.message&&(r=new URL(s.getAttribute(\"src\")),n=new URL(t.value),c.test(n.protocol))&&n.host===r.host&&l.activeElement===s&&(d.top.location.href=t.value))}},d.addEventListener(\"message\",d.wp.receiveEmbedMessage,!1),l.addEventListener(\"DOMContentLoaded\",function(){for(var e,t,s=l.querySelectorAll(\"iframe.wp-embedded-content\"),r=0;r<s.length;r++)(t=(e=s[r]).getAttribute(\"data-secret\"))||(t=Math.random().toString(36).substring(2,12),e.src+=\"#?secret=\"+t,e.setAttribute(\"data-secret\",t)),e.contentWindow.postMessage({message:\"ready\",secret:t},\"*\")},!1)))}(window,document);\n\/* ]]> *\/\n<\/script>\n"},"_links":{"self":[{"href":"https:\/\/stepienybarno.es\/blog\/wp-json\/wp\/v2\/posts\/20069"}],"collection":[{"href":"https:\/\/stepienybarno.es\/blog\/wp-json\/wp\/v2\/posts"}],"about":[{"href":"https:\/\/stepienybarno.es\/blog\/wp-json\/wp\/v2\/types\/post"}],"author":[{"embeddable":true,"href":"https:\/\/stepienybarno.es\/blog\/wp-json\/wp\/v2\/users\/2"}],"replies":[{"embeddable":true,"href":"https:\/\/stepienybarno.es\/blog\/wp-json\/wp\/v2\/comments?post=20069"}],"version-history":[{"count":2,"href":"https:\/\/stepienybarno.es\/blog\/wp-json\/wp\/v2\/posts\/20069\/revisions"}],"predecessor-version":[{"id":20072,"href":"https:\/\/stepienybarno.es\/blog\/wp-json\/wp\/v2\/posts\/20069\/revisions\/20072"}],"wp:attachment":[{"href":"https:\/\/stepienybarno.es\/blog\/wp-json\/wp\/v2\/media?parent=20069"}],"wp:term":[{"taxonomy":"category","embeddable":true,"href":"https:\/\/stepienybarno.es\/blog\/wp-json\/wp\/v2\/categories?post=20069"},{"taxonomy":"post_tag","embeddable":true,"href":"https:\/\/stepienybarno.es\/blog\/wp-json\/wp\/v2\/tags?post=20069"},{"taxonomy":"series","embeddable":true,"href":"https:\/\/stepienybarno.es\/blog\/wp-json\/wp\/v2\/series?post=20069"}],"curies":[{"name":"wp","href":"https:\/\/api.w.org\/{rel}","templated":true}]}}