{"id":20131,"date":"2016-01-13T09:01:51","date_gmt":"2016-01-13T07:01:51","guid":{"rendered":"https:\/\/www.stepienybarno.es\/blog\/?p=20131"},"modified":"2016-01-07T01:34:47","modified_gmt":"2016-01-06T23:34:47","slug":"deporte-y-arquitectura","status":"publish","type":"post","link":"https:\/\/stepienybarno.es\/blog\/2016\/01\/13\/deporte-y-arquitectura\/","title":{"rendered":"DEPORTE Y ARQUITECTURA"},"content":{"rendered":"<h5><span style=\"font-size: 13px; font-weight: normal;\"><a href=\"https:\/\/stepienybarno.es\/blog\/wp-content\/uploads\/2016\/01\/stepienybarno-blog-stepien-y-barno-architectabroad-carlos-muriel-arquitectura.jpg\"><img loading=\"lazy\" decoding=\"async\" class=\"aligncenter size-full wp-image-20132\" title=\"stepienybarno-blog-stepien-y-barno-architectabroad-carlos-muriel-arquitectura\" src=\"https:\/\/stepienybarno.es\/blog\/wp-content\/uploads\/2016\/01\/stepienybarno-blog-stepien-y-barno-architectabroad-carlos-muriel-arquitectura.jpg\" alt=\"stepienybarno-blog-stepien-y-barno-architectabroad-carlos-muriel-arquitectura\" width=\"500\" height=\"708\" srcset=\"https:\/\/stepienybarno.es\/blog\/wp-content\/uploads\/2016\/01\/stepienybarno-blog-stepien-y-barno-architectabroad-carlos-muriel-arquitectura.jpg 500w, https:\/\/stepienybarno.es\/blog\/wp-content\/uploads\/2016\/01\/stepienybarno-blog-stepien-y-barno-architectabroad-carlos-muriel-arquitectura-127x180.jpg 127w, https:\/\/stepienybarno.es\/blog\/wp-content\/uploads\/2016\/01\/stepienybarno-blog-stepien-y-barno-architectabroad-carlos-muriel-arquitectura-388x550.jpg 388w, https:\/\/stepienybarno.es\/blog\/wp-content\/uploads\/2016\/01\/stepienybarno-blog-stepien-y-barno-architectabroad-carlos-muriel-arquitectura-494x700.jpg 494w, https:\/\/stepienybarno.es\/blog\/wp-content\/uploads\/2016\/01\/stepienybarno-blog-stepien-y-barno-architectabroad-carlos-muriel-arquitectura-282x400.jpg 282w\" sizes=\"(max-width: 500px) 100vw, 500px\" \/><\/a><\/span><\/h5>\n<h5><span style=\"font-size: 13px; font-weight: normal;\"><a href=\"https:\/\/stepienybarno.es\/blog\/wp-content\/uploads\/2016\/01\/stepienybarno-blog-stepien-y-barno-architectabroad-carlos-muriel-arquitectura.jpg\"><\/a>Desde <\/span><a style=\"font-size: 13px; font-weight: normal;\" href=\"http:\/\/www.architectabroad.com\/\" target=\"_blank\">Arquitectura para el P\u00fablico<\/a><\/h5>\n<p><!--more--><\/p>\n<p>\u201cEsta semana estaba viendo la entrevista que Bert\u00edn Osborne le hizo al l\u00edder del PSOE y candidato a la presidencia del gobierno, Pedro S\u00e1nchez.<\/p>\n<p>Me qued\u00e9 con una de las cosas que dijo el l\u00edder socialista acerca de c\u00f3mo el deporte, en este caso el baloncesto, le hab\u00eda influido muy positivamente desde joven inculc\u00e1ndole valores de sacrificio, trabajo en equipo, solidaridad y esfuerzo. S\u00e1nchez jug\u00f3 en el Estudiantes hasta los 21 a\u00f1os.<\/p>\n<p>Tambi\u00e9n otro de los candidatos a las presencia, Albert Rivera, ha declarado en varias ocasiones la importancia que ha tenido y tiene la nataci\u00f3n en su vida. Rivera practic\u00f3 la competici\u00f3n de nataci\u00f3n durante ocho a\u00f1os, llegando a ser\u00a0 dos veces campe\u00f3n de Catalu\u00f1a en estilo braza.<\/p>\n<p>\u00bfC\u00f3mo de extendido est\u00e1 practicar deporte entre los arquitectos?<\/p>\n<p>Hay varios arquitectos de renombre que han estado muy asociados con el mundo del deporte, como Tadao Ando que fue boxeador profesional o Norman Foster que practica varias artes marciales y es cintur\u00f3n negro de karate (dejemos a un lado las im\u00e1genes de Joaqu\u00edn Torres con su six pack). Tambi\u00e9n Le Corbusier, como la mayor\u00eda de ide\u00f3logos del industrialismo de los a\u00f1os 20 (\u2026)\u00bb<\/p>\n<blockquote>\n<p style=\"text-align: center;\">Accede al art\u00edculo, <a href=\"http:\/\/www.architectabroad.com\/2015\/11\/deporte-y-arquitectura.html\" target=\"_blank\">AQU\u00cd<\/a><\/p>\n<p style=\"text-align: center;\">\n<\/blockquote>\n<p><a href=\"http:\/\/www.lacol.org\/\"><\/a><\/p>\n<p><em><span style=\"color: #999999;\">Noticia seleccionada por el Canal de arquitectura STEPIENYBARNO.<\/span><\/em><\/p>\n<p><a href=\"https:\/\/twitter.com\/stepienybarno\" target=\"_blank\"><em>STEPIENYBARNO EN TWITTER _ @stepienybarno<\/em><\/a><\/p>\n<p><a href=\"http:\/\/www.linkedin.com\/company\/stepienybarno\" target=\"_blank\"><em>STEPIENYBARNO EN LINKEDIN<\/em><\/a><\/p>\n<p><a href=\"https:\/\/www.facebook.com\/pages\/BLOG-DE-STEPIENYBARNO\/78001079029\" target=\"_blank\"><em>STEPIENYBARNO EN FACEBOOK<\/em><\/a><\/p>\n<p><em><span style=\"color: #999999;\">*Stepienybarno est\u00e1 formado por Agnieszka Stepien y Lorenzo Barn\u00f3 y desde mayo del 2009 estamos en la red con\u00a0 la presente publicaci\u00f3n digital (Blog) de arquitectura.<\/span><\/em><\/p>\n<p><em><span style=\"color: #999999;\">Nuestra actividad se sustenta en tres pilares b\u00e1sicos: la investigaci\u00f3n, la publicaci\u00f3n (comunicaci\u00f3n y difusi\u00f3n) y la redacci\u00f3n de proyectos de arquitectura.<\/span><\/em><\/p>\n<p><span style=\"color: #999999;\"><em>A su vez, somos socios cofundadores de<\/em><em> <\/em><\/span><a href=\"http:\/\/sinergiasostenible.org\/\" target=\"_blank\"><em>SINERGIA SOSTENIBLE<\/em><\/a><em><span style=\"color: #999999;\">, redactores de<\/span><\/em><em> <\/em><a href=\"http:\/\/www.laciudadviva.org\/blogs\/?author=45\" target=\"_blank\"><em>LA CIUDAD VIV<span style=\"color: #999999;\">A<\/span><\/em><\/a><span style=\"color: #999999;\"><em> <\/em><em>y directores del blog de<\/em><em> <\/em><\/span><a href=\"http:\/\/blogfundacion.arquia.es\/\" target=\"_blank\"><em>FUNDACI\u00d3N ARQUIA<span style=\"color: #999999;\">.<\/span><\/em><\/a><\/p>\n<p><em><span style=\"color: #999999;\">* Los editores de esta publicaci\u00f3n digital no nos hacemos cargo de de los comentarios y\u00a0 conceptos vertidos en los textos firmados por otras personas, siendo \u00e9stos de responsabilidad exclusiva de sus autores.<\/span><\/em><\/p>\n<p><em><span style=\"color: #999999;\">* Tu comentario podr\u00e1 ser moderado, por lo tanto, aunque aparezca inmediatamente al ser publicado en la entrada, los editores de esta publicaci\u00f3n digital nos reservamos el derecho tanto de editarlo (si fuera necesario, para hacerlo m\u00e1s legible) como de eliminarlo en el caso de que se usen expresiones incorrectas (descalificaciones, palabras malsonantes\u2026). A su vez, si quieres comentar desde el anonimato puedes hacerlo, aunque, nosotros personalmente, agradecemos que tod@s nos podamos identificar.<\/span><\/em><\/p>\n","protected":false},"excerpt":{"rendered":"<p>Desde Arquitectura para el P\u00fablico<\/p>\n<p>(m\u00e1s&#8230;)<\/p>\n","protected":false},"author":2,"featured_media":0,"comment_status":"open","ping_status":"closed","sticky":false,"template":"","format":"standard","meta":{"om_disable_all_campaigns":false,"_monsterinsights_skip_tracking":false,"_monsterinsights_sitenote_active":false,"_monsterinsights_sitenote_note":"","_monsterinsights_sitenote_category":0,"_uf_show_specific_survey":0,"_uf_disable_surveys":false,"episode_type":"","audio_file":"","cover_image":"","cover_image_id":"","duration":"","filesize":"","date_recorded":"","explicit":"","block":"","filesize_raw":"","footnotes":""},"categories":[244],"tags":[3881,2676,2675],"series":[],"class_list":["post-20131","post","type-post","status-publish","format-standard","hentry","category-canal-de-arquitectura","tag-architect-abroad","tag-arquitectura-para-el-publico","tag-carlos-muriel"],"aioseo_notices":[],"episode_featured_image":false,"episode_player_image":"https:\/\/stepienybarno.es\/blog\/wp-content\/uploads\/2020\/11\/stepienybarno-podcast-scaled.jpg","download_link":"","player_link":"","audio_player":false,"episode_data":{"playerMode":"dark","subscribeUrls":[],"rssFeedUrl":"https:\/\/stepienybarno.es\/blog\/feed\/podcast\/podcast-de-stepienybarno","embedCode":"<blockquote class=\"wp-embedded-content\" data-secret=\"PBSzfM6fHE\"><a href=\"https:\/\/stepienybarno.es\/blog\/2016\/01\/13\/deporte-y-arquitectura\/\">DEPORTE Y ARQUITECTURA<\/a><\/blockquote><iframe sandbox=\"allow-scripts\" security=\"restricted\" src=\"https:\/\/stepienybarno.es\/blog\/2016\/01\/13\/deporte-y-arquitectura\/embed\/#?secret=PBSzfM6fHE\" width=\"500\" height=\"350\" title=\"\u00abDEPORTE Y ARQUITECTURA\u00bb \u2014 Blog de STEPIEN Y BARNO - publicaci\u00f3n digital sobre arquitectura\" data-secret=\"PBSzfM6fHE\" frameborder=\"0\" marginwidth=\"0\" marginheight=\"0\" scrolling=\"no\" class=\"wp-embedded-content\"><\/iframe><script type=\"text\/javascript\">\n\/* <![CDATA[ *\/\n\/*! This file is auto-generated *\/\n!function(d,l){\"use strict\";l.querySelector&&d.addEventListener&&\"undefined\"!=typeof URL&&(d.wp=d.wp||{},d.wp.receiveEmbedMessage||(d.wp.receiveEmbedMessage=function(e){var t=e.data;if((t||t.secret||t.message||t.value)&&!\/[^a-zA-Z0-9]\/.test(t.secret)){for(var s,r,n,a=l.querySelectorAll('iframe[data-secret=\"'+t.secret+'\"]'),o=l.querySelectorAll('blockquote[data-secret=\"'+t.secret+'\"]'),c=new RegExp(\"^https?:$\",\"i\"),i=0;i<o.length;i++)o[i].style.display=\"none\";for(i=0;i<a.length;i++)s=a[i],e.source===s.contentWindow&&(s.removeAttribute(\"style\"),\"height\"===t.message?(1e3<(r=parseInt(t.value,10))?r=1e3:~~r<200&&(r=200),s.height=r):\"link\"===t.message&&(r=new URL(s.getAttribute(\"src\")),n=new URL(t.value),c.test(n.protocol))&&n.host===r.host&&l.activeElement===s&&(d.top.location.href=t.value))}},d.addEventListener(\"message\",d.wp.receiveEmbedMessage,!1),l.addEventListener(\"DOMContentLoaded\",function(){for(var e,t,s=l.querySelectorAll(\"iframe.wp-embedded-content\"),r=0;r<s.length;r++)(t=(e=s[r]).getAttribute(\"data-secret\"))||(t=Math.random().toString(36).substring(2,12),e.src+=\"#?secret=\"+t,e.setAttribute(\"data-secret\",t)),e.contentWindow.postMessage({message:\"ready\",secret:t},\"*\")},!1)))}(window,document);\n\/* ]]> *\/\n<\/script>\n"},"_links":{"self":[{"href":"https:\/\/stepienybarno.es\/blog\/wp-json\/wp\/v2\/posts\/20131"}],"collection":[{"href":"https:\/\/stepienybarno.es\/blog\/wp-json\/wp\/v2\/posts"}],"about":[{"href":"https:\/\/stepienybarno.es\/blog\/wp-json\/wp\/v2\/types\/post"}],"author":[{"embeddable":true,"href":"https:\/\/stepienybarno.es\/blog\/wp-json\/wp\/v2\/users\/2"}],"replies":[{"embeddable":true,"href":"https:\/\/stepienybarno.es\/blog\/wp-json\/wp\/v2\/comments?post=20131"}],"version-history":[{"count":2,"href":"https:\/\/stepienybarno.es\/blog\/wp-json\/wp\/v2\/posts\/20131\/revisions"}],"predecessor-version":[{"id":20134,"href":"https:\/\/stepienybarno.es\/blog\/wp-json\/wp\/v2\/posts\/20131\/revisions\/20134"}],"wp:attachment":[{"href":"https:\/\/stepienybarno.es\/blog\/wp-json\/wp\/v2\/media?parent=20131"}],"wp:term":[{"taxonomy":"category","embeddable":true,"href":"https:\/\/stepienybarno.es\/blog\/wp-json\/wp\/v2\/categories?post=20131"},{"taxonomy":"post_tag","embeddable":true,"href":"https:\/\/stepienybarno.es\/blog\/wp-json\/wp\/v2\/tags?post=20131"},{"taxonomy":"series","embeddable":true,"href":"https:\/\/stepienybarno.es\/blog\/wp-json\/wp\/v2\/series?post=20131"}],"curies":[{"name":"wp","href":"https:\/\/api.w.org\/{rel}","templated":true}]}}