{"id":20342,"date":"2016-01-19T19:21:48","date_gmt":"2016-01-19T17:21:48","guid":{"rendered":"https:\/\/www.stepienybarno.es\/blog\/?p=20342"},"modified":"2016-01-19T10:30:56","modified_gmt":"2016-01-19T08:30:56","slug":"la-distancia-es-un-cuerpo-transparente","status":"publish","type":"post","link":"https:\/\/stepienybarno.es\/blog\/2016\/01\/19\/la-distancia-es-un-cuerpo-transparente\/","title":{"rendered":"LA DISTANCIA ES UN CUERPO TRANSPARENTE"},"content":{"rendered":"<p><a href=\"https:\/\/stepienybarno.es\/blog\/wp-content\/uploads\/2016\/01\/stepienybarno-blog-stepien-y-barno-miguel-angel-diaz-camacho-parrafos-de-arquitectura.jpg\"><img loading=\"lazy\" decoding=\"async\" class=\"aligncenter size-full wp-image-20343\" title=\"stepienybarno-blog-stepien-y-barno-miguel-angel-diaz-camacho-parrafos-de-arquitectura\" src=\"https:\/\/stepienybarno.es\/blog\/wp-content\/uploads\/2016\/01\/stepienybarno-blog-stepien-y-barno-miguel-angel-diaz-camacho-parrafos-de-arquitectura.jpg\" alt=\"stepienybarno-blog-stepien-y-barno-miguel-angel-diaz-camacho-parrafos-de-arquitectura\" width=\"500\" height=\"333\" srcset=\"https:\/\/stepienybarno.es\/blog\/wp-content\/uploads\/2016\/01\/stepienybarno-blog-stepien-y-barno-miguel-angel-diaz-camacho-parrafos-de-arquitectura.jpg 500w, https:\/\/stepienybarno.es\/blog\/wp-content\/uploads\/2016\/01\/stepienybarno-blog-stepien-y-barno-miguel-angel-diaz-camacho-parrafos-de-arquitectura-180x120.jpg 180w, https:\/\/stepienybarno.es\/blog\/wp-content\/uploads\/2016\/01\/stepienybarno-blog-stepien-y-barno-miguel-angel-diaz-camacho-parrafos-de-arquitectura-316x210.jpg 316w\" sizes=\"(max-width: 500px) 100vw, 500px\" \/><\/a><\/p>\n<p>Por Miguel \u00c1ngel D\u00edaz Desde <a href=\"http:\/\/madc-texts.blogspot.com.es\/\" target=\"_blank\">P\u00e1rrafos de Arquitectura<\/a><\/p>\n<p><!--more--><\/p>\n<p>\u201cRecuerdo haber afirmado en p\u00fablico que\u00a0<em>la arquitectura siempre mejora la ciudad<\/em>. Siempre. Al final de la sala alguien quiso levantar la mano y, con voz firme, tomar la palabra para abordar uno de los temas centrales de nuestro oficio:\u00a0<em>mejora&#8230;\u00bfpara qui\u00e9n?<\/em> La pregunta no es menor y desde luego conviene construir un argumento -que no una respuesta- sosegadamente, m\u00e1s como el lento proceso de formaci\u00f3n de la resina en el \u00e1rbol, que como r\u00e9plica\u00a0improvisada de tertuliano m\u00e1s o menos exhausto por las prisas, los pre-juicios o la\u00a0<em>sinraz\u00f3n<\/em>.<\/p>\n<p>El estadio municipal de Braga proyectado por el arquitecto portugu\u00e9s Eduardo Souto de Moura, ocupa el vaciado de una extinta cantera de granito. Los frentes menores del campo quedan abiertos al paisaje, abiertos de igual modo a la mirada cautelosa de todos aquellos que desde lo alto del monte Castro advierten el espect\u00e1culo -a cierta distancia- sin pagar entrada: \u00abMi padre, cuando era peque\u00f1o e iba al f\u00fatbol, era de los que se quedaban fuera. El estadio era otro, muy bonito, un estadio de arquitectura fascista, abierto como una U. (\u2026)\u201d<\/p>\n<blockquote>\n<p style=\"text-align: center;\">Accede a la reflexi\u00f3n, <a href=\"http:\/\/madc-texts.blogspot.com.es\/2016\/01\/la-distancia-es-un-cuerpo-transparente.html#more\">AQU\u00cd<\/a><\/p>\n<\/blockquote>\n<p align=\"center\">\n<p align=\"center\">\n<p><a href=\"http:\/\/www.lacol.org\/\"><\/a><\/p>\n<p><em><span style=\"color: #999999;\">Noticia seleccionada por el Canal de arquitectura STEPIENYBARNO.<\/span><\/em><\/p>\n<p><a href=\"https:\/\/twitter.com\/stepienybarno\" target=\"_blank\"><em>STEPIENYBARNO EN TWITTER _ @stepienybarno<\/em><\/a><\/p>\n<p><a href=\"http:\/\/www.linkedin.com\/company\/stepienybarno\" target=\"_blank\"><em>STEPIENYBARNO EN LINKEDIN<\/em><\/a><\/p>\n<p><a href=\"https:\/\/www.facebook.com\/pages\/BLOG-DE-STEPIENYBARNO\/78001079029\" target=\"_blank\"><em>STEPIENYBARNO EN FACEBOOK<\/em><\/a><\/p>\n<p><em><span style=\"color: #999999;\">*Stepienybarno est\u00e1 formado por Agnieszka Stepien y Lorenzo Barn\u00f3 y desde mayo del 2009 estamos en la red con\u00a0 la presente publicaci\u00f3n digital (Blog) de arquitectura.<\/span><\/em><\/p>\n<p><em><span style=\"color: #999999;\">Nuestra actividad se sustenta en tres pilares b\u00e1sicos: la investigaci\u00f3n, la publicaci\u00f3n (comunicaci\u00f3n y difusi\u00f3n) y la redacci\u00f3n de proyectos de arquitectura.<\/span><\/em><\/p>\n<p><em><span style=\"color: #999999;\">A su vez, somos socios cofundadores de<\/span><\/em><em> <\/em><a href=\"http:\/\/sinergiasostenible.org\/\" target=\"_blank\"><em>SINERGIA SOSTENIBLE<\/em><\/a><span style=\"color: #999999;\"><em>, redactores de<\/em><em> <\/em><\/span><a href=\"http:\/\/www.laciudadviva.org\/blogs\/?author=45\" target=\"_blank\"><em>LA CIUDAD VIVA<\/em><\/a><em> <\/em><em><span style=\"color: #999999;\">y directores del blog de<\/span><\/em><em> <\/em><a href=\"http:\/\/blogfundacion.arquia.es\/\" target=\"_blank\"><em>FUNDACI\u00d3N ARQUIA<span style=\"color: #999999;\">.<\/span><\/em><\/a><\/p>\n<p><em><span style=\"color: #999999;\">* Los editores de esta publicaci\u00f3n digital no nos hacemos cargo de de los comentarios y\u00a0 conceptos vertidos en los textos firmados por otras personas, siendo \u00e9stos de responsabilidad exclusiva de sus autores.<\/span><\/em><\/p>\n<p><em><span style=\"color: #999999;\">* Tu comentario podr\u00e1 ser moderado, por lo tanto, aunque aparezca inmediatamente al ser publicado en la entrada, los editores de esta publicaci\u00f3n digital nos reservamos el derecho tanto de editarlo (si fuera necesario, para hacerlo m\u00e1s legible) como de eliminarlo en el caso de que se usen expresiones incorrectas (descalificaciones, palabras malsonantes\u2026). A su vez, si quieres comentar desde el anonimato puedes hacerlo, aunque, nosotros personalmente, agradecemos que tod@s nos podamos identificar.<\/span><\/em><\/p>\n","protected":false},"excerpt":{"rendered":"<p>Por Miguel \u00c1ngel D\u00edaz Desde P\u00e1rrafos de Arquitectura<\/p>\n<p>(m\u00e1s&#8230;)<\/p>\n","protected":false},"author":2,"featured_media":0,"comment_status":"open","ping_status":"closed","sticky":false,"template":"","format":"standard","meta":{"om_disable_all_campaigns":false,"_monsterinsights_skip_tracking":false,"_monsterinsights_sitenote_active":false,"_monsterinsights_sitenote_note":"","_monsterinsights_sitenote_category":0,"_uf_show_specific_survey":0,"_uf_disable_surveys":false,"episode_type":"","audio_file":"","cover_image":"","cover_image_id":"","duration":"","filesize":"","date_recorded":"","explicit":"","block":"","filesize_raw":"","footnotes":""},"categories":[244],"tags":[952,2980],"series":[],"class_list":["post-20342","post","type-post","status-publish","format-standard","hentry","category-canal-de-arquitectura","tag-miguel-angel-diaz-camacho","tag-parrafos-de-arquitectura"],"aioseo_notices":[],"episode_featured_image":false,"episode_player_image":"https:\/\/stepienybarno.es\/blog\/wp-content\/uploads\/2020\/11\/stepienybarno-podcast-scaled.jpg","download_link":"","player_link":"","audio_player":false,"episode_data":{"playerMode":"dark","subscribeUrls":[],"rssFeedUrl":"https:\/\/stepienybarno.es\/blog\/feed\/podcast\/podcast-de-stepienybarno","embedCode":"<blockquote class=\"wp-embedded-content\" data-secret=\"devEerRelc\"><a href=\"https:\/\/stepienybarno.es\/blog\/2016\/01\/19\/la-distancia-es-un-cuerpo-transparente\/\">LA DISTANCIA ES UN CUERPO TRANSPARENTE<\/a><\/blockquote><iframe sandbox=\"allow-scripts\" security=\"restricted\" src=\"https:\/\/stepienybarno.es\/blog\/2016\/01\/19\/la-distancia-es-un-cuerpo-transparente\/embed\/#?secret=devEerRelc\" width=\"500\" height=\"350\" title=\"\u00abLA DISTANCIA ES UN CUERPO TRANSPARENTE\u00bb \u2014 Blog de STEPIEN Y BARNO - publicaci\u00f3n digital sobre arquitectura\" data-secret=\"devEerRelc\" frameborder=\"0\" marginwidth=\"0\" marginheight=\"0\" scrolling=\"no\" class=\"wp-embedded-content\"><\/iframe><script type=\"text\/javascript\">\n\/* <![CDATA[ *\/\n\/*! This file is auto-generated *\/\n!function(d,l){\"use strict\";l.querySelector&&d.addEventListener&&\"undefined\"!=typeof URL&&(d.wp=d.wp||{},d.wp.receiveEmbedMessage||(d.wp.receiveEmbedMessage=function(e){var t=e.data;if((t||t.secret||t.message||t.value)&&!\/[^a-zA-Z0-9]\/.test(t.secret)){for(var s,r,n,a=l.querySelectorAll('iframe[data-secret=\"'+t.secret+'\"]'),o=l.querySelectorAll('blockquote[data-secret=\"'+t.secret+'\"]'),c=new RegExp(\"^https?:$\",\"i\"),i=0;i<o.length;i++)o[i].style.display=\"none\";for(i=0;i<a.length;i++)s=a[i],e.source===s.contentWindow&&(s.removeAttribute(\"style\"),\"height\"===t.message?(1e3<(r=parseInt(t.value,10))?r=1e3:~~r<200&&(r=200),s.height=r):\"link\"===t.message&&(r=new URL(s.getAttribute(\"src\")),n=new URL(t.value),c.test(n.protocol))&&n.host===r.host&&l.activeElement===s&&(d.top.location.href=t.value))}},d.addEventListener(\"message\",d.wp.receiveEmbedMessage,!1),l.addEventListener(\"DOMContentLoaded\",function(){for(var e,t,s=l.querySelectorAll(\"iframe.wp-embedded-content\"),r=0;r<s.length;r++)(t=(e=s[r]).getAttribute(\"data-secret\"))||(t=Math.random().toString(36).substring(2,12),e.src+=\"#?secret=\"+t,e.setAttribute(\"data-secret\",t)),e.contentWindow.postMessage({message:\"ready\",secret:t},\"*\")},!1)))}(window,document);\n\/* ]]> *\/\n<\/script>\n"},"_links":{"self":[{"href":"https:\/\/stepienybarno.es\/blog\/wp-json\/wp\/v2\/posts\/20342"}],"collection":[{"href":"https:\/\/stepienybarno.es\/blog\/wp-json\/wp\/v2\/posts"}],"about":[{"href":"https:\/\/stepienybarno.es\/blog\/wp-json\/wp\/v2\/types\/post"}],"author":[{"embeddable":true,"href":"https:\/\/stepienybarno.es\/blog\/wp-json\/wp\/v2\/users\/2"}],"replies":[{"embeddable":true,"href":"https:\/\/stepienybarno.es\/blog\/wp-json\/wp\/v2\/comments?post=20342"}],"version-history":[{"count":2,"href":"https:\/\/stepienybarno.es\/blog\/wp-json\/wp\/v2\/posts\/20342\/revisions"}],"predecessor-version":[{"id":20345,"href":"https:\/\/stepienybarno.es\/blog\/wp-json\/wp\/v2\/posts\/20342\/revisions\/20345"}],"wp:attachment":[{"href":"https:\/\/stepienybarno.es\/blog\/wp-json\/wp\/v2\/media?parent=20342"}],"wp:term":[{"taxonomy":"category","embeddable":true,"href":"https:\/\/stepienybarno.es\/blog\/wp-json\/wp\/v2\/categories?post=20342"},{"taxonomy":"post_tag","embeddable":true,"href":"https:\/\/stepienybarno.es\/blog\/wp-json\/wp\/v2\/tags?post=20342"},{"taxonomy":"series","embeddable":true,"href":"https:\/\/stepienybarno.es\/blog\/wp-json\/wp\/v2\/series?post=20342"}],"curies":[{"name":"wp","href":"https:\/\/api.w.org\/{rel}","templated":true}]}}