{"id":20438,"date":"2016-01-26T09:46:56","date_gmt":"2016-01-26T07:46:56","guid":{"rendered":"https:\/\/www.stepienybarno.es\/blog\/?p=20438"},"modified":"2016-01-26T09:47:35","modified_gmt":"2016-01-26T07:47:35","slug":"los-lideres-personas-y-proyectos-de-arquitectura-que-nos-inspiraron-este-2015","status":"publish","type":"post","link":"https:\/\/stepienybarno.es\/blog\/2016\/01\/26\/los-lideres-personas-y-proyectos-de-arquitectura-que-nos-inspiraron-este-2015\/","title":{"rendered":"LOS L\u00cdDERES, PERSONAS Y PROYECTOS DE ARQUITECTURA QUE NOS INSPIRARON ESTE 2015"},"content":{"rendered":"<p><a href=\"https:\/\/stepienybarno.es\/blog\/wp-content\/uploads\/2016\/01\/stepienybarno-blog-stepien-y-barno-plataforma-arquitectura-lideres.jpg\"><img loading=\"lazy\" decoding=\"async\" class=\"aligncenter size-full wp-image-20439\" title=\"stepienybarno-blog-stepien-y-barno-plataforma-arquitectura-lideres\" src=\"https:\/\/stepienybarno.es\/blog\/wp-content\/uploads\/2016\/01\/stepienybarno-blog-stepien-y-barno-plataforma-arquitectura-lideres.jpg\" alt=\"stepienybarno-blog-stepien-y-barno-plataforma-arquitectura-lideres\" width=\"500\" height=\"313\" srcset=\"https:\/\/stepienybarno.es\/blog\/wp-content\/uploads\/2016\/01\/stepienybarno-blog-stepien-y-barno-plataforma-arquitectura-lideres.jpg 500w, https:\/\/stepienybarno.es\/blog\/wp-content\/uploads\/2016\/01\/stepienybarno-blog-stepien-y-barno-plataforma-arquitectura-lideres-180x113.jpg 180w, https:\/\/stepienybarno.es\/blog\/wp-content\/uploads\/2016\/01\/stepienybarno-blog-stepien-y-barno-plataforma-arquitectura-lideres-316x198.jpg 316w\" sizes=\"(max-width: 500px) 100vw, 500px\" \/><\/a><\/p>\n<p>Desde <a href=\"http:\/\/www.plataformaarquitectura.cl\/\" target=\"_blank\">Plataforma Arquitectura<\/a><\/p>\n<p><!--more--><\/p>\n<p><strong>\u201c<\/strong>5.000 c\u00e1maras 3D para preservar el patrimonio sirio en peligro. Un equipo de arquitectos latinoamericanos internados en los barrios m\u00e1s conflictivos de Venezuela para dise\u00f1ar y construir equipamiento p\u00fablico junto a la comunidad. Un arquitecto legendario que ha sabido entender y aplicar perfectamente en la arquitectura las transformaciones de la tecnolog\u00eda de los \u00faltimas d\u00e9cadas.\u00a0Estos son algunos de los proyectos y personas que han sabido ser l\u00edderes en 2015.<\/p>\n<p>El equipo editorial de ArchDaily ha querido destacar a estos proyectos por su compromiso en promover una arquitectura que funciona de m\u00faltiples maneras en todas las esquinas del mundo. Desde Bolivia hasta Londres. Desde Chicago hasta Venecia. Desde equipamiento p\u00fablico en favelas hasta terminales de drones en \u00c1frica. Todos ellos nos inspiraron este a\u00f1o\u00a0y cuya influencia esperamos que contin\u00fae durante\u00a02016.<\/p>\n<p><strong>Categor\u00eda: Nuevas Tecnolog\u00edas<\/strong><\/p>\n<p><em><strong>Harvard +<\/strong><strong> <\/strong><strong><a href=\"http:\/\/www.plataformaarquitectura.cl\/cl\/tag\/oxford\" target=\"_blank\">Oxford<\/a><\/strong><strong> <\/strong><strong>Digital Preservation<\/strong><\/em><\/p>\n<p>A comienzos de a\u00f1o, a medida que el\u00a0<a href=\"https:\/\/es.wikipedia.org\/wiki\/Estado_Isl%C3%A1mico\" target=\"_blank\">Estado Isl\u00e1mico<\/a> (ISIS, por su sigla en ingl\u00e9s) avanzaba a trav\u00e9s de\u00a0<a href=\"http:\/\/www.bbc.com\/mundo\/noticias\/2015\/03\/150313_internacional_expansion_estado_islamico_armas_lav\" target=\"_blank\">Irak y Siria<\/a>, sus tropas capturaron algunos de los sitios hist\u00f3ricos m\u00e1s preciados del mundo, y no perdieron tiempo en demostrar una iconoclasia que encajar\u00eda mejor con las guerras religiosas de hace un siglo que en nuestros d\u00edas.<\/p>\n<p>Enfrentados a esta actitud medieval sobre un conflicto cultural, el\u00a0<a href=\"http:\/\/digitalarchaeology.org.uk\/\" target=\"_blank\">Instituto de Arqueolog\u00eda Digital<\/a> -un proyecto colaborativo entre las universidades de\u00a0<a href=\"http:\/\/www.plataformaarquitectura.cl\/cl\/tag\/harvard\" target=\"_blank\">Harvard<\/a> y\u00a0<a href=\"http:\/\/www.plataformaarquitectura.cl\/cl\/tag\/oxford\" target=\"_blank\">Oxford<\/a>&#8211; opt\u00f3 por una respuesta propia del siglo XXI. Equipando\u00a0a sus socios locales con\u00a0<a href=\"http:\/\/www.plataformaarquitectura.cl\/cl\/773300\/harvard-y-oxford-distribuiran-5000-camaras-3d-para-digitalizar-monumentos-ante-avance-del-estado-islamico\" target=\"_blank\">5.000 c\u00e1maras 3D de bajo costo<\/a>, esperan hasta 2017 lograr recolectar 20 millones de im\u00e1genes de estructuras hist\u00f3ricas (en franco riesgo), y planificar la construcci\u00f3n de repuestos impresos en 3D para aquellos monumentos que sean destruidos. (\u2026)\u201d<\/p>\n<blockquote>\n<p style=\"text-align: center;\">Accede al texto, <a href=\"http:\/\/www.plataformaarquitectura.cl\/cl\/778958\/los-lideres-en-arquitectura-2015-personas-y-proyectos-que-nos-inspiraron-este-ano\" target=\"_blank\">AQU\u00cd<\/a><\/p>\n<p style=\"text-align: center;\">\n<\/blockquote>\n<p><a href=\"http:\/\/www.lacol.org\/\"><\/a><\/p>\n<p><em><span style=\"color: #888888;\">Noticia seleccionada por el Canal de arquitectura STEPIENYBARNO.<\/span><\/em><\/p>\n<p><a href=\"https:\/\/twitter.com\/stepienybarno\" target=\"_blank\"><em>STEPIENYBARNO EN TWITTER _ @stepienybarno<\/em><\/a><\/p>\n<p><a href=\"http:\/\/www.linkedin.com\/company\/stepienybarno\" target=\"_blank\"><em>STEPIENYBARNO EN LINKEDIN<\/em><\/a><\/p>\n<p><a href=\"https:\/\/www.facebook.com\/pages\/BLOG-DE-STEPIENYBARNO\/78001079029\" target=\"_blank\"><em>STEPIENYBARNO EN FACEBOOK<\/em><\/a><\/p>\n<p><em><span style=\"color: #888888;\">*Stepienybarno est\u00e1 formado por Agnieszka Stepien y Lorenzo Barn\u00f3 y desde mayo del 2009 estamos en la red con\u00a0 la presente publicaci\u00f3n digital (Blog) de arquitectura.<\/span><\/em><\/p>\n<p><em><span style=\"color: #888888;\">Nuestra actividad se sustenta en tres pilares b\u00e1sicos: la investigaci\u00f3n, la publicaci\u00f3n (comunicaci\u00f3n y difusi\u00f3n) y la redacci\u00f3n de proyectos de arquitectura.<\/span><\/em><\/p>\n<p><em><span style=\"color: #888888;\">A su vez, somos socios cofundadores de<\/span><\/em><em> <\/em><a href=\"http:\/\/sinergiasostenible.org\/\" target=\"_blank\"><em>SINERGIA SOSTENIBLE<\/em><\/a><em><span style=\"color: #888888;\">, redactores de<\/span><\/em><em> <\/em><a href=\"http:\/\/www.laciudadviva.org\/blogs\/?author=45\" target=\"_blank\"><em>LA CIUDAD VIVA<\/em><\/a><span style=\"color: #888888;\"><em> <\/em><em>y directores del blog de<\/em><\/span><em> <\/em><a href=\"http:\/\/blogfundacion.arquia.es\/\" target=\"_blank\"><em>FUNDACI\u00d3N ARQUIA<span style=\"color: #888888;\">.<\/span><\/em><\/a><\/p>\n<p><em><span style=\"color: #888888;\">* Los editores de esta publicaci\u00f3n digital no nos hacemos cargo de de los comentarios y\u00a0 conceptos vertidos en los textos firmados por otras personas, siendo \u00e9stos de responsabilidad exclusiva de sus autores.<\/span><\/em><\/p>\n<p><em><span style=\"color: #888888;\">* Tu comentario podr\u00e1 ser moderado, por lo tanto, aunque aparezca inmediatamente al ser publicado en la entrada, los editores de esta publicaci\u00f3n digital nos reservamos el derecho tanto de editarlo (si fuera necesario, para hacerlo m\u00e1s legible) como de eliminarlo en el caso de que se usen expresiones incorrectas (descalificaciones, palabras malsonantes\u2026). A su vez, si quieres comentar desde el anonimato puedes hacerlo, aunque, nosotros personalmente, agradecemos que tod@s nos podamos identificar.<\/span><\/em><\/p>\n","protected":false},"excerpt":{"rendered":"<p>Desde Plataforma Arquitectura<\/p>\n<p>(m\u00e1s&#8230;)<\/p>\n","protected":false},"author":2,"featured_media":0,"comment_status":"open","ping_status":"closed","sticky":false,"template":"","format":"standard","meta":{"om_disable_all_campaigns":false,"_monsterinsights_skip_tracking":false,"_monsterinsights_sitenote_active":false,"_monsterinsights_sitenote_note":"","_monsterinsights_sitenote_category":0,"_uf_show_specific_survey":0,"_uf_disable_surveys":false,"episode_type":"","audio_file":"","cover_image":"","cover_image_id":"","duration":"","filesize":"","date_recorded":"","explicit":"","block":"","filesize_raw":"","footnotes":""},"categories":[244],"tags":[921],"series":[],"class_list":["post-20438","post","type-post","status-publish","format-standard","hentry","category-canal-de-arquitectura","tag-plataforma-arquitectura"],"aioseo_notices":[],"episode_featured_image":false,"episode_player_image":"https:\/\/stepienybarno.es\/blog\/wp-content\/uploads\/2020\/11\/stepienybarno-podcast-scaled.jpg","download_link":"","player_link":"","audio_player":false,"episode_data":{"playerMode":"dark","subscribeUrls":[],"rssFeedUrl":"https:\/\/stepienybarno.es\/blog\/feed\/podcast\/podcast-de-stepienybarno","embedCode":"<blockquote class=\"wp-embedded-content\" data-secret=\"IQrAuwkixR\"><a href=\"https:\/\/stepienybarno.es\/blog\/2016\/01\/26\/los-lideres-personas-y-proyectos-de-arquitectura-que-nos-inspiraron-este-2015\/\">LOS L\u00cdDERES, PERSONAS Y PROYECTOS DE ARQUITECTURA QUE NOS INSPIRARON ESTE 2015<\/a><\/blockquote><iframe sandbox=\"allow-scripts\" security=\"restricted\" src=\"https:\/\/stepienybarno.es\/blog\/2016\/01\/26\/los-lideres-personas-y-proyectos-de-arquitectura-que-nos-inspiraron-este-2015\/embed\/#?secret=IQrAuwkixR\" width=\"500\" height=\"350\" title=\"\u00abLOS L\u00cdDERES, PERSONAS Y PROYECTOS DE ARQUITECTURA QUE NOS INSPIRARON ESTE 2015\u00bb \u2014 Blog de STEPIEN Y BARNO - publicaci\u00f3n digital sobre arquitectura\" data-secret=\"IQrAuwkixR\" frameborder=\"0\" marginwidth=\"0\" marginheight=\"0\" scrolling=\"no\" class=\"wp-embedded-content\"><\/iframe><script type=\"text\/javascript\">\n\/* <![CDATA[ *\/\n\/*! This file is auto-generated *\/\n!function(d,l){\"use strict\";l.querySelector&&d.addEventListener&&\"undefined\"!=typeof URL&&(d.wp=d.wp||{},d.wp.receiveEmbedMessage||(d.wp.receiveEmbedMessage=function(e){var t=e.data;if((t||t.secret||t.message||t.value)&&!\/[^a-zA-Z0-9]\/.test(t.secret)){for(var s,r,n,a=l.querySelectorAll('iframe[data-secret=\"'+t.secret+'\"]'),o=l.querySelectorAll('blockquote[data-secret=\"'+t.secret+'\"]'),c=new RegExp(\"^https?:$\",\"i\"),i=0;i<o.length;i++)o[i].style.display=\"none\";for(i=0;i<a.length;i++)s=a[i],e.source===s.contentWindow&&(s.removeAttribute(\"style\"),\"height\"===t.message?(1e3<(r=parseInt(t.value,10))?r=1e3:~~r<200&&(r=200),s.height=r):\"link\"===t.message&&(r=new URL(s.getAttribute(\"src\")),n=new URL(t.value),c.test(n.protocol))&&n.host===r.host&&l.activeElement===s&&(d.top.location.href=t.value))}},d.addEventListener(\"message\",d.wp.receiveEmbedMessage,!1),l.addEventListener(\"DOMContentLoaded\",function(){for(var e,t,s=l.querySelectorAll(\"iframe.wp-embedded-content\"),r=0;r<s.length;r++)(t=(e=s[r]).getAttribute(\"data-secret\"))||(t=Math.random().toString(36).substring(2,12),e.src+=\"#?secret=\"+t,e.setAttribute(\"data-secret\",t)),e.contentWindow.postMessage({message:\"ready\",secret:t},\"*\")},!1)))}(window,document);\n\/* ]]> *\/\n<\/script>\n"},"_links":{"self":[{"href":"https:\/\/stepienybarno.es\/blog\/wp-json\/wp\/v2\/posts\/20438"}],"collection":[{"href":"https:\/\/stepienybarno.es\/blog\/wp-json\/wp\/v2\/posts"}],"about":[{"href":"https:\/\/stepienybarno.es\/blog\/wp-json\/wp\/v2\/types\/post"}],"author":[{"embeddable":true,"href":"https:\/\/stepienybarno.es\/blog\/wp-json\/wp\/v2\/users\/2"}],"replies":[{"embeddable":true,"href":"https:\/\/stepienybarno.es\/blog\/wp-json\/wp\/v2\/comments?post=20438"}],"version-history":[{"count":3,"href":"https:\/\/stepienybarno.es\/blog\/wp-json\/wp\/v2\/posts\/20438\/revisions"}],"predecessor-version":[{"id":20442,"href":"https:\/\/stepienybarno.es\/blog\/wp-json\/wp\/v2\/posts\/20438\/revisions\/20442"}],"wp:attachment":[{"href":"https:\/\/stepienybarno.es\/blog\/wp-json\/wp\/v2\/media?parent=20438"}],"wp:term":[{"taxonomy":"category","embeddable":true,"href":"https:\/\/stepienybarno.es\/blog\/wp-json\/wp\/v2\/categories?post=20438"},{"taxonomy":"post_tag","embeddable":true,"href":"https:\/\/stepienybarno.es\/blog\/wp-json\/wp\/v2\/tags?post=20438"},{"taxonomy":"series","embeddable":true,"href":"https:\/\/stepienybarno.es\/blog\/wp-json\/wp\/v2\/series?post=20438"}],"curies":[{"name":"wp","href":"https:\/\/api.w.org\/{rel}","templated":true}]}}