{"id":20645,"date":"2016-02-03T21:18:26","date_gmt":"2016-02-03T19:18:26","guid":{"rendered":"https:\/\/www.stepienybarno.es\/blog\/?p=20645"},"modified":"2016-02-03T21:18:26","modified_gmt":"2016-02-03T19:18:26","slug":"usemos-las-viviendas-vacias","status":"publish","type":"post","link":"https:\/\/stepienybarno.es\/blog\/2016\/02\/03\/usemos-las-viviendas-vacias\/","title":{"rendered":"USEMOS LAS VIVIENDAS VAC\u00cdAS"},"content":{"rendered":"<p><a href=\"https:\/\/stepienybarno.es\/blog\/wp-content\/uploads\/2016\/02\/stepienybarno-blog-arquitasa-viviendas-vacias.jpg\"><img loading=\"lazy\" decoding=\"async\" class=\"aligncenter size-medium wp-image-20646\" title=\"stepienybarno-blog-arquitasa-viviendas-vacias\" src=\"https:\/\/stepienybarno.es\/blog\/wp-content\/uploads\/2016\/02\/stepienybarno-blog-arquitasa-viviendas-vacias-350x219.jpg\" alt=\"stepienybarno-blog-arquitasa-viviendas-vacias\" width=\"350\" height=\"219\" \/><\/a><\/p>\n<p>Desde <a href=\"http:\/\/www.arquitasa.com\/\" target=\"_blank\">Arquitasa<\/a><\/p>\n<p><!--more--><\/p>\n<p>\u201cSe ha escrito mucho sobre el inmenso parque de\u00a0<strong>viviendas vac\u00edas<\/strong> existente en Espa\u00f1a. Se han publicados diversos informes que cuantifican y segmentan, de forma muy diferente, las unidades existentes, pero casi ninguno tiene el rigor exigible para poder analizar correctamente la cuesti\u00f3n. Se han escrito innumerables art\u00edculos analizando las causas que han llevado a la actual situaci\u00f3n. La mayor\u00eda de las opiniones vertidas se basan en f\u00e1ciles cr\u00edticas sobre las condiciones que condujeron\u00a0 a la locura colectiva vivida en la pasada d\u00e9cada, pero casi nadie ha aportado soluciones para desatascar el\u00a0<strong><em><a href=\"http:\/\/unfollowmagazine.com\/2012\/12\/casas-vacias-el-sindrome-de-una-economia-yonqui\/\" target=\"_blank\">evidente problema<\/a><\/em><\/strong>.<\/p>\n<p>Hoy, asumiendo que convive la nefasta realidad\u00a0 de seguir necesit\u00e1ndose muchas\u00a0<strong>viviendas<\/strong> al mismo tiempo que muchas de las existentes est\u00e1n tristes y solas esperando a ser usadas, queremos comenzar a pensar de otra manera, proponiendo posibles soluciones.<\/p>\n<p>No queremos detenernos m\u00e1s tiempo del necesario averiguando el n\u00famero exacto de\u00a0<em><a href=\"http:\/\/www.elmundo.es\/elmundo\/2011\/11\/17\/suvivienda\/1321546929.html\" target=\"_blank\"><strong>viviendas vac\u00edas<\/strong><\/a><\/em> repartidas por toda la geograf\u00eda espa\u00f1ola, pero estimando en que se aproxima al mill\u00f3n de unidades, bas\u00e1ndonos en el serio trabajo realizado en el a\u00f1o 2009 por el\u00a0<em><a href=\"http:\/\/www.laverdad.es\/murcia\/20080504\/sociedad\/arquitectos-debaten-esta-semana-20080504.html\" target=\"_blank\"><strong>Colegio de Arquitectos de Murcia<\/strong><\/a><\/em>.<\/p>\n<p>En dicho informe \u00a0se analizaban, de una forma combinada, los datos relativos a las\u00a0<strong>viviendas visadas<\/strong> por los Colegios, con las viviendas que hab\u00edan obtenido la llamada \u201c<em>c\u00e9dula de habitabilidad<\/em>\u201d, es decir que hab\u00edan sido\u00a0<strong>construidas y terminadas<\/strong>.\u00a0El referido estudio cruzaba los datos obtenidos con otros distintos, \u00a0aportados por los Registradores de la Propiedad. Con todo ello se determinaba el porcentaje de viviendas terminadas que hab\u00edan sido vendidas. Finalmente se analizaban los datos referidos, con los aportados por las Compa\u00f1\u00edas El\u00e9ctricas, obteni\u00e9ndose el n\u00famero de viviendas que se hab\u00edan dado de alta en este servicio, dato que indicaba \u00a0las viviendas que hab\u00edan sido ocupadas (\u2026)\u201d<\/p>\n<blockquote>\n<p style=\"text-align: center;\">Accede al art\u00edculo, <a href=\"http:\/\/www.arquitasa.com\/usemos-las-viviendas-vacias\/\" target=\"_blank\">AQU\u00cd<\/a><\/p>\n<\/blockquote>\n<p align=\"center\">\n<p align=\"center\">\n<p><a href=\"http:\/\/www.lacol.org\/\"><\/a><\/p>\n<p><em><span style=\"color: #888888;\">Noticia seleccionada por el Canal de arquitectura STEPIENYBARNO.<\/span><\/em><\/p>\n<p><a href=\"https:\/\/twitter.com\/stepienybarno\" target=\"_blank\"><em>STEPIENYBARNO EN TWITTER _ @stepienybarno<\/em><\/a><\/p>\n<p><a href=\"http:\/\/www.linkedin.com\/company\/stepienybarno\" target=\"_blank\"><em>STEPIENYBARNO EN LINKEDIN<\/em><\/a><\/p>\n<p><a href=\"https:\/\/www.facebook.com\/pages\/BLOG-DE-STEPIENYBARNO\/78001079029\" target=\"_blank\"><em>STEPIENYBARNO EN FACEBOOK<\/em><\/a><\/p>\n<p><em><span style=\"color: #888888;\">*Stepienybarno est\u00e1 formado por Agnieszka Stepien y Lorenzo Barn\u00f3 y desde mayo del 2009 estamos en la red con\u00a0 la presente publicaci\u00f3n digital (Blog) de arquitectura.<\/span><\/em><\/p>\n<p><em><span style=\"color: #888888;\">Nuestra actividad se sustenta en tres pilares b\u00e1sicos: la investigaci\u00f3n, la publicaci\u00f3n (comunicaci\u00f3n y difusi\u00f3n) y la redacci\u00f3n de proyectos de arquitectura.<\/span><\/em><\/p>\n<p><span style=\"color: #888888;\"><em>A su vez, somos socios cofundadores de<\/em><em> <\/em><\/span><a href=\"http:\/\/sinergiasostenible.org\/\" target=\"_blank\"><em>SINERGIA SOSTENIBLE<\/em><\/a><em><span style=\"color: #888888;\">, redactores de<\/span><\/em><em> <\/em><a href=\"http:\/\/www.laciudadviva.org\/blogs\/?author=45\" target=\"_blank\"><em>LA CIUDAD VIVA<\/em><\/a><em> <\/em><span style=\"color: #888888;\"><em>y directores del blog de<\/em><em> <\/em><\/span><a href=\"http:\/\/blogfundacion.arquia.es\/\" target=\"_blank\"><em>FUNDACI\u00d3N ARQUIA<span style=\"color: #888888;\">.<\/span><\/em><\/a><\/p>\n<p><em><span style=\"color: #888888;\">* Los editores de esta publicaci\u00f3n digital no nos hacemos cargo de de los comentarios y\u00a0 conceptos vertidos en los textos firmados por otras personas, siendo \u00e9stos de responsabilidad exclusiva de sus autores.<\/span><\/em><\/p>\n<p><em><span style=\"color: #888888;\">* Tu comentario podr\u00e1 ser moderado, por lo tanto, aunque aparezca inmediatamente al ser publicado en la entrada, los editores de esta publicaci\u00f3n digital nos reservamos el derecho tanto de editarlo (si fuera necesario, para hacerlo m\u00e1s legible) como de eliminarlo en el caso de que se usen expresiones incorrectas (descalificaciones, palabras malsonantes\u2026). A su vez, si quieres comentar desde el anonimato puedes hacerlo, aunque, nosotros personalmente, agradecemos que tod@s nos podamos identificar.<\/span><\/em><\/p>\n","protected":false},"excerpt":{"rendered":"<p>Desde Arquitasa<\/p>\n<p>(m\u00e1s&#8230;)<\/p>\n","protected":false},"author":2,"featured_media":0,"comment_status":"open","ping_status":"closed","sticky":false,"template":"","format":"standard","meta":{"om_disable_all_campaigns":false,"_monsterinsights_skip_tracking":false,"_monsterinsights_sitenote_active":false,"_monsterinsights_sitenote_note":"","_monsterinsights_sitenote_category":0,"_uf_show_specific_survey":0,"_uf_disable_surveys":false,"episode_type":"","audio_file":"","cover_image":"","cover_image_id":"","duration":"","filesize":"","date_recorded":"","explicit":"","block":"","filesize_raw":"","footnotes":""},"categories":[244],"tags":[3541],"series":[],"class_list":["post-20645","post","type-post","status-publish","format-standard","hentry","category-canal-de-arquitectura","tag-arquitasa"],"aioseo_notices":[],"episode_featured_image":false,"episode_player_image":"https:\/\/stepienybarno.es\/blog\/wp-content\/uploads\/2020\/11\/stepienybarno-podcast-scaled.jpg","download_link":"","player_link":"","audio_player":false,"episode_data":{"playerMode":"dark","subscribeUrls":[],"rssFeedUrl":"https:\/\/stepienybarno.es\/blog\/feed\/podcast\/podcast-de-stepienybarno","embedCode":"<blockquote class=\"wp-embedded-content\" data-secret=\"GkraP3oN3y\"><a href=\"https:\/\/stepienybarno.es\/blog\/2016\/02\/03\/usemos-las-viviendas-vacias\/\">USEMOS LAS VIVIENDAS VAC\u00cdAS<\/a><\/blockquote><iframe sandbox=\"allow-scripts\" security=\"restricted\" src=\"https:\/\/stepienybarno.es\/blog\/2016\/02\/03\/usemos-las-viviendas-vacias\/embed\/#?secret=GkraP3oN3y\" width=\"500\" height=\"350\" title=\"\u00abUSEMOS LAS VIVIENDAS VAC\u00cdAS\u00bb \u2014 Blog de STEPIEN Y BARNO - publicaci\u00f3n digital sobre arquitectura\" data-secret=\"GkraP3oN3y\" frameborder=\"0\" marginwidth=\"0\" marginheight=\"0\" scrolling=\"no\" class=\"wp-embedded-content\"><\/iframe><script type=\"text\/javascript\">\n\/* <![CDATA[ *\/\n\/*! This file is auto-generated *\/\n!function(d,l){\"use strict\";l.querySelector&&d.addEventListener&&\"undefined\"!=typeof URL&&(d.wp=d.wp||{},d.wp.receiveEmbedMessage||(d.wp.receiveEmbedMessage=function(e){var t=e.data;if((t||t.secret||t.message||t.value)&&!\/[^a-zA-Z0-9]\/.test(t.secret)){for(var s,r,n,a=l.querySelectorAll('iframe[data-secret=\"'+t.secret+'\"]'),o=l.querySelectorAll('blockquote[data-secret=\"'+t.secret+'\"]'),c=new RegExp(\"^https?:$\",\"i\"),i=0;i<o.length;i++)o[i].style.display=\"none\";for(i=0;i<a.length;i++)s=a[i],e.source===s.contentWindow&&(s.removeAttribute(\"style\"),\"height\"===t.message?(1e3<(r=parseInt(t.value,10))?r=1e3:~~r<200&&(r=200),s.height=r):\"link\"===t.message&&(r=new URL(s.getAttribute(\"src\")),n=new URL(t.value),c.test(n.protocol))&&n.host===r.host&&l.activeElement===s&&(d.top.location.href=t.value))}},d.addEventListener(\"message\",d.wp.receiveEmbedMessage,!1),l.addEventListener(\"DOMContentLoaded\",function(){for(var e,t,s=l.querySelectorAll(\"iframe.wp-embedded-content\"),r=0;r<s.length;r++)(t=(e=s[r]).getAttribute(\"data-secret\"))||(t=Math.random().toString(36).substring(2,12),e.src+=\"#?secret=\"+t,e.setAttribute(\"data-secret\",t)),e.contentWindow.postMessage({message:\"ready\",secret:t},\"*\")},!1)))}(window,document);\n\/* ]]> *\/\n<\/script>\n"},"_links":{"self":[{"href":"https:\/\/stepienybarno.es\/blog\/wp-json\/wp\/v2\/posts\/20645"}],"collection":[{"href":"https:\/\/stepienybarno.es\/blog\/wp-json\/wp\/v2\/posts"}],"about":[{"href":"https:\/\/stepienybarno.es\/blog\/wp-json\/wp\/v2\/types\/post"}],"author":[{"embeddable":true,"href":"https:\/\/stepienybarno.es\/blog\/wp-json\/wp\/v2\/users\/2"}],"replies":[{"embeddable":true,"href":"https:\/\/stepienybarno.es\/blog\/wp-json\/wp\/v2\/comments?post=20645"}],"version-history":[{"count":2,"href":"https:\/\/stepienybarno.es\/blog\/wp-json\/wp\/v2\/posts\/20645\/revisions"}],"predecessor-version":[{"id":20648,"href":"https:\/\/stepienybarno.es\/blog\/wp-json\/wp\/v2\/posts\/20645\/revisions\/20648"}],"wp:attachment":[{"href":"https:\/\/stepienybarno.es\/blog\/wp-json\/wp\/v2\/media?parent=20645"}],"wp:term":[{"taxonomy":"category","embeddable":true,"href":"https:\/\/stepienybarno.es\/blog\/wp-json\/wp\/v2\/categories?post=20645"},{"taxonomy":"post_tag","embeddable":true,"href":"https:\/\/stepienybarno.es\/blog\/wp-json\/wp\/v2\/tags?post=20645"},{"taxonomy":"series","embeddable":true,"href":"https:\/\/stepienybarno.es\/blog\/wp-json\/wp\/v2\/series?post=20645"}],"curies":[{"name":"wp","href":"https:\/\/api.w.org\/{rel}","templated":true}]}}