{"id":20788,"date":"2016-02-12T19:11:43","date_gmt":"2016-02-12T17:11:43","guid":{"rendered":"https:\/\/www.stepienybarno.es\/blog\/?p=20788"},"modified":"2016-02-12T18:50:52","modified_gmt":"2016-02-12T16:50:52","slug":"la-tienda-de-campana-con-energia-solar-incorporada","status":"publish","type":"post","link":"https:\/\/stepienybarno.es\/blog\/2016\/02\/12\/la-tienda-de-campana-con-energia-solar-incorporada\/","title":{"rendered":"LA TIENDA DE CAMPA\u00d1A CON ENERG\u00cdA SOLAR INCORPORADA"},"content":{"rendered":"<p><a href=\"https:\/\/stepienybarno.es\/blog\/wp-content\/uploads\/2016\/02\/stepienybarno-blog-ecoinventos-tienda-campa\u00f1a-energia-solar.jpg\"><img loading=\"lazy\" decoding=\"async\" class=\"aligncenter size-full wp-image-20789\" title=\"stepienybarno-blog-ecoinventos-tienda-campa\u00f1a-energia-solar\" src=\"https:\/\/stepienybarno.es\/blog\/wp-content\/uploads\/2016\/02\/stepienybarno-blog-ecoinventos-tienda-campa\u00f1a-energia-solar.jpg\" alt=\"stepienybarno-blog-ecoinventos-tienda-campa\u00f1a-energia-solar\" width=\"500\" height=\"283\" srcset=\"https:\/\/stepienybarno.es\/blog\/wp-content\/uploads\/2016\/02\/stepienybarno-blog-ecoinventos-tienda-campa\u00f1a-energia-solar.jpg 500w, https:\/\/stepienybarno.es\/blog\/wp-content\/uploads\/2016\/02\/stepienybarno-blog-ecoinventos-tienda-campa\u00f1a-energia-solar-180x102.jpg 180w, https:\/\/stepienybarno.es\/blog\/wp-content\/uploads\/2016\/02\/stepienybarno-blog-ecoinventos-tienda-campa\u00f1a-energia-solar-316x179.jpg 316w\" sizes=\"(max-width: 500px) 100vw, 500px\" \/><\/a><\/p>\n<p>Desde <a href=\"http:\/\/ecoinventos.com\/\" target=\"_blank\">Ecoinventos<\/a><\/p>\n<p><!--more--><\/p>\n<p>\u201cEste post es para los aventureros.\u00a0<strong>Si te gusta acampar<\/strong>, he viajado bastante en mi vida,\u00a0<strong>pero nunca dejar de lado el contacto con la naturaleza y siempre prefieres llevar tu\u00a0<a href=\"http:\/\/ecoinventos.com\/tiendas-de-campana-modulares\/\" target=\"_blank\">tienda de campa\u00f1a<\/a><\/strong>, a\u00fan con las molestias. \u00bfQu\u00e9 tal una tienda de campa\u00f1a m\u00e1s del siglo XXI?<\/p>\n<p>Orange Solar Tent es una\u00a0tienda de campa\u00f1a capaz de emitir una se\u00f1al Wi-Fi\u00a0y\u00a0<strong>producir su propia energ\u00eda solar para darte calor en las fr\u00edas noches, iluminar la tienda o tener en medio del campo electricidad para lo que necesites<\/strong>. Adem\u00e1s de generar electricidad ecol\u00f3gica, te mantiene tu conexi\u00f3n a internet.<\/p>\n<p><strong>Las empresas encargadas de este nuevo\u00a0concepto concepto de tienda de campa\u00f1a son el<\/strong><strong> <\/strong><strong><a href=\"http:\/\/kascope.com\/our-work\/orange-solar-tent-product-design-concept\/\" target=\"_blank\">Kaleidoscope<\/a><\/strong><strong> <\/strong><strong>y la multinacional de las comunicaciones\u00a0Orange<\/strong>. (\u2026)\u201d<\/p>\n<blockquote>\n<p style=\"text-align: center;\">Accede al v\u00eddeo, <a href=\"http:\/\/ecoinventos.com\/la-tienda-de-campana-con-energia-solar-incorporada\/\" target=\"_blank\">AQU\u00cd<\/a><\/p>\n<\/blockquote>\n<p align=\"center\">\n<p align=\"center\">\n<p align=\"center\">\n<p><a href=\"http:\/\/www.lacol.org\/\"><\/a><\/p>\n<p><span style=\"color: #888888;\"> <\/span><\/p>\n<p><em><span style=\"color: #888888;\">Noticia seleccionada por el Canal de arquitectura STEPIENYBARNO.<\/span><\/em><\/p>\n<p><a href=\"https:\/\/twitter.com\/stepienybarno\" target=\"_blank\"><em>STEPIENYBARNO EN TWITTER _ @stepienybarno<\/em><\/a><\/p>\n<p><a href=\"http:\/\/www.linkedin.com\/company\/stepienybarno\" target=\"_blank\"><em>STEPIENYBARNO EN LINKEDIN<\/em><\/a><\/p>\n<p><a href=\"https:\/\/www.facebook.com\/pages\/BLOG-DE-STEPIENYBARNO\/78001079029\" target=\"_blank\"><em>STEPIENYBARNO EN FACEBOOK<\/em><\/a><\/p>\n<p><em><span style=\"color: #888888;\">*Stepienybarno est\u00e1 formado por Agnieszka Stepien y Lorenzo Barn\u00f3 y desde mayo del 2009 estamos en la red con\u00a0 la presente publicaci\u00f3n digital (Blog) de arquitectura.<\/span><\/em><\/p>\n<p><em><span style=\"color: #888888;\">Nuestra actividad se sustenta en tres pilares b\u00e1sicos: la investigaci\u00f3n, la publicaci\u00f3n (comunicaci\u00f3n y difusi\u00f3n) y la redacci\u00f3n de proyectos de arquitectura.<\/span><\/em><\/p>\n<p><em><span style=\"color: #888888;\">A su vez, somos socios cofundadores de<\/span><\/em><em> <\/em><a href=\"http:\/\/sinergiasostenible.org\/\" target=\"_blank\"><em>SINERGIA SOSTENIBLE<\/em><\/a><em><span style=\"color: #888888;\">, redactores de<\/span><\/em><em> <\/em><a href=\"http:\/\/www.laciudadviva.org\/blogs\/?author=45\" target=\"_blank\"><em>LA CIUDAD VIVA<\/em><\/a><span style=\"color: #888888;\"><em> <\/em><em>y directores del blog de<\/em><em> <\/em><\/span><a href=\"http:\/\/blogfundacion.arquia.es\/\" target=\"_blank\"><em>FUNDACI\u00d3N ARQUIA<span style=\"color: #888888;\">.<\/span><\/em><\/a><\/p>\n<p><em><span style=\"color: #888888;\">* Los editores de esta publicaci\u00f3n digital no nos hacemos cargo de de los comentarios y\u00a0 conceptos vertidos en los textos firmados por otras personas, siendo \u00e9stos de responsabilidad exclusiva de sus autores.<\/span><\/em><\/p>\n<p><em><span style=\"color: #888888;\">* Tu comentario podr\u00e1 ser moderado, por lo tanto, aunque aparezca inmediatamente al ser publicado en la entrada, los editores de esta publicaci\u00f3n digital nos reservamos el derecho tanto de editarlo (si fuera necesario, para hacerlo m\u00e1s legible) como de eliminarlo en el caso de que se usen expresiones incorrectas (descalificaciones, palabras malsonantes\u2026). A su vez, si quieres comentar desde el anonimato puedes hacerlo, aunque, nosotros personalmente, agradecemos que tod@s nos podamos identificar.<\/span><\/em><\/p>\n","protected":false},"excerpt":{"rendered":"<p>Desde Ecoinventos<\/p>\n<p>(m\u00e1s&#8230;)<\/p>\n","protected":false},"author":2,"featured_media":0,"comment_status":"open","ping_status":"closed","sticky":false,"template":"","format":"standard","meta":{"om_disable_all_campaigns":false,"_monsterinsights_skip_tracking":false,"_monsterinsights_sitenote_active":false,"_monsterinsights_sitenote_note":"","_monsterinsights_sitenote_category":0,"_uf_show_specific_survey":0,"_uf_disable_surveys":false,"episode_type":"","audio_file":"","cover_image":"","cover_image_id":"","duration":"","filesize":"","date_recorded":"","explicit":"","block":"","filesize_raw":"","footnotes":""},"categories":[244],"tags":[3973,3974],"series":[],"class_list":["post-20788","post","type-post","status-publish","format-standard","hentry","category-canal-de-arquitectura","tag-ecoinventos","tag-energia-solar"],"aioseo_notices":[],"episode_featured_image":false,"episode_player_image":"https:\/\/stepienybarno.es\/blog\/wp-content\/uploads\/2020\/11\/stepienybarno-podcast-scaled.jpg","download_link":"","player_link":"","audio_player":false,"episode_data":{"playerMode":"dark","subscribeUrls":[],"rssFeedUrl":"https:\/\/stepienybarno.es\/blog\/feed\/podcast\/podcast-de-stepienybarno","embedCode":"<blockquote class=\"wp-embedded-content\" data-secret=\"ZRXxfzvVAt\"><a href=\"https:\/\/stepienybarno.es\/blog\/2016\/02\/12\/la-tienda-de-campana-con-energia-solar-incorporada\/\">LA TIENDA DE CAMPA\u00d1A CON ENERG\u00cdA SOLAR INCORPORADA<\/a><\/blockquote><iframe sandbox=\"allow-scripts\" security=\"restricted\" src=\"https:\/\/stepienybarno.es\/blog\/2016\/02\/12\/la-tienda-de-campana-con-energia-solar-incorporada\/embed\/#?secret=ZRXxfzvVAt\" width=\"500\" height=\"350\" title=\"\u00abLA TIENDA DE CAMPA\u00d1A CON ENERG\u00cdA SOLAR INCORPORADA\u00bb \u2014 Blog de STEPIEN Y BARNO - publicaci\u00f3n digital sobre arquitectura\" data-secret=\"ZRXxfzvVAt\" frameborder=\"0\" marginwidth=\"0\" marginheight=\"0\" scrolling=\"no\" class=\"wp-embedded-content\"><\/iframe><script type=\"text\/javascript\">\n\/* <![CDATA[ *\/\n\/*! This file is auto-generated *\/\n!function(d,l){\"use strict\";l.querySelector&&d.addEventListener&&\"undefined\"!=typeof URL&&(d.wp=d.wp||{},d.wp.receiveEmbedMessage||(d.wp.receiveEmbedMessage=function(e){var t=e.data;if((t||t.secret||t.message||t.value)&&!\/[^a-zA-Z0-9]\/.test(t.secret)){for(var s,r,n,a=l.querySelectorAll('iframe[data-secret=\"'+t.secret+'\"]'),o=l.querySelectorAll('blockquote[data-secret=\"'+t.secret+'\"]'),c=new RegExp(\"^https?:$\",\"i\"),i=0;i<o.length;i++)o[i].style.display=\"none\";for(i=0;i<a.length;i++)s=a[i],e.source===s.contentWindow&&(s.removeAttribute(\"style\"),\"height\"===t.message?(1e3<(r=parseInt(t.value,10))?r=1e3:~~r<200&&(r=200),s.height=r):\"link\"===t.message&&(r=new URL(s.getAttribute(\"src\")),n=new URL(t.value),c.test(n.protocol))&&n.host===r.host&&l.activeElement===s&&(d.top.location.href=t.value))}},d.addEventListener(\"message\",d.wp.receiveEmbedMessage,!1),l.addEventListener(\"DOMContentLoaded\",function(){for(var e,t,s=l.querySelectorAll(\"iframe.wp-embedded-content\"),r=0;r<s.length;r++)(t=(e=s[r]).getAttribute(\"data-secret\"))||(t=Math.random().toString(36).substring(2,12),e.src+=\"#?secret=\"+t,e.setAttribute(\"data-secret\",t)),e.contentWindow.postMessage({message:\"ready\",secret:t},\"*\")},!1)))}(window,document);\n\/* ]]> *\/\n<\/script>\n"},"_links":{"self":[{"href":"https:\/\/stepienybarno.es\/blog\/wp-json\/wp\/v2\/posts\/20788"}],"collection":[{"href":"https:\/\/stepienybarno.es\/blog\/wp-json\/wp\/v2\/posts"}],"about":[{"href":"https:\/\/stepienybarno.es\/blog\/wp-json\/wp\/v2\/types\/post"}],"author":[{"embeddable":true,"href":"https:\/\/stepienybarno.es\/blog\/wp-json\/wp\/v2\/users\/2"}],"replies":[{"embeddable":true,"href":"https:\/\/stepienybarno.es\/blog\/wp-json\/wp\/v2\/comments?post=20788"}],"version-history":[{"count":2,"href":"https:\/\/stepienybarno.es\/blog\/wp-json\/wp\/v2\/posts\/20788\/revisions"}],"predecessor-version":[{"id":20791,"href":"https:\/\/stepienybarno.es\/blog\/wp-json\/wp\/v2\/posts\/20788\/revisions\/20791"}],"wp:attachment":[{"href":"https:\/\/stepienybarno.es\/blog\/wp-json\/wp\/v2\/media?parent=20788"}],"wp:term":[{"taxonomy":"category","embeddable":true,"href":"https:\/\/stepienybarno.es\/blog\/wp-json\/wp\/v2\/categories?post=20788"},{"taxonomy":"post_tag","embeddable":true,"href":"https:\/\/stepienybarno.es\/blog\/wp-json\/wp\/v2\/tags?post=20788"},{"taxonomy":"series","embeddable":true,"href":"https:\/\/stepienybarno.es\/blog\/wp-json\/wp\/v2\/series?post=20788"}],"curies":[{"name":"wp","href":"https:\/\/api.w.org\/{rel}","templated":true}]}}