{"id":20796,"date":"2016-02-15T12:02:00","date_gmt":"2016-02-15T10:02:00","guid":{"rendered":"https:\/\/www.stepienybarno.es\/blog\/?p=20796"},"modified":"2016-02-15T12:03:37","modified_gmt":"2016-02-15T10:03:37","slug":"casa-en-valle-egues-por-pereda-perez-arquitectos-underconcstruction","status":"publish","type":"post","link":"https:\/\/stepienybarno.es\/blog\/2016\/02\/15\/casa-en-valle-egues-por-pereda-perez-arquitectos-underconcstruction\/","title":{"rendered":"CASA EN VALLE EG\u00dcES POR PEREDA P\u00c9REZ ARQUITECTOS #UnderConcstruction"},"content":{"rendered":"<p style=\"text-align: center;\"><a href=\"https:\/\/stepienybarno.es\/blog\/wp-content\/uploads\/2016\/02\/0.-PEREDA-PEREZ-ARQUITECTOS-EGUES-CASA-STEPIENYBARNO-UNDERCONSTRUCTION-Carlos-Garmendia.jpg\"><img loading=\"lazy\" decoding=\"async\" class=\"aligncenter size-full wp-image-20797\" title=\"0. PEREDA-PEREZ-ARQUITECTOS-EGUES-CASA-STEPIENYBARNO-UNDERCONSTRUCTION-Carlos Garmendia\" src=\"https:\/\/stepienybarno.es\/blog\/wp-content\/uploads\/2016\/02\/0.-PEREDA-PEREZ-ARQUITECTOS-EGUES-CASA-STEPIENYBARNO-UNDERCONSTRUCTION-Carlos-Garmendia.jpg\" alt=\"0. PEREDA-PEREZ-ARQUITECTOS-EGUES-CASA-STEPIENYBARNO-UNDERCONSTRUCTION-Carlos Garmendia\" width=\"350\" height=\"270\" srcset=\"https:\/\/stepienybarno.es\/blog\/wp-content\/uploads\/2016\/02\/0.-PEREDA-PEREZ-ARQUITECTOS-EGUES-CASA-STEPIENYBARNO-UNDERCONSTRUCTION-Carlos-Garmendia.jpg 350w, https:\/\/stepienybarno.es\/blog\/wp-content\/uploads\/2016\/02\/0.-PEREDA-PEREZ-ARQUITECTOS-EGUES-CASA-STEPIENYBARNO-UNDERCONSTRUCTION-Carlos-Garmendia-180x139.jpg 180w, https:\/\/stepienybarno.es\/blog\/wp-content\/uploads\/2016\/02\/0.-PEREDA-PEREZ-ARQUITECTOS-EGUES-CASA-STEPIENYBARNO-UNDERCONSTRUCTION-Carlos-Garmendia-316x244.jpg 316w\" sizes=\"(max-width: 350px) 100vw, 350px\" \/><\/a><\/p>\n<p align=\"left\">Son \u00a0tiempos de hiper-informaci\u00f3n arquitect\u00f3nica, donde decenas de proyectos son publicados cada d\u00eda, en muchos casos, con un maquillaje excesivo que aleja al espectador de la esencia de la obra en favor de los fuegos de artificio.<\/p>\n<p align=\"left\">Sin embargo, seguramente, trae m\u00e1s cuenta fijarse en el proceso de la propia construcci\u00f3n del edificio y ver la verdad de lo que se construye; cuanto menos escenario de cart\u00f3n piedra mejor.<\/p>\n<p align=\"left\">As\u00ed que, con el post de hoy tenemos el inmenso placer de que el estudio de arquitectura Pereda P\u00e9rez Arquitectos se haya animado a publicar este proyecto mucho antes de su final de obra. \u00a1Como ver\u00e9is el tema no tiene desperdicio!<\/p>\n<p align=\"left\">Por ello, tenemos que agradecerles su valent\u00eda y tambi\u00e9n a \u00a0Antonio Cidoncha y Carlos Garmendia las estupendas fotos que nos hacen llegar para ilustrar la entrada.<\/p>\n<p align=\"left\">A disfrutarlo, que no suele haber muchas ocasiones como esta!!<!--more--><\/p>\n<p align=\"left\">&#8230;&#8230;&#8230;&#8230;&#8230;&#8230;&#8230;&#8230;&#8230;&#8230;&#8230;&#8230;&#8230;&#8230;&#8230;&#8230;&#8230;&#8230;&#8230;&#8230;&#8230;&#8230;&#8230;&#8230;&#8230;&#8230;&#8230;&#8230;&#8230;&#8230;&#8230;&#8230;..<\/p>\n<p align=\"left\">\n<p align=\"left\"><strong>Memoria de los arquitectos:<\/strong><\/p>\n<p align=\"left\">La parcela se sit\u00faa en un n\u00facleo urbano de nueva creaci\u00f3n en la periferia de Pamplona. \u00c9sta,\u00a0de\u00a0planta sensiblemente\u00a0rectangular, presenta\u00a0una topograf\u00eda muy marcada con un desnivel entre sus extremos de 16 metros en la direcci\u00f3n este_oeste.<\/p>\n<p align=\"left\">\n<p align=\"center\"><a href=\"https:\/\/stepienybarno.es\/blog\/wp-content\/uploads\/2016\/02\/1.-PEREDA-PEREZ-ARQUITECTOS-EGUES-CASA-STEPIENYBARNO-UNDERCONSTRUCTION.jpg\"><img loading=\"lazy\" decoding=\"async\" class=\"aligncenter size-full wp-image-20798\" title=\"1. PEREDA-PEREZ-ARQUITECTOS-EGUES-CASA-STEPIENYBARNO-UNDERCONSTRUCTION\" src=\"https:\/\/stepienybarno.es\/blog\/wp-content\/uploads\/2016\/02\/1.-PEREDA-PEREZ-ARQUITECTOS-EGUES-CASA-STEPIENYBARNO-UNDERCONSTRUCTION.jpg\" alt=\"1. PEREDA-PEREZ-ARQUITECTOS-EGUES-CASA-STEPIENYBARNO-UNDERCONSTRUCTION\" width=\"500\" height=\"500\" srcset=\"https:\/\/stepienybarno.es\/blog\/wp-content\/uploads\/2016\/02\/1.-PEREDA-PEREZ-ARQUITECTOS-EGUES-CASA-STEPIENYBARNO-UNDERCONSTRUCTION.jpg 500w, https:\/\/stepienybarno.es\/blog\/wp-content\/uploads\/2016\/02\/1.-PEREDA-PEREZ-ARQUITECTOS-EGUES-CASA-STEPIENYBARNO-UNDERCONSTRUCTION-180x180.jpg 180w, https:\/\/stepienybarno.es\/blog\/wp-content\/uploads\/2016\/02\/1.-PEREDA-PEREZ-ARQUITECTOS-EGUES-CASA-STEPIENYBARNO-UNDERCONSTRUCTION-224x224.jpg 224w, https:\/\/stepienybarno.es\/blog\/wp-content\/uploads\/2016\/02\/1.-PEREDA-PEREZ-ARQUITECTOS-EGUES-CASA-STEPIENYBARNO-UNDERCONSTRUCTION-316x316.jpg 316w\" sizes=\"(max-width: 500px) 100vw, 500px\" \/><\/a><\/p>\n<p align=\"center\"><a href=\"https:\/\/stepienybarno.es\/blog\/wp-content\/uploads\/2016\/02\/1.1-PEREDA-PEREZ-ARQUITECTOS-EGUES-CASA-STEPIENYBARNO-UNDERCONSTRUCTION.jpg\"><img loading=\"lazy\" decoding=\"async\" class=\"aligncenter size-full wp-image-20799\" title=\"1.1 PEREDA-PEREZ-ARQUITECTOS-EGUES-CASA-STEPIENYBARNO-UNDERCONSTRUCTION\" src=\"https:\/\/stepienybarno.es\/blog\/wp-content\/uploads\/2016\/02\/1.1-PEREDA-PEREZ-ARQUITECTOS-EGUES-CASA-STEPIENYBARNO-UNDERCONSTRUCTION.jpg\" alt=\"1.1 PEREDA-PEREZ-ARQUITECTOS-EGUES-CASA-STEPIENYBARNO-UNDERCONSTRUCTION\" width=\"500\" height=\"353\" srcset=\"https:\/\/stepienybarno.es\/blog\/wp-content\/uploads\/2016\/02\/1.1-PEREDA-PEREZ-ARQUITECTOS-EGUES-CASA-STEPIENYBARNO-UNDERCONSTRUCTION.jpg 500w, https:\/\/stepienybarno.es\/blog\/wp-content\/uploads\/2016\/02\/1.1-PEREDA-PEREZ-ARQUITECTOS-EGUES-CASA-STEPIENYBARNO-UNDERCONSTRUCTION-180x127.jpg 180w, https:\/\/stepienybarno.es\/blog\/wp-content\/uploads\/2016\/02\/1.1-PEREDA-PEREZ-ARQUITECTOS-EGUES-CASA-STEPIENYBARNO-UNDERCONSTRUCTION-316x223.jpg 316w\" sizes=\"(max-width: 500px) 100vw, 500px\" \/><\/a><\/p>\n<p align=\"center\"><a href=\"https:\/\/stepienybarno.es\/blog\/wp-content\/uploads\/2016\/02\/1.2-PEREDA-PEREZ-ARQUITECTOS-EGUES-CASA-STEPIENYBARNO-UNDERCONSTRUCTION.jpg\"><img loading=\"lazy\" decoding=\"async\" class=\"aligncenter size-full wp-image-20807\" title=\"1.2 PEREDA-PEREZ-ARQUITECTOS-EGUES-CASA-STEPIENYBARNO-UNDERCONSTRUCTION\" src=\"https:\/\/stepienybarno.es\/blog\/wp-content\/uploads\/2016\/02\/1.2-PEREDA-PEREZ-ARQUITECTOS-EGUES-CASA-STEPIENYBARNO-UNDERCONSTRUCTION.jpg\" alt=\"1.2 PEREDA-PEREZ-ARQUITECTOS-EGUES-CASA-STEPIENYBARNO-UNDERCONSTRUCTION\" width=\"500\" height=\"180\" srcset=\"https:\/\/stepienybarno.es\/blog\/wp-content\/uploads\/2016\/02\/1.2-PEREDA-PEREZ-ARQUITECTOS-EGUES-CASA-STEPIENYBARNO-UNDERCONSTRUCTION.jpg 500w, https:\/\/stepienybarno.es\/blog\/wp-content\/uploads\/2016\/02\/1.2-PEREDA-PEREZ-ARQUITECTOS-EGUES-CASA-STEPIENYBARNO-UNDERCONSTRUCTION-180x65.jpg 180w, https:\/\/stepienybarno.es\/blog\/wp-content\/uploads\/2016\/02\/1.2-PEREDA-PEREZ-ARQUITECTOS-EGUES-CASA-STEPIENYBARNO-UNDERCONSTRUCTION-316x114.jpg 316w\" sizes=\"(max-width: 500px) 100vw, 500px\" \/><\/a><a href=\"https:\/\/stepienybarno.es\/blog\/wp-content\/uploads\/2016\/02\/2-PEREDA-PEREZ-ARQUITECTOS-EGUES-CASA-STEPIENYBARNO-UNDERCONSTRUCTION.jpg\"><img loading=\"lazy\" decoding=\"async\" class=\"aligncenter size-full wp-image-20808\" title=\"2 PEREDA-PEREZ-ARQUITECTOS-EGUES-CASA-STEPIENYBARNO-UNDERCONSTRUCTION\" src=\"https:\/\/stepienybarno.es\/blog\/wp-content\/uploads\/2016\/02\/2-PEREDA-PEREZ-ARQUITECTOS-EGUES-CASA-STEPIENYBARNO-UNDERCONSTRUCTION.jpg\" alt=\"2 PEREDA-PEREZ-ARQUITECTOS-EGUES-CASA-STEPIENYBARNO-UNDERCONSTRUCTION\" width=\"500\" height=\"500\" srcset=\"https:\/\/stepienybarno.es\/blog\/wp-content\/uploads\/2016\/02\/2-PEREDA-PEREZ-ARQUITECTOS-EGUES-CASA-STEPIENYBARNO-UNDERCONSTRUCTION.jpg 500w, https:\/\/stepienybarno.es\/blog\/wp-content\/uploads\/2016\/02\/2-PEREDA-PEREZ-ARQUITECTOS-EGUES-CASA-STEPIENYBARNO-UNDERCONSTRUCTION-180x180.jpg 180w, https:\/\/stepienybarno.es\/blog\/wp-content\/uploads\/2016\/02\/2-PEREDA-PEREZ-ARQUITECTOS-EGUES-CASA-STEPIENYBARNO-UNDERCONSTRUCTION-224x224.jpg 224w, https:\/\/stepienybarno.es\/blog\/wp-content\/uploads\/2016\/02\/2-PEREDA-PEREZ-ARQUITECTOS-EGUES-CASA-STEPIENYBARNO-UNDERCONSTRUCTION-316x316.jpg 316w\" sizes=\"(max-width: 500px) 100vw, 500px\" \/><\/a><\/p>\n<p align=\"center\"><a href=\"https:\/\/stepienybarno.es\/blog\/wp-content\/uploads\/2016\/02\/3.-PEREDA-PEREZ-ARQUITECTOS-EGUES-CASA-STEPIENYBARNO-UNDERCONSTRUCTION.jpg\"><img loading=\"lazy\" decoding=\"async\" class=\"aligncenter size-full wp-image-20809\" title=\"3. PEREDA-PEREZ-ARQUITECTOS-EGUES-CASA-STEPIENYBARNO-UNDERCONSTRUCTION\" src=\"https:\/\/stepienybarno.es\/blog\/wp-content\/uploads\/2016\/02\/3.-PEREDA-PEREZ-ARQUITECTOS-EGUES-CASA-STEPIENYBARNO-UNDERCONSTRUCTION.jpg\" alt=\"3. PEREDA-PEREZ-ARQUITECTOS-EGUES-CASA-STEPIENYBARNO-UNDERCONSTRUCTION\" width=\"500\" height=\"425\" srcset=\"https:\/\/stepienybarno.es\/blog\/wp-content\/uploads\/2016\/02\/3.-PEREDA-PEREZ-ARQUITECTOS-EGUES-CASA-STEPIENYBARNO-UNDERCONSTRUCTION.jpg 500w, https:\/\/stepienybarno.es\/blog\/wp-content\/uploads\/2016\/02\/3.-PEREDA-PEREZ-ARQUITECTOS-EGUES-CASA-STEPIENYBARNO-UNDERCONSTRUCTION-180x153.jpg 180w, https:\/\/stepienybarno.es\/blog\/wp-content\/uploads\/2016\/02\/3.-PEREDA-PEREZ-ARQUITECTOS-EGUES-CASA-STEPIENYBARNO-UNDERCONSTRUCTION-316x269.jpg 316w\" sizes=\"(max-width: 500px) 100vw, 500px\" \/><\/a><\/p>\n<p align=\"center\"><span style=\"color: #888888;\">Infograf\u00eda: Fernando Royo<\/span><\/p>\n<p align=\"left\">La vivienda se fragmenta buscando, por un lado, un buen asentamiento en la <strong>pendiente <\/strong>y, por otro, una presencia discreta mediante\u00a0una <strong>volumetr\u00eda sencilla, de escala amable y cercana. <\/strong>El proyecto\u00a0se desarrolla en dos plantas: una a nivel de calle en su <strong>nivel superior,<\/strong> con el programa de d\u00eda de la vivienda y otra <strong>inferior<\/strong> con el de noche,\u00a0disfrutando y protegi\u00e9ndose ambos \u00e1mbitos\u00a0de forma permanente\u00a0desde el paisaje lejano.<\/p>\n<p style=\"text-align: center;\"><a href=\"https:\/\/stepienybarno.es\/blog\/wp-content\/uploads\/2016\/02\/4.-PEREDA-PEREZ-ARQUITECTOS-EGUES-CASA-STEPIENYBARNO-UNDERCONSTRUCTION-en-construccion.jpg\"><img loading=\"lazy\" decoding=\"async\" class=\"aligncenter size-full wp-image-20810\" title=\"4. PEREDA-PEREZ-ARQUITECTOS-EGUES-CASA-STEPIENYBARNO-UNDERCONSTRUCTION-en construccion\" src=\"https:\/\/stepienybarno.es\/blog\/wp-content\/uploads\/2016\/02\/4.-PEREDA-PEREZ-ARQUITECTOS-EGUES-CASA-STEPIENYBARNO-UNDERCONSTRUCTION-en-construccion.jpg\" alt=\"4. PEREDA-PEREZ-ARQUITECTOS-EGUES-CASA-STEPIENYBARNO-UNDERCONSTRUCTION-en construccion\" width=\"500\" height=\"375\" srcset=\"https:\/\/stepienybarno.es\/blog\/wp-content\/uploads\/2016\/02\/4.-PEREDA-PEREZ-ARQUITECTOS-EGUES-CASA-STEPIENYBARNO-UNDERCONSTRUCTION-en-construccion.jpg 500w, https:\/\/stepienybarno.es\/blog\/wp-content\/uploads\/2016\/02\/4.-PEREDA-PEREZ-ARQUITECTOS-EGUES-CASA-STEPIENYBARNO-UNDERCONSTRUCTION-en-construccion-180x135.jpg 180w, https:\/\/stepienybarno.es\/blog\/wp-content\/uploads\/2016\/02\/4.-PEREDA-PEREZ-ARQUITECTOS-EGUES-CASA-STEPIENYBARNO-UNDERCONSTRUCTION-en-construccion-316x237.jpg 316w\" sizes=\"(max-width: 500px) 100vw, 500px\" \/><\/a><a href=\"https:\/\/stepienybarno.es\/blog\/wp-content\/uploads\/2016\/02\/5.-PEREDA-PEREZ-ARQUITECTOS-EGUES-CASA-STEPIENYBARNO-UNDERCONSTRUCTION-en-construccion.jpg\"><\/a><\/p>\n<p style=\"text-align: center;\"><a style=\"text-align: center;\" href=\"https:\/\/stepienybarno.es\/blog\/wp-content\/uploads\/2016\/02\/5.-PEREDA-PEREZ-ARQUITECTOS-EGUES-CASA-STEPIENYBARNO-UNDERCONSTRUCTION-en-construccion.jpg\"><img loading=\"lazy\" decoding=\"async\" title=\"5. PEREDA-PEREZ-ARQUITECTOS-EGUES-CASA-STEPIENYBARNO-UNDERCONSTRUCTION-en construccion\" src=\"https:\/\/stepienybarno.es\/blog\/wp-content\/uploads\/2016\/02\/5.-PEREDA-PEREZ-ARQUITECTOS-EGUES-CASA-STEPIENYBARNO-UNDERCONSTRUCTION-en-construccion.jpg\" alt=\"5. PEREDA-PEREZ-ARQUITECTOS-EGUES-CASA-STEPIENYBARNO-UNDERCONSTRUCTION-en construccion\" width=\"500\" height=\"500\" \/><\/a><\/p>\n<p style=\"text-align: center;\"><a href=\"https:\/\/stepienybarno.es\/blog\/wp-content\/uploads\/2016\/02\/6.-PEREDA-PEREZ-ARQUITECTOS-EGUES-CASA-STEPIENYBARNO-UNDERCONSTRUCTION-en-construccion.jpg\"><img loading=\"lazy\" decoding=\"async\" class=\"aligncenter size-full wp-image-20812\" title=\"6. PEREDA-PEREZ-ARQUITECTOS-EGUES-CASA-STEPIENYBARNO-UNDERCONSTRUCTION-en construccion\" src=\"https:\/\/stepienybarno.es\/blog\/wp-content\/uploads\/2016\/02\/6.-PEREDA-PEREZ-ARQUITECTOS-EGUES-CASA-STEPIENYBARNO-UNDERCONSTRUCTION-en-construccion.jpg\" alt=\"6. PEREDA-PEREZ-ARQUITECTOS-EGUES-CASA-STEPIENYBARNO-UNDERCONSTRUCTION-en construccion\" width=\"500\" height=\"500\" srcset=\"https:\/\/stepienybarno.es\/blog\/wp-content\/uploads\/2016\/02\/6.-PEREDA-PEREZ-ARQUITECTOS-EGUES-CASA-STEPIENYBARNO-UNDERCONSTRUCTION-en-construccion.jpg 500w, https:\/\/stepienybarno.es\/blog\/wp-content\/uploads\/2016\/02\/6.-PEREDA-PEREZ-ARQUITECTOS-EGUES-CASA-STEPIENYBARNO-UNDERCONSTRUCTION-en-construccion-180x180.jpg 180w, https:\/\/stepienybarno.es\/blog\/wp-content\/uploads\/2016\/02\/6.-PEREDA-PEREZ-ARQUITECTOS-EGUES-CASA-STEPIENYBARNO-UNDERCONSTRUCTION-en-construccion-224x224.jpg 224w, https:\/\/stepienybarno.es\/blog\/wp-content\/uploads\/2016\/02\/6.-PEREDA-PEREZ-ARQUITECTOS-EGUES-CASA-STEPIENYBARNO-UNDERCONSTRUCTION-en-construccion-316x316.jpg 316w\" sizes=\"(max-width: 500px) 100vw, 500px\" \/><\/a><a href=\"https:\/\/stepienybarno.es\/blog\/wp-content\/uploads\/2016\/02\/6.1-PEREDA-PEREZ-ARQUITECTOS-EGUES-CASA-STEPIENYBARNO-UNDERCONSTRUCTION-en-construccion.jpg\"><\/a><\/p>\n<p style=\"text-align: center;\"><img loading=\"lazy\" decoding=\"async\" style=\"color: #0000ee; text-align: center;\" title=\"6.1 PEREDA-PEREZ-ARQUITECTOS-EGUES-CASA-STEPIENYBARNO-UNDERCONSTRUCTION-en construccion\" src=\"https:\/\/stepienybarno.es\/blog\/wp-content\/uploads\/2016\/02\/6.1-PEREDA-PEREZ-ARQUITECTOS-EGUES-CASA-STEPIENYBARNO-UNDERCONSTRUCTION-en-construccion.jpg\" alt=\"6.1 PEREDA-PEREZ-ARQUITECTOS-EGUES-CASA-STEPIENYBARNO-UNDERCONSTRUCTION-en construccion\" width=\"500\" height=\"500\" \/><\/p>\n<p style=\"text-align: center;\"><a href=\"https:\/\/stepienybarno.es\/blog\/wp-content\/uploads\/2016\/02\/7.-PEREDA-PEREZ-ARQUITECTOS-EGUES-CASA-STEPIENYBARNO-UNDERCONSTRUCTION-en-construccion.jpg\"><img loading=\"lazy\" decoding=\"async\" class=\"aligncenter size-full wp-image-20814\" title=\"7. PEREDA-PEREZ-ARQUITECTOS-EGUES-CASA-STEPIENYBARNO-UNDERCONSTRUCTION-en construccion\" src=\"https:\/\/stepienybarno.es\/blog\/wp-content\/uploads\/2016\/02\/7.-PEREDA-PEREZ-ARQUITECTOS-EGUES-CASA-STEPIENYBARNO-UNDERCONSTRUCTION-en-construccion.jpg\" alt=\"7. PEREDA-PEREZ-ARQUITECTOS-EGUES-CASA-STEPIENYBARNO-UNDERCONSTRUCTION-en construccion\" width=\"500\" height=\"500\" srcset=\"https:\/\/stepienybarno.es\/blog\/wp-content\/uploads\/2016\/02\/7.-PEREDA-PEREZ-ARQUITECTOS-EGUES-CASA-STEPIENYBARNO-UNDERCONSTRUCTION-en-construccion.jpg 500w, https:\/\/stepienybarno.es\/blog\/wp-content\/uploads\/2016\/02\/7.-PEREDA-PEREZ-ARQUITECTOS-EGUES-CASA-STEPIENYBARNO-UNDERCONSTRUCTION-en-construccion-180x180.jpg 180w, https:\/\/stepienybarno.es\/blog\/wp-content\/uploads\/2016\/02\/7.-PEREDA-PEREZ-ARQUITECTOS-EGUES-CASA-STEPIENYBARNO-UNDERCONSTRUCTION-en-construccion-224x224.jpg 224w, https:\/\/stepienybarno.es\/blog\/wp-content\/uploads\/2016\/02\/7.-PEREDA-PEREZ-ARQUITECTOS-EGUES-CASA-STEPIENYBARNO-UNDERCONSTRUCTION-en-construccion-316x316.jpg 316w\" sizes=\"(max-width: 500px) 100vw, 500px\" \/><\/a><\/p>\n<p style=\"text-align: center;\"><a href=\"https:\/\/stepienybarno.es\/blog\/wp-content\/uploads\/2016\/02\/8.-PEREDA-PEREZ-ARQUITECTOS-EGUES-CASA-STEPIENYBARNO-UNDERCONSTRUCTION-en-construccion.jpg\"><img loading=\"lazy\" decoding=\"async\" class=\"aligncenter size-full wp-image-20815\" title=\"8. PEREDA-PEREZ-ARQUITECTOS-EGUES-CASA-STEPIENYBARNO-UNDERCONSTRUCTION-en construccion\" src=\"https:\/\/stepienybarno.es\/blog\/wp-content\/uploads\/2016\/02\/8.-PEREDA-PEREZ-ARQUITECTOS-EGUES-CASA-STEPIENYBARNO-UNDERCONSTRUCTION-en-construccion.jpg\" alt=\"8. PEREDA-PEREZ-ARQUITECTOS-EGUES-CASA-STEPIENYBARNO-UNDERCONSTRUCTION-en construccion\" width=\"500\" height=\"500\" srcset=\"https:\/\/stepienybarno.es\/blog\/wp-content\/uploads\/2016\/02\/8.-PEREDA-PEREZ-ARQUITECTOS-EGUES-CASA-STEPIENYBARNO-UNDERCONSTRUCTION-en-construccion.jpg 500w, https:\/\/stepienybarno.es\/blog\/wp-content\/uploads\/2016\/02\/8.-PEREDA-PEREZ-ARQUITECTOS-EGUES-CASA-STEPIENYBARNO-UNDERCONSTRUCTION-en-construccion-180x180.jpg 180w, https:\/\/stepienybarno.es\/blog\/wp-content\/uploads\/2016\/02\/8.-PEREDA-PEREZ-ARQUITECTOS-EGUES-CASA-STEPIENYBARNO-UNDERCONSTRUCTION-en-construccion-224x224.jpg 224w, https:\/\/stepienybarno.es\/blog\/wp-content\/uploads\/2016\/02\/8.-PEREDA-PEREZ-ARQUITECTOS-EGUES-CASA-STEPIENYBARNO-UNDERCONSTRUCTION-en-construccion-316x316.jpg 316w\" sizes=\"(max-width: 500px) 100vw, 500px\" \/><\/a><\/p>\n<p style=\"text-align: center;\"><img loading=\"lazy\" decoding=\"async\" style=\"color: #0000ee; text-align: -webkit-center;\" title=\"14. PEREDA-PEREZ-ARQUITECTOS-EGUES-CASA-STEPIENYBARNO-UNDERCONSTRUCTION\" src=\"https:\/\/stepienybarno.es\/blog\/wp-content\/uploads\/2016\/02\/14.-PEREDA-PEREZ-ARQUITECTOS-EGUES-CASA-STEPIENYBARNO-UNDERCONSTRUCTION.jpg\" alt=\"14. PEREDA-PEREZ-ARQUITECTOS-EGUES-CASA-STEPIENYBARNO-UNDERCONSTRUCTION\" width=\"500\" height=\"375\" \/><\/p>\n<p style=\"text-align: center;\"><a href=\"https:\/\/stepienybarno.es\/blog\/wp-content\/uploads\/2016\/02\/9.-PEREDA-PEREZ-ARQUITECTOS-EGUES-CASA-STEPIENYBARNO-UNDERCONSTRUCTION-en-construccion.jpg\"><img loading=\"lazy\" decoding=\"async\" class=\"aligncenter size-full wp-image-20816\" title=\"9. PEREDA-PEREZ-ARQUITECTOS-EGUES-CASA-STEPIENYBARNO-UNDERCONSTRUCTION-en construccion\" src=\"https:\/\/stepienybarno.es\/blog\/wp-content\/uploads\/2016\/02\/9.-PEREDA-PEREZ-ARQUITECTOS-EGUES-CASA-STEPIENYBARNO-UNDERCONSTRUCTION-en-construccion.jpg\" alt=\"9. PEREDA-PEREZ-ARQUITECTOS-EGUES-CASA-STEPIENYBARNO-UNDERCONSTRUCTION-en construccion\" width=\"500\" height=\"500\" srcset=\"https:\/\/stepienybarno.es\/blog\/wp-content\/uploads\/2016\/02\/9.-PEREDA-PEREZ-ARQUITECTOS-EGUES-CASA-STEPIENYBARNO-UNDERCONSTRUCTION-en-construccion.jpg 500w, https:\/\/stepienybarno.es\/blog\/wp-content\/uploads\/2016\/02\/9.-PEREDA-PEREZ-ARQUITECTOS-EGUES-CASA-STEPIENYBARNO-UNDERCONSTRUCTION-en-construccion-180x180.jpg 180w, https:\/\/stepienybarno.es\/blog\/wp-content\/uploads\/2016\/02\/9.-PEREDA-PEREZ-ARQUITECTOS-EGUES-CASA-STEPIENYBARNO-UNDERCONSTRUCTION-en-construccion-224x224.jpg 224w, https:\/\/stepienybarno.es\/blog\/wp-content\/uploads\/2016\/02\/9.-PEREDA-PEREZ-ARQUITECTOS-EGUES-CASA-STEPIENYBARNO-UNDERCONSTRUCTION-en-construccion-316x316.jpg 316w\" sizes=\"(max-width: 500px) 100vw, 500px\" \/><\/a><\/p>\n<p style=\"text-align: center;\">\n<p align=\"left\">La pieza superior se conforma como un gran espacio ventana para el disfrute de las <strong>vistas\u00a0lejanas<\/strong>, frente al basamento materializado como un <strong>z\u00f3calo discreto<\/strong>. \u00a0Este permite generar un \u00e1rea ajardinada plana para \u00a0el disfrute de las \u00e1reas del nivel superior a cuyo volumen se cede todo el protagonismo.<\/p>\n<p align=\"left\">La casa pretende,\u00a0desde su traza y su materialidad, quedar relacionada con la dimensi\u00f3n del\u00a0lugar, apenas una pieza sencilla de hormig\u00f3n blanco.<\/p>\n<p align=\"left\">\n<p align=\"center\"><a href=\"https:\/\/stepienybarno.es\/blog\/wp-content\/uploads\/2016\/02\/10.-PEREDA-PEREZ-ARQUITECTOS-EGUES-CASA-STEPIENYBARNO-UNDERCONSTRUCTION-Antonio-Cidoncha-fotografo.jpg\"><img loading=\"lazy\" decoding=\"async\" class=\"aligncenter size-full wp-image-20817\" title=\"10. PEREDA-PEREZ-ARQUITECTOS-EGUES-CASA-STEPIENYBARNO-UNDERCONSTRUCTION-Antonio Cidoncha- fotografo\" src=\"https:\/\/stepienybarno.es\/blog\/wp-content\/uploads\/2016\/02\/10.-PEREDA-PEREZ-ARQUITECTOS-EGUES-CASA-STEPIENYBARNO-UNDERCONSTRUCTION-Antonio-Cidoncha-fotografo.jpg\" alt=\"10. PEREDA-PEREZ-ARQUITECTOS-EGUES-CASA-STEPIENYBARNO-UNDERCONSTRUCTION-Antonio Cidoncha- fotografo\" width=\"500\" height=\"668\" srcset=\"https:\/\/stepienybarno.es\/blog\/wp-content\/uploads\/2016\/02\/10.-PEREDA-PEREZ-ARQUITECTOS-EGUES-CASA-STEPIENYBARNO-UNDERCONSTRUCTION-Antonio-Cidoncha-fotografo.jpg 500w, https:\/\/stepienybarno.es\/blog\/wp-content\/uploads\/2016\/02\/10.-PEREDA-PEREZ-ARQUITECTOS-EGUES-CASA-STEPIENYBARNO-UNDERCONSTRUCTION-Antonio-Cidoncha-fotografo-135x180.jpg 135w, https:\/\/stepienybarno.es\/blog\/wp-content\/uploads\/2016\/02\/10.-PEREDA-PEREZ-ARQUITECTOS-EGUES-CASA-STEPIENYBARNO-UNDERCONSTRUCTION-Antonio-Cidoncha-fotografo-412x550.jpg 412w, https:\/\/stepienybarno.es\/blog\/wp-content\/uploads\/2016\/02\/10.-PEREDA-PEREZ-ARQUITECTOS-EGUES-CASA-STEPIENYBARNO-UNDERCONSTRUCTION-Antonio-Cidoncha-fotografo-299x400.jpg 299w\" sizes=\"(max-width: 500px) 100vw, 500px\" \/><\/a><\/p>\n<p align=\"center\"><span style=\"color: #888888;\"><span style=\"color: #888888; text-align: -webkit-center;\">Fot\u00f3grafo:<\/span> Antonio Cidoncha<\/span><\/p>\n<p align=\"left\">\n<p align=\"center\"><a href=\"https:\/\/stepienybarno.es\/blog\/wp-content\/uploads\/2016\/02\/11.-PEREDA-PEREZ-ARQUITECTOS-EGUES-CASA-STEPIENYBARNO-UNDERCONSTRUCTION-Carlos-Garmendia-fotografo.jpg\"><img loading=\"lazy\" decoding=\"async\" class=\"aligncenter size-full wp-image-20818\" title=\"11. PEREDA-PEREZ-ARQUITECTOS-EGUES-CASA-STEPIENYBARNO-UNDERCONSTRUCTION-Carlos Garmendia-fotografo\" src=\"https:\/\/stepienybarno.es\/blog\/wp-content\/uploads\/2016\/02\/11.-PEREDA-PEREZ-ARQUITECTOS-EGUES-CASA-STEPIENYBARNO-UNDERCONSTRUCTION-Carlos-Garmendia-fotografo.jpg\" alt=\"11. PEREDA-PEREZ-ARQUITECTOS-EGUES-CASA-STEPIENYBARNO-UNDERCONSTRUCTION-Carlos Garmendia-fotografo\" width=\"500\" height=\"748\" srcset=\"https:\/\/stepienybarno.es\/blog\/wp-content\/uploads\/2016\/02\/11.-PEREDA-PEREZ-ARQUITECTOS-EGUES-CASA-STEPIENYBARNO-UNDERCONSTRUCTION-Carlos-Garmendia-fotografo.jpg 500w, https:\/\/stepienybarno.es\/blog\/wp-content\/uploads\/2016\/02\/11.-PEREDA-PEREZ-ARQUITECTOS-EGUES-CASA-STEPIENYBARNO-UNDERCONSTRUCTION-Carlos-Garmendia-fotografo-120x180.jpg 120w, https:\/\/stepienybarno.es\/blog\/wp-content\/uploads\/2016\/02\/11.-PEREDA-PEREZ-ARQUITECTOS-EGUES-CASA-STEPIENYBARNO-UNDERCONSTRUCTION-Carlos-Garmendia-fotografo-368x550.jpg 368w, https:\/\/stepienybarno.es\/blog\/wp-content\/uploads\/2016\/02\/11.-PEREDA-PEREZ-ARQUITECTOS-EGUES-CASA-STEPIENYBARNO-UNDERCONSTRUCTION-Carlos-Garmendia-fotografo-468x700.jpg 468w, https:\/\/stepienybarno.es\/blog\/wp-content\/uploads\/2016\/02\/11.-PEREDA-PEREZ-ARQUITECTOS-EGUES-CASA-STEPIENYBARNO-UNDERCONSTRUCTION-Carlos-Garmendia-fotografo-224x336.jpg 224w, https:\/\/stepienybarno.es\/blog\/wp-content\/uploads\/2016\/02\/11.-PEREDA-PEREZ-ARQUITECTOS-EGUES-CASA-STEPIENYBARNO-UNDERCONSTRUCTION-Carlos-Garmendia-fotografo-267x400.jpg 267w\" sizes=\"(max-width: 500px) 100vw, 500px\" \/><\/a><\/p>\n<p align=\"center\"><span style=\"color: #888888;\">Fot\u00f3grafo: <a href=\"http:\/\/carlosgarmendia.wix.com\/arquitectura\">Carlos Garmendia<\/a><\/span><\/p>\n<p align=\"center\">\n<p align=\"center\"><a href=\"https:\/\/stepienybarno.es\/blog\/wp-content\/uploads\/2016\/02\/12.-PEREDA-PEREZ-ARQUITECTOS-EGUES-CASA-STEPIENYBARNO-UNDERCONSTRUCTION-Carlos-Garmendia-fotografo.jpg\"><img loading=\"lazy\" decoding=\"async\" class=\"aligncenter size-full wp-image-20819\" title=\"12. PEREDA-PEREZ-ARQUITECTOS-EGUES-CASA-STEPIENYBARNO-UNDERCONSTRUCTION-Carlos Garmendia-fotografo\" src=\"https:\/\/stepienybarno.es\/blog\/wp-content\/uploads\/2016\/02\/12.-PEREDA-PEREZ-ARQUITECTOS-EGUES-CASA-STEPIENYBARNO-UNDERCONSTRUCTION-Carlos-Garmendia-fotografo.jpg\" alt=\"12. PEREDA-PEREZ-ARQUITECTOS-EGUES-CASA-STEPIENYBARNO-UNDERCONSTRUCTION-Carlos Garmendia-fotografo\" width=\"500\" height=\"500\" srcset=\"https:\/\/stepienybarno.es\/blog\/wp-content\/uploads\/2016\/02\/12.-PEREDA-PEREZ-ARQUITECTOS-EGUES-CASA-STEPIENYBARNO-UNDERCONSTRUCTION-Carlos-Garmendia-fotografo.jpg 500w, https:\/\/stepienybarno.es\/blog\/wp-content\/uploads\/2016\/02\/12.-PEREDA-PEREZ-ARQUITECTOS-EGUES-CASA-STEPIENYBARNO-UNDERCONSTRUCTION-Carlos-Garmendia-fotografo-180x180.jpg 180w, https:\/\/stepienybarno.es\/blog\/wp-content\/uploads\/2016\/02\/12.-PEREDA-PEREZ-ARQUITECTOS-EGUES-CASA-STEPIENYBARNO-UNDERCONSTRUCTION-Carlos-Garmendia-fotografo-224x224.jpg 224w, https:\/\/stepienybarno.es\/blog\/wp-content\/uploads\/2016\/02\/12.-PEREDA-PEREZ-ARQUITECTOS-EGUES-CASA-STEPIENYBARNO-UNDERCONSTRUCTION-Carlos-Garmendia-fotografo-316x316.jpg 316w\" sizes=\"(max-width: 500px) 100vw, 500px\" \/><\/a><\/p>\n<p align=\"center\">Fot\u00f3grafo: <a href=\"http:\/\/carlosgarmendia.wix.com\/arquitectura\">Carlos Garmendia<\/a><\/p>\n<p align=\"center\">\n<p align=\"center\"><a href=\"https:\/\/stepienybarno.es\/blog\/wp-content\/uploads\/2016\/02\/13.-PEREDA-PEREZ-ARQUITECTOS-EGUES-CASA-STEPIENYBARNO-UNDERCONSTRUCTION-Carlos-Garmendia-fotografo.jpg\"><img loading=\"lazy\" decoding=\"async\" class=\"aligncenter size-full wp-image-20820\" title=\"13. PEREDA-PEREZ-ARQUITECTOS-EGUES-CASA-STEPIENYBARNO-UNDERCONSTRUCTION-Carlos Garmendia-fotografo\" src=\"https:\/\/stepienybarno.es\/blog\/wp-content\/uploads\/2016\/02\/13.-PEREDA-PEREZ-ARQUITECTOS-EGUES-CASA-STEPIENYBARNO-UNDERCONSTRUCTION-Carlos-Garmendia-fotografo.jpg\" alt=\"13. PEREDA-PEREZ-ARQUITECTOS-EGUES-CASA-STEPIENYBARNO-UNDERCONSTRUCTION-Carlos Garmendia-fotografo\" width=\"500\" height=\"748\" srcset=\"https:\/\/stepienybarno.es\/blog\/wp-content\/uploads\/2016\/02\/13.-PEREDA-PEREZ-ARQUITECTOS-EGUES-CASA-STEPIENYBARNO-UNDERCONSTRUCTION-Carlos-Garmendia-fotografo.jpg 500w, https:\/\/stepienybarno.es\/blog\/wp-content\/uploads\/2016\/02\/13.-PEREDA-PEREZ-ARQUITECTOS-EGUES-CASA-STEPIENYBARNO-UNDERCONSTRUCTION-Carlos-Garmendia-fotografo-120x180.jpg 120w, https:\/\/stepienybarno.es\/blog\/wp-content\/uploads\/2016\/02\/13.-PEREDA-PEREZ-ARQUITECTOS-EGUES-CASA-STEPIENYBARNO-UNDERCONSTRUCTION-Carlos-Garmendia-fotografo-368x550.jpg 368w, https:\/\/stepienybarno.es\/blog\/wp-content\/uploads\/2016\/02\/13.-PEREDA-PEREZ-ARQUITECTOS-EGUES-CASA-STEPIENYBARNO-UNDERCONSTRUCTION-Carlos-Garmendia-fotografo-468x700.jpg 468w, https:\/\/stepienybarno.es\/blog\/wp-content\/uploads\/2016\/02\/13.-PEREDA-PEREZ-ARQUITECTOS-EGUES-CASA-STEPIENYBARNO-UNDERCONSTRUCTION-Carlos-Garmendia-fotografo-224x336.jpg 224w, https:\/\/stepienybarno.es\/blog\/wp-content\/uploads\/2016\/02\/13.-PEREDA-PEREZ-ARQUITECTOS-EGUES-CASA-STEPIENYBARNO-UNDERCONSTRUCTION-Carlos-Garmendia-fotografo-267x400.jpg 267w\" sizes=\"(max-width: 500px) 100vw, 500px\" \/><\/a><\/p>\n<p align=\"center\">Fot\u00f3grafo: <a href=\"http:\/\/carlosgarmendia.wix.com\/arquitectura\">Carlos Garmendia<\/a><\/p>\n<p align=\"left\">\n<blockquote>\n<p align=\"left\"><strong>FICHA DEL PROYECTO:<\/strong><\/p>\n<p align=\"left\"><strong>Arquitectos:<\/strong> PEREDA P\u00c9REZ ARQUITECTOS<br \/>\nTraves\u00eda Monte Monjard\u00edn 8 bajo 31006 Pamplona Spain| T 948292308 | E\u00a0estudio@peredaperez.com\u00a0| W <a href=\"http:\/\/www.peredaperez.com\/\" target=\"_blank\">www.peredaperez.com<\/a><\/p>\n<p align=\"left\"><strong>RRSS de los arquitectos:<\/strong><br \/>\ninstagram|\u00a0<a href=\"https:\/\/www.instagram.com\/peredaperez_arquitectos\/\" target=\"_blank\">peredaperez_arquitectos<\/a><br \/>\nfacebook|\u00a0<a href=\"https:\/\/www.facebook.com\/Pereda-P%C3%A9rez-arquitectos-1667807526794632\/\" target=\"_blank\">Pereda<\/a> P\u00e9rez arquitectos<br \/>\ntwitter|\u00a0<a href=\"https:\/\/twitter.com\/oscar_perez_sil\">@oscar_perez_sil<\/a> <a href=\"https:\/\/twitter.com\/carlos_pereda_\">@carlos_pereda_<\/a><\/p>\n<p align=\"left\"><strong>Colaboradores: <\/strong><\/p>\n<p align=\"left\">Fernando Royo| arquitecto<\/p>\n<p align=\"left\"><strong>Aparejador:<\/strong><\/p>\n<p align=\"left\">Mikel Larumbe Arbea<\/p>\n<p align=\"left\"><strong>Constructora:<\/strong><\/p>\n<p align=\"left\">Construcciones Barber\u00eda Merino<\/p>\n<p align=\"left\"><strong>Fot\u00f3grafos:<\/strong><\/p>\n<p align=\"left\"><a href=\"http:\/\/carlosgarmendia.wix.com\/arquitectura\" target=\"_blank\">Carlos Garmendia<\/a>, Antonio Cidoncha y Carlos Pereda.<\/p>\n<p align=\"left\"><strong>Foto de portada: <\/strong><a href=\"http:\/\/carlosgarmendia.wix.com\/arquitectura\" target=\"_blank\">Carlos Garmendia<\/a>.<\/p>\n<\/blockquote>\n<p align=\"left\">\n<p align=\"center\"><a href=\"https:\/\/stepienybarno.es\/blog\/wp-content\/uploads\/2016\/02\/15.-PEREDA-PEREZ-ARQUITECTOS-EGUES-CASA-STEPIENYBARN-CARLOS-GARMENDIA.jpg\"><img loading=\"lazy\" decoding=\"async\" class=\"aligncenter size-full wp-image-20822\" title=\"15. PEREDA-PEREZ-ARQUITECTOS-EGUES-CASA-STEPIENYBARN-CARLOS GARMENDIA\" src=\"https:\/\/stepienybarno.es\/blog\/wp-content\/uploads\/2016\/02\/15.-PEREDA-PEREZ-ARQUITECTOS-EGUES-CASA-STEPIENYBARN-CARLOS-GARMENDIA.jpg\" alt=\"15. PEREDA-PEREZ-ARQUITECTOS-EGUES-CASA-STEPIENYBARN-CARLOS GARMENDIA\" width=\"500\" height=\"500\" srcset=\"https:\/\/stepienybarno.es\/blog\/wp-content\/uploads\/2016\/02\/15.-PEREDA-PEREZ-ARQUITECTOS-EGUES-CASA-STEPIENYBARN-CARLOS-GARMENDIA.jpg 500w, https:\/\/stepienybarno.es\/blog\/wp-content\/uploads\/2016\/02\/15.-PEREDA-PEREZ-ARQUITECTOS-EGUES-CASA-STEPIENYBARN-CARLOS-GARMENDIA-180x180.jpg 180w, https:\/\/stepienybarno.es\/blog\/wp-content\/uploads\/2016\/02\/15.-PEREDA-PEREZ-ARQUITECTOS-EGUES-CASA-STEPIENYBARN-CARLOS-GARMENDIA-224x224.jpg 224w, https:\/\/stepienybarno.es\/blog\/wp-content\/uploads\/2016\/02\/15.-PEREDA-PEREZ-ARQUITECTOS-EGUES-CASA-STEPIENYBARN-CARLOS-GARMENDIA-316x316.jpg 316w\" sizes=\"(max-width: 500px) 100vw, 500px\" \/><\/a><\/p>\n<p align=\"center\"><span style=\"color: #888888;\">El cazador de fotos, Carlos Garmendia, cazado.<\/span><\/p>\n<p align=\"center\"><a href=\"https:\/\/stepienybarno.es\/blog\/wp-content\/uploads\/2016\/02\/14.-PEREDA-PEREZ-ARQUITECTOS-EGUES-CASA-STEPIENYBARNO-UNDERCONSTRUCTION.jpg\"><\/a><\/p>\n<p align=\"left\">\n<blockquote>\n<p align=\"left\"><strong>Entradas que tambi\u00e9n te pueden gustar:<\/strong><\/p>\n<p align=\"left\">ARQUITECTOS VASCO-NAVARROS 9 _ PEREDA P\u00c9REZ ARQUITECTOS<\/p>\n<p align=\"left\"><a href=\"https:\/\/stepienybarno.es\/blog\/2013\/10\/23\/arquitectos-vasco-navarros-_-pereda-perez-arquitectos\/\" target=\"_self\">https:\/\/stepienybarno.es\/blog\/2013\/10\/23\/arquitectos-vasco-navarros-_-pereda-perez-arquitectos\/<\/a><\/p>\n<\/blockquote>\n<p align=\"left\">\n<p align=\"left\">* <span style=\"color: #888888;\"><em>Este art\u00edculo ha sido escrito con car\u00e1cter divulgativo y sin ning\u00fan tipo de \u00e1nimo de lucro. As\u00ed que, si te apetece compartirlo en cualquier otro medio, estaremos encantados de que lo hagas siempre y cuando cites el lugar donde lo has encontrado.<\/em><\/span><\/p>\n<p align=\"left\"><a href=\"https:\/\/twitter.com\/stepienybarno\"><span style=\"color: #888888;\"><em>STEPIENYBARNO EN TWITTER _ @stepienybarno<\/em><\/span><\/a><\/p>\n<p align=\"left\"><a href=\"http:\/\/www.linkedin.com\/company\/stepienybarno\"><span style=\"color: #888888;\"><em>STEPIENYBARNO EN LINKEDIN<\/em><\/span><\/a><\/p>\n<p align=\"left\"><a href=\"https:\/\/www.facebook.com\/pages\/BLOG-DE-STEPIENYBARNO\/78001079029\"><span style=\"color: #888888;\"><em>STEPIENYBARNO EN FACEBOOK<\/em><\/span><\/a><\/p>\n<p align=\"left\"><span style=\"color: #888888;\"><em>* Stepienybarno est\u00e1 formado por Agnieszka Stepien y Lorenzo Barn\u00f3 y desde mayo del 2009 estamos en la red con\u00a0 la presente publicaci\u00f3n digital (Blog) de arquitectura.<\/em><\/span><\/p>\n<p align=\"left\"><span style=\"color: #888888;\"><em>Nuestra actividad se sustenta en tres pilares b\u00e1sicos: la investigaci\u00f3n, la publicaci\u00f3n y la redacci\u00f3n de proyectos de arquitectura.<\/em><\/span><\/p>\n<p align=\"left\"><span style=\"color: #888888;\"><em>A su vez, somos socios cofundadores de <a href=\"http:\/\/sinergiasostenible.org\/\">SINERGIA SOSTENIBLE<\/a>, redactores de <a href=\"http:\/\/www.laciudadviva.org\/blogs\/?author=45\">LA CIUDAD VIVA<\/a> y directores del blog de FUNDACI\u00d3N ARQUIA.<\/em><\/span><\/p>\n<p align=\"left\"><span style=\"color: #888888;\"><em>* Los editores de esta publicaci\u00f3n digital no nos hacemos cargo de de los comentarios y\u00a0 conceptos vertidos en los textos firmados por otras personas, siendo \u00e9stos de responsabilidad exclusiva de sus autores.<\/em><\/span><\/p>\n<p align=\"left\"><span style=\"color: #888888;\"><em>* Tu comentario pudiera ser moderado, por lo tanto, aunque aparezca inmediatamente al ser publicado en la entrada, los editores de esta publicaci\u00f3n digital nos reservamos el derecho tanto de editarlo (si fuera necesario, para hacerlo m\u00e1s legible) como de eliminarlo en el caso de que se usen expresiones incorrectas (descalificaciones, palabras malsonantes\u2026). A su vez, si quieres comentar desde el anonimato puedes hacerlo, aunque, nosotros personalmente, agradecemos que tod@s nos podamos identificar.<\/em><\/span><\/p>\n","protected":false},"excerpt":{"rendered":"<p>Son  tiempos de hiper-informaci\u00f3n arquitect\u00f3nica, donde decenas de proyectos son publicados cada d\u00eda, en muchos casos, con un maquillaje excesivo que aleja al espectador de la esencia de la obra en favor de los fuegos de artificio.<\/p>\n<p>Sin embargo, seguramente, trae m\u00e1s cuenta fijarse en el proceso de la propia construcci\u00f3n del edificio y ver la verdad de lo que se construye; cuanto menos escenario de cart\u00f3n piedra mejor.<\/p>\n<p>As\u00ed que, con el post de hoy tenemos el inmenso placer de que el estudio de arquitectura Pereda P\u00e9rez Arquitectos se haya animado a publicar este proyecto mucho antes de su final de obra. \u00a1Como ver\u00e9is el tema no tiene desperdicio!<\/p>\n<p>Por ello, tenemos que agradecerles su valent\u00eda y tambi\u00e9n a  Antonio Cidoncha y Carlos Garmendia las estupendas fotos que nos hacen llegar para ilustrar la entrada.<\/p>\n<p>A disfrutarlo, que no suele haber muchas ocasiones como esta!!(m\u00e1s&#8230;)<\/p>\n","protected":false},"author":2,"featured_media":0,"comment_status":"open","ping_status":"closed","sticky":false,"template":"","format":"standard","meta":{"om_disable_all_campaigns":false,"_monsterinsights_skip_tracking":false,"_monsterinsights_sitenote_active":false,"_monsterinsights_sitenote_note":"","_monsterinsights_sitenote_category":0,"_uf_show_specific_survey":0,"_uf_disable_surveys":false,"episode_type":"","audio_file":"","cover_image":"","cover_image_id":"","duration":"","filesize":"","date_recorded":"","explicit":"","block":"","filesize_raw":"","footnotes":""},"categories":[34,4],"tags":[3977,3063,1336],"series":[],"class_list":["post-20796","post","type-post","status-publish","format-standard","hentry","category-actualidad","category-arquilectura","tag-antonio-cidoncha","tag-carlos-garmendia","tag-pereda-perez-arquitectos"],"aioseo_notices":[],"episode_featured_image":false,"episode_player_image":"https:\/\/stepienybarno.es\/blog\/wp-content\/uploads\/2020\/11\/stepienybarno-podcast-scaled.jpg","download_link":"","player_link":"","audio_player":false,"episode_data":{"playerMode":"dark","subscribeUrls":[],"rssFeedUrl":"https:\/\/stepienybarno.es\/blog\/feed\/podcast\/podcast-de-stepienybarno","embedCode":"<blockquote class=\"wp-embedded-content\" data-secret=\"iXmzEZObHP\"><a href=\"https:\/\/stepienybarno.es\/blog\/2016\/02\/15\/casa-en-valle-egues-por-pereda-perez-arquitectos-underconcstruction\/\">CASA EN VALLE EG\u00dcES POR PEREDA P\u00c9REZ ARQUITECTOS #UnderConcstruction<\/a><\/blockquote><iframe sandbox=\"allow-scripts\" security=\"restricted\" src=\"https:\/\/stepienybarno.es\/blog\/2016\/02\/15\/casa-en-valle-egues-por-pereda-perez-arquitectos-underconcstruction\/embed\/#?secret=iXmzEZObHP\" width=\"500\" height=\"350\" title=\"\u00abCASA EN VALLE EG\u00dcES POR PEREDA P\u00c9REZ ARQUITECTOS #UnderConcstruction\u00bb \u2014 Blog de STEPIEN Y BARNO - publicaci\u00f3n digital sobre arquitectura\" data-secret=\"iXmzEZObHP\" frameborder=\"0\" marginwidth=\"0\" marginheight=\"0\" scrolling=\"no\" class=\"wp-embedded-content\"><\/iframe><script type=\"text\/javascript\">\n\/* <![CDATA[ *\/\n\/*! This file is auto-generated *\/\n!function(d,l){\"use strict\";l.querySelector&&d.addEventListener&&\"undefined\"!=typeof URL&&(d.wp=d.wp||{},d.wp.receiveEmbedMessage||(d.wp.receiveEmbedMessage=function(e){var t=e.data;if((t||t.secret||t.message||t.value)&&!\/[^a-zA-Z0-9]\/.test(t.secret)){for(var s,r,n,a=l.querySelectorAll('iframe[data-secret=\"'+t.secret+'\"]'),o=l.querySelectorAll('blockquote[data-secret=\"'+t.secret+'\"]'),c=new RegExp(\"^https?:$\",\"i\"),i=0;i<o.length;i++)o[i].style.display=\"none\";for(i=0;i<a.length;i++)s=a[i],e.source===s.contentWindow&&(s.removeAttribute(\"style\"),\"height\"===t.message?(1e3<(r=parseInt(t.value,10))?r=1e3:~~r<200&&(r=200),s.height=r):\"link\"===t.message&&(r=new URL(s.getAttribute(\"src\")),n=new URL(t.value),c.test(n.protocol))&&n.host===r.host&&l.activeElement===s&&(d.top.location.href=t.value))}},d.addEventListener(\"message\",d.wp.receiveEmbedMessage,!1),l.addEventListener(\"DOMContentLoaded\",function(){for(var e,t,s=l.querySelectorAll(\"iframe.wp-embedded-content\"),r=0;r<s.length;r++)(t=(e=s[r]).getAttribute(\"data-secret\"))||(t=Math.random().toString(36).substring(2,12),e.src+=\"#?secret=\"+t,e.setAttribute(\"data-secret\",t)),e.contentWindow.postMessage({message:\"ready\",secret:t},\"*\")},!1)))}(window,document);\n\/* ]]> *\/\n<\/script>\n"},"_links":{"self":[{"href":"https:\/\/stepienybarno.es\/blog\/wp-json\/wp\/v2\/posts\/20796"}],"collection":[{"href":"https:\/\/stepienybarno.es\/blog\/wp-json\/wp\/v2\/posts"}],"about":[{"href":"https:\/\/stepienybarno.es\/blog\/wp-json\/wp\/v2\/types\/post"}],"author":[{"embeddable":true,"href":"https:\/\/stepienybarno.es\/blog\/wp-json\/wp\/v2\/users\/2"}],"replies":[{"embeddable":true,"href":"https:\/\/stepienybarno.es\/blog\/wp-json\/wp\/v2\/comments?post=20796"}],"version-history":[{"count":3,"href":"https:\/\/stepienybarno.es\/blog\/wp-json\/wp\/v2\/posts\/20796\/revisions"}],"predecessor-version":[{"id":20827,"href":"https:\/\/stepienybarno.es\/blog\/wp-json\/wp\/v2\/posts\/20796\/revisions\/20827"}],"wp:attachment":[{"href":"https:\/\/stepienybarno.es\/blog\/wp-json\/wp\/v2\/media?parent=20796"}],"wp:term":[{"taxonomy":"category","embeddable":true,"href":"https:\/\/stepienybarno.es\/blog\/wp-json\/wp\/v2\/categories?post=20796"},{"taxonomy":"post_tag","embeddable":true,"href":"https:\/\/stepienybarno.es\/blog\/wp-json\/wp\/v2\/tags?post=20796"},{"taxonomy":"series","embeddable":true,"href":"https:\/\/stepienybarno.es\/blog\/wp-json\/wp\/v2\/series?post=20796"}],"curies":[{"name":"wp","href":"https:\/\/api.w.org\/{rel}","templated":true}]}}