{"id":20824,"date":"2020-01-16T08:02:00","date_gmt":"2020-01-16T06:02:00","guid":{"rendered":"https:\/\/www.stepienybarno.es\/blog\/?p=20824"},"modified":"2020-01-09T13:56:22","modified_gmt":"2020-01-09T11:56:22","slug":"arquitectura-y-funcionarios-que-no-funcionan","status":"publish","type":"post","link":"https:\/\/stepienybarno.es\/blog\/2020\/01\/16\/arquitectura-y-funcionarios-que-no-funcionan\/","title":{"rendered":"Arquitectura y funcionarios que no funcionan"},"content":{"rendered":"<p><a href=\"https:\/\/stepienybarno.es\/blog\/wp-content\/uploads\/2016\/02\/stepienybarno-blog-anatxu-zabalbeascoa-del-tirador-a-la-ciudad-el-pais-juan-rodriguez.jpg\"><img loading=\"lazy\" decoding=\"async\" class=\"aligncenter size-full wp-image-20828\" title=\"stepienybarno-blog-anatxu-zabalbeascoa-del-tirador-a-la-ciudad-el-pais-juan-rodriguez\" src=\"https:\/\/stepienybarno.es\/blog\/wp-content\/uploads\/2016\/02\/stepienybarno-blog-anatxu-zabalbeascoa-del-tirador-a-la-ciudad-el-pais-juan-rodriguez.jpg\" alt=\"stepienybarno-blog-anatxu-zabalbeascoa-del-tirador-a-la-ciudad-el-pais-juan-rodriguez\" width=\"500\" height=\"334\" srcset=\"https:\/\/stepienybarno.es\/blog\/wp-content\/uploads\/2016\/02\/stepienybarno-blog-anatxu-zabalbeascoa-del-tirador-a-la-ciudad-el-pais-juan-rodriguez.jpg 500w, https:\/\/stepienybarno.es\/blog\/wp-content\/uploads\/2016\/02\/stepienybarno-blog-anatxu-zabalbeascoa-del-tirador-a-la-ciudad-el-pais-juan-rodriguez-180x120.jpg 180w, https:\/\/stepienybarno.es\/blog\/wp-content\/uploads\/2016\/02\/stepienybarno-blog-anatxu-zabalbeascoa-del-tirador-a-la-ciudad-el-pais-juan-rodriguez-316x211.jpg 316w\" sizes=\"(max-width: 500px) 100vw, 500px\" \/><\/a><\/p>\n<h1>Desde <a href=\"http:\/\/blogs.elpais.com\/del-tirador-a-la-ciudad\/\">Del Tirador a la Ciudad, El Pa\u00eds<\/a><\/h1>\n<h2>Por: Anatxu Zabalbeascoa<\/h2>\n<h2>Fotograf\u00eda de <a href=\"http:\/\/www.juanrodriguezphotography.com\/inicio.htm;jsessionid=CEB26D509DD788C110F3D299B46A18B0%20\" target=\"_blank\" rel=\"noopener noreferrer\">Juan Rodr\u00edguez<\/a><\/h2>\n<p><!--more--><\/p>\n<blockquote><p>\u201c\u00c1lvaro Siza recuerda que hacia 1977 cuando acababa de construir sus viviendas en el barrio de la Quinta da Malagueira, en \u00c9vora (Portugal), un d\u00eda cay\u00f3 una gran tormenta y lo llamaron porque las casas se hab\u00edan inundado. El proyecto consist\u00eda en la construcci\u00f3n de un barrio de 120 viviendas, que acabaron siendo 1.200, un vecindario de calles cortas y estrechas \u201cen el que todo el mundo tiene que conducir despacio y en consecuencia no hay accidentes\u201d.<\/p><\/blockquote>\n<p>Tras dialogar con quienes iban a ser los primeros usuarios y tomar nota de sus necesidades, el arquitecto hab\u00eda comenzado por construir una sola de esas casas, a tama\u00f1o real, para adelantar cualquier problema constructivo.<\/p>\n<p>Por eso cuando, tras la tormenta, lleg\u00f3 a \u00c9vora fue directamente a esa primera casa que hab\u00edan supervisado \u00e9l, y el ingeniero Sobreira. La vivienda estaba impecable, seca. Sin embargo era cierto que todas las dem\u00e1s estaban inundadas. \u00bfQu\u00e9 hab\u00eda pasado?<\/p>\n<blockquote><p>\u201cRetiramos el enfoscado sobre los bloques de hormig\u00f3n y result\u00f3 que estos ni siquiera hab\u00edan sido impermeabilizados, as\u00ed que absorb\u00edan el agua como si fueran esponjas\u201d.<\/p><\/blockquote>\n<p>Siza le cuenta esa vivencia a Carlos Seoane en una extensa entrevista incluida en el libro Siza X Siza publicado por la\u00a0<a title=\"Fundaci\u00f3n Arquia\" href=\"http:\/\/fundacion.arquia.es\/fundacion\" target=\"_self\" rel=\"noopener noreferrer\">Fundaci\u00f3n Arquia<\/a>.\u00a0 En ella explica que eran los funcionarios de Fomento de la Vivienda los que supervisaban la obra. Hasta el punto de que, en un momento dado, prohibieron al arquitecto llegar hasta el solar. Sucedi\u00f3 cundo este comenz\u00f3 a denunciar errores de ejecuci\u00f3n. El problema adquiri\u00f3 aires kafkianos cuando la cooperativa de vecinos contrat\u00f3 un laboratorio de ingenier\u00eda para que estudiasen el problema de las inundaciones y el laboratorio concluy\u00f3 que era un defecto de dise\u00f1o. \u00a0(\u2026)\u201d<\/p>\n<blockquote>\n<p style=\"text-align: center;\">Accede al art\u00edculo, <a href=\"http:\/\/bit.ly\/2T6vDLv\" target=\"_blank\" rel=\"noopener noreferrer\">AQU\u00cd<\/a><\/p>\n<\/blockquote>\n<p>&nbsp;<\/p>\n<hr \/>\n<h5><strong>Autores del post: <a href=\"https:\/\/stepienybarno.es\/blog\/2011\/09\/04\/las-fortalezas-del-arquitecto\/\">Stepienybarno<\/a> _ Agnieszka Stepien y Lorenzo Barn\u00f3<\/strong><\/h5>\n<h5>Y como siempre, si te gust\u00f3 el post, estar\u00eda genial que lo compartas en tus redes sociales.<\/h5>\n<h5>A su vez, si todav\u00eda no est\u00e1s suscrito a nuestra Newsletter, te animamos a hacerlo en la casilla que tienes al terminar este art\u00edculo.<\/h5>\n<p>&nbsp;<\/p>\n<blockquote><p>Suscribirte a nuestro blog y recibe gratis nuestra gu\u00eda: 10 Ideas para vender m\u00e1s si eres arquitecto<\/p>\n<p>Acceder: <a href=\"http:\/\/bit.ly\/2fkkTS7\">http:\/\/bit.ly\/2fkkTS7<\/a><\/p>\n<p>&nbsp;<\/p>\n<p>Si te interesa contactar con nosotros para que te ayudemos a mejorar tu visibilidad online y, en consecuencia, mejorar tus oportunidades laborales, no dudes en escribirnos a: <a href=\"mailto:blog@stepienybarno.es\">blog@stepienybarno.es<\/a><\/p><\/blockquote>\n<p>&nbsp;<\/p>\n<p><em><a href=\"https:\/\/twitter.com\/stepienybarno\">Stepienybarno en TWITTER<\/a><\/em><\/p>\n<p><em><a href=\"https:\/\/twitter.com\/stepienybarno\">@stepienybarno (+ de 16.000 seguidores)<\/a><\/em><\/p>\n<p><em><a href=\"https:\/\/twitter.com\/stepienybarno?lang=es\">https:\/\/twitter.com\/stepienybarno?lang=es<\/a><\/em><\/p>\n<p><em><a href=\"https:\/\/www.facebook.com\/pages\/BLOG-DE-STEPIENYBARNO\/78001079029\">Stepienybarno en FACEBOOK (+ de 24<u>.000 seguidores)<\/u><\/a><\/em><\/p>\n<p><em><a href=\"https:\/\/www.facebook.com\/StepienyBarnoArquitecturaeIdentidadDigital\/\">https:\/\/www.facebook.com\/StepienyBarnoArquitecturaeIdentidadDigital\/<\/a><\/em><\/p>\n<p><em>Acceder a nuestro GRUPO CERRADO DE FACEBOOK sobre Identidad Digital para Arquitectos:<\/em><\/p>\n<p><em><a href=\"https:\/\/www.facebook.com\/groups\/IdentidadDigitalParaArquitectos\/\">https:\/\/www.facebook.com\/groups\/IdentidadDigitalParaArquitectos\/<\/a><\/em><\/p>\n<p><em>Suscr\u00edbete a nuestro canal de YOUTUBE: <a href=\"http:\/\/bit.ly\/2A1UtAd\">http:\/\/bit.ly\/2A1UtAd<\/a><\/em><\/p>\n<p>&nbsp;<\/p>\n<p>* <a href=\"https:\/\/stepienybarno.es\/blog\/2011\/09\/04\/las-fortalezas-del-arquitecto\/\">Stepienybarno<\/a> est\u00e1 formado por Agnieszka Stepien y Lorenzo Barn\u00f3 y desde mayo del 2009 estamos en la red con la presente publicaci\u00f3n digital (Blog) de arquitectura.<\/p>\n<p>Nuestra actividad se sustenta en tres pilares b\u00e1sicos: la investigaci\u00f3n, la publicaci\u00f3n y la redacci\u00f3n de proyectos de arquitectura.<\/p>\n<p>A su vez, somos socios cofundadores de <a href=\"http:\/\/sinergiasostenible.org\/\">SINERGIA SOSTENIBLE<\/a> y directores del blog de FUNDACI\u00d3N ARQUIA.<\/p>\n","protected":false},"excerpt":{"rendered":"<p>Por Anatxu Zabalbeascoa Desde Del Tirador a la Ciudad, El Pa\u00eds<\/p>\n<p>Fotograf\u00eda de Juan Rodr\u00edguez<\/p>\n<p>(m\u00e1s&#8230;)<\/p>\n","protected":false},"author":2,"featured_media":20828,"comment_status":"open","ping_status":"closed","sticky":false,"template":"","format":"standard","meta":{"om_disable_all_campaigns":false,"_monsterinsights_skip_tracking":false,"_monsterinsights_sitenote_active":false,"_monsterinsights_sitenote_note":"","_monsterinsights_sitenote_category":0,"_uf_show_specific_survey":0,"_uf_disable_surveys":false,"episode_type":"","audio_file":"","cover_image":"","cover_image_id":"","duration":"","filesize":"","date_recorded":"","explicit":"","block":"","filesize_raw":"","footnotes":""},"categories":[244],"tags":[121,253,395,443,3781],"series":[],"class_list":["post-20824","post","type-post","status-publish","format-standard","has-post-thumbnail","hentry","category-canal-de-arquitectura","tag-alvaro-siza","tag-anatxu-zabalbeascoa","tag-del-tirador-a-la-ciudad","tag-el-pais","tag-juan-rodriguez"],"aioseo_notices":[],"episode_featured_image":"https:\/\/stepienybarno.es\/blog\/wp-content\/uploads\/2016\/02\/stepienybarno-blog-anatxu-zabalbeascoa-del-tirador-a-la-ciudad-el-pais-juan-rodriguez.jpg","episode_player_image":"https:\/\/stepienybarno.es\/blog\/wp-content\/uploads\/2020\/11\/stepienybarno-podcast-scaled.jpg","download_link":"","player_link":"","audio_player":false,"episode_data":{"playerMode":"dark","subscribeUrls":[],"rssFeedUrl":"https:\/\/stepienybarno.es\/blog\/feed\/podcast\/podcast-de-stepienybarno","embedCode":"<blockquote class=\"wp-embedded-content\" data-secret=\"PiczLl1nC4\"><a href=\"https:\/\/stepienybarno.es\/blog\/2020\/01\/16\/arquitectura-y-funcionarios-que-no-funcionan\/\">Arquitectura y funcionarios que no funcionan<\/a><\/blockquote><iframe sandbox=\"allow-scripts\" security=\"restricted\" src=\"https:\/\/stepienybarno.es\/blog\/2020\/01\/16\/arquitectura-y-funcionarios-que-no-funcionan\/embed\/#?secret=PiczLl1nC4\" width=\"500\" height=\"350\" title=\"\u00abArquitectura y funcionarios que no funcionan\u00bb \u2014 Blog de STEPIEN Y BARNO - publicaci\u00f3n digital sobre arquitectura\" data-secret=\"PiczLl1nC4\" frameborder=\"0\" marginwidth=\"0\" marginheight=\"0\" scrolling=\"no\" class=\"wp-embedded-content\"><\/iframe><script type=\"text\/javascript\">\n\/* <![CDATA[ *\/\n\/*! This file is auto-generated *\/\n!function(d,l){\"use strict\";l.querySelector&&d.addEventListener&&\"undefined\"!=typeof URL&&(d.wp=d.wp||{},d.wp.receiveEmbedMessage||(d.wp.receiveEmbedMessage=function(e){var t=e.data;if((t||t.secret||t.message||t.value)&&!\/[^a-zA-Z0-9]\/.test(t.secret)){for(var s,r,n,a=l.querySelectorAll('iframe[data-secret=\"'+t.secret+'\"]'),o=l.querySelectorAll('blockquote[data-secret=\"'+t.secret+'\"]'),c=new RegExp(\"^https?:$\",\"i\"),i=0;i<o.length;i++)o[i].style.display=\"none\";for(i=0;i<a.length;i++)s=a[i],e.source===s.contentWindow&&(s.removeAttribute(\"style\"),\"height\"===t.message?(1e3<(r=parseInt(t.value,10))?r=1e3:~~r<200&&(r=200),s.height=r):\"link\"===t.message&&(r=new URL(s.getAttribute(\"src\")),n=new URL(t.value),c.test(n.protocol))&&n.host===r.host&&l.activeElement===s&&(d.top.location.href=t.value))}},d.addEventListener(\"message\",d.wp.receiveEmbedMessage,!1),l.addEventListener(\"DOMContentLoaded\",function(){for(var e,t,s=l.querySelectorAll(\"iframe.wp-embedded-content\"),r=0;r<s.length;r++)(t=(e=s[r]).getAttribute(\"data-secret\"))||(t=Math.random().toString(36).substring(2,12),e.src+=\"#?secret=\"+t,e.setAttribute(\"data-secret\",t)),e.contentWindow.postMessage({message:\"ready\",secret:t},\"*\")},!1)))}(window,document);\n\/* ]]> *\/\n<\/script>\n"},"_links":{"self":[{"href":"https:\/\/stepienybarno.es\/blog\/wp-json\/wp\/v2\/posts\/20824"}],"collection":[{"href":"https:\/\/stepienybarno.es\/blog\/wp-json\/wp\/v2\/posts"}],"about":[{"href":"https:\/\/stepienybarno.es\/blog\/wp-json\/wp\/v2\/types\/post"}],"author":[{"embeddable":true,"href":"https:\/\/stepienybarno.es\/blog\/wp-json\/wp\/v2\/users\/2"}],"replies":[{"embeddable":true,"href":"https:\/\/stepienybarno.es\/blog\/wp-json\/wp\/v2\/comments?post=20824"}],"version-history":[{"count":4,"href":"https:\/\/stepienybarno.es\/blog\/wp-json\/wp\/v2\/posts\/20824\/revisions"}],"predecessor-version":[{"id":38984,"href":"https:\/\/stepienybarno.es\/blog\/wp-json\/wp\/v2\/posts\/20824\/revisions\/38984"}],"wp:featuredmedia":[{"embeddable":true,"href":"https:\/\/stepienybarno.es\/blog\/wp-json\/wp\/v2\/media\/20828"}],"wp:attachment":[{"href":"https:\/\/stepienybarno.es\/blog\/wp-json\/wp\/v2\/media?parent=20824"}],"wp:term":[{"taxonomy":"category","embeddable":true,"href":"https:\/\/stepienybarno.es\/blog\/wp-json\/wp\/v2\/categories?post=20824"},{"taxonomy":"post_tag","embeddable":true,"href":"https:\/\/stepienybarno.es\/blog\/wp-json\/wp\/v2\/tags?post=20824"},{"taxonomy":"series","embeddable":true,"href":"https:\/\/stepienybarno.es\/blog\/wp-json\/wp\/v2\/series?post=20824"}],"curies":[{"name":"wp","href":"https:\/\/api.w.org\/{rel}","templated":true}]}}