{"id":20858,"date":"2016-02-17T10:32:12","date_gmt":"2016-02-17T08:32:12","guid":{"rendered":"https:\/\/www.stepienybarno.es\/blog\/?p=20858"},"modified":"2016-02-17T10:32:12","modified_gmt":"2016-02-17T08:32:12","slug":"veinte-anos-sin-alejandro-de-la-sota","status":"publish","type":"post","link":"https:\/\/stepienybarno.es\/blog\/2016\/02\/17\/veinte-anos-sin-alejandro-de-la-sota\/","title":{"rendered":"VEINTE A\u00d1OS SIN ALEJANDRO DE LA SOTA."},"content":{"rendered":"<p><a href=\"https:\/\/stepienybarno.es\/blog\/wp-content\/uploads\/2016\/02\/stepienybarno-blog-stepien-y-barno-fundacion-alejandro-de-la-sota.jpg\"><img loading=\"lazy\" decoding=\"async\" class=\"aligncenter size-full wp-image-20859\" title=\"stepienybarno-blog-stepien-y-barno-fundacion-alejandro-de-la-sota\" src=\"https:\/\/stepienybarno.es\/blog\/wp-content\/uploads\/2016\/02\/stepienybarno-blog-stepien-y-barno-fundacion-alejandro-de-la-sota.jpg\" alt=\"stepienybarno-blog-stepien-y-barno-fundacion-alejandro-de-la-sota\" width=\"500\" height=\"332\" srcset=\"https:\/\/stepienybarno.es\/blog\/wp-content\/uploads\/2016\/02\/stepienybarno-blog-stepien-y-barno-fundacion-alejandro-de-la-sota.jpg 500w, https:\/\/stepienybarno.es\/blog\/wp-content\/uploads\/2016\/02\/stepienybarno-blog-stepien-y-barno-fundacion-alejandro-de-la-sota-180x120.jpg 180w, https:\/\/stepienybarno.es\/blog\/wp-content\/uploads\/2016\/02\/stepienybarno-blog-stepien-y-barno-fundacion-alejandro-de-la-sota-316x210.jpg 316w\" sizes=\"(max-width: 500px) 100vw, 500px\" \/><\/a><\/p>\n<p><a href=\"https:\/\/stepienybarno.es\/blog\/wp-content\/uploads\/2016\/02\/stepienybarno-blog-stepien-y-barno-fundacion-alejandro-de-la-sota.jpg\"><\/a>Por Jos\u00e9 de la Sota R\u00edus Desde <a href=\"https:\/\/www.facebook.com\/FundacionAlejandrodelaSota\/\" target=\"_blank\">Fundaci\u00f3n Alejandro de la Sota<\/a><\/p>\n<p><!--more--><\/p>\n<p><strong>\u201c<\/strong>SEMBLANZA DE ALEJANDRO DE LA SOTA<\/p>\n<p>En el caso de mi padre, Alejandro de la Sota, vida y obra caminaron excepcionalmente juntas, tan juntas que resulta a\u00fan hoy imposible separarlas. A partir de un punto, s\u00f3lo el recuerdo y las obras perduran. Despu\u00e9s, s\u00f3lo estas. Hoy a\u00fan estamos los que le podemos recordar, los que podemos hacer un relato que se asemeje a la vida, lo que queda en nuestra memoria despu\u00e9s del paso del tiempo, transmitir en suma una semblanza -un semblante- veros\u00edmil y cercano que permita tambi\u00e9n, quiz\u00e1s, conocer mejor sus obras.<\/p>\n<p>En esta semblanza contar\u00e9 dos im\u00e1genes, dos recuerdos, uno del principio de cuando yo era a\u00fan ni\u00f1o y otro del final, de cuando \u00e9l era ya mayor. Cierto d\u00eda nos preguntaron en clase sobre la profesi\u00f3n de nuestros padres. Uno cont\u00f3 c\u00f3mo su padre m\u00e9dico, en bata blanca, curaba a los enfermos en el hospital: \u00e9l, de mayor, tambi\u00e9n ser\u00eda m\u00e9dico. Otro, cuyo padre era abogado, habl\u00f3 del despacho con sus inmensas estanter\u00edas llenas de libros \u2013imagino que aranzadis- y los otros de otras ocupaciones.<\/p>\n<p>Cuando me lleg\u00f3 el turno me preguntaron c\u00f3mo trabajaba mi padre que dije que era arquitecto. Expliqu\u00e9 entonces que pasaba las ma\u00f1anas en pijama, tocando el piano y que por las tardes iba al estudio donde hac\u00eda unos dibujos en papel muy fino que luego daba a Ferm\u00edn, el aparejador, para que se dibujaran a tinta en papel cebolla. Todo hizo mucha gracia en clase: imaginar al pap\u00e1 de un compa\u00f1ero a las doce de la ma\u00f1ana en pijama, tocando el piano y haciendo dibujitos en \u201cpapel cebolla\u201d no deb\u00eda ser para menos. Para m\u00ed era lo normal. Mi padre iba tarde al estudio, regresaba a\u00fan m\u00e1s tarde y en muchas ocasiones al irnos por la ma\u00f1ana al colegio, pod\u00edamos encontrarle charlando pl\u00e1cidamente con un whisky en la mano con mis t\u00edos o con amigos en el sal\u00f3n de casa como si fueran las ocho de la tarde y no las ocho de la ma\u00f1ana.<\/p>\n<p>Otra versi\u00f3n de este recuerdo es mi padre tarareando mientras tocaba imaginariamente el piano en su cabeza calva, sentado en la tumbona, pensando en su arquitectura. En qu\u00e9 si no. Esto ser\u00eda m\u00e1s dif\u00edcil de explicar que lo del piano y seguramente por eso opt\u00e9 por el primer relato. Todo era normal, nada que no tuviera que ver con la libertad para estar y hacer en el mundo, ser due\u00f1o de uno mismo, coincidencia casi exacta entre lo que haces, quieres hacer y debes hacer, tom\u00e1ndote tu tiempo, sin ansiedad de ning\u00fan tipo, incluso sin la que marca tu vocaci\u00f3n y m\u00e1s a\u00fan, el ejercicio de la profesi\u00f3n. Todo contrastaba con la imagen de obligaciones y deberes que el mundo adulto proyectaba sobre los ni\u00f1os. Nada que ver, tampoco, con la imagen al uso de bohemia m\u00e1s o menos \u00e1crata del artista. Insisto, todo era muy normal.<strong> (\u2026)\u201d<\/strong><\/p>\n<blockquote>\n<p style=\"text-align: center;\">Accede al art\u00edculo, <a href=\"https:\/\/www.facebook.com\/FundacionAlejandrodelaSota\/photos\/a.208398525837464.59543.182805431730107\/1151524261524881\/?type=3&amp;theater\" target=\"_blank\">AQU\u00cd<\/a><\/p>\n<\/blockquote>\n<p align=\"center\">\n<p><span style=\"color: #888888;\"> <\/span><\/p>\n<p><em><span style=\"color: #888888;\">Noticia seleccionada por el Canal de arquitectura STEPIENYBARNO.<\/span><\/em><\/p>\n<p><a href=\"https:\/\/twitter.com\/stepienybarno\" target=\"_blank\"><em>STEPIENYBARNO EN TWITTER _ @stepienybarno<\/em><\/a><\/p>\n<p><a href=\"http:\/\/www.linkedin.com\/company\/stepienybarno\" target=\"_blank\"><em>STEPIENYBARNO EN LINKEDIN<\/em><\/a><\/p>\n<p><a href=\"https:\/\/www.facebook.com\/pages\/BLOG-DE-STEPIENYBARNO\/78001079029\" target=\"_blank\"><em>STEPIENYBARNO EN FACEBOOK<\/em><\/a><\/p>\n<p><em><span style=\"color: #888888;\">*Stepienybarno est\u00e1 formado por Agnieszka Stepien y Lorenzo Barn\u00f3 y desde mayo del 2009 estamos en la red con\u00a0 la presente publicaci\u00f3n digital (Blog) de arquitectura.<\/span><\/em><\/p>\n<p><em><span style=\"color: #888888;\">Nuestra actividad se sustenta en tres pilares b\u00e1sicos: la investigaci\u00f3n, la publicaci\u00f3n (comunicaci\u00f3n y difusi\u00f3n) y la redacci\u00f3n de proyectos de arquitectura.<\/span><\/em><\/p>\n<p><em><span style=\"color: #888888;\">A su vez, somos socios cofundadores de<\/span><\/em><em> <\/em><a href=\"http:\/\/sinergiasostenible.org\/\" target=\"_blank\"><em>SINERGIA SOSTENIBLE<\/em><\/a><em><span style=\"color: #888888;\">, redactores de<\/span><\/em><em> <\/em><a href=\"http:\/\/www.laciudadviva.org\/blogs\/?author=45\" target=\"_blank\"><em>LA CIUDAD VIVA<\/em><\/a><em> <\/em><span style=\"color: #888888;\"><em>y directores del blog de<\/em><em> <\/em><\/span><a href=\"http:\/\/blogfundacion.arquia.es\/\" target=\"_blank\"><em>FUNDACI\u00d3N ARQUIA<span style=\"color: #888888;\">.<\/span><\/em><\/a><\/p>\n<p><em><span style=\"color: #888888;\">* Los editores de esta publicaci\u00f3n digital no nos hacemos cargo de de los comentarios y\u00a0 conceptos vertidos en los textos firmados por otras personas, siendo \u00e9stos de responsabilidad exclusiva de sus autores.<\/span><\/em><\/p>\n<p><em><span style=\"color: #888888;\">* Tu comentario podr\u00e1 ser moderado, por lo tanto, aunque aparezca inmediatamente al ser publicado en la entrada, los editores de esta publicaci\u00f3n digital nos reservamos el derecho tanto de editarlo (si fuera necesario, para hacerlo m\u00e1s legible) como de eliminarlo en el caso de que se usen expresiones incorrectas (descalificaciones, palabras malsonantes\u2026). A su vez, si quieres comentar desde el anonimato puedes hacerlo, aunque, nosotros personalmente, agradecemos que tod@s nos podamos identificar.<\/span><\/em><\/p>\n<p><em> <\/em><\/p>\n","protected":false},"excerpt":{"rendered":"<p>Por Jos\u00e9 de la Sota R\u00edus Desde Fundaci\u00f3n Alejandro de la Sota<\/p>\n<p>(m\u00e1s&#8230;)<\/p>\n","protected":false},"author":2,"featured_media":0,"comment_status":"open","ping_status":"closed","sticky":false,"template":"","format":"standard","meta":{"om_disable_all_campaigns":false,"_monsterinsights_skip_tracking":false,"_monsterinsights_sitenote_active":false,"_monsterinsights_sitenote_note":"","_monsterinsights_sitenote_category":0,"_uf_show_specific_survey":0,"_uf_disable_surveys":false,"episode_type":"","audio_file":"","cover_image":"","cover_image_id":"","duration":"","filesize":"","date_recorded":"","explicit":"","block":"","filesize_raw":"","footnotes":""},"categories":[244],"tags":[598,3982,3981],"series":[],"class_list":["post-20858","post","type-post","status-publish","format-standard","hentry","category-canal-de-arquitectura","tag-alejandro-de-la-sota","tag-fundacion-alejandro-de-la-sota","tag-jose-de-la-sota-rius"],"aioseo_notices":[],"episode_featured_image":false,"episode_player_image":"https:\/\/stepienybarno.es\/blog\/wp-content\/uploads\/2020\/11\/stepienybarno-podcast-scaled.jpg","download_link":"","player_link":"","audio_player":false,"episode_data":{"playerMode":"dark","subscribeUrls":[],"rssFeedUrl":"https:\/\/stepienybarno.es\/blog\/feed\/podcast\/podcast-de-stepienybarno","embedCode":"<blockquote class=\"wp-embedded-content\" data-secret=\"XXHE9y3gfo\"><a href=\"https:\/\/stepienybarno.es\/blog\/2016\/02\/17\/veinte-anos-sin-alejandro-de-la-sota\/\">VEINTE A\u00d1OS SIN ALEJANDRO DE LA SOTA.<\/a><\/blockquote><iframe sandbox=\"allow-scripts\" security=\"restricted\" src=\"https:\/\/stepienybarno.es\/blog\/2016\/02\/17\/veinte-anos-sin-alejandro-de-la-sota\/embed\/#?secret=XXHE9y3gfo\" width=\"500\" height=\"350\" title=\"\u00abVEINTE A\u00d1OS SIN ALEJANDRO DE LA SOTA.\u00bb \u2014 Blog de STEPIEN Y BARNO - publicaci\u00f3n digital sobre arquitectura\" data-secret=\"XXHE9y3gfo\" frameborder=\"0\" marginwidth=\"0\" marginheight=\"0\" scrolling=\"no\" class=\"wp-embedded-content\"><\/iframe><script type=\"text\/javascript\">\n\/* <![CDATA[ *\/\n\/*! This file is auto-generated *\/\n!function(d,l){\"use strict\";l.querySelector&&d.addEventListener&&\"undefined\"!=typeof URL&&(d.wp=d.wp||{},d.wp.receiveEmbedMessage||(d.wp.receiveEmbedMessage=function(e){var t=e.data;if((t||t.secret||t.message||t.value)&&!\/[^a-zA-Z0-9]\/.test(t.secret)){for(var s,r,n,a=l.querySelectorAll('iframe[data-secret=\"'+t.secret+'\"]'),o=l.querySelectorAll('blockquote[data-secret=\"'+t.secret+'\"]'),c=new RegExp(\"^https?:$\",\"i\"),i=0;i<o.length;i++)o[i].style.display=\"none\";for(i=0;i<a.length;i++)s=a[i],e.source===s.contentWindow&&(s.removeAttribute(\"style\"),\"height\"===t.message?(1e3<(r=parseInt(t.value,10))?r=1e3:~~r<200&&(r=200),s.height=r):\"link\"===t.message&&(r=new URL(s.getAttribute(\"src\")),n=new URL(t.value),c.test(n.protocol))&&n.host===r.host&&l.activeElement===s&&(d.top.location.href=t.value))}},d.addEventListener(\"message\",d.wp.receiveEmbedMessage,!1),l.addEventListener(\"DOMContentLoaded\",function(){for(var e,t,s=l.querySelectorAll(\"iframe.wp-embedded-content\"),r=0;r<s.length;r++)(t=(e=s[r]).getAttribute(\"data-secret\"))||(t=Math.random().toString(36).substring(2,12),e.src+=\"#?secret=\"+t,e.setAttribute(\"data-secret\",t)),e.contentWindow.postMessage({message:\"ready\",secret:t},\"*\")},!1)))}(window,document);\n\/* ]]> *\/\n<\/script>\n"},"_links":{"self":[{"href":"https:\/\/stepienybarno.es\/blog\/wp-json\/wp\/v2\/posts\/20858"}],"collection":[{"href":"https:\/\/stepienybarno.es\/blog\/wp-json\/wp\/v2\/posts"}],"about":[{"href":"https:\/\/stepienybarno.es\/blog\/wp-json\/wp\/v2\/types\/post"}],"author":[{"embeddable":true,"href":"https:\/\/stepienybarno.es\/blog\/wp-json\/wp\/v2\/users\/2"}],"replies":[{"embeddable":true,"href":"https:\/\/stepienybarno.es\/blog\/wp-json\/wp\/v2\/comments?post=20858"}],"version-history":[{"count":2,"href":"https:\/\/stepienybarno.es\/blog\/wp-json\/wp\/v2\/posts\/20858\/revisions"}],"predecessor-version":[{"id":20861,"href":"https:\/\/stepienybarno.es\/blog\/wp-json\/wp\/v2\/posts\/20858\/revisions\/20861"}],"wp:attachment":[{"href":"https:\/\/stepienybarno.es\/blog\/wp-json\/wp\/v2\/media?parent=20858"}],"wp:term":[{"taxonomy":"category","embeddable":true,"href":"https:\/\/stepienybarno.es\/blog\/wp-json\/wp\/v2\/categories?post=20858"},{"taxonomy":"post_tag","embeddable":true,"href":"https:\/\/stepienybarno.es\/blog\/wp-json\/wp\/v2\/tags?post=20858"},{"taxonomy":"series","embeddable":true,"href":"https:\/\/stepienybarno.es\/blog\/wp-json\/wp\/v2\/series?post=20858"}],"curies":[{"name":"wp","href":"https:\/\/api.w.org\/{rel}","templated":true}]}}