{"id":21004,"date":"2016-02-24T19:21:51","date_gmt":"2016-02-24T17:21:51","guid":{"rendered":"https:\/\/www.stepienybarno.es\/blog\/?p=21004"},"modified":"2016-02-24T18:14:39","modified_gmt":"2016-02-24T16:14:39","slug":"la-gentrificacion-o-conquistar-barrios-sin-derramar-sangre","status":"publish","type":"post","link":"https:\/\/stepienybarno.es\/blog\/2016\/02\/24\/la-gentrificacion-o-conquistar-barrios-sin-derramar-sangre\/","title":{"rendered":"LA GENTRIFICACI\u00d3N, O CONQUISTAR BARRIOS SIN DERRAMAR SANGRE"},"content":{"rendered":"<p><a href=\"https:\/\/stepienybarno.es\/blog\/wp-content\/uploads\/2016\/02\/stepienybarno-blog-arquitasa-arquitectura-gentrificaci\u00f3n.jpg\"><img loading=\"lazy\" decoding=\"async\" class=\"aligncenter size-full wp-image-21005\" title=\"stepienybarno-blog-arquitasa-arquitectura-gentrificaci\u00f3n\" src=\"https:\/\/stepienybarno.es\/blog\/wp-content\/uploads\/2016\/02\/stepienybarno-blog-arquitasa-arquitectura-gentrificaci\u00f3n.jpg\" alt=\"stepienybarno-blog-arquitasa-arquitectura-gentrificaci\u00f3n\" width=\"500\" height=\"313\" srcset=\"https:\/\/stepienybarno.es\/blog\/wp-content\/uploads\/2016\/02\/stepienybarno-blog-arquitasa-arquitectura-gentrificaci\u00f3n.jpg 500w, https:\/\/stepienybarno.es\/blog\/wp-content\/uploads\/2016\/02\/stepienybarno-blog-arquitasa-arquitectura-gentrificaci\u00f3n-180x113.jpg 180w, https:\/\/stepienybarno.es\/blog\/wp-content\/uploads\/2016\/02\/stepienybarno-blog-arquitasa-arquitectura-gentrificaci\u00f3n-316x198.jpg 316w\" sizes=\"(max-width: 500px) 100vw, 500px\" \/><\/a><\/p>\n<p>Por Francisco Camino Desde <a href=\"http:\/\/www.arquitasa.com\/\" target=\"_blank\">Arquitasa<\/a><\/p>\n<p><!--more--><\/p>\n<p>\u201cEn los barrios de la ciudad tradicional conviv\u00edan las diferentes clases sociales, desarroll\u00e1ndose \u00a0conjuntamente los diversos usos de la actividad humana. Tras la revoluci\u00f3n industrial y de manera m\u00e1s acusada despu\u00e9s de II Guerra Mundial, se produjo lo que despu\u00e9s se conoci\u00f3 como \u201c<em><strong>sectorizaci\u00f3n<\/strong><\/em><em>\u201d. <\/em><em> <\/em> Esto es, se empezaron a diferenciar unas porciones de la ciudad de las otras, seg\u00fan las actividades principales desarrolladas en cada una de ellas. Pero sobre todo comenzaron a diferenciarse por la clase social predominante que habitaba en cada barrio.<\/p>\n<p>En el lenguaje coloquial empez\u00f3 a ser habitual hablar de\u00a0<strong><a href=\"https:\/\/www.youtube.com\/watch?v=mOytN0Z3jHw\" target=\"_blank\">\u201c<em>barrios altos<\/em><\/a>\u201d<\/strong>, \u201c<em>barrios bajos<\/em>\u201d, \u201c<em>barrios obreros<\/em>\u201d, etc\u2026. La referida sectorizaci\u00f3n, unas veces fue planificada y otras se desarroll\u00f3 de una manera espont\u00e1nea, provocando, muchas veces, segregaci\u00f3n de usos y de personas. Cada barrio pas\u00f3 a estar habitado predominantemente por una clase social determinada. Esto suced\u00eda tanto en los barrios de nueva creaci\u00f3n, como en determinadas zonas consolidadas de la ciudad tradicional.<\/p>\n<p>Pero la\u00a0<strong>sectorizaci\u00f3n<\/strong> por zonas de la ciudad, espont\u00e1nea o planificada, no era un fen\u00f3meno est\u00e1tico, sino que estaba en continua evoluci\u00f3n. Queremos decir, que los usos predominantes que se daban en una determinada zona, pod\u00edan ir cambiando con el paso del tiempo, como tambi\u00e9n pod\u00eda ir cambiando, m\u00e1s o menos lentamente, la clase social mayoritaria que habitaba en un barrio concreto.<\/p>\n<p>Este fen\u00f3meno din\u00e1mico se desarroll\u00f3 frecuentemente en los pol\u00edgonos creados en las grandes ciudades para albergar a los trabajadores que emigraban desde zonas rurales. Seg\u00fan iban prosperando sus pobladores comenzaban a trasladarse a otros barrios, que ellos consideraban mejores para que vivieran sus hijos. Los huecos que dejaban eran cubiertos por una poblaci\u00f3n de inferior nivel econ\u00f3mico, que a su vez dejaban otros huecos en otros barrios m\u00e1s humildes.\u00a0 (\u2026)\u201d<\/p>\n<blockquote>\n<p style=\"text-align: center;\">Accede al art\u00edculo, <a href=\"http:\/\/www.arquitasa.com\/la-gentrificacion-o-conquistar-barrios-sin-derramar-sangre\/\" target=\"_blank\">AQU\u00cd<\/a><\/p>\n<\/blockquote>\n<p align=\"center\">\n<p align=\"center\">\n<p><a href=\"http:\/\/www.lacol.org\/\"><\/a><\/p>\n<p><span style=\"color: #888888;\"> <\/span><\/p>\n<p><em><span style=\"color: #888888;\">Noticia seleccionada por el Canal de arquitectura STEPIENYBARNO.<\/span><\/em><\/p>\n<p><a href=\"https:\/\/twitter.com\/stepienybarno\" target=\"_blank\"><em>STEPIENYBARNO EN TWITTER _ @stepienybarno<\/em><\/a><\/p>\n<p><a href=\"http:\/\/www.linkedin.com\/company\/stepienybarno\" target=\"_blank\"><em>STEPIENYBARNO EN LINKEDIN<\/em><\/a><\/p>\n<p><a href=\"https:\/\/www.facebook.com\/pages\/BLOG-DE-STEPIENYBARNO\/78001079029\" target=\"_blank\"><em>STEPIENYBARNO EN FACEBOOK<\/em><\/a><\/p>\n<p><em><span style=\"color: #888888;\">*Stepienybarno est\u00e1 formado por Agnieszka Stepien y Lorenzo Barn\u00f3 y desde mayo del 2009 estamos en la red con\u00a0 la presente publicaci\u00f3n digital (Blog) de arquitectura.<\/span><\/em><\/p>\n<p><em><span style=\"color: #888888;\">Nuestra actividad se sustenta en tres pilares b\u00e1sicos: la investigaci\u00f3n, la publicaci\u00f3n (comunicaci\u00f3n y difusi\u00f3n) y la redacci\u00f3n de proyectos de arquitectura.<\/span><\/em><\/p>\n<p><em><span style=\"color: #888888;\">A su vez, somos socios cofundadores de<\/span><\/em><em> <\/em><a href=\"http:\/\/sinergiasostenible.org\/\" target=\"_blank\"><em>SINERGIA SOSTENIBLE<\/em><\/a><em><span style=\"color: #888888;\">, redactores de<\/span><\/em><em> <\/em><a href=\"http:\/\/www.laciudadviva.org\/blogs\/?author=45\" target=\"_blank\"><em>LA CIUDAD VIVA<\/em><\/a><span style=\"color: #888888;\"><em> <\/em><em>y directores del blog de<\/em><\/span><em> <\/em><a href=\"http:\/\/blogfundacion.arquia.es\/\" target=\"_blank\"><em>FUNDACI\u00d3N ARQUIA<span style=\"color: #888888;\">.<\/span><\/em><\/a><\/p>\n<p><em><span style=\"color: #888888;\">* Los editores de esta publicaci\u00f3n digital no nos hacemos cargo de de los comentarios y\u00a0 conceptos vertidos en los textos firmados por otras personas, siendo \u00e9stos de responsabilidad exclusiva de sus autores.<\/span><\/em><\/p>\n<p><em><span style=\"color: #888888;\">* Tu comentario podr\u00e1 ser moderado, por lo tanto, aunque aparezca inmediatamente al ser publicado en la entrada, los editores de esta publicaci\u00f3n digital nos reservamos el derecho tanto de editarlo (si fuera necesario, para hacerlo m\u00e1s legible) como de eliminarlo en el caso de que se usen expresiones incorrectas (descalificaciones, palabras malsonantes\u2026). A su vez, si quieres comentar desde el anonimato puedes hacerlo, aunque, nosotros personalmente, agradecemos que tod@s nos podamos identificar.<\/span><\/em><\/p>\n","protected":false},"excerpt":{"rendered":"<p>Por Francisco Camino Desde Arquitasa<\/p>\n","protected":false},"author":2,"featured_media":0,"comment_status":"open","ping_status":"closed","sticky":false,"template":"","format":"standard","meta":{"om_disable_all_campaigns":false,"_monsterinsights_skip_tracking":false,"_monsterinsights_sitenote_active":false,"_monsterinsights_sitenote_note":"","_monsterinsights_sitenote_category":0,"_uf_show_specific_survey":0,"_uf_disable_surveys":false,"episode_type":"","audio_file":"","cover_image":"","cover_image_id":"","duration":"","filesize":"","date_recorded":"","explicit":"","block":"","filesize_raw":"","footnotes":""},"categories":[244],"tags":[3541,3159],"series":[],"class_list":["post-21004","post","type-post","status-publish","format-standard","hentry","category-canal-de-arquitectura","tag-arquitasa","tag-francisco-camino"],"aioseo_notices":[],"episode_featured_image":false,"episode_player_image":"https:\/\/stepienybarno.es\/blog\/wp-content\/uploads\/2020\/11\/stepienybarno-podcast-scaled.jpg","download_link":"","player_link":"","audio_player":false,"episode_data":{"playerMode":"dark","subscribeUrls":[],"rssFeedUrl":"https:\/\/stepienybarno.es\/blog\/feed\/podcast\/podcast-de-stepienybarno","embedCode":"<blockquote class=\"wp-embedded-content\" data-secret=\"QnLyqBEVLm\"><a href=\"https:\/\/stepienybarno.es\/blog\/2016\/02\/24\/la-gentrificacion-o-conquistar-barrios-sin-derramar-sangre\/\">LA GENTRIFICACI\u00d3N, O CONQUISTAR BARRIOS SIN DERRAMAR SANGRE<\/a><\/blockquote><iframe sandbox=\"allow-scripts\" security=\"restricted\" src=\"https:\/\/stepienybarno.es\/blog\/2016\/02\/24\/la-gentrificacion-o-conquistar-barrios-sin-derramar-sangre\/embed\/#?secret=QnLyqBEVLm\" width=\"500\" height=\"350\" title=\"\u00abLA GENTRIFICACI\u00d3N, O CONQUISTAR BARRIOS SIN DERRAMAR SANGRE\u00bb \u2014 Blog de STEPIEN Y BARNO - publicaci\u00f3n digital sobre arquitectura\" data-secret=\"QnLyqBEVLm\" frameborder=\"0\" marginwidth=\"0\" marginheight=\"0\" scrolling=\"no\" class=\"wp-embedded-content\"><\/iframe><script type=\"text\/javascript\">\n\/* <![CDATA[ *\/\n\/*! This file is auto-generated *\/\n!function(d,l){\"use strict\";l.querySelector&&d.addEventListener&&\"undefined\"!=typeof URL&&(d.wp=d.wp||{},d.wp.receiveEmbedMessage||(d.wp.receiveEmbedMessage=function(e){var t=e.data;if((t||t.secret||t.message||t.value)&&!\/[^a-zA-Z0-9]\/.test(t.secret)){for(var s,r,n,a=l.querySelectorAll('iframe[data-secret=\"'+t.secret+'\"]'),o=l.querySelectorAll('blockquote[data-secret=\"'+t.secret+'\"]'),c=new RegExp(\"^https?:$\",\"i\"),i=0;i<o.length;i++)o[i].style.display=\"none\";for(i=0;i<a.length;i++)s=a[i],e.source===s.contentWindow&&(s.removeAttribute(\"style\"),\"height\"===t.message?(1e3<(r=parseInt(t.value,10))?r=1e3:~~r<200&&(r=200),s.height=r):\"link\"===t.message&&(r=new URL(s.getAttribute(\"src\")),n=new URL(t.value),c.test(n.protocol))&&n.host===r.host&&l.activeElement===s&&(d.top.location.href=t.value))}},d.addEventListener(\"message\",d.wp.receiveEmbedMessage,!1),l.addEventListener(\"DOMContentLoaded\",function(){for(var e,t,s=l.querySelectorAll(\"iframe.wp-embedded-content\"),r=0;r<s.length;r++)(t=(e=s[r]).getAttribute(\"data-secret\"))||(t=Math.random().toString(36).substring(2,12),e.src+=\"#?secret=\"+t,e.setAttribute(\"data-secret\",t)),e.contentWindow.postMessage({message:\"ready\",secret:t},\"*\")},!1)))}(window,document);\n\/* ]]> *\/\n<\/script>\n"},"_links":{"self":[{"href":"https:\/\/stepienybarno.es\/blog\/wp-json\/wp\/v2\/posts\/21004"}],"collection":[{"href":"https:\/\/stepienybarno.es\/blog\/wp-json\/wp\/v2\/posts"}],"about":[{"href":"https:\/\/stepienybarno.es\/blog\/wp-json\/wp\/v2\/types\/post"}],"author":[{"embeddable":true,"href":"https:\/\/stepienybarno.es\/blog\/wp-json\/wp\/v2\/users\/2"}],"replies":[{"embeddable":true,"href":"https:\/\/stepienybarno.es\/blog\/wp-json\/wp\/v2\/comments?post=21004"}],"version-history":[{"count":2,"href":"https:\/\/stepienybarno.es\/blog\/wp-json\/wp\/v2\/posts\/21004\/revisions"}],"predecessor-version":[{"id":21007,"href":"https:\/\/stepienybarno.es\/blog\/wp-json\/wp\/v2\/posts\/21004\/revisions\/21007"}],"wp:attachment":[{"href":"https:\/\/stepienybarno.es\/blog\/wp-json\/wp\/v2\/media?parent=21004"}],"wp:term":[{"taxonomy":"category","embeddable":true,"href":"https:\/\/stepienybarno.es\/blog\/wp-json\/wp\/v2\/categories?post=21004"},{"taxonomy":"post_tag","embeddable":true,"href":"https:\/\/stepienybarno.es\/blog\/wp-json\/wp\/v2\/tags?post=21004"},{"taxonomy":"series","embeddable":true,"href":"https:\/\/stepienybarno.es\/blog\/wp-json\/wp\/v2\/series?post=21004"}],"curies":[{"name":"wp","href":"https:\/\/api.w.org\/{rel}","templated":true}]}}