{"id":21043,"date":"2016-02-28T22:14:57","date_gmt":"2016-02-28T20:14:57","guid":{"rendered":"https:\/\/www.stepienybarno.es\/blog\/?p=21043"},"modified":"2021-02-08T19:15:44","modified_gmt":"2021-02-08T17:15:44","slug":"10-razones-por-las-que-a-pesar-de-todo-estudiar-arquitectura","status":"publish","type":"post","link":"https:\/\/stepienybarno.es\/blog\/2016\/02\/28\/10-razones-por-las-que-a-pesar-de-todo-estudiar-arquitectura\/","title":{"rendered":"10 RAZONES POR LAS QUE, A PESAR DE TODO, ESTUDIAR ARQUITECTURA."},"content":{"rendered":"<p style=\"text-align: center;\"><img loading=\"lazy\" decoding=\"async\" class=\"size-full wp-image-21044 aligncenter\" title=\"Arquitangentes-Fundamentos - Arquitectura -Universidad Rey Juan Carlos stepienybarno\" src=\"https:\/\/stepienybarno.es\/blog\/wp-content\/uploads\/2016\/02\/Arquitangentes-Fundamentos-Arquitectura-Universidad-Rey-Juan-Carlos-stepienybarno.jpg\" alt=\"Arquitangentes-Fundamentos - Arquitectura -Universidad Rey Juan Carlos stepienybarno\" width=\"350\" height=\"233\" srcset=\"https:\/\/stepienybarno.es\/blog\/wp-content\/uploads\/2016\/02\/Arquitangentes-Fundamentos-Arquitectura-Universidad-Rey-Juan-Carlos-stepienybarno.jpg 350w, https:\/\/stepienybarno.es\/blog\/wp-content\/uploads\/2016\/02\/Arquitangentes-Fundamentos-Arquitectura-Universidad-Rey-Juan-Carlos-stepienybarno-180x120.jpg 180w, https:\/\/stepienybarno.es\/blog\/wp-content\/uploads\/2016\/02\/Arquitangentes-Fundamentos-Arquitectura-Universidad-Rey-Juan-Carlos-stepienybarno-316x210.jpg 316w\" sizes=\"(max-width: 350px) 100vw, 350px\" \/><\/p>\n<p>La realidad es complicada, la crisis ha hecho mucho da\u00f1o a casi todas las profesiones, pero especialmente al sector de la arquitectura y la construcci\u00f3n.<\/p>\n<p>As\u00ed, nos hemos preguntado desde Stepienybarno, si, a pesar de todo, vale la pena estudiar hoy arquitectura. El resultado es este post que esperamos que os guste.<\/p>\n<p><!--more--><\/p>\n<div style=\"position: relative; height: 0; padding-bottom: 37.83%;\"><iframe loading=\"lazy\" style=\"position: absolute; width: 100%; height: 100%; left: 0;\" src=\"https:\/\/www.youtube.com\/embed\/80xmTJyKO4k?ecver=2\" width=\"952\" height=\"360\" frameborder=\"0\" allowfullscreen=\"allowfullscreen\"><\/iframe><\/div>\n<p>&nbsp;<\/p>\n<p>A\u00a0 muchos de los que entran en la facultad de arquitectura hoy, les avisar\u00e1n de que cuando terminen la carrera tendr\u00e1n que dedicarse a otra cosa y que <strong>est\u00e1n perdiendo a\u00f1os valiosos de su existencia<\/strong>. Vaya\u2026 que est\u00e1n cometiendo el error de su vida.<\/p>\n<p>Esta visi\u00f3n, que tiene su punto de raz\u00f3n, est\u00e1 anclada en la premisa de que, como hay poco \u201ctrabajo de arquitecto\u201d, no tienen sentido estudiar arquitectura.<\/p>\n<p>As\u00ed, es importante matizar varios aspectos que hacen que<strong> la afirmaci\u00f3n no sea tan clara. <\/strong>De hecho, se nos ocurren 10 motivos que desaf\u00edan a quienes toman por locos a los j\u00f3venes estudiantes de arquitectura.<\/p>\n<p>\u00a1Ah\u00ed van!<\/p>\n<p><!--more--><\/p>\n<p><iframe loading=\"lazy\" title=\"\ud83e\udd13  POR UNA ENSE\u00d1ANZA L\u00cdQUIDA EN ARQUITECTURA\" width=\"911\" height=\"512\" src=\"https:\/\/www.youtube.com\/embed\/nGgUTHP8tIQ?feature=oembed\" frameborder=\"0\" allow=\"accelerometer; autoplay; clipboard-write; encrypted-media; gyroscope; picture-in-picture\" allowfullscreen><\/iframe><\/p>\n<h3><strong><span style=\"color: #3366ff;\">1_ LA ARQUITECTURA ES UN SERVICIO<\/span><\/strong><\/h3>\n<p>La arquitectura, en su esencia, es un acto de servicio, y como tal debe estar ajeno a otro tipo de circunstancias.<\/p>\n<p>El problema es que, por un lado, los arquitectos, en muchos casos, han sido la mano ejecutora del desprop\u00f3sito inmobiliario y que, por otro lado, no nos hemos preocupado de comunicarnos con la sociedad. Mucha gente piensa que, m\u00e1s que ser una profesi\u00f3n de servicio, hemos estado al servicio del capital.<\/p>\n<p>Con ello, se hace complicado ver <strong>las bondades de nuestra profesi\u00f3n<\/strong>, lo cual no significa que siempre vaya a ser as\u00ed. Es importante tener un <strong>plan de comunicaci\u00f3n<\/strong> (con acciones concretas e incluso medibles) para <strong>que el mundo se entere de lo que hacemos y de lo que hemos hecho en favor del a sociedad.<\/strong> La arquitectura, cuando traspasa la construcci\u00f3n, es uno de los mayores actos de servicio que existen. Este <strong>compromiso<\/strong> s\u00f3lo se puede hacer teniendo muy claro qu\u00e9 podemos aportar como arquitectos.<\/p>\n<h3><strong><span style=\"color: #3366ff;\">2_ LOS ARQUITECTOS SOMOS NECESARIOS.<\/span><\/strong><\/h3>\n<p>La arquitectura es m\u00e1s importante de lo que parece y, aunque no necesariamente la tienen que hacer los arquitectos, en la mayor\u00eda de las ocasiones somos los mejor formados para ello.<\/p>\n<p>As\u00ed, es importante recordar las palabras de <strong>Le Corbusier,<\/strong><\/p>\n<p>\u201c(\u2026) Jam\u00e1s me he preparado para la ense\u00f1anza propiamente dicha. Soy autodidacta en todo, hasta en el deporte. <strong>Como autodidacta conoc\u00ed hasta los treinta y cinco a\u00f1os las mayores angustias; y no le deseo a ninguno de ustedes seguir por un camino similar.<\/strong> (\u2026) Mi taller de la Rue de S\u00e8vres se convirti\u00f3, con el transcurso de los a\u00f1os, en el centro de reuni\u00f3n de m\u00e1s de doscientos arquitectos j\u00f3venes. A mi lado, abordaron los problemas variados, desde el amueblamiento, la casa peque\u00f1a, hasta el urbanismo. Pero hac\u00edan algo m\u00e1s que abordar, entraban en el fondo del problema. No preparaban esbozos, sino planes; no planeaban por encima de las contingencias, estaban en la curda realidad: <strong>programa, estructura, materiales, resistencia, costo y tiempo<\/strong>.\u201d <span style=\"color: #888888;\">(1)<\/span><\/p>\n<p>A esta reflexi\u00f3n hay que sumar que el maestro suizo nunca ocult\u00f3 su agradecimiento y admiraci\u00f3n por <strong>Auguste Perret<\/strong>, con quien estuvo form\u00e1ndose durante m\u00e1s de un a\u00f1o.<\/p>\n<p>En cualquier caso, todo lo que rodea a los ciudadanos tiene que ver (o puede tener que ver) con la arquitectura y, por ello, <strong>quienes nos dedicamos a la arquitectura (con t\u00edtulo acad\u00e9mico o no) somos y seguiremos siendo necesarios.<\/strong><\/p>\n<h3><strong><span style=\"color: #3366ff;\">3_ VER LA VIDA CON LOS OJOS DE ARQUITECTO<\/span><\/strong><\/h3>\n<p>A estas algunas del partido, puede resultar un poco cursi rescatar a <strong>Moneo<\/strong> diciendo que \u201cdaba gracias a Dios <strong>por permitirle ver el mundo con ojos de arquitecto<\/strong>\u201d; pero es m\u00e1s fuerte que nosotros y aqu\u00ed la traemos, nuevamente, a primer plano.<\/p>\n<p>Estamos convencidos de siendo arquitectos vemos el mundo de manera diferente (\u00bfmejor?) que el resto de los mortales. Esto aunque suene pedante o prepotente, es una realidad que, por lo menos, a nosotros nos ha hecho <strong>disfrutar como locos.<\/strong> Entrar en un edificio de Siza y no caber en el gozo por la experiencia, es algo demasiado bonito como para olvidarse de ello. Y s\u00ed, esto s\u00f3lo es posible siendo arquitecto o viviendo la vida como arquitecto.<\/p>\n<h3><strong><span style=\"color: #3366ff;\">4_ LA REHABILITACI\u00d3N NOS NECESITA<\/span><\/strong><\/h3>\n<p>Que no se construya mucho, no quiere decir que no se necesiten arquitectos.<\/p>\n<p>Por un lado, es cierto que en muchos pa\u00edses la nueva edificaci\u00f3n ha sufrido un par\u00f3n en seco, pero, no en todos; por lo tanto, aunque te formes en Espa\u00f1a, no significa que solo puedas construir aqu\u00ed.<\/p>\n<p><strong>A su vez, el sector de la rehabilitaci\u00f3n est\u00e1 cogiendo m\u00e1s fuerza que nunca y para rehabilitar bien es totalmente necesaria la figura del\u00a0 arquitecto.<\/strong> Hacernos necesarios en este entorno es una de las claves para que en un futuro pr\u00f3ximo el zapato no apriete tanto.<\/p>\n<p>Disfrutar de lo peque\u00f1o, olvidarnos de los fuegos de artificio y entrar en el cuerpo a cuerpo, es algo que podemos hacer. <strong>Cuanto antes se nos desligue de una profesi\u00f3n egoica, mejor que mejor.<\/strong> De hecho, en muchos casos, lo que somos es una profesi\u00f3n heroica que aguanta como pocas el chaparr\u00f3n.<\/p>\n<h3><strong><span style=\"color: #3366ff;\">5_ LA PERIFERIA DE LA ARQUITECTURA TAMBI\u00c9N ES ARQUITECTURA<\/span><\/strong><\/h3>\n<p>Una vez acabada la carrera, aunque, generalmente, al alumno no se le haya contado que existe un mundo m\u00e1s all\u00e1 de proyectar museos, la realidad es que <strong>la periferia de la arquitectura es muy grande y existen posibilidades de ser arquitecto en ella.<\/strong><\/p>\n<p>\u00bfSignifica esto que hay que renunciar a proyectar arquitectura? por supuesto que no; solo decimos que, <strong>cuando hacemos otro tipo de trabajos no dejamos de ser arquitectos.<\/strong><\/p>\n<p>Y si te est\u00e1s preguntando cu\u00e1les, hace no mucho hicimos un post en el que se nos ocurr\u00edan exactamente 100 (<a href=\"https:\/\/stepienybarno.es\/blog\/2014\/07\/23\/100-razones-por-las-que-contratar-a-un-arquitecto\/\" target=\"_blank\" rel=\"noopener noreferrer\">ver aqu\u00ed<\/a>).<\/p>\n<h3 style=\"text-align: center;\"><strong>Te puede interesar visitar <a href=\"https:\/\/escuelaarquitectura.es\/\" target=\"_blank\" rel=\"noopener noreferrer\">el blog de Escuela de Arquitectura<\/a><\/strong><\/h3>\n<h3><strong><span style=\"color: #3366ff;\">6_ CREATIVIDAD AL PODER<\/span><\/strong><\/h3>\n<p>La sociedad, m\u00e1s all\u00e1 de la propia arquitectura, cada vez necesita <strong>m\u00e1s profesionales que sean creativos y que tengan una buena visi\u00f3n transversal de los procesos. <\/strong><\/p>\n<p>En este sentido, tanto las profesiones cercanas al arte como nosotros mismos, somos los que, de partida, m\u00e1s integrado tenemos el mundo de la creatividad. As\u00ed, usar la creatividad para algo m\u00e1s que para\u00a0 hacer proyectos es fundamental y nos puede situar en la mente de muchas empresas.<\/p>\n<p>Si a ello unimos nuestra <strong>capacidad para proyectar<\/strong>, casi exclusiva de nuestra profesi\u00f3n, <strong>leyendo situaciones muy complejas, de una manera sencilla, <\/strong>nuestras posibilidades laborales aumentan de manera exponencial. Somos capaces de <strong>integrar<\/strong> y esto no es nada habitual; por lo tanto, esta es una fortaleza que debemos explotar mucho m\u00e1s.<\/p>\n<p>Adem\u00e1s, por lo general, los arquitectos tenemos <strong>muy buena capacidad de trabajo<\/strong> y, cuando queremos, sabemos <strong>trabajar en equipo.<\/strong><\/p>\n<p>Como vemos, son muchas fortalezas que, cuando nos las terminemos de creer, nos har\u00e1n necesarios en otros sectores, incluso alejados de la arquitectura.<\/p>\n<h3><strong><span style=\"color: #3366ff;\">7_ \u00bfD\u00d3NDE ESTAMOS LOS ARQUITECTOS CUANDO SE HABLA DE CIUDADES INTELIGENTES?<\/span><\/strong><\/h3>\n<p>El mundo en el que vivimos cada vez necesita m\u00e1s de actuar con criterios de sostenibilidad. \u00c9sta se puede aplicar a casi todos los sectores, pero es especialmente necesaria cuando hablamos de nuestras <strong>ciudades. <\/strong>Sin embargo, el mundo de las <a href=\"https:\/\/es.wikipedia.org\/wiki\/Ciudad_inteligente\">Smart Cities<\/a> est\u00e1 siendo totalmente controlado por <strong>grandes empresas que ahora les interesa hacerse pasar por sostenibles. <\/strong>\u00c9stas tiran de<strong> ingenieros<\/strong> de todo tipo y parece que a los arquitectos no nos tienen muy presentes<\/p>\n<p>Sin embargo, nosotros tenemos mucho que \u00a0aportar en este campo y ojal\u00e1 que vayamos ocupando nuestro sitio. Aqu\u00ed, hay mucha tarea por hacer y se podr\u00eda abrir un gran campo de acci\u00f3n para nosotros.<\/p>\n<h3><strong><span style=\"color: #3366ff;\">8_ DOS POR UNO<\/span><\/strong><\/h3>\n<p>A pesar de que nuestras facultades son muy mejorables, y sobre ello hemos escritos muchas veces (<a href=\"https:\/\/stepienybarno.es\/blog\/2014\/12\/27\/arquitectura-y-educacion-eduarq\/\" target=\"_blank\" rel=\"noopener noreferrer\">ver aqu\u00ed<\/a>), la formaci\u00f3n, por lo menos en Espa\u00f1a, es buena.<\/p>\n<p>Quiz\u00e1s haya demasiadas escuelas y no todas sean igualmente necesarias, puede ser; pero, la realidad es que quienes hemos terminado la carrera de arquitectura en Espa\u00f1a, <strong>tenemos una formaci\u00f3n que es muy completa -al tener mucho m\u00e1s peso la parte t\u00e9cnica que en otros pa\u00edses-. <\/strong>Si este dos por uno, tuviera su reflejo a nivel legal &#8211; administrativo \u00a1ser\u00eda la bomba!<\/p>\n<p>A su vez, tener en cuenta la realidad a la hora de hacer un programa acad\u00e9mico est\u00e1 muy bien \u00a1ojal\u00e1 lo hicieran nuestras escuelas!, pero <strong>subordinar lo que se ense\u00f1a en funci\u00f3n exclusiva de\u00a0 lo que ocurre ahora en el mercado laboral es un error<\/strong>. Lo que hoy es de una forma, dentro de cinco a\u00f1os puede ser de otra y esto es algo que ha ocurrido de manera sistem\u00e1tica.<\/p>\n<p>Adem\u00e1s, los a\u00f1os de facultad, aunque duros como ellos solos, son una \u00e9poca de nuestra vida que, en la mayor\u00eda de los casos, recordamos con gran cari\u00f1o.<\/p>\n<p>Como bien dice <strong>Jos\u00e9 Ram\u00f3n Hern\u00e1ndez<\/strong> en su famoso post \u00bfEstudiar Arquitectura?,<\/p>\n<p>\u201c<strong>Sufrir intensamente y disfrutar a\u00fan m\u00e1s intensamente.<\/strong> (Y eso que, no s\u00e9 por qu\u00e9 extra\u00f1a chiripa, jam\u00e1s me toc\u00f3 hacer una maqueta).\u201d <span style=\"color: #888888;\">(2)<\/span><\/p>\n<h3><strong><span style=\"color: #3366ff;\">9_ FORMACI\u00d3N CONTINUA<\/span><\/strong><\/h3>\n<p>Como decimos es importante tener una buena formaci\u00f3n, ir a una escuela en condiciones y tener los mejores profesores posibles; pero, por mucho que se aprenda en una facultad de arquitectura, <strong>ser\u00e1, una vez que dejemos las aulas, cuando comience nuestra verdadera formaci\u00f3n para ser arquitecto.<\/strong><\/p>\n<p>Este aprendizaje, por suerte o por desgracia, <strong>durar\u00e1 toda nuestra vida<\/strong> y siempre tendremos que estar poni\u00e9ndonos al d\u00eda. Hoy, m\u00e1s que nunca, el aprendizaje ha de estar muy atento a procesos colaborativos y a todo lo que la Nueva Era Digital nos va ense\u00f1ando. En cualquier caso, nos viene a la mente las palabras de<strong> Miguel<\/strong> <strong>Fisac<\/strong>:<\/p>\n<p>\u201c(\u2026) A las Escuelas de Arquitectura se les puede, y se les debe, exigir que proporcionen los conocimientos necesarios para ser arquitectos. Pedir que te ense\u00f1en a crear, es pedir peras al olmo. Y que los profesores lo pretendan es una actitud petulante. (\u2026) Os aconsejar\u00e9 que estudi\u00e9is con provecho las <strong>asignaturas m\u00e1s t\u00e9cnicas<\/strong> y las que puedan procuraros <strong>cultura human\u00edstica y pl\u00e1stica.<\/strong> Cuando curs\u00e9is las asignaturas de proyectos, pensad con profundidad, pero dando soluciones que sigan el camino m\u00e1s f\u00e1cil para aprobar. Empecinarse en nadar contracorriente \u2013tengo experiencia en ello- es perder el tiempo. El tiempo que necesitar\u00e9is para haceros arquitectos de verdad.\u201d<span style=\"color: #888888;\"> (3)<\/span><\/p>\n<h3><strong><span style=\"color: #3366ff;\">10_ LA ARQUITECTURA COMO VOCACI\u00d3N<\/span><\/strong><\/h3>\n<p>Por \u00faltimo, y enlazando con el comienzo del post, es cierto que la arquitectura tiene vocaci\u00f3n de servicio, pero lo que no hay que olvidar es que <strong>es una carrera vocacional<\/strong>. Hay veces que ser arquitecto viene casi inscrito en nuestro ADN; otras que, a quien se enfrenta ante su futuro profesional, se le hace presente esta vocaci\u00f3n y no habr\u00e1 muchos argumentos l\u00f3gicos que le hagan mirar para otro lado.<\/p>\n<p><strong>Estudiar algo que nos apasiona es el primer requisito para elegir qu\u00e9 estudiar<\/strong> y\u00a0 a qu\u00e9 nos queremos dedicar en un futuro.<\/p>\n<p>Lo bueno de este momento de la historia, es que, si con la crisis que tenemos en el sector, alguien quiere estudiar arquitectura, lo har\u00e1 por amor a la misma y no para terminar una carrera que de pasta o estatus. A veces, funcionar desde las tripas y no tanto desde la cabeza, es m\u00e1s que recomendable al estar m\u00e1s cerca de lo genuino y aut\u00e9ntico.<\/p>\n<p>Si se busca, desde una <strong>mente racional<\/strong> (cerebro izquierdo, para m\u00e1s pistas), una profesi\u00f3n que de seguridad, est\u00e1 claro que arquitectura hoy no es la m\u00e1s indicada; pero, <strong>si damos un hueco al cerebro derecho<\/strong>, podemos entender mejor las diez ideas que han construido esta reflexi\u00f3n y, entonces, tiene <strong>sentido (vital) estudiar arquitectura.<\/strong><\/p>\n<p>Aun con todo \u00a1No faltan en la red post <a href=\"http:\/\/www.docsity.com\/es\/noticias\/arquitectura-2\/61-razones-por-las-estudias-estudiaste-arquitectura\/\" target=\"_blank\" rel=\"noopener noreferrer\">como este<\/a> que dan una visi\u00f3n bien diferente de la nuestra!<\/p>\n<p>En cualquier caso, <strong>cuando vocaci\u00f3n y servicio se dan la mano<\/strong>, hay muchas posibilidades de que, a pesar de todo, nos vaya bien.<\/p>\n<p>Y dicho esto, a buen seguro que a vosotr@s se os ocurre alguna idea m\u00e1s por la que estudiar (o no) arquitectura \u00a1seremos todo o\u00eddos!<\/p>\n<blockquote>\n<h3 align=\"center\"><span style=\"color: #3366ff;\"><strong>Autores del post: Agnieszka Stepien y Lorenzo Barn\u00f3<\/strong><\/span><\/h3>\n<h3 style=\"text-align: center;\"><strong>Te puede interesar visitar <a href=\"https:\/\/escuelaarquitectura.es\/\" target=\"_blank\" rel=\"noopener noreferrer\">el blog de Escuela de Arquitectura<\/a><\/strong><\/h3>\n<\/blockquote>\n<blockquote><p>Imagen de portada perteneciente a la exposici\u00f3n \u2018Arquitangentes\u2019, realizada por<\/p>\n<p>estudiantes de Fundamentos de la Arquitectura de la Universidad Rey Juan Carlos<\/p>\n<p><a href=\"http:\/\/\" target=\"_blank\" rel=\"noopener noreferrer\">https:\/\/www.urjc.es\/todas-las-noticias-de-actualidad\/1747-un-grupo-de-estudiantes-de-arquitectura-de-la-urjc-ofrece-una-perspectiva-global-de-su-trabajo-en-pleno-centro-de-madrid<\/a><\/p><\/blockquote>\n<blockquote><p>(1)_ Extracto del libro de Le Corbusier: \u201cMensaje a los estudiantes de arquitectura\u201d.<\/p>\n<p>(2)_ \u00bfEstudiar Arquitectura?<\/p>\n<p>Por <a href=\"https:\/\/www.facebook.com\/joseramon.hernandezcorrea\">Jos\u00e9 Ram\u00f3n Hern\u00e1ndez Correa<\/a><\/p>\n<p><a href=\"http:\/\/arquitectamoslocos.blogspot.com.es\/2013\/06\/estudiar-arquitectura.html\" target=\"_blank\" rel=\"noopener noreferrer\">http:\/\/arquitectamoslocos.blogspot.com.es\/2013\/06\/estudiar-arquitectura.html<\/a><\/p>\n<p>(3)_ Extracto del fant\u00e1stico libro de Miguel Fisac: \u201cCarta a mis sobrinos (estudiantes de arquitectura)\u201d<\/p><\/blockquote>\n<blockquote><p><strong>Tambi\u00e9n te puede interesar leer estos post:<\/strong><\/p>\n<p>LAS FORTALEZAS DEL ARQUITECTO<\/p>\n<p><a href=\"https:\/\/stepienybarno.es\/blog\/2011\/09\/04\/las-fortalezas-del-arquitecto\/\" target=\"_blank\" rel=\"noopener noreferrer\">https:\/\/stepienybarno.es\/blog\/2011\/09\/04\/las-fortalezas-del-arquitecto\/<\/a><\/p>\n<p>100 RAZONES POR LAS QUE CONTRATAR A UN ARQUITECTO<\/p>\n<p><a href=\"https:\/\/stepienybarno.es\/blog\/2014\/07\/23\/100-razones-por-las-que-contratar-a-un-arquitecto\/\" target=\"_blank\" rel=\"noopener noreferrer\">https:\/\/stepienybarno.es\/blog\/2014\/07\/23\/100-razones-por-las-que-contratar-a-un-arquitecto\/<\/a><\/p>\n<p>\u00bfEstudiar Arquitectura?<\/p>\n<p><a href=\"http:\/\/arquitectamoslocos.blogspot.com.es\/2013\/06\/estudiar-arquitectura.html\" target=\"_blank\" rel=\"noopener noreferrer\">http:\/\/arquitectamoslocos.blogspot.com.es\/2013\/06\/estudiar-arquitectura.html<\/a><\/p><\/blockquote>\n<p>&nbsp;<\/p>\n<p><iframe loading=\"lazy\" title=\"La carrera de ARQUITECTURA (estudiar arquitectura)\" width=\"911\" height=\"512\" src=\"https:\/\/www.youtube.com\/embed\/videoseries?list=PL9KCMehqFIajy6zu1Ax2BGcni38DREbaw\" frameborder=\"0\" allow=\"accelerometer; autoplay; clipboard-write; encrypted-media; gyroscope; picture-in-picture\" allowfullscreen><\/iframe><\/p>\n","protected":false},"excerpt":{"rendered":"<p>La realidad es complicada, la crisis ha hecho mucho da\u00f1o a casi todas las profesiones, pero especialmente al sector de la arquitectura y la construcci\u00f3n.<\/p>\n<p>As\u00ed, nos hemos preguntado desde Stepienybarno, si, a pesar de todo, vale la pena estudiar hoy arquitectura. El resultado es este post que esperamos que os guste.<\/p>\n<p>(m\u00e1s&#8230;)<\/p>\n","protected":false},"author":2,"featured_media":33326,"comment_status":"open","ping_status":"closed","sticky":false,"template":"","format":"standard","meta":{"om_disable_all_campaigns":false,"_monsterinsights_skip_tracking":false,"_monsterinsights_sitenote_active":false,"_monsterinsights_sitenote_note":"","_monsterinsights_sitenote_category":0,"_uf_show_specific_survey":0,"_uf_disable_surveys":false,"episode_type":"audio","audio_file":"","cover_image":"","cover_image_id":"","duration":"","filesize":"","date_recorded":"","explicit":"","block":"","filesize_raw":"","footnotes":""},"categories":[34,4],"tags":[3692,104,82,6785],"series":[],"class_list":["post-21043","post","type-post","status-publish","format-standard","has-post-thumbnail","hentry","category-actualidad","category-arquilectura","tag-eduarq","tag-ensenanza-de-arquitectura","tag-escuela-de-arquitectura","tag-estudiar-arquitectura"],"aioseo_notices":[],"episode_featured_image":"https:\/\/stepienybarno.es\/blog\/wp-content\/uploads\/2018\/10\/Arquitangentes-Fundamentos-Arquitectura-Universidad-Rey-Juan-Carlos-stepienybarno.jpg","episode_player_image":"https:\/\/stepienybarno.es\/blog\/wp-content\/uploads\/2020\/11\/stepienybarno-podcast-scaled.jpg","download_link":"","player_link":"","audio_player":false,"episode_data":{"playerMode":"dark","subscribeUrls":[],"rssFeedUrl":"https:\/\/stepienybarno.es\/blog\/feed\/podcast\/podcast-de-stepienybarno","embedCode":"<blockquote class=\"wp-embedded-content\" data-secret=\"xECGY8qmDg\"><a href=\"https:\/\/stepienybarno.es\/blog\/2016\/02\/28\/10-razones-por-las-que-a-pesar-de-todo-estudiar-arquitectura\/\">10 RAZONES POR LAS QUE, A PESAR DE TODO, ESTUDIAR ARQUITECTURA.<\/a><\/blockquote><iframe sandbox=\"allow-scripts\" security=\"restricted\" src=\"https:\/\/stepienybarno.es\/blog\/2016\/02\/28\/10-razones-por-las-que-a-pesar-de-todo-estudiar-arquitectura\/embed\/#?secret=xECGY8qmDg\" width=\"500\" height=\"350\" title=\"\u00ab10 RAZONES POR LAS QUE, A PESAR DE TODO, ESTUDIAR ARQUITECTURA.\u00bb \u2014 Blog de STEPIEN Y BARNO - publicaci\u00f3n digital sobre arquitectura\" data-secret=\"xECGY8qmDg\" frameborder=\"0\" marginwidth=\"0\" marginheight=\"0\" scrolling=\"no\" class=\"wp-embedded-content\"><\/iframe><script type=\"text\/javascript\">\n\/* <![CDATA[ *\/\n\/*! This file is auto-generated *\/\n!function(d,l){\"use strict\";l.querySelector&&d.addEventListener&&\"undefined\"!=typeof URL&&(d.wp=d.wp||{},d.wp.receiveEmbedMessage||(d.wp.receiveEmbedMessage=function(e){var t=e.data;if((t||t.secret||t.message||t.value)&&!\/[^a-zA-Z0-9]\/.test(t.secret)){for(var s,r,n,a=l.querySelectorAll('iframe[data-secret=\"'+t.secret+'\"]'),o=l.querySelectorAll('blockquote[data-secret=\"'+t.secret+'\"]'),c=new RegExp(\"^https?:$\",\"i\"),i=0;i<o.length;i++)o[i].style.display=\"none\";for(i=0;i<a.length;i++)s=a[i],e.source===s.contentWindow&&(s.removeAttribute(\"style\"),\"height\"===t.message?(1e3<(r=parseInt(t.value,10))?r=1e3:~~r<200&&(r=200),s.height=r):\"link\"===t.message&&(r=new URL(s.getAttribute(\"src\")),n=new URL(t.value),c.test(n.protocol))&&n.host===r.host&&l.activeElement===s&&(d.top.location.href=t.value))}},d.addEventListener(\"message\",d.wp.receiveEmbedMessage,!1),l.addEventListener(\"DOMContentLoaded\",function(){for(var e,t,s=l.querySelectorAll(\"iframe.wp-embedded-content\"),r=0;r<s.length;r++)(t=(e=s[r]).getAttribute(\"data-secret\"))||(t=Math.random().toString(36).substring(2,12),e.src+=\"#?secret=\"+t,e.setAttribute(\"data-secret\",t)),e.contentWindow.postMessage({message:\"ready\",secret:t},\"*\")},!1)))}(window,document);\n\/* ]]> *\/\n<\/script>\n"},"_links":{"self":[{"href":"https:\/\/stepienybarno.es\/blog\/wp-json\/wp\/v2\/posts\/21043"}],"collection":[{"href":"https:\/\/stepienybarno.es\/blog\/wp-json\/wp\/v2\/posts"}],"about":[{"href":"https:\/\/stepienybarno.es\/blog\/wp-json\/wp\/v2\/types\/post"}],"author":[{"embeddable":true,"href":"https:\/\/stepienybarno.es\/blog\/wp-json\/wp\/v2\/users\/2"}],"replies":[{"embeddable":true,"href":"https:\/\/stepienybarno.es\/blog\/wp-json\/wp\/v2\/comments?post=21043"}],"version-history":[{"count":11,"href":"https:\/\/stepienybarno.es\/blog\/wp-json\/wp\/v2\/posts\/21043\/revisions"}],"predecessor-version":[{"id":46154,"href":"https:\/\/stepienybarno.es\/blog\/wp-json\/wp\/v2\/posts\/21043\/revisions\/46154"}],"wp:featuredmedia":[{"embeddable":true,"href":"https:\/\/stepienybarno.es\/blog\/wp-json\/wp\/v2\/media\/33326"}],"wp:attachment":[{"href":"https:\/\/stepienybarno.es\/blog\/wp-json\/wp\/v2\/media?parent=21043"}],"wp:term":[{"taxonomy":"category","embeddable":true,"href":"https:\/\/stepienybarno.es\/blog\/wp-json\/wp\/v2\/categories?post=21043"},{"taxonomy":"post_tag","embeddable":true,"href":"https:\/\/stepienybarno.es\/blog\/wp-json\/wp\/v2\/tags?post=21043"},{"taxonomy":"series","embeddable":true,"href":"https:\/\/stepienybarno.es\/blog\/wp-json\/wp\/v2\/series?post=21043"}],"curies":[{"name":"wp","href":"https:\/\/api.w.org\/{rel}","templated":true}]}}