{"id":2113,"date":"2010-10-24T23:01:59","date_gmt":"2010-10-24T21:01:59","guid":{"rendered":"https:\/\/www.stepienybarno.es\/blog\/?p=2113"},"modified":"2014-05-15T20:50:54","modified_gmt":"2014-05-15T18:50:54","slug":"%c2%bfcual-es-el-futuro-de-los-colegios-de-arquitectos","status":"publish","type":"post","link":"https:\/\/stepienybarno.es\/blog\/2010\/10\/24\/%c2%bfcual-es-el-futuro-de-los-colegios-de-arquitectos\/","title":{"rendered":"\u00bfCU\u00c1L ES EL FUTURO DE LOS COLEGIOS DE ARQUITECTOS?"},"content":{"rendered":"<p>\u00a0<\/p>\n<p align=\"center\"><img loading=\"lazy\" decoding=\"async\" class=\"alignnone size-full wp-image-2114\" title=\"colegios de arquitectos stepienybarno\" src=\"https:\/\/stepienybarno.es\/blog\/wp-content\/uploads\/2010\/10\/colegios-de-arquitectos-stepienybarno.gif\" alt=\"colegios de arquitectos stepienybarno\" width=\"350\" height=\"124\" \/>\u00a0<\/p>\n<p>Hoy vamos a seguir indagando en ver c\u00f3mo nos organizamos los arquitectos, por ello intentaremos hacer una panor\u00e1mica de la divisi\u00f3n interna que tenemos y que nos lleva a estar en dos equipos. Para no liarnos, llamaremos el equipo A, al de\u00a0 los colegiados y el equipo B, l\u00f3gicamente, al de los no colegiados. Y sobre ambos hablaremos con la excusa de plantearnos cu\u00e1l es el futuro de nuestras instrucciones colegiales.<\/p>\n<p><!--more--><\/p>\n<p>Hace poco descubr\u00edamos que <strong>el t\u00e9rmino <em>Beau Geste<\/em> se refer\u00eda a la capacidad que tienen algunos animales de simular, ante sus rivales, que son m\u00e1s numerosos de lo que realmente son<\/strong>.<strong> <\/strong><\/p>\n<p><strong>Pues esto mismo, pero al rev\u00e9s, es lo que creemos que sucede con el colectivo de arquitectos.<\/strong> Ser, somos unos cuantos. De hecho, entre arquitectos colegiados y sin colegiar, rebasamos de largo los 50.000.<\/p>\n<p>Los que est\u00e1n colegiados, tienen sus colegios y los que no, pues hasta hace poco, no ten\u00edan nadie que los representase como colectivo. Hoy, sin embargo, surgen colectivos como el <a href=\"http:\/\/www.facebook.com\/profile.php?id=100000838134163&amp;ref=search\">sindicato de arquitectos<\/a> que intenta suplir esta carencia. Esta divisi\u00f3n es m\u00e1s importante de lo que pudiera parecer, pues los Colegios de Arquitectos, en principio, defienden principalmente a quienes pagan sus cuotas, y pertenecen al equipo A. De hecho, <strong>dentro de este equipo hay quien ha visado m\u00e1s y por tanto, sus intereses no siempre coinciden con los que han visado poquito.<\/strong>\u00a0<\/p>\n<p>\u00a0<\/p>\n<p>El resto de arquitectos, evidentemente, \u00a0son del equipo B. Generalmente, los del equipo A reciben (o han recibido) los encargos y en mejores o peores condiciones, contratan a los del equipo B. No hay que olvidar, que <strong>los del equipo A <a href=\"http:\/\/nmas1.wordpress.com\/2010\/09\/29\/voluntariobligatorio\/#more-1474\">no siempre se han portado bien con los del equipo B<\/a> y, por tanto, es comprensible que haya ciertas tiranteces entre unos y otros.<\/strong> As\u00ed que, entre una cosa y otra, dif\u00edcilmente los intereses de los dos equipos van a coincidir.<\/p>\n<p>El visado en s\u00ed, es un acto administrativo que da fe de que <strong>el arquitecto que firma el proyecto realmente lo es y, a la vez, da garant\u00eda de que el proyecto contiene los documentos pertinentes.<\/strong> Si esto es bueno que contin\u00fae as\u00ed o no, es un buen tema para poner encima de la mesa. Las posibilidades no son tantas, y la tendencia que apuesta por convertirlo en un visado de calidad, donde realmente se examine el proyecto con detenimiento e, incluso, el Colegio que d\u00e9 el visto bueno se pudiera corresponsabilizar de lo que est\u00e1 visando, es una opci\u00f3n (con pros y contras) que seguro que puede generar un buen debate por si sola.<\/p>\n<p>\u00a0<\/p>\n<p>Pero no podemos olvidarnos de que algunos miembros, tanto del equipo A y como del B, no quieren saber nada de todo esto pues est\u00e1n es muy \u00a0cabreados con nuestros representantes colegiales. <strong>Son muchas <a href=\"http:\/\/nmas1.wordpress.com\/2009\/11\/25\/its-a-dogs-life-charlie\/\">las voces que denuncian<\/a> que los colegios se han convertido una estructura obsoleta y arcaica. <\/strong>Si los colegios son necesarios o no, es algo que se pregunta m\u00e1s de uno, ya que muchos no valoran con gran estima lo que desde all\u00ed se hace. Tambi\u00e9n es cierto, que otros (entre los que nos incluimos) los vemos como algo necesario y que, con su necesaria evoluci\u00f3n y transformaci\u00f3n, debieran mantener unidos a los arquitectos.<\/p>\n<p>En muchos colegios, adem\u00e1s de visar los proyectos tienen excelentes bibliotecas (que no se usan excesivamente), se han hecho buenos cursos de reciclaje profesional (por desgracia, con el C.T.E como protagonista), se han preocupado por dar cierta vida cultural a sus colegiados. Tampoco hay que olvidar que en ellos tenemos mucha gente trabajando duro y que, en muchos casos, lo hace por amor al arte.<\/p>\n<p>\u00a0<\/p>\n<p><strong>Necesitamos la uni\u00f3n tanto de arquitectos colegiados, como \u00a0no colegiados<\/strong>, bajo es auspicio de colegios que realmente defiendan a todos y cada uno de los arquitectos. Para ello es evidente que se necesitan cambios profundos en sus estructuras y, quiz\u00e1s, la red pueda jugar un papel importante para que esto se lleve a cabo.<\/p>\n<p>\u00a0<\/p>\n<p>Sabemos que nuestro posicionamiento pro-colegio \u00a0puede haber herido m\u00e1s de una sensibilidad, pero es as\u00ed como lo vemos. Ahora os animamos a contarnos vosotros qu\u00e9 pens\u00e1is sobre el tema.<\/p>\n<p>\u00a0<\/p>\n<p>Autores del art\u00edculo: <a href=\"http:\/\/www.facebook.com\/col.prudant#!\/StepienybarnoCANAL\">Stepienybarno<\/a><\/p>\n<p><span style=\"color: #888888;\">\u00a0<\/span><\/p>\n<p><span style=\"color: #888888;\">* Este art\u00edculo ha sido escrito con car\u00e1cter divulgativo y sin ning\u00fan tipo de \u00e1nimo de lucro. As\u00ed que si te apetece compartirlo en cualquier otro medio, estaremos encantados de que lo hagas siempre y cuando cites el lugar donde lo has encontrado.<\/span><\/p>\n<p><span style=\"color: #888888;\">\u00a0<\/span><\/p>\n<p><span style=\"color: #888888;\">*Stepienybarno est\u00e1 formado por Agnieszka Stepien y Lorenzo Barn\u00f3. Nuestra actividad se sustenta en tres pilares b\u00e1sicos: la investigaci\u00f3n, la publicaci\u00f3n y la redacci\u00f3n de proyectos de arquitectura.<\/span><\/p>\n<p><span style=\"color: #888888;\">A su vez, somos socios cofundadores de <\/span><a href=\"http:\/\/sinergiasostenible.org\/\"><span style=\"color: #888888;\">SINERGIA SOSTENIBLE<\/span><\/a><span style=\"color: #888888;\"> y redactores de <\/span><a href=\"http:\/\/www.laciudadviva.org\/blogs\/?author=45\"><span style=\"color: #888888;\">LA CIUDAD VIVA<\/span><\/a><span style=\"color: #888888;\">.<\/span><\/p>\n","protected":false},"excerpt":{"rendered":"\n<p>Hoy vamos a seguir indagando en ver c\u00f3mo nos organizamos los arquitectos, por ello intentaremos hacer una panor\u00e1mica de la divisi\u00f3n interna que tenemos y que nos lleva a estar en dos equipos. Para no liarnos, llamaremos el equipo A, al de  los colegiados y el equipo B, l\u00f3gicamente, al de los no colegiados. Y sobre ambos  hablaremos con la excusa de plantearnos cu\u00e1l es el futuro de nuestras instrucciones colegiales.<\/p>\n","protected":false},"author":2,"featured_media":0,"comment_status":"open","ping_status":"closed","sticky":false,"template":"","format":"standard","meta":{"om_disable_all_campaigns":false,"_monsterinsights_skip_tracking":false,"_monsterinsights_sitenote_active":false,"_monsterinsights_sitenote_note":"","_monsterinsights_sitenote_category":0,"_uf_show_specific_survey":0,"_uf_disable_surveys":false,"episode_type":"","audio_file":"","cover_image":"","cover_image_id":"","duration":"","filesize":"","date_recorded":"","explicit":"","block":"","filesize_raw":"","footnotes":""},"categories":[34,4,2976],"tags":[196,9,195,198,68,52,197],"series":[],"class_list":["post-2113","post","type-post","status-publish","format-standard","hentry","category-actualidad","category-arquilectura","category-profesion-arquitecto","tag-arquitectos-colegiados","tag-arquitectura","tag-colegios-de-arquitectos","tag-el-visado-de-proyectos","tag-jovenes-arquitectos","tag-la-profesion-de-arquitecto","tag-sindicato-de-arquitectos"],"aioseo_notices":[],"episode_featured_image":false,"episode_player_image":"https:\/\/stepienybarno.es\/blog\/wp-content\/uploads\/2020\/11\/stepienybarno-podcast-scaled.jpg","download_link":"","player_link":"","audio_player":false,"episode_data":{"playerMode":"dark","subscribeUrls":[],"rssFeedUrl":"https:\/\/stepienybarno.es\/blog\/feed\/podcast\/podcast-de-stepienybarno","embedCode":"<blockquote class=\"wp-embedded-content\" data-secret=\"zQ3yt6jx1U\"><a href=\"https:\/\/stepienybarno.es\/blog\/2010\/10\/24\/%c2%bfcual-es-el-futuro-de-los-colegios-de-arquitectos\/\">\u00bfCU\u00c1L ES EL FUTURO DE LOS COLEGIOS DE ARQUITECTOS?<\/a><\/blockquote><iframe sandbox=\"allow-scripts\" security=\"restricted\" src=\"https:\/\/stepienybarno.es\/blog\/2010\/10\/24\/%c2%bfcual-es-el-futuro-de-los-colegios-de-arquitectos\/embed\/#?secret=zQ3yt6jx1U\" width=\"500\" height=\"350\" title=\"\u00ab\u00bfCU\u00c1L ES EL FUTURO DE LOS COLEGIOS DE ARQUITECTOS?\u00bb \u2014 Blog de STEPIEN Y BARNO - publicaci\u00f3n digital sobre arquitectura\" data-secret=\"zQ3yt6jx1U\" frameborder=\"0\" marginwidth=\"0\" marginheight=\"0\" scrolling=\"no\" class=\"wp-embedded-content\"><\/iframe><script type=\"text\/javascript\">\n\/* <![CDATA[ *\/\n\/*! This file is auto-generated *\/\n!function(d,l){\"use strict\";l.querySelector&&d.addEventListener&&\"undefined\"!=typeof URL&&(d.wp=d.wp||{},d.wp.receiveEmbedMessage||(d.wp.receiveEmbedMessage=function(e){var t=e.data;if((t||t.secret||t.message||t.value)&&!\/[^a-zA-Z0-9]\/.test(t.secret)){for(var s,r,n,a=l.querySelectorAll('iframe[data-secret=\"'+t.secret+'\"]'),o=l.querySelectorAll('blockquote[data-secret=\"'+t.secret+'\"]'),c=new RegExp(\"^https?:$\",\"i\"),i=0;i<o.length;i++)o[i].style.display=\"none\";for(i=0;i<a.length;i++)s=a[i],e.source===s.contentWindow&&(s.removeAttribute(\"style\"),\"height\"===t.message?(1e3<(r=parseInt(t.value,10))?r=1e3:~~r<200&&(r=200),s.height=r):\"link\"===t.message&&(r=new URL(s.getAttribute(\"src\")),n=new URL(t.value),c.test(n.protocol))&&n.host===r.host&&l.activeElement===s&&(d.top.location.href=t.value))}},d.addEventListener(\"message\",d.wp.receiveEmbedMessage,!1),l.addEventListener(\"DOMContentLoaded\",function(){for(var e,t,s=l.querySelectorAll(\"iframe.wp-embedded-content\"),r=0;r<s.length;r++)(t=(e=s[r]).getAttribute(\"data-secret\"))||(t=Math.random().toString(36).substring(2,12),e.src+=\"#?secret=\"+t,e.setAttribute(\"data-secret\",t)),e.contentWindow.postMessage({message:\"ready\",secret:t},\"*\")},!1)))}(window,document);\n\/* ]]> *\/\n<\/script>\n"},"_links":{"self":[{"href":"https:\/\/stepienybarno.es\/blog\/wp-json\/wp\/v2\/posts\/2113"}],"collection":[{"href":"https:\/\/stepienybarno.es\/blog\/wp-json\/wp\/v2\/posts"}],"about":[{"href":"https:\/\/stepienybarno.es\/blog\/wp-json\/wp\/v2\/types\/post"}],"author":[{"embeddable":true,"href":"https:\/\/stepienybarno.es\/blog\/wp-json\/wp\/v2\/users\/2"}],"replies":[{"embeddable":true,"href":"https:\/\/stepienybarno.es\/blog\/wp-json\/wp\/v2\/comments?post=2113"}],"version-history":[{"count":6,"href":"https:\/\/stepienybarno.es\/blog\/wp-json\/wp\/v2\/posts\/2113\/revisions"}],"predecessor-version":[{"id":2116,"href":"https:\/\/stepienybarno.es\/blog\/wp-json\/wp\/v2\/posts\/2113\/revisions\/2116"}],"wp:attachment":[{"href":"https:\/\/stepienybarno.es\/blog\/wp-json\/wp\/v2\/media?parent=2113"}],"wp:term":[{"taxonomy":"category","embeddable":true,"href":"https:\/\/stepienybarno.es\/blog\/wp-json\/wp\/v2\/categories?post=2113"},{"taxonomy":"post_tag","embeddable":true,"href":"https:\/\/stepienybarno.es\/blog\/wp-json\/wp\/v2\/tags?post=2113"},{"taxonomy":"series","embeddable":true,"href":"https:\/\/stepienybarno.es\/blog\/wp-json\/wp\/v2\/series?post=2113"}],"curies":[{"name":"wp","href":"https:\/\/api.w.org\/{rel}","templated":true}]}}