{"id":21377,"date":"2016-03-21T10:17:08","date_gmt":"2016-03-21T08:17:08","guid":{"rendered":"https:\/\/www.stepienybarno.es\/blog\/?p=21377"},"modified":"2016-03-21T10:17:08","modified_gmt":"2016-03-21T08:17:08","slug":"barcelona-medellin-y-montevideo-ciudades-creativas-segun-la-unesco","status":"publish","type":"post","link":"https:\/\/stepienybarno.es\/blog\/2016\/03\/21\/barcelona-medellin-y-montevideo-ciudades-creativas-segun-la-unesco\/","title":{"rendered":"BARCELONA, MEDELL\u00cdN Y MONTEVIDEO, CIUDADES CREATIVAS SEG\u00daN LA UNESCO"},"content":{"rendered":"<p style=\"text-align: center;\"><img loading=\"lazy\" decoding=\"async\" class=\"alignnone size-full wp-image-21378\" title=\"stepienybarno-blog-stepien-y-barno-plataforma-arquitectura\" src=\"https:\/\/stepienybarno.es\/blog\/wp-content\/uploads\/2016\/03\/stepienybarno-blog-stepien-y-barno-plataforma-arquitectura.jpg\" alt=\"stepienybarno-blog-stepien-y-barno-plataforma-arquitectura\" width=\"500\" height=\"332\" srcset=\"https:\/\/stepienybarno.es\/blog\/wp-content\/uploads\/2016\/03\/stepienybarno-blog-stepien-y-barno-plataforma-arquitectura.jpg 500w, https:\/\/stepienybarno.es\/blog\/wp-content\/uploads\/2016\/03\/stepienybarno-blog-stepien-y-barno-plataforma-arquitectura-180x120.jpg 180w, https:\/\/stepienybarno.es\/blog\/wp-content\/uploads\/2016\/03\/stepienybarno-blog-stepien-y-barno-plataforma-arquitectura-316x210.jpg 316w\" sizes=\"(max-width: 500px) 100vw, 500px\" \/><\/p>\n<p>Por <a href=\"http:\/\/www.plataformaarquitectura.cl\/cl\/author\/nicolas-valencia\" target=\"_blank\">Nicol\u00e1s Valencia<\/a> Desde <a href=\"http:\/\/www.plataformaarquitectura.cl\/\" target=\"_blank\">Plataforma Arquitectura<\/a><\/p>\n<p><!--more--><\/p>\n<p>\u201cLa Directora General de la\u00a0<a href=\"http:\/\/www.plataformaarquitectura.cl\/cl\/tag\/unesco\" target=\"_blank\">Unesco<\/a>,\u00a0Irina Bokova, anunci\u00f3 que\u00a0<a href=\"http:\/\/www.plataformaarquitectura.cl\/cl\/tag\/barcelona\" target=\"_blank\">Barcelona<\/a> (Espa\u00f1a),\u00a0<a href=\"http:\/\/www.plataformaarquitectura.cl\/cl\/tag\/medellin\" target=\"_blank\">Medell\u00edn<\/a> (Colombia) y\u00a0<a href=\"http:\/\/www.plataformaarquitectura.cl\/cl\/tag\/montevideo\" target=\"_blank\">Montevideo<\/a> (Uruguay) ahora forman parte del listado de 47\u00a0<a href=\"http:\/\/www.plataformaarquitectura.cl\/cl\/tag\/ciudades\" target=\"_blank\">ciudades<\/a> alrededor del mundo que se incorporan a alguna de las siete categor\u00edas de la Red de Ciudades Creativas. Mientras Barcelona\u00a0y la capital uruguaya califican como Ciudades Literarias, la candidatura paisa entr\u00f3 en la categor\u00eda de M\u00fasica.<\/p>\n<p>La Red de Ciudades Creativas fue lanzada en 2004 por la\u00a0<a href=\"http:\/\/www.plataformaarquitectura.cl\/cl\/tag\/unesco\" target=\"_blank\">Unesco<\/a> y busca estimular la \u00abcooperaci\u00f3n internacional con y entre las\u00a0<a href=\"http:\/\/www.plataformaarquitectura.cl\/cl\/tag\/ciudades\" target=\"_blank\">ciudades<\/a> comprometidas a invertir en la creatividad como una motor para un desarrollo urbano sustentable, inclusi\u00f3n social y vitalidad cultural\u00bb.<\/p>\n<p>En\u00a0<a href=\"http:\/\/www.eltiempo.com\/colombia\/medellin\/medellin-entro-a-red-de-ciudades-creativas-de-la-unesco\/16455856\" target=\"_blank\">una columna publicada<\/a> en el diario colombiano El Tiempo, el promotor de la candidatura colombiana (\u2026)\u201d<\/p>\n<blockquote>\n<p style=\"text-align: center;\">Accede al art\u00edculo, <a href=\"http:\/\/www.plataformaarquitectura.cl\/cl\/779347\/barcelona-medellin-y-montevideo-ciudades-creativas-segun-la-unesco?utm_source=dlvr.it&amp;utm_medium=twitter\" target=\"_blank\">AQU\u00cd<\/a><\/p>\n<\/blockquote>\n<p align=\"center\">\n<p align=\"center\">\n<p align=\"center\">\n<p><em><span style=\"color: #888888;\">Noticia seleccionada por el Canal de arquitectura STEPIENYBARNO.<\/span><\/em><\/p>\n<p><a href=\"https:\/\/twitter.com\/stepienybarno\" target=\"_blank\"><em>STEPIENYBARNO EN TWITTER _ @stepienybarno<\/em><\/a><\/p>\n<p><a href=\"http:\/\/www.linkedin.com\/company\/stepienybarno\" target=\"_blank\"><em>STEPIENYBARNO EN LINKEDIN<\/em><\/a><\/p>\n<p><a href=\"https:\/\/www.facebook.com\/pages\/BLOG-DE-STEPIENYBARNO\/78001079029\" target=\"_blank\"><em>STEPIENYBARNO EN FACEBOOK<\/em><\/a><\/p>\n<p><em><span style=\"color: #888888;\">*Stepienybarno est\u00e1 formado por Agnieszka Stepien y Lorenzo Barn\u00f3 y desde mayo del 2009 estamos en la red con\u00a0 la presente publicaci\u00f3n digital (Blog) de arquitectura.<\/span><\/em><\/p>\n<p><em><span style=\"color: #888888;\">Nuestra actividad se sustenta en tres pilares b\u00e1sicos: la investigaci\u00f3n, la publicaci\u00f3n (comunicaci\u00f3n y difusi\u00f3n) y la redacci\u00f3n de proyectos de arquitectura.<\/span><\/em><\/p>\n<p><em><span style=\"color: #888888;\">A su vez, somos socios cofundadores de<\/span><\/em><em> <\/em><a href=\"http:\/\/sinergiasostenible.org\/\" target=\"_blank\"><em>SINERGIA SOSTENIBLE<\/em><\/a><span style=\"color: #888888;\"><em>, redactores de<\/em><em> <\/em><\/span><a href=\"http:\/\/www.laciudadviva.org\/blogs\/?author=45\" target=\"_blank\"><em>LA CIUDAD VIVA<\/em><\/a><span style=\"color: #888888;\"><em> <\/em><em>y directores del blog de<\/em><\/span><em> <\/em><a href=\"http:\/\/blogfundacion.arquia.es\/\" target=\"_blank\"><em>FUNDACI\u00d3N ARQUIA<span style=\"color: #888888;\">.<\/span><\/em><\/a><\/p>\n<p><em><span style=\"color: #888888;\">* Los editores de esta publicaci\u00f3n digital no nos hacemos cargo de de los comentarios y\u00a0 conceptos vertidos en los textos firmados por otras personas, siendo \u00e9stos de responsabilidad exclusiva de sus autores.<\/span><\/em><\/p>\n<p><em><span style=\"color: #888888;\">* Tu comentario podr\u00e1 ser moderado, por lo tanto, aunque aparezca inmediatamente al ser publicado en la entrada, los editores de esta publicaci\u00f3n digital nos reservamos el derecho tanto de editarlo (si fuera necesario, para hacerlo m\u00e1s legible) como de eliminarlo en el caso de que se usen expresiones incorrectas (descalificaciones, palabras malsonantes\u2026). A su vez, si quieres comentar desde el anonimato puedes hacerlo, aunque, nosotros personalmente, agradecemos que tod@s nos podamos identificar.<\/span><\/em><\/p>\n","protected":false},"excerpt":{"rendered":"<p>Por Nicol\u00e1s Valencia Desde Plataforma Arquitectura<\/p>\n<p>(m\u00e1s&#8230;)<\/p>\n","protected":false},"author":2,"featured_media":0,"comment_status":"open","ping_status":"closed","sticky":false,"template":"","format":"standard","meta":{"om_disable_all_campaigns":false,"_monsterinsights_skip_tracking":false,"_monsterinsights_sitenote_active":false,"_monsterinsights_sitenote_note":"","_monsterinsights_sitenote_category":0,"_uf_show_specific_survey":0,"_uf_disable_surveys":false,"episode_type":"","audio_file":"","cover_image":"","cover_image_id":"","duration":"","filesize":"","date_recorded":"","explicit":"","block":"","filesize_raw":"","footnotes":""},"categories":[244],"tags":[3458,921],"series":[],"class_list":["post-21377","post","type-post","status-publish","format-standard","hentry","category-canal-de-arquitectura","tag-nicolas-valencia","tag-plataforma-arquitectura"],"aioseo_notices":[],"episode_featured_image":false,"episode_player_image":"https:\/\/stepienybarno.es\/blog\/wp-content\/uploads\/2020\/11\/stepienybarno-podcast-scaled.jpg","download_link":"","player_link":"","audio_player":false,"episode_data":{"playerMode":"dark","subscribeUrls":[],"rssFeedUrl":"https:\/\/stepienybarno.es\/blog\/feed\/podcast\/podcast-de-stepienybarno","embedCode":"<blockquote class=\"wp-embedded-content\" data-secret=\"cxbI27HzbS\"><a href=\"https:\/\/stepienybarno.es\/blog\/2016\/03\/21\/barcelona-medellin-y-montevideo-ciudades-creativas-segun-la-unesco\/\">BARCELONA, MEDELL\u00cdN Y MONTEVIDEO, CIUDADES CREATIVAS SEG\u00daN LA UNESCO<\/a><\/blockquote><iframe sandbox=\"allow-scripts\" security=\"restricted\" src=\"https:\/\/stepienybarno.es\/blog\/2016\/03\/21\/barcelona-medellin-y-montevideo-ciudades-creativas-segun-la-unesco\/embed\/#?secret=cxbI27HzbS\" width=\"500\" height=\"350\" title=\"\u00abBARCELONA, MEDELL\u00cdN Y MONTEVIDEO, CIUDADES CREATIVAS SEG\u00daN LA UNESCO\u00bb \u2014 Blog de STEPIEN Y BARNO - publicaci\u00f3n digital sobre arquitectura\" data-secret=\"cxbI27HzbS\" frameborder=\"0\" marginwidth=\"0\" marginheight=\"0\" scrolling=\"no\" class=\"wp-embedded-content\"><\/iframe><script type=\"text\/javascript\">\n\/* <![CDATA[ *\/\n\/*! This file is auto-generated *\/\n!function(d,l){\"use strict\";l.querySelector&&d.addEventListener&&\"undefined\"!=typeof URL&&(d.wp=d.wp||{},d.wp.receiveEmbedMessage||(d.wp.receiveEmbedMessage=function(e){var t=e.data;if((t||t.secret||t.message||t.value)&&!\/[^a-zA-Z0-9]\/.test(t.secret)){for(var s,r,n,a=l.querySelectorAll('iframe[data-secret=\"'+t.secret+'\"]'),o=l.querySelectorAll('blockquote[data-secret=\"'+t.secret+'\"]'),c=new RegExp(\"^https?:$\",\"i\"),i=0;i<o.length;i++)o[i].style.display=\"none\";for(i=0;i<a.length;i++)s=a[i],e.source===s.contentWindow&&(s.removeAttribute(\"style\"),\"height\"===t.message?(1e3<(r=parseInt(t.value,10))?r=1e3:~~r<200&&(r=200),s.height=r):\"link\"===t.message&&(r=new URL(s.getAttribute(\"src\")),n=new URL(t.value),c.test(n.protocol))&&n.host===r.host&&l.activeElement===s&&(d.top.location.href=t.value))}},d.addEventListener(\"message\",d.wp.receiveEmbedMessage,!1),l.addEventListener(\"DOMContentLoaded\",function(){for(var e,t,s=l.querySelectorAll(\"iframe.wp-embedded-content\"),r=0;r<s.length;r++)(t=(e=s[r]).getAttribute(\"data-secret\"))||(t=Math.random().toString(36).substring(2,12),e.src+=\"#?secret=\"+t,e.setAttribute(\"data-secret\",t)),e.contentWindow.postMessage({message:\"ready\",secret:t},\"*\")},!1)))}(window,document);\n\/* ]]> *\/\n<\/script>\n"},"_links":{"self":[{"href":"https:\/\/stepienybarno.es\/blog\/wp-json\/wp\/v2\/posts\/21377"}],"collection":[{"href":"https:\/\/stepienybarno.es\/blog\/wp-json\/wp\/v2\/posts"}],"about":[{"href":"https:\/\/stepienybarno.es\/blog\/wp-json\/wp\/v2\/types\/post"}],"author":[{"embeddable":true,"href":"https:\/\/stepienybarno.es\/blog\/wp-json\/wp\/v2\/users\/2"}],"replies":[{"embeddable":true,"href":"https:\/\/stepienybarno.es\/blog\/wp-json\/wp\/v2\/comments?post=21377"}],"version-history":[{"count":2,"href":"https:\/\/stepienybarno.es\/blog\/wp-json\/wp\/v2\/posts\/21377\/revisions"}],"predecessor-version":[{"id":21380,"href":"https:\/\/stepienybarno.es\/blog\/wp-json\/wp\/v2\/posts\/21377\/revisions\/21380"}],"wp:attachment":[{"href":"https:\/\/stepienybarno.es\/blog\/wp-json\/wp\/v2\/media?parent=21377"}],"wp:term":[{"taxonomy":"category","embeddable":true,"href":"https:\/\/stepienybarno.es\/blog\/wp-json\/wp\/v2\/categories?post=21377"},{"taxonomy":"post_tag","embeddable":true,"href":"https:\/\/stepienybarno.es\/blog\/wp-json\/wp\/v2\/tags?post=21377"},{"taxonomy":"series","embeddable":true,"href":"https:\/\/stepienybarno.es\/blog\/wp-json\/wp\/v2\/series?post=21377"}],"curies":[{"name":"wp","href":"https:\/\/api.w.org\/{rel}","templated":true}]}}