{"id":21454,"date":"2016-03-23T19:21:25","date_gmt":"2016-03-23T17:21:25","guid":{"rendered":"https:\/\/www.stepienybarno.es\/blog\/?p=21454"},"modified":"2016-03-23T11:29:15","modified_gmt":"2016-03-23T09:29:15","slug":"adolf-loos-contra-el-ornamento","status":"publish","type":"post","link":"https:\/\/stepienybarno.es\/blog\/2016\/03\/23\/adolf-loos-contra-el-ornamento\/","title":{"rendered":"ADOLF LOOS CONTRA EL ORNAMENTO"},"content":{"rendered":"<p style=\"text-align: center;\"><img loading=\"lazy\" decoding=\"async\" class=\"alignnone size-full wp-image-21455\" title=\"stepienybarno-blog-stepien-y-barno-masdearte-mas-de-arte-adolf-loos\" src=\"https:\/\/stepienybarno.es\/blog\/wp-content\/uploads\/2016\/03\/stepienybarno-blog-stepien-y-barno-masdearte-mas-de-arte-adolf-loos.jpg\" alt=\"stepienybarno-blog-stepien-y-barno-masdearte-mas-de-arte-adolf-loos\" width=\"500\" height=\"402\" srcset=\"https:\/\/stepienybarno.es\/blog\/wp-content\/uploads\/2016\/03\/stepienybarno-blog-stepien-y-barno-masdearte-mas-de-arte-adolf-loos.jpg 500w, https:\/\/stepienybarno.es\/blog\/wp-content\/uploads\/2016\/03\/stepienybarno-blog-stepien-y-barno-masdearte-mas-de-arte-adolf-loos-180x145.jpg 180w, https:\/\/stepienybarno.es\/blog\/wp-content\/uploads\/2016\/03\/stepienybarno-blog-stepien-y-barno-masdearte-mas-de-arte-adolf-loos-316x254.jpg 316w\" sizes=\"(max-width: 500px) 100vw, 500px\" \/><\/p>\n<p>Desde <a href=\"http:\/\/masdearte.com\/\" target=\"_blank\">Masdearte<\/a><\/p>\n<p><!--more--><\/p>\n<p>\u201cHoy quiz\u00e1 considerar\u00edamos a Adolf Loos el gur\u00fa de un estilo de vida: hacia 1900 su cr\u00edtica de los antiguos edificios del historicismo y su car\u00e1cter libre y cosmopolita escandalizaron a la sociedad vienesa.<\/p>\n<p>Para su reducido c\u00edrculo de amigos y artistas era un arquitecto estrella que cruzaba Europa en tren expr\u00e9s, dominaba varias lenguas y vest\u00eda como un dandi, tambi\u00e9n era un moralista de la arquitectura que constru\u00eda y escrib\u00eda y que, por mero entusiasmo y sin mediar encargo, proyect\u00f3 una casa de ensue\u00f1o con piscina interior en 1927 para la bailarina Josephine Baker. Poco antes hab\u00eda construido otra casa espectacular en la Avenue Junot de Par\u00eds para\u00a0<a title=\"Tzara, Trist\u00e1n\" href=\"http:\/\/masdearte.com\/artistas\/tzara-tristan\/\" target=\"_blank\">Tristan Tzara<\/a>, y para la sastrer\u00eda Knize hab\u00eda erigido una noble casa de negocios en la zona de los Campos El\u00edseos.<\/p>\n<p>Aunque su nivel de popularidad en Viena fue alto, nunca lleg\u00f3 a alcanzar en vida el estatus de estrella que lograron\u00a0<a title=\"Le Corbusier (Charles-Edouard Jeanneret)\" href=\"http:\/\/masdearte.com\/artistas\/le-corbusier-charles-edouard-jeanneret\/\" target=\"_blank\">Le Corbusier<\/a>,\u00a0<a title=\"Gropius, Walter\" href=\"http:\/\/masdearte.com\/artistas\/gropius-walter\/\" target=\"_blank\">Gropius<\/a>o\u00a0<a title=\"Mies van der Rohe, Ludwig\" href=\"http:\/\/masdearte.com\/artistas\/mies-van-der-rohe-ludwig\/\" target=\"_blank\">Mies van der Rohe<\/a>, aunque s\u00ed fue considerado en todo el mundo precursor claro de la arquitectura moderna, y como tal fue citado por Aldo Rossi y Hans Hollein. No ayudaban a su buena fama las burlas y cr\u00edticas que repart\u00eda entre sus colegas: dedic\u00f3 mordaces observaciones a Hoffmann y Van de Velde, al\u00a0<a title=\"Modernismo\" href=\"http:\/\/masdearte.com\/movimientos\/modernismo\/\" target=\"_blank\">modernismo<\/a> en Viena y M\u00fanich y al Wiener Werkst\u00e4tte, del que fue claro detractor. A quien s\u00ed admiraba era a Otto Wagner, que, como \u00e9l, compart\u00eda la idea de que\u00a0<strong>la vida moderna deb\u00eda ser la base de una nueva interpretaci\u00f3n est\u00e9tica<\/strong>.<\/p>\n<p><strong>LA RIQUEZA, EN EL INTERIOR<\/strong><\/p>\n<p>Adem\u00e1s de sus m\u00faltiples proyectos y construcciones de tiendas de moda, caf\u00e9s, hoteles y bancos, Loos conced\u00eda una vital importancia a los espacios interiores donde se desarrollaba la vida privada, a las zonas de retiro y reserva del comportamiento social, y pocos arquitectos modernos se han ocupado tanto como \u00e9l del asunto de la vivienda en los grandes n\u00facleos urbanos y de c\u00f3mo disfrutarla. Por fuera sus edificios son sobrios, los interiores despliegan la plenitud de su riqueza; las fachadas son discretas, m\u00ednimas; los interiores, casi opulentos, crean atm\u00f3sferas exquisitas (\u2026)\u201d<\/p>\n<blockquote>\n<p style=\"text-align: center;\">Accede al art\u00edculo, <a href=\"http:\/\/masdearte.com\/especiales\/adolf-loos-contra-el-ornamento\/\" target=\"_blank\">AQU\u00cd<\/a><\/p>\n<\/blockquote>\n<p align=\"center\">\n<p align=\"center\">\n<p align=\"center\">\n<p><em><span style=\"color: #888888;\">Noticia seleccionada por el Canal de arquitectura STEPIENYBARNO.<\/span><\/em><\/p>\n<p><a href=\"https:\/\/twitter.com\/stepienybarno\" target=\"_blank\"><em>STEPIENYBARNO EN TWITTER _ @stepienybarno<\/em><\/a><\/p>\n<p><a href=\"http:\/\/www.linkedin.com\/company\/stepienybarno\" target=\"_blank\"><em>STEPIENYBARNO EN LINKEDIN<\/em><\/a><\/p>\n<p><a href=\"https:\/\/www.facebook.com\/pages\/BLOG-DE-STEPIENYBARNO\/78001079029\" target=\"_blank\"><em>STEPIENYBARNO EN FACEBOOK<\/em><\/a><\/p>\n<p><em><span style=\"color: #888888;\">*Stepienybarno est\u00e1 formado por Agnieszka Stepien y Lorenzo Barn\u00f3 y desde mayo del 2009 estamos en la red con\u00a0 la presente publicaci\u00f3n digital (Blog) de arquitectura.<\/span><\/em><\/p>\n<p><em><span style=\"color: #888888;\">Nuestra actividad se sustenta en tres pilares b\u00e1sicos: la investigaci\u00f3n, la publicaci\u00f3n (comunicaci\u00f3n y difusi\u00f3n) y la redacci\u00f3n de proyectos de arquitectura.<\/span><\/em><\/p>\n<p><span style=\"color: #888888;\"><em>A su vez, somos socios cofundadores de<\/em><em> <\/em><\/span><a href=\"http:\/\/sinergiasostenible.org\/\" target=\"_blank\"><em>SINERGIA SOSTENIBLE<\/em><\/a><em><span style=\"color: #888888;\">, redactores de<\/span><\/em><em> <\/em><a href=\"http:\/\/www.laciudadviva.org\/blogs\/?author=45\" target=\"_blank\"><em>LA CIUDAD VIVA<\/em><\/a><span style=\"color: #888888;\"><em> <\/em><em>y directores del blog de<\/em><\/span><em> <\/em><a href=\"http:\/\/blogfundacion.arquia.es\/\" target=\"_blank\"><em>FUNDACI\u00d3N ARQUIA<span style=\"color: #888888;\">.<\/span><\/em><\/a><\/p>\n<p><em><span style=\"color: #888888;\">* Los editores de esta publicaci\u00f3n digital no nos hacemos cargo de de los comentarios y\u00a0 conceptos vertidos en los textos firmados por otras personas, siendo \u00e9stos de responsabilidad exclusiva de sus autores.<\/span><\/em><\/p>\n<p><em><span style=\"color: #888888;\">* Tu comentario podr\u00e1 ser moderado, por lo tanto, aunque aparezca inmediatamente al ser publicado en la entrada, los editores de esta publicaci\u00f3n digital nos reservamos el derecho tanto de editarlo (si fuera necesario, para hacerlo m\u00e1s legible) como de eliminarlo en el caso de que se usen expresiones incorrectas (descalificaciones, palabras malsonantes\u2026). A su vez, si quieres comentar desde el anonimato puedes hacerlo, aunque, nosotros personalmente, agradecemos que tod@s nos podamos identificar.<\/span><\/em><\/p>\n","protected":false},"excerpt":{"rendered":"<p>Desde Masdearte<\/p>\n<p>(m\u00e1s&#8230;)<\/p>\n","protected":false},"author":2,"featured_media":0,"comment_status":"open","ping_status":"closed","sticky":false,"template":"","format":"standard","meta":{"om_disable_all_campaigns":false,"_monsterinsights_skip_tracking":false,"_monsterinsights_sitenote_active":false,"_monsterinsights_sitenote_note":"","_monsterinsights_sitenote_category":0,"_uf_show_specific_survey":0,"_uf_disable_surveys":false,"episode_type":"","audio_file":"","cover_image":"","cover_image_id":"","duration":"","filesize":"","date_recorded":"","explicit":"","block":"","filesize_raw":"","footnotes":""},"categories":[244],"tags":[1440,4114],"series":[],"class_list":["post-21454","post","type-post","status-publish","format-standard","hentry","category-canal-de-arquitectura","tag-adolf-loos","tag-masdearte"],"aioseo_notices":[],"episode_featured_image":false,"episode_player_image":"https:\/\/stepienybarno.es\/blog\/wp-content\/uploads\/2020\/11\/stepienybarno-podcast-scaled.jpg","download_link":"","player_link":"","audio_player":false,"episode_data":{"playerMode":"dark","subscribeUrls":[],"rssFeedUrl":"https:\/\/stepienybarno.es\/blog\/feed\/podcast\/podcast-de-stepienybarno","embedCode":"<blockquote class=\"wp-embedded-content\" data-secret=\"C3rv5qxEjr\"><a href=\"https:\/\/stepienybarno.es\/blog\/2016\/03\/23\/adolf-loos-contra-el-ornamento\/\">ADOLF LOOS CONTRA EL ORNAMENTO<\/a><\/blockquote><iframe sandbox=\"allow-scripts\" security=\"restricted\" src=\"https:\/\/stepienybarno.es\/blog\/2016\/03\/23\/adolf-loos-contra-el-ornamento\/embed\/#?secret=C3rv5qxEjr\" width=\"500\" height=\"350\" title=\"\u00abADOLF LOOS CONTRA EL ORNAMENTO\u00bb \u2014 Blog de STEPIEN Y BARNO - publicaci\u00f3n digital sobre arquitectura\" data-secret=\"C3rv5qxEjr\" frameborder=\"0\" marginwidth=\"0\" marginheight=\"0\" scrolling=\"no\" class=\"wp-embedded-content\"><\/iframe><script type=\"text\/javascript\">\n\/* <![CDATA[ *\/\n\/*! This file is auto-generated *\/\n!function(d,l){\"use strict\";l.querySelector&&d.addEventListener&&\"undefined\"!=typeof URL&&(d.wp=d.wp||{},d.wp.receiveEmbedMessage||(d.wp.receiveEmbedMessage=function(e){var t=e.data;if((t||t.secret||t.message||t.value)&&!\/[^a-zA-Z0-9]\/.test(t.secret)){for(var s,r,n,a=l.querySelectorAll('iframe[data-secret=\"'+t.secret+'\"]'),o=l.querySelectorAll('blockquote[data-secret=\"'+t.secret+'\"]'),c=new RegExp(\"^https?:$\",\"i\"),i=0;i<o.length;i++)o[i].style.display=\"none\";for(i=0;i<a.length;i++)s=a[i],e.source===s.contentWindow&&(s.removeAttribute(\"style\"),\"height\"===t.message?(1e3<(r=parseInt(t.value,10))?r=1e3:~~r<200&&(r=200),s.height=r):\"link\"===t.message&&(r=new URL(s.getAttribute(\"src\")),n=new URL(t.value),c.test(n.protocol))&&n.host===r.host&&l.activeElement===s&&(d.top.location.href=t.value))}},d.addEventListener(\"message\",d.wp.receiveEmbedMessage,!1),l.addEventListener(\"DOMContentLoaded\",function(){for(var e,t,s=l.querySelectorAll(\"iframe.wp-embedded-content\"),r=0;r<s.length;r++)(t=(e=s[r]).getAttribute(\"data-secret\"))||(t=Math.random().toString(36).substring(2,12),e.src+=\"#?secret=\"+t,e.setAttribute(\"data-secret\",t)),e.contentWindow.postMessage({message:\"ready\",secret:t},\"*\")},!1)))}(window,document);\n\/* ]]> *\/\n<\/script>\n"},"_links":{"self":[{"href":"https:\/\/stepienybarno.es\/blog\/wp-json\/wp\/v2\/posts\/21454"}],"collection":[{"href":"https:\/\/stepienybarno.es\/blog\/wp-json\/wp\/v2\/posts"}],"about":[{"href":"https:\/\/stepienybarno.es\/blog\/wp-json\/wp\/v2\/types\/post"}],"author":[{"embeddable":true,"href":"https:\/\/stepienybarno.es\/blog\/wp-json\/wp\/v2\/users\/2"}],"replies":[{"embeddable":true,"href":"https:\/\/stepienybarno.es\/blog\/wp-json\/wp\/v2\/comments?post=21454"}],"version-history":[{"count":2,"href":"https:\/\/stepienybarno.es\/blog\/wp-json\/wp\/v2\/posts\/21454\/revisions"}],"predecessor-version":[{"id":21457,"href":"https:\/\/stepienybarno.es\/blog\/wp-json\/wp\/v2\/posts\/21454\/revisions\/21457"}],"wp:attachment":[{"href":"https:\/\/stepienybarno.es\/blog\/wp-json\/wp\/v2\/media?parent=21454"}],"wp:term":[{"taxonomy":"category","embeddable":true,"href":"https:\/\/stepienybarno.es\/blog\/wp-json\/wp\/v2\/categories?post=21454"},{"taxonomy":"post_tag","embeddable":true,"href":"https:\/\/stepienybarno.es\/blog\/wp-json\/wp\/v2\/tags?post=21454"},{"taxonomy":"series","embeddable":true,"href":"https:\/\/stepienybarno.es\/blog\/wp-json\/wp\/v2\/series?post=21454"}],"curies":[{"name":"wp","href":"https:\/\/api.w.org\/{rel}","templated":true}]}}