{"id":2148,"date":"2010-11-01T23:23:35","date_gmt":"2010-11-01T21:23:35","guid":{"rendered":"https:\/\/www.stepienybarno.es\/blog\/?p=2148"},"modified":"2010-11-13T22:49:18","modified_gmt":"2010-11-13T20:49:18","slug":"stepienybarno-charlan-con-h-arquitectes-parte-1","status":"publish","type":"post","link":"https:\/\/stepienybarno.es\/blog\/2010\/11\/01\/stepienybarno-charlan-con-h-arquitectes-parte-1\/","title":{"rendered":"STEPIENYBARNO charlan con HARQUITECTES (Parte 1)."},"content":{"rendered":"<p>\u00a0<\/p>\n<p align=\"center\"><img loading=\"lazy\" decoding=\"async\" class=\"alignnone size-full wp-image-2149\" title=\"0.1 stepienybarno H arquitectes SOCIOS\" src=\"https:\/\/stepienybarno.es\/blog\/wp-content\/uploads\/2010\/11\/0.1-stepienybarno-H-arquitectes-SOCIOS.jpg\" alt=\"0.1 stepienybarno H arquitectes SOCIOS\" width=\"350\" height=\"183\" srcset=\"https:\/\/stepienybarno.es\/blog\/wp-content\/uploads\/2010\/11\/0.1-stepienybarno-H-arquitectes-SOCIOS.jpg 350w, https:\/\/stepienybarno.es\/blog\/wp-content\/uploads\/2010\/11\/0.1-stepienybarno-H-arquitectes-SOCIOS-180x94.jpg 180w, https:\/\/stepienybarno.es\/blog\/wp-content\/uploads\/2010\/11\/0.1-stepienybarno-H-arquitectes-SOCIOS-316x165.jpg 316w\" sizes=\"(max-width: 350px) 100vw, 350px\" \/>\u00a0<\/p>\n<p>Hoy os presentamos la primera parte de la entrevista que <a href=\"http:\/\/www.facebook.com\/StepienybarnoCANAL\">Stepienybarno<\/a> tuvo la suerte de mantener en exclusiva con <a href=\"http:\/\/www.harquitectes.com\/\">Harquitectes<\/a>. La mayor\u00eda ya los conocer\u00e9is, pero para aquellos que todav\u00eda no los ubiquen, decir que se trata de uno de los estudios de arquitectura m\u00e1s prometedores del panorama nacional. A pesar de su juventud ya\u00a0han construido varias obras de aut\u00e9ntico lujo. Gracias a ellas se han consolidado como un estudio serio, trabajador, innovador y, como podr\u00e9is comprobar a lo largo de la entrevista, con los pies en el suelo.<\/p>\n<p>As\u00ed que, sin m\u00e1s pre\u00e1mbulos y agradeci\u00e9ndoles la gentileza y dedicaci\u00f3n que nos han dispensado os dejamos con sus respuestas.<\/p>\n<p>\u00a0<!--more--><\/p>\n<p>\u00a0<\/p>\n<blockquote><p><strong>\u201cDesde el principio ten\u00edamos claro que apost\u00e1bamos por una arquitectura silenciosa que no diese demasiado la nota\u201d<\/strong><\/p><\/blockquote>\n<p><strong>\u00a0<\/strong><\/p>\n<p align=\"center\"><img loading=\"lazy\" decoding=\"async\" class=\"alignnone size-full wp-image-2150\" title=\"1.1. stepienybarno  h-arquiectes  500\" src=\"https:\/\/stepienybarno.es\/blog\/wp-content\/uploads\/2010\/11\/1.1.-stepienybarno-h-arquiectes-500.jpg\" alt=\"1.1. stepienybarno  h-arquiectes  500\" width=\"500\" height=\"157\" srcset=\"https:\/\/stepienybarno.es\/blog\/wp-content\/uploads\/2010\/11\/1.1.-stepienybarno-h-arquiectes-500.jpg 500w, https:\/\/stepienybarno.es\/blog\/wp-content\/uploads\/2010\/11\/1.1.-stepienybarno-h-arquiectes-500-180x57.jpg 180w, https:\/\/stepienybarno.es\/blog\/wp-content\/uploads\/2010\/11\/1.1.-stepienybarno-h-arquiectes-500-316x99.jpg 316w\" sizes=\"(max-width: 500px) 100vw, 500px\" \/><\/p>\n<p align=\"center\">HARQUITECTES + 1\/2 STEPIENYBARNO<\/p>\n<p align=\"center\">(fotograf\u00eda de Stepienybarno)<\/p>\n<p>\u00a0<\/p>\n<p><strong><span style=\"color: #888888;\">&#8211; \u00bfCu\u00e1les eran vuestras expectativas cuando comenzasteis la carrera? <\/span><\/strong><\/p>\n<p>Difusas. No lo tenemos muy claro. En primero incluso alguno estuvo a punto de dejar la carrera con la sensaci\u00f3n de no entender nada. Pero durante los siguientes a\u00f1os, gracias a la persistencia y a alguna suerte de profesor (de proyectos), empezamos a interesarnos realmente por la arquitectura.\u00a0\u00a0<\/p>\n<p>\u00a0<\/p>\n<p><strong><span style=\"color: #888888;\">&#8211; Y de la\u00a0 relaci\u00f3n entre vosotros en aquellos a\u00f1os \u00bfQu\u00e9 nos cont\u00e1is?<\/span><\/strong><\/p>\n<p>Invert\u00edamos las horas en proyectos \u2013muchas horas-. Ah\u00ed era d\u00f3nde destac\u00e1bamos (por separado). Y ah\u00ed es donde empezamos a entender algunas cosas.<\/p>\n<p>All\u00e1 por el a\u00f1o 1994 \u00f3 1995 (4\u00ba curso) empezamos a colaborar entre nosotros y se produjo una motivaci\u00f3n mutua que todav\u00eda hoy continua \u2013 \u00a1y que dure!-. Realizamos concursos de arquitectura para estudiantes \u2013sin mucho \u00e9xito, por cierto-. En aquellos a\u00f1os era poco habitual que la gente pasara la noche currando en la escuela y nosotros pasamos varias seguidas, y nos encantaba\u2026<\/p>\n<p>Un par de a\u00f1os m\u00e1s tarde nos animamos a montar un \u201cchiringuito\u201d en el que casi todo se hacia de manera colectiva. Incluso, siendo\u00a0 estudiantes, tuvimos la suerte de hacer alg\u00fan proyecto real de ejecuci\u00f3n.<\/p>\n<p>Entre el 1998 y el 2000 todos terminamos la carrera.<\/p>\n<p>\u00a0<\/p>\n<p><strong><span style=\"color: #888888;\">&#8211; \u00bfC\u00f3mo viv\u00edais el tema de la competitividad\u00a0 durante la carrera?<\/span><\/strong><\/p>\n<p>Entre nosotros no \u00e9ramos excesivamente competitivos, pero respecto al resto de compa\u00f1eros la cosa cambiaba. Seguramente, hoy, no lo seriamos tanto pues lo vemos como uno de los defectos principales de la universidad. No porque la competitividad sea mala en s\u00ed misma, sino porque la aplic\u00e1bamos con un mal criterio.<\/p>\n<p>No solo se buscaba hacer el\u00a0 mejor proyecto, sino sobretodo el proyecto m\u00e1s guapet\u00f3n. Ahora esto lo vemos casi c\u00f3mo antiacad\u00e9mico, pues te acababas volviendo en un especialista en hacer trampas con el dibujo. Son malos h\u00e1bitos con lo que enga\u00f1as al profesor y, sobretodo, a ti mismo. Las consecuencias son poco aconsejables, pues te haces adicto a la presentaci\u00f3n, a una especie de cirug\u00eda est\u00e9tica de los proyectos.\u00a0 Pero en aquel momento,\u00a0 nosotros \u00edbamos a tope buscando\u00a0 buenas propuestas e intentando que fueran siempre muy atractivas. Digamos, que curr\u00e1bamos mucho, present\u00e1bamos muy bien\u00a0 y siempre hab\u00eda muy buenos resultados.<\/p>\n<p>\u00a0<\/p>\n<blockquote><p><strong>\u201cLas consecuencias son terribles, pues te haces adicto a la presentaci\u00f3n, a una especie de cirug\u00eda est\u00e9tica de los proyectos. \u201c<\/strong><\/p><\/blockquote>\n<p>\u00a0<\/p>\n<p><strong><span style=\"color: #888888;\">&#8211; \u00bfPor qu\u00e9 cre\u00e9is que es habitual esta situaci\u00f3n en las escuelas de arquitectura?<\/span><\/strong><\/p>\n<p>Todo esto est\u00e1 provocado por la propia universidad y sobretodo por las revistas de arquitectura \u2013algunas m\u00e1s que otras\u2026-. Muchos edificios son m\u00e1s atractivos en el render que una vez construidos.\u00a0 La arquitectura de nuestros d\u00edas est\u00e1 basada en consumir productos que perder\u00e1n su vigencia cultural en breve. Nos terminamos quedando con lo que esos medios de comunicaci\u00f3n nos venden. No se habla de lo que realmente pasa en el edificio, sino de lo que termina pareciendo en las publicaciones (foto-arquitectura). El reconocimiento viene desde ah\u00ed, as\u00ed que esto provoca m\u00e1s que buenos proyectos, haya buenos dibujos, buenas presentaciones, buenos renders y buenas fotos, pues esto es, por desgracia, lo que se valora en el mundo arquitect\u00f3nico.<\/p>\n<p>\u00a0<\/p>\n<p><strong><span style=\"color: #888888;\">&#8211; \u00bfY salirse del sistema es posible?\u00a0 <\/span><\/strong><\/p>\n<p>Es muy arriesgado pues vas en contra de \u2018el sistema\u2019, aunque se puede decir que, de alguna forma, nos \u201cestamos quitando\u201d. Quiz\u00e1s en nuestro caso no es tan complicado pues somos de la generaci\u00f3n del rotring \u2013solo hicimos el PFC en CAD- y nuestra obsesi\u00f3n por las nuevas posibilidades de la inform\u00e1tica no es tan evidente como en otros casos. Adem\u00e1s, el haber tenido la suerte de poder construir desde el primer momento nos alej\u00f3 de esta v\u00eda de sumisi\u00f3n a la dictadura de la foto-arquitectura.<\/p>\n<p>\u00a0<\/p>\n<p><strong><span style=\"color: #888888;\">&#8211; \u00bfQu\u00e9 es lo que m\u00e1s destacar\u00edais de vuestra Universidad?<\/span><\/strong><\/p>\n<p>En la escuela de Sant Cugat tenemos un perfil m\u00e1s t\u00e9cnico \u2013hoy en d\u00eda m\u00e1s que entonces-, con un mayor inter\u00e9s por la construcci\u00f3n y la sostenibilidad que en otras facultades. El ambiente es bastante familiar debido a la peque\u00f1a escala de la misma y los profesores que tuvimos se manten\u00edan ajenos al mundo del estrellado arquitect\u00f3nico. Lo cual no quita para que muchos de ellos fueran, realmente, brillantes pero sin ir pegando \u2018gritos arquitect\u00f3nicos\u2019 por las ciudades.\u00a0 Ten\u00edan un cierto punto de contenci\u00f3n que, creemos, haber heredado. En otras escuelas de la misma Barcelona los profesores son (o eran) gente m\u00e1s proclive al espect\u00e1culo.<\/p>\n<p>\u00a0<\/p>\n<blockquote><p><strong>\u201cRealmente somos grandes amigos, casi c\u00f3mo una familia, y eso es determinante para entender nuestro funcionamiento.\u201d<\/strong><\/p><\/blockquote>\n<p>\u00a0<\/p>\n<p><strong><span style=\"color: #888888;\">&#8211; Una vez fuera de la escuela, \u00bfEl desembarco en el mundo real fue muy brusco?<\/span><\/strong><\/p>\n<p>La salida de la escuela fue muy natural. Los proyectos nos llegaban a trav\u00e9s de amigos y en seguida tuvimos que coger gente para que nos echase una mano con ellos. Aunque tambi\u00e9n es cierto que los primeros proyectos no fueron f\u00e1ciles de realizar. El estar los cuatro socios desde el principio diluy\u00f3 el impacto.<\/p>\n<p>Lo m\u00e1s destacable en un inicio es que pas\u00e1bamos mucho m\u00e1s tiempo entre nosotros que en casa. Realmente somos grandes amigos, casi c\u00f3mo una familia, y eso es determinante para entender nuestro funcionamiento. A esto hay que a\u00f1adir, que por nuestro propio car\u00e1cter, no nos ha importado ceder en algunas ideas o planteamientos (u obsesiones) particulares a favor siempre de otros m\u00e1s objetivos y que los m\u00e9ritos se fueran repartiendo dentro del estudio aunque el trabajo lo hubiera desarrollado con m\u00e1s intensidad uno de los cuatro. Unas veces te toca pringar m\u00e1s y otras disfrutar a tope.<\/p>\n<p>\u00a0<\/p>\n<p align=\"center\"><img loading=\"lazy\" decoding=\"async\" class=\"alignnone size-full wp-image-2151\" title=\"1.2 STEPIENYBARNO CASA 101 H - ARQUITECTES 500\" src=\"https:\/\/stepienybarno.es\/blog\/wp-content\/uploads\/2010\/11\/1.2-STEPIENYBARNO-CASA-101-H-ARQUITECTES-500-.jpg\" alt=\"1.2 STEPIENYBARNO CASA 101 H - ARQUITECTES 500\" width=\"500\" height=\"371\" srcset=\"https:\/\/stepienybarno.es\/blog\/wp-content\/uploads\/2010\/11\/1.2-STEPIENYBARNO-CASA-101-H-ARQUITECTES-500-.jpg 500w, https:\/\/stepienybarno.es\/blog\/wp-content\/uploads\/2010\/11\/1.2-STEPIENYBARNO-CASA-101-H-ARQUITECTES-500--180x134.jpg 180w, https:\/\/stepienybarno.es\/blog\/wp-content\/uploads\/2010\/11\/1.2-STEPIENYBARNO-CASA-101-H-ARQUITECTES-500--316x234.jpg 316w\" sizes=\"(max-width: 500px) 100vw, 500px\" \/><\/p>\n<p align=\"center\"><a href=\"http:\/\/www.plataformaarquitectura.cl\/2008\/04\/09\/casa-101-h-arquitectes\/\">CASA 101, HARQUITECTES.<\/a><\/p>\n<p align=\"center\">\u00a0<\/p>\n<p><strong><span style=\"color: #888888;\">&#8211; C\u00f3mo son vuestros horarios. \u00bfApur\u00e1is mucho con las entregas?<\/span><\/strong><\/p>\n<p>En los concursos hasta la \u00faltima noche. Nosotros los planning no los llevamos muy bien \u2013o quiz\u00e1s mal c\u00f3mo la mayor\u00eda-. Es una cosa incre\u00edble. Se ha llegado a cambiar toda una propuesta para un concurso en la \u00faltima tarde, lo cual implica un derroche de medios y energ\u00eda brutal, pues todo el despacho ha de ver amanecer\u00a0 para poder entregar. En este sentido es cierto que vamos muy al l\u00edmite.<\/p>\n<p>Pero con el tiempo, s\u00ed que hemos sabido disciplinarnos un poco y tener un horario, m\u00e1s o menos, fijo cuando no estamos de entrega. A las 7 se suele acabar la jornada laboral. Por suerte, la vida familiar (los cuatro tenemos hijos) nos ha dado un orden que necesit\u00e1bamos.<\/p>\n<p>Tambi\u00e9n es cierto que al bajar nuestra dedicaci\u00f3n (que no nuestra intensidad) hemos tenido que meter m\u00e1s gente en el estudio para colaborar con nosotros, buscando siempre un buen equilibrio entre familia y trabajo.<\/p>\n<p>\u00a0<\/p>\n<p><strong><span style=\"color: #888888;\">&#8211; \u00bfFue complicado poneros de acuerdo para elegir el nombre de Harquitectes?<\/span><\/strong><\/p>\n<p>Ponernos de acuerdo no, encontrar el nombre s\u00ed. Nos gustaba la\u00a0 H como comienzo del nombre porque estaba pero no sonaba. Era muda y eso mismo nos interesa en la arquitectura. Que tenga \u00e9sta un cierto af\u00e1n de anonimato. Desde el principio ten\u00edamos claro que apost\u00e1bamos por propuestas silenciosas que no diesen demasiado la nota. Sin estridencias. El destacar demasiado creemos que es un problema de ego y aunque es evidente que el ego existe, y m\u00e1s entre arquitectos, nosotros siempre\u00a0 hemos tratado de controlarlo, incluso desde la elecci\u00f3n del propio nombre. La estrategia anti-ego, se puede decir que es una estrategia proyectual, que nos ha servido para tener una excelente relaci\u00f3n entre nosotros y con los clientes que hemos tenido a lo largo de estos a\u00f1os. Estamos convencidos de que si controlamos este ego y\u00a0 no nos dejamos llevar por obsesiones particulares, a la hora de proyectar, todo funciona mejor, y posiblemente por esta raz\u00f3n hoy estamos aqu\u00ed los cuatro.<\/p>\n<p>\u00a0<\/p>\n<p>\u00a0<strong><span style=\"color: #888888;\">&#8211; \u00bfC\u00f3mo eran los clientes en esos inicios?<\/span><\/strong><\/p>\n<p>Gente muy com\u00fan. A nosotros no nos ha preocupado trabajar con gente que no era tan elitista como, quiz\u00e1s, ser\u00eda deseable y cuando trabaj\u00e1bamos con ellos, ten\u00edamos claro que\u00a0 solo pod\u00edamos aspirar a una cierta dignidad. Fue como hacer abdominales (tuvimos que picar piedra de lo lindo). Gracias e esos primeros proyectos fuimos aprendiendo a manejarnos en este dif\u00edcil mundo y a entender realmente c\u00f3mo se funciona en una obra -construir proyectos al fin y al cabo-.<\/p>\n<p>Ha habido momentos de gran gozo y otros muy duros \u2013de todos ellos hemos aprendido-, y siempre ten\u00edamos algo interesante encima de la mesa \u2013 \u00a1siempre en movimiento!-. Gracias a esta experiencia, m\u00e1s adelante, hemos aprendido a funcionar mejor en la oficina y aspirar a mayores proyectos, y cada vez mejor redactados. Ahora, mirando atr\u00e1s, creemos que hemos tenido la suerte de trabajar mucho y tambi\u00e9n disfrutar, creciendo permanentemente. Ahora todo se desenvuelve con m\u00e1s naturalidad.<\/p>\n<p>\u00a0<\/p>\n<p align=\"center\"><img loading=\"lazy\" decoding=\"async\" class=\"alignnone size-full wp-image-2152\" title=\"1.3 STEPIENYBARNO CASA 127  H - ARQUITECTES 500\" src=\"https:\/\/stepienybarno.es\/blog\/wp-content\/uploads\/2010\/11\/1.3-STEPIENYBARNO-CASA-127-H-ARQUITECTES-500-.jpg\" alt=\"1.3 STEPIENYBARNO CASA 127  H - ARQUITECTES 500\" width=\"500\" height=\"759\" srcset=\"https:\/\/stepienybarno.es\/blog\/wp-content\/uploads\/2010\/11\/1.3-STEPIENYBARNO-CASA-127-H-ARQUITECTES-500-.jpg 500w, https:\/\/stepienybarno.es\/blog\/wp-content\/uploads\/2010\/11\/1.3-STEPIENYBARNO-CASA-127-H-ARQUITECTES-500--119x180.jpg 119w, https:\/\/stepienybarno.es\/blog\/wp-content\/uploads\/2010\/11\/1.3-STEPIENYBARNO-CASA-127-H-ARQUITECTES-500--362x550.jpg 362w, https:\/\/stepienybarno.es\/blog\/wp-content\/uploads\/2010\/11\/1.3-STEPIENYBARNO-CASA-127-H-ARQUITECTES-500--461x700.jpg 461w, https:\/\/stepienybarno.es\/blog\/wp-content\/uploads\/2010\/11\/1.3-STEPIENYBARNO-CASA-127-H-ARQUITECTES-500--264x400.jpg 264w\" sizes=\"(max-width: 500px) 100vw, 500px\" \/><\/p>\n<p align=\"center\"><a href=\"http:\/\/www.plataformaarquitectura.cl\/2010\/07\/16\/casa-127-h-arquitectes\/\">CASA 127, HARQUITECTES.<\/a><\/p>\n<p>\u00a0<\/p>\n<p><strong><span style=\"color: #888888;\">&#8211; \u00bfQu\u00e9 destacar\u00edais del funcionamiento de la oficina?<\/span><\/strong><\/p>\n<p>Para nosotros ha sido fundamental el repartirnos las tareas y el ver c\u00f3mo terminamos siendo complementarios, y no solo los cuatro socios, sino todos los miembros del equipo.\u00a0 Una de las claves de nuestro funcionamiento es que uno de nosotros (David) haya sabido inculcar al resto un cierto esp\u00edritu empresarial. Cuando est\u00e1s en la escuela nadie te cuenta que un estudio de arquitectura es una empresa y una vez en la vida real cuenta mucho entenderlo. Por eso, su figura ha sido clave para dar seriedad\u00a0 y disciplina a la oficina desde el punto de vista organizativo y de gesti\u00f3n.<\/p>\n<p>Econ\u00f3micamente tenemos una bolsa com\u00fan y unos sueldos \u2013muy ajustados- fijados de partida, y las horas que metemos en la oficina vienen a ser, m\u00e1s o menos, las mismas. De hecho,\u00a0 es m\u00e1s f\u00e1cil ponernos de acuerdo en la idea cooperativa del estudio que hacerlo en las decisiones proyectuales que siempre generan much\u00edsimo m\u00e1s debate.<\/p>\n<p>Hay muchos arquitectos de nuestra generaci\u00f3n (e incluso mayores), que no han priorizado el c\u00f3mo organizarse y eso ha repercutido, sin duda, en su capacidad de producir buena arquitectura. Buenos arquitectos mal organizados: una combinaci\u00f3n demasiado habitual\u2026<\/p>\n<p>\u00a0<\/p>\n<p align=\"center\"><img loading=\"lazy\" decoding=\"async\" class=\"alignnone size-full wp-image-2153\" title=\"1.4 STEPIENYBARNO CASA 89  H - ARQUITECTES 500\" src=\"https:\/\/stepienybarno.es\/blog\/wp-content\/uploads\/2010\/11\/1.4-STEPIENYBARNO-CASA-89-H-ARQUITECTES-500-.jpg\" alt=\"1.4 STEPIENYBARNO CASA 89  H - ARQUITECTES 500\" width=\"500\" height=\"250\" srcset=\"https:\/\/stepienybarno.es\/blog\/wp-content\/uploads\/2010\/11\/1.4-STEPIENYBARNO-CASA-89-H-ARQUITECTES-500-.jpg 500w, https:\/\/stepienybarno.es\/blog\/wp-content\/uploads\/2010\/11\/1.4-STEPIENYBARNO-CASA-89-H-ARQUITECTES-500--180x90.jpg 180w, https:\/\/stepienybarno.es\/blog\/wp-content\/uploads\/2010\/11\/1.4-STEPIENYBARNO-CASA-89-H-ARQUITECTES-500--316x158.jpg 316w\" sizes=\"(max-width: 500px) 100vw, 500px\" \/><\/p>\n<p align=\"center\"><a href=\"http:\/\/www.plataformaarquitectura.cl\/2008\/01\/30\/casa-89-h-arquitectes\/\">CASA 89,\u00a0 HARQUITECTES.<\/a><\/p>\n<p>\u00a0<\/p>\n<p><strong><span style=\"color: #888888;\">&#8211; Es decir, la buena gesti\u00f3n ha hecho que hay\u00e1is producido m\u00e1s y mejor arquitectura\u2026<\/span><\/strong><\/p>\n<p>Sin duda. Y, curiosamente, nos hemos permitido el lujo de que uno de nosotros no haga propiamente de arquitecto para as\u00ed\u00a0 liberar al resto de ataduras que nos hubieran impedido hacer nuestra labor. De esta forma, a la vez que podemos proyectar con tranquilidad y tiempo, tambi\u00e9n, somos m\u00e1s ordenados y disciplinados en otros campos de la oficina. No tenemos deudas, siempre hemos pagado cuando tocaba y llevamos un control muy riguroso del balance econ\u00f3mico particular de cada proyecto (horas de dedicaci\u00f3n, gastos, etc.). Por lo tanto, tenemos claro el tiempo y recursos que nos lleva hacer cada uno de ellos y lo que nos cuesta a nivel econ\u00f3mico, o si hay beneficio\u2026<\/p>\n<p>\u00a0<\/p>\n<p>Y ma\u00f1ana la segunda parte. \u00a1Os esperamos!<\/p>\n<p>\u00a0<\/p>\n<p><span style=\"color: #888888;\">Autores de la entrevista: <\/span><a href=\"http:\/\/www.facebook.com\/col.prudant#!\/StepienybarnoCANAL\"><span style=\"color: #888888;\">Stepienybarno<\/span><\/a><\/p>\n<p><span style=\"color: #888888;\">\u00a0<\/span><\/p>\n<p><span style=\"color: #888888;\">Si quer\u00e9is saber m\u00e1s sobre David Lorente Ib\u00e1\u00f1ez, Josep Ricart Ulldemolins, Xavier Ros Maj\u00f3 y Roger Tud\u00f3 Gal\u00ed os recomendamos encarecidamente visitar su web,<\/span><\/p>\n<p><a href=\"http:\/\/www.harquitectes.com\/\">http:\/\/www.harquitectes.com\/<\/a><\/p>\n<p>\u00a0<\/p>\n<p>CASA 101 _ <a href=\"http:\/\/www.plataformaarquitectura.cl\/2008\/04\/09\/casa-101-h-arquitectes\/\">http:\/\/www.plataformaarquitectura.cl\/2008\/04\/09\/casa-101-h-arquitectes\/<\/a><\/p>\n<p>CASA 127 _ <a href=\"http:\/\/www.plataformaarquitectura.cl\/2010\/07\/16\/casa-127-h-arquitectes\/\">http:\/\/www.plataformaarquitectura.cl\/2010\/07\/16\/casa-127-h-arquitectes\/<\/a><\/p>\n<p>CASA 89 _ <a href=\"http:\/\/www.plataformaarquitectura.cl\/2008\/01\/30\/casa-89-h-arquitectes\/\">http:\/\/www.plataformaarquitectura.cl\/2008\/01\/30\/casa-89-h-arquitectes\/<\/a><\/p>\n<p>\u00a0<\/p>\n<p><span style=\"color: #888888;\">\u00a0<\/span><\/p>\n<p><span style=\"color: #888888;\">* Esta entrevista\u00a0 ha sido realizada con car\u00e1cter divulgativo y sin ning\u00fan tipo de \u00e1nimo de lucro. As\u00ed que, si te apetece compartirlo en cualquier otro medio, estaremos encantados de que lo hagas siempre y cuando cites el lugar donde lo has encontrado.<\/span><\/p>\n<p><span style=\"color: #888888;\">\u00a0<\/span><\/p>\n<p><span style=\"color: #888888;\">*Stepienybarno est\u00e1 formado por Agnieszka Stepien y Lorenzo Barn\u00f3. Nuestra actividad se sustenta en tres pilares b\u00e1sicos: la investigaci\u00f3n, la publicaci\u00f3n y la redacci\u00f3n de proyectos de arquitectura.<\/span><\/p>\n<p><span style=\"color: #888888;\">A su vez, somos socios cofundadores de <\/span><a href=\"http:\/\/sinergiasostenible.org\/\"><span style=\"color: #888888;\">SINERGIA SOSTENIBLE<\/span><\/a><span style=\"color: #888888;\"> y redactores de <\/span><a href=\"http:\/\/www.laciudadviva.org\/blogs\/?author=45\"><span style=\"color: #888888;\">LA CIUDAD VIVA<\/span><\/a><span style=\"color: #888888;\">.<\/span><\/p>\n<p><span style=\"color: #888888;\">\u00a0<\/span><\/p>\n<p><span style=\"color: #888888;\">* Todas las fotograf\u00edas han sido gentilmente cedidas por el propio estudio, para la publicaci\u00f3n de esta entrevista.<\/span><\/p>\n<p><span style=\"color: #888888;\">\u00a0<\/span><\/p>\n<p><span style=\"color: #888888;\">*Stepienybarno, como editores de esta publicaci\u00f3n digital, se reservan el derecho de admisi\u00f3n de los comentarios.<\/span><\/p>\n<p><span style=\"color: #888888;\">\u00a0<\/span><\/p>\n","protected":false},"excerpt":{"rendered":"\n<p>Hoy os presentamos la primera parte de la entrevista que Stepienybarno tuvo la suerte de mantener en exclusiva con H-arquitectes. La mayor\u00eda ya los conocer\u00e9is, pero para aquellos que todav\u00eda no los ubiquen, decir que se trata de uno de los estudios de arquitectura m\u00e1s prometedores del panorama nacional. A pesar de su juventud han construido varias obras de aut\u00e9ntico lujo. Gracias a ellas se han consolidado como un estudio serio, trabajador, innovador y, como podr\u00e9is comprobar a lo largo de la entrevista, con los pies en el suelo.<\/p>\n<p>As\u00ed que, sin m\u00e1s pre\u00e1mbulos y agradeci\u00e9ndoles la gentileza y dedicaci\u00f3n que nos han dispensado os dejamos con sus respuestas.<\/p>\n","protected":false},"author":2,"featured_media":0,"comment_status":"open","ping_status":"closed","sticky":false,"template":"","format":"standard","meta":{"om_disable_all_campaigns":false,"_monsterinsights_skip_tracking":false,"_monsterinsights_sitenote_active":false,"_monsterinsights_sitenote_note":"","_monsterinsights_sitenote_category":0,"_uf_show_specific_survey":0,"_uf_disable_surveys":false,"episode_type":"","audio_file":"","cover_image":"","cover_image_id":"","duration":"","filesize":"","date_recorded":"","explicit":"","block":"","filesize_raw":"","footnotes":""},"categories":[34,63],"tags":[4274,9,24,60,220,219,68,52,4271],"series":[],"class_list":["post-2148","post","type-post","status-publish","format-standard","hentry","category-actualidad","category-arqui-entrevista","tag-actualidad","tag-arquitectura","tag-entrevista","tag-entrevistas","tag-escuela-de-sant-cugat","tag-h-arquitectes","tag-jovenes-arquitectos","tag-la-profesion-de-arquitecto","tag-sostenibilidad"],"aioseo_notices":[],"episode_featured_image":false,"episode_player_image":"https:\/\/stepienybarno.es\/blog\/wp-content\/uploads\/2020\/11\/stepienybarno-podcast-scaled.jpg","download_link":"","player_link":"","audio_player":false,"episode_data":{"playerMode":"dark","subscribeUrls":[],"rssFeedUrl":"https:\/\/stepienybarno.es\/blog\/feed\/podcast\/podcast-de-stepienybarno","embedCode":"<blockquote class=\"wp-embedded-content\" data-secret=\"FNg0rkPLMj\"><a href=\"https:\/\/stepienybarno.es\/blog\/2010\/11\/01\/stepienybarno-charlan-con-h-arquitectes-parte-1\/\">STEPIENYBARNO charlan con HARQUITECTES (Parte 1).<\/a><\/blockquote><iframe sandbox=\"allow-scripts\" security=\"restricted\" src=\"https:\/\/stepienybarno.es\/blog\/2010\/11\/01\/stepienybarno-charlan-con-h-arquitectes-parte-1\/embed\/#?secret=FNg0rkPLMj\" width=\"500\" height=\"350\" title=\"\u00abSTEPIENYBARNO charlan con HARQUITECTES (Parte 1).\u00bb \u2014 Blog de STEPIEN Y BARNO - publicaci\u00f3n digital sobre arquitectura\" data-secret=\"FNg0rkPLMj\" frameborder=\"0\" marginwidth=\"0\" marginheight=\"0\" scrolling=\"no\" class=\"wp-embedded-content\"><\/iframe><script type=\"text\/javascript\">\n\/* <![CDATA[ *\/\n\/*! This file is auto-generated *\/\n!function(d,l){\"use strict\";l.querySelector&&d.addEventListener&&\"undefined\"!=typeof URL&&(d.wp=d.wp||{},d.wp.receiveEmbedMessage||(d.wp.receiveEmbedMessage=function(e){var t=e.data;if((t||t.secret||t.message||t.value)&&!\/[^a-zA-Z0-9]\/.test(t.secret)){for(var s,r,n,a=l.querySelectorAll('iframe[data-secret=\"'+t.secret+'\"]'),o=l.querySelectorAll('blockquote[data-secret=\"'+t.secret+'\"]'),c=new RegExp(\"^https?:$\",\"i\"),i=0;i<o.length;i++)o[i].style.display=\"none\";for(i=0;i<a.length;i++)s=a[i],e.source===s.contentWindow&&(s.removeAttribute(\"style\"),\"height\"===t.message?(1e3<(r=parseInt(t.value,10))?r=1e3:~~r<200&&(r=200),s.height=r):\"link\"===t.message&&(r=new URL(s.getAttribute(\"src\")),n=new URL(t.value),c.test(n.protocol))&&n.host===r.host&&l.activeElement===s&&(d.top.location.href=t.value))}},d.addEventListener(\"message\",d.wp.receiveEmbedMessage,!1),l.addEventListener(\"DOMContentLoaded\",function(){for(var e,t,s=l.querySelectorAll(\"iframe.wp-embedded-content\"),r=0;r<s.length;r++)(t=(e=s[r]).getAttribute(\"data-secret\"))||(t=Math.random().toString(36).substring(2,12),e.src+=\"#?secret=\"+t,e.setAttribute(\"data-secret\",t)),e.contentWindow.postMessage({message:\"ready\",secret:t},\"*\")},!1)))}(window,document);\n\/* ]]> *\/\n<\/script>\n"},"_links":{"self":[{"href":"https:\/\/stepienybarno.es\/blog\/wp-json\/wp\/v2\/posts\/2148"}],"collection":[{"href":"https:\/\/stepienybarno.es\/blog\/wp-json\/wp\/v2\/posts"}],"about":[{"href":"https:\/\/stepienybarno.es\/blog\/wp-json\/wp\/v2\/types\/post"}],"author":[{"embeddable":true,"href":"https:\/\/stepienybarno.es\/blog\/wp-json\/wp\/v2\/users\/2"}],"replies":[{"embeddable":true,"href":"https:\/\/stepienybarno.es\/blog\/wp-json\/wp\/v2\/comments?post=2148"}],"version-history":[{"count":9,"href":"https:\/\/stepienybarno.es\/blog\/wp-json\/wp\/v2\/posts\/2148\/revisions"}],"predecessor-version":[{"id":2155,"href":"https:\/\/stepienybarno.es\/blog\/wp-json\/wp\/v2\/posts\/2148\/revisions\/2155"}],"wp:attachment":[{"href":"https:\/\/stepienybarno.es\/blog\/wp-json\/wp\/v2\/media?parent=2148"}],"wp:term":[{"taxonomy":"category","embeddable":true,"href":"https:\/\/stepienybarno.es\/blog\/wp-json\/wp\/v2\/categories?post=2148"},{"taxonomy":"post_tag","embeddable":true,"href":"https:\/\/stepienybarno.es\/blog\/wp-json\/wp\/v2\/tags?post=2148"},{"taxonomy":"series","embeddable":true,"href":"https:\/\/stepienybarno.es\/blog\/wp-json\/wp\/v2\/series?post=2148"}],"curies":[{"name":"wp","href":"https:\/\/api.w.org\/{rel}","templated":true}]}}