{"id":21692,"date":"2016-04-07T09:10:40","date_gmt":"2016-04-07T07:10:40","guid":{"rendered":"https:\/\/www.stepienybarno.es\/blog\/?p=21692"},"modified":"2016-04-07T09:11:45","modified_gmt":"2016-04-07T07:11:45","slug":"%c2%bfcomo-deberia-ser-el-patio-de-la-escuela","status":"publish","type":"post","link":"https:\/\/stepienybarno.es\/blog\/2016\/04\/07\/%c2%bfcomo-deberia-ser-el-patio-de-la-escuela\/","title":{"rendered":"\u00bfC\u00d3MO DEBER\u00cdA SER EL PATIO DE LA ESCUELA?"},"content":{"rendered":"<h3 style=\"text-align: center;\"><img loading=\"lazy\" decoding=\"async\" class=\"alignnone size-full wp-image-21693\" title=\"stepienybarno-blog-stepien-y-barno-tierra-en-las-manos\" src=\"https:\/\/stepienybarno.es\/blog\/wp-content\/uploads\/2016\/04\/stepienybarno-blog-stepien-y-barno-tierra-en-las-manos.jpg\" alt=\"stepienybarno-blog-stepien-y-barno-tierra-en-las-manos\" width=\"500\" height=\"331\" srcset=\"https:\/\/stepienybarno.es\/blog\/wp-content\/uploads\/2016\/04\/stepienybarno-blog-stepien-y-barno-tierra-en-las-manos.jpg 500w, https:\/\/stepienybarno.es\/blog\/wp-content\/uploads\/2016\/04\/stepienybarno-blog-stepien-y-barno-tierra-en-las-manos-180x119.jpg 180w, https:\/\/stepienybarno.es\/blog\/wp-content\/uploads\/2016\/04\/stepienybarno-blog-stepien-y-barno-tierra-en-las-manos-316x209.jpg 316w\" sizes=\"(max-width: 500px) 100vw, 500px\" \/><\/h3>\n<h3><span style=\"font-weight: normal;\">Desde <a href=\"http:\/\/www.tierraenlasmanos.com\/\" target=\"_blank\">Tierra en las Manos<\/a><\/span><\/h3>\n<p><!--more--><\/p>\n<p>\u201cREPENSAR EL PATIO COMO ESPACIO EDUCATIVO<\/p>\n<p>Corren tiempos de cambio en todo a lo que la educaci\u00f3n se refiere. Tambi\u00e9n los patios de muchas escuelas est\u00e1n repens\u00e1ndose y ganando protagonismo.<\/p>\n<p>Estamos acostumbrados a una escuela en la que hay un espacio interior y cerrado en la que transcurren las clases, con los ni\u00f1os sentados y acumulando energ\u00eda\u2026 y un espacio exterior que sirve para que toda esa energ\u00eda acumulada explote y salga hacia afuera.<\/p>\n<p>Pero esos 30 minutos expr\u00e9s de descanso a media ma\u00f1ana carecen de sentido si el sistema de ense\u00f1anza se adapta a las necesidades reales de la infancia, volvi\u00e9ndose m\u00e1s vivencial, de forma que puedan aprender experimentando y observando, y a la vez jugar aprendiendo. \u00bfD\u00f3nde empieza y termina cada cosa? Porque la realidad es que cuando los ni\u00f1os juegan, incluso cuando parece que no sucede nada, tambi\u00e9n est\u00e1n aprendiendo.<\/p>\n<p>Es por eso que es importante concebir el espacio exterior de la escuela como un lugar en que ese \u201ccontinuo aprender de la vida\u201d pueda enriquecerse. Y ello en un doble sentido:<\/p>\n<p>1.\u00a0<strong><span style=\"text-decoration: underline;\">Llevar el aula al espacio exterior<\/span><\/strong>: acercando la naturaleza a la escuela, para poder observarla y experimentarla de forma directa (no a trav\u00e9s de un libro o, a\u00fan peor, de una pantalla) (\u2026)\u201d<\/p>\n<blockquote>\n<p style=\"text-align: center;\">Accede al art\u00edculo, <a href=\"http:\/\/www.tierraenlasmanos.com\/reformar-patio-escuela-en-espacio-educativo\/\" target=\"_blank\">AQU\u00cd<\/a><\/p>\n<\/blockquote>\n<p align=\"center\">\n<p><em><span style=\"color: #888888;\">Noticia seleccionada por el Canal de arquitectura STEPIENYBARNO.<\/span><\/em><\/p>\n<p><a href=\"https:\/\/twitter.com\/stepienybarno\" target=\"_blank\"><em>STEPIENYBARNO EN TWITTER _ @stepienybarno<\/em><\/a><\/p>\n<p><a href=\"http:\/\/www.linkedin.com\/company\/stepienybarno\" target=\"_blank\"><em>STEPIENYBARNO EN LINKEDIN<\/em><\/a><\/p>\n<p><a href=\"https:\/\/www.facebook.com\/pages\/BLOG-DE-STEPIENYBARNO\/78001079029\" target=\"_blank\"><em>STEPIENYBARNO EN FACEBOOK<\/em><\/a><\/p>\n<p><em><span style=\"color: #888888;\">*Stepienybarno est\u00e1 formado por Agnieszka Stepien y Lorenzo Barn\u00f3 y desde mayo del 2009 estamos en la red con\u00a0 la presente publicaci\u00f3n digital (Blog) de arquitectura.<\/span><\/em><\/p>\n<p><em><span style=\"color: #888888;\">Nuestra actividad se sustenta en tres pilares b\u00e1sicos: la investigaci\u00f3n, la publicaci\u00f3n (comunicaci\u00f3n y difusi\u00f3n) y la redacci\u00f3n de proyectos de arquitectura.<\/span><\/em><\/p>\n<p><em><span style=\"color: #888888;\">A su vez, somos socios cofundadores de<\/span><\/em><em> <\/em><a href=\"http:\/\/sinergiasostenible.org\/\" target=\"_blank\"><em>SINERGIA SOSTENIBLE<\/em><\/a><span style=\"color: #888888;\"><em>, redactores de<\/em><em> <\/em><\/span><a href=\"http:\/\/www.laciudadviva.org\/blogs\/?author=45\" target=\"_blank\"><em>LA CIUDAD VIVA<\/em><\/a><span style=\"color: #888888;\"><em> <\/em><em>y directores del blog de<\/em><\/span><em> <\/em><a href=\"http:\/\/blogfundacion.arquia.es\/\" target=\"_blank\"><em>FUNDACI\u00d3N ARQUIA<span style=\"color: #888888;\">.<\/span><\/em><\/a><\/p>\n<p><em><span style=\"color: #888888;\">* Los editores de esta publicaci\u00f3n digital no nos hacemos cargo de de los comentarios y\u00a0 conceptos vertidos en los textos firmados por otras personas, siendo \u00e9stos de responsabilidad exclusiva de sus autores.<\/span><\/em><\/p>\n<p><em><span style=\"color: #888888;\">* Tu comentario podr\u00e1 ser moderado, por lo tanto, aunque aparezca inmediatamente al ser publicado en la entrada, los editores de esta publicaci\u00f3n digital nos reservamos el derecho tanto de editarlo (si fuera necesario, para hacerlo m\u00e1s legible) como de eliminarlo en el caso de que se usen expresiones incorrectas (descalificaciones, palabras malsonantes\u2026). A su vez, si quieres comentar desde el anonimato puedes hacerlo, aunque, nosotros personalmente, agradecemos que tod@s nos podamos identificar.<\/span><\/em><\/p>\n","protected":false},"excerpt":{"rendered":"<p>Desde Tierra en las Manos<\/p>\n<p>(m\u00e1s&#8230;)<\/p>\n","protected":false},"author":2,"featured_media":0,"comment_status":"open","ping_status":"closed","sticky":false,"template":"","format":"standard","meta":{"om_disable_all_campaigns":false,"_monsterinsights_skip_tracking":false,"_monsterinsights_sitenote_active":false,"_monsterinsights_sitenote_note":"","_monsterinsights_sitenote_category":0,"_uf_show_specific_survey":0,"_uf_disable_surveys":false,"episode_type":"","audio_file":"","cover_image":"","cover_image_id":"","duration":"","filesize":"","date_recorded":"","explicit":"","block":"","filesize_raw":"","footnotes":""},"categories":[244],"tags":[4165],"series":[],"class_list":["post-21692","post","type-post","status-publish","format-standard","hentry","category-canal-de-arquitectura","tag-tierra-en-las-manos"],"aioseo_notices":[],"episode_featured_image":false,"episode_player_image":"https:\/\/stepienybarno.es\/blog\/wp-content\/uploads\/2020\/11\/stepienybarno-podcast-scaled.jpg","download_link":"","player_link":"","audio_player":false,"episode_data":{"playerMode":"dark","subscribeUrls":[],"rssFeedUrl":"https:\/\/stepienybarno.es\/blog\/feed\/podcast\/podcast-de-stepienybarno","embedCode":"<blockquote class=\"wp-embedded-content\" data-secret=\"lYPhZdrZRa\"><a href=\"https:\/\/stepienybarno.es\/blog\/2016\/04\/07\/%c2%bfcomo-deberia-ser-el-patio-de-la-escuela\/\">\u00bfC\u00d3MO DEBER\u00cdA SER EL PATIO DE LA ESCUELA?<\/a><\/blockquote><iframe sandbox=\"allow-scripts\" security=\"restricted\" src=\"https:\/\/stepienybarno.es\/blog\/2016\/04\/07\/%c2%bfcomo-deberia-ser-el-patio-de-la-escuela\/embed\/#?secret=lYPhZdrZRa\" width=\"500\" height=\"350\" title=\"\u00ab\u00bfC\u00d3MO DEBER\u00cdA SER EL PATIO DE LA ESCUELA?\u00bb \u2014 Blog de STEPIEN Y BARNO - publicaci\u00f3n digital sobre arquitectura\" data-secret=\"lYPhZdrZRa\" frameborder=\"0\" marginwidth=\"0\" marginheight=\"0\" scrolling=\"no\" class=\"wp-embedded-content\"><\/iframe><script type=\"text\/javascript\">\n\/* <![CDATA[ *\/\n\/*! This file is auto-generated *\/\n!function(d,l){\"use strict\";l.querySelector&&d.addEventListener&&\"undefined\"!=typeof URL&&(d.wp=d.wp||{},d.wp.receiveEmbedMessage||(d.wp.receiveEmbedMessage=function(e){var t=e.data;if((t||t.secret||t.message||t.value)&&!\/[^a-zA-Z0-9]\/.test(t.secret)){for(var s,r,n,a=l.querySelectorAll('iframe[data-secret=\"'+t.secret+'\"]'),o=l.querySelectorAll('blockquote[data-secret=\"'+t.secret+'\"]'),c=new RegExp(\"^https?:$\",\"i\"),i=0;i<o.length;i++)o[i].style.display=\"none\";for(i=0;i<a.length;i++)s=a[i],e.source===s.contentWindow&&(s.removeAttribute(\"style\"),\"height\"===t.message?(1e3<(r=parseInt(t.value,10))?r=1e3:~~r<200&&(r=200),s.height=r):\"link\"===t.message&&(r=new URL(s.getAttribute(\"src\")),n=new URL(t.value),c.test(n.protocol))&&n.host===r.host&&l.activeElement===s&&(d.top.location.href=t.value))}},d.addEventListener(\"message\",d.wp.receiveEmbedMessage,!1),l.addEventListener(\"DOMContentLoaded\",function(){for(var e,t,s=l.querySelectorAll(\"iframe.wp-embedded-content\"),r=0;r<s.length;r++)(t=(e=s[r]).getAttribute(\"data-secret\"))||(t=Math.random().toString(36).substring(2,12),e.src+=\"#?secret=\"+t,e.setAttribute(\"data-secret\",t)),e.contentWindow.postMessage({message:\"ready\",secret:t},\"*\")},!1)))}(window,document);\n\/* ]]> *\/\n<\/script>\n"},"_links":{"self":[{"href":"https:\/\/stepienybarno.es\/blog\/wp-json\/wp\/v2\/posts\/21692"}],"collection":[{"href":"https:\/\/stepienybarno.es\/blog\/wp-json\/wp\/v2\/posts"}],"about":[{"href":"https:\/\/stepienybarno.es\/blog\/wp-json\/wp\/v2\/types\/post"}],"author":[{"embeddable":true,"href":"https:\/\/stepienybarno.es\/blog\/wp-json\/wp\/v2\/users\/2"}],"replies":[{"embeddable":true,"href":"https:\/\/stepienybarno.es\/blog\/wp-json\/wp\/v2\/comments?post=21692"}],"version-history":[{"count":5,"href":"https:\/\/stepienybarno.es\/blog\/wp-json\/wp\/v2\/posts\/21692\/revisions"}],"predecessor-version":[{"id":21698,"href":"https:\/\/stepienybarno.es\/blog\/wp-json\/wp\/v2\/posts\/21692\/revisions\/21698"}],"wp:attachment":[{"href":"https:\/\/stepienybarno.es\/blog\/wp-json\/wp\/v2\/media?parent=21692"}],"wp:term":[{"taxonomy":"category","embeddable":true,"href":"https:\/\/stepienybarno.es\/blog\/wp-json\/wp\/v2\/categories?post=21692"},{"taxonomy":"post_tag","embeddable":true,"href":"https:\/\/stepienybarno.es\/blog\/wp-json\/wp\/v2\/tags?post=21692"},{"taxonomy":"series","embeddable":true,"href":"https:\/\/stepienybarno.es\/blog\/wp-json\/wp\/v2\/series?post=21692"}],"curies":[{"name":"wp","href":"https:\/\/api.w.org\/{rel}","templated":true}]}}