{"id":21699,"date":"2016-04-07T09:22:56","date_gmt":"2016-04-07T07:22:56","guid":{"rendered":"https:\/\/www.stepienybarno.es\/blog\/?p=21699"},"modified":"2016-04-07T17:49:10","modified_gmt":"2016-04-07T15:49:10","slug":"casa-ai-proyectodeldia","status":"publish","type":"post","link":"https:\/\/stepienybarno.es\/blog\/2016\/04\/07\/casa-ai-proyectodeldia\/","title":{"rendered":"CASA AI #ProyectoDelDia"},"content":{"rendered":"<p style=\"text-align: center;\"><img loading=\"lazy\" decoding=\"async\" class=\"alignnone size-full wp-image-21700\" title=\"0. Stepienybarno-blog-stepien-y-barno- Fernando Oiza\" src=\"https:\/\/stepienybarno.es\/blog\/wp-content\/uploads\/2016\/04\/0.-Stepienybarno-blog-stepien-y-barno-Fernando-Oiza.jpg\" alt=\"0. Stepienybarno-blog-stepien-y-barno- Fernando Oiza\" width=\"350\" height=\"247\" srcset=\"https:\/\/stepienybarno.es\/blog\/wp-content\/uploads\/2016\/04\/0.-Stepienybarno-blog-stepien-y-barno-Fernando-Oiza.jpg 350w, https:\/\/stepienybarno.es\/blog\/wp-content\/uploads\/2016\/04\/0.-Stepienybarno-blog-stepien-y-barno-Fernando-Oiza-180x127.jpg 180w, https:\/\/stepienybarno.es\/blog\/wp-content\/uploads\/2016\/04\/0.-Stepienybarno-blog-stepien-y-barno-Fernando-Oiza-316x223.jpg 316w\" sizes=\"(max-width: 350px) 100vw, 350px\" \/><\/p>\n<p>Interesante proyecto a cargo de Fernando Oiza.<\/p>\n<p>Fot\u00f3grafo: Jorge Moreno.<\/p>\n<p><!--more--><\/p>\n<p style=\"text-align: center;\"><img loading=\"lazy\" decoding=\"async\" class=\"alignnone size-full wp-image-21701\" title=\"4.1. Stepienybarno-blog-stepien-y-barno- Fernando Oiza\" src=\"https:\/\/stepienybarno.es\/blog\/wp-content\/uploads\/2016\/04\/4.1.-Stepienybarno-blog-stepien-y-barno-Fernando-Oiza.jpg\" alt=\"4.1. Stepienybarno-blog-stepien-y-barno- Fernando Oiza\" width=\"650\" height=\"407\" srcset=\"https:\/\/stepienybarno.es\/blog\/wp-content\/uploads\/2016\/04\/4.1.-Stepienybarno-blog-stepien-y-barno-Fernando-Oiza.jpg 650w, https:\/\/stepienybarno.es\/blog\/wp-content\/uploads\/2016\/04\/4.1.-Stepienybarno-blog-stepien-y-barno-Fernando-Oiza-180x113.jpg 180w, https:\/\/stepienybarno.es\/blog\/wp-content\/uploads\/2016\/04\/4.1.-Stepienybarno-blog-stepien-y-barno-Fernando-Oiza-550x344.jpg 550w, https:\/\/stepienybarno.es\/blog\/wp-content\/uploads\/2016\/04\/4.1.-Stepienybarno-blog-stepien-y-barno-Fernando-Oiza-316x198.jpg 316w\" sizes=\"(max-width: 650px) 100vw, 650px\" \/><\/p>\n<p><strong>Memoria:<\/strong><\/p>\n<p><strong>1_Introducci\u00f3n y preexistencia<\/strong><\/p>\n<p>El presente Proyecto tiene por objeto la reforma de la cl\u00e1sica vivienda de doble orientaci\u00f3n (a calle y patio) en un edificio de vivienda colectiva de mediados de siglo, situado en un trazado urbano de tipo ensanche decimon\u00f3nico. La distribuci\u00f3n original presentaba un esquema tradicional habitual en la \u00e9poca: se produce el acceso a trav\u00e9s de un peque\u00f1o vest\u00edbulo comunicado con un estrecho y largo pasillo interior que estructura las estancias de la vivienda a ambos lados. Se da la circunstancia rese\u00f1able de que la vivienda objeto del Proyecto ocupa el chafl\u00e1n de la manzana, circunstancia muy favorable ya que le permite contar con cinco huecos a fachada, que corresponden a sendas estancias colocadas sim\u00e9tricamente con respecto a la bisectriz del chafl\u00e1n. El levantamiento del estado actual de la vivienda aport\u00f3 una superficie \u00fatil en torno a los 120.0 m2.<\/p>\n<p style=\"text-align: center;\"><img loading=\"lazy\" decoding=\"async\" class=\"alignnone size-full wp-image-21702\" title=\"1. Stepienybarno-blog-stepien-y-barno- Fernando Oiza\" src=\"https:\/\/stepienybarno.es\/blog\/wp-content\/uploads\/2016\/04\/1.-Stepienybarno-blog-stepien-y-barno-Fernando-Oiza.jpg\" alt=\"1. Stepienybarno-blog-stepien-y-barno- Fernando Oiza\" width=\"650\" height=\"433\" srcset=\"https:\/\/stepienybarno.es\/blog\/wp-content\/uploads\/2016\/04\/1.-Stepienybarno-blog-stepien-y-barno-Fernando-Oiza.jpg 650w, https:\/\/stepienybarno.es\/blog\/wp-content\/uploads\/2016\/04\/1.-Stepienybarno-blog-stepien-y-barno-Fernando-Oiza-180x120.jpg 180w, https:\/\/stepienybarno.es\/blog\/wp-content\/uploads\/2016\/04\/1.-Stepienybarno-blog-stepien-y-barno-Fernando-Oiza-550x366.jpg 550w, https:\/\/stepienybarno.es\/blog\/wp-content\/uploads\/2016\/04\/1.-Stepienybarno-blog-stepien-y-barno-Fernando-Oiza-316x211.jpg 316w\" sizes=\"(max-width: 650px) 100vw, 650px\" \/><\/p>\n<p style=\"text-align: center;\"><img loading=\"lazy\" decoding=\"async\" class=\"alignnone size-full wp-image-21703\" title=\"2. Stepienybarno-blog-stepien-y-barno- Fernando Oiza\" src=\"https:\/\/stepienybarno.es\/blog\/wp-content\/uploads\/2016\/04\/2.-Stepienybarno-blog-stepien-y-barno-Fernando-Oiza.jpg\" alt=\"2. Stepienybarno-blog-stepien-y-barno- Fernando Oiza\" width=\"650\" height=\"433\" srcset=\"https:\/\/stepienybarno.es\/blog\/wp-content\/uploads\/2016\/04\/2.-Stepienybarno-blog-stepien-y-barno-Fernando-Oiza.jpg 650w, https:\/\/stepienybarno.es\/blog\/wp-content\/uploads\/2016\/04\/2.-Stepienybarno-blog-stepien-y-barno-Fernando-Oiza-180x120.jpg 180w, https:\/\/stepienybarno.es\/blog\/wp-content\/uploads\/2016\/04\/2.-Stepienybarno-blog-stepien-y-barno-Fernando-Oiza-550x366.jpg 550w, https:\/\/stepienybarno.es\/blog\/wp-content\/uploads\/2016\/04\/2.-Stepienybarno-blog-stepien-y-barno-Fernando-Oiza-316x211.jpg 316w\" sizes=\"(max-width: 650px) 100vw, 650px\" \/><\/p>\n<p style=\"text-align: center;\"><img loading=\"lazy\" decoding=\"async\" class=\"alignnone size-full wp-image-21704\" title=\"3. Stepienybarno-blog-stepien-y-barno- Fernando Oiza\" src=\"https:\/\/stepienybarno.es\/blog\/wp-content\/uploads\/2016\/04\/3.-Stepienybarno-blog-stepien-y-barno-Fernando-Oiza.jpg\" alt=\"3. Stepienybarno-blog-stepien-y-barno- Fernando Oiza\" width=\"650\" height=\"433\" srcset=\"https:\/\/stepienybarno.es\/blog\/wp-content\/uploads\/2016\/04\/3.-Stepienybarno-blog-stepien-y-barno-Fernando-Oiza.jpg 650w, https:\/\/stepienybarno.es\/blog\/wp-content\/uploads\/2016\/04\/3.-Stepienybarno-blog-stepien-y-barno-Fernando-Oiza-180x120.jpg 180w, https:\/\/stepienybarno.es\/blog\/wp-content\/uploads\/2016\/04\/3.-Stepienybarno-blog-stepien-y-barno-Fernando-Oiza-550x366.jpg 550w, https:\/\/stepienybarno.es\/blog\/wp-content\/uploads\/2016\/04\/3.-Stepienybarno-blog-stepien-y-barno-Fernando-Oiza-316x211.jpg 316w\" sizes=\"(max-width: 650px) 100vw, 650px\" \/><\/p>\n<p><strong>2_ Algunas reflexiones<\/strong><\/p>\n<p>Las primeras miradas se dirig\u00edan de manera recurrente hacia el pasillo: por qu\u00e9 estaba all\u00ed? c\u00f3mo funcionaba? realmente era imprescindible?.<\/p>\n<p>Por lo tanto, profundizamos en la estructura funcional de la vivienda con pasillo y buscamos en la historia sus or\u00edgenes. El pasillo nace a principios del siglo XVII en Inglaterra como medida para establecer una circulaci\u00f3n paralela e invisible para el servicio. Con el paso del tiempo su uso se impone por su eficacia funcional, relegando a otro tipo de comunicaciones entre estancias y se instaura en la columna vertebral de la planta, a la manera de la espina de un pez. Con el pasillo la relaci\u00f3n de las estancias entre s\u00ed es la relaci\u00f3n de sus puertas, de manera que se acercan las habitaciones lejanas (parad\u00f3jicamente tambi\u00e9n aleja las pr\u00f3ximas), por arte del pasillo la planta se convierte en is\u00f3tropa, homog\u00e9nea, desjerarquizada\u2026 est\u00e1tica. Y una cosa m\u00e1s e importante, la eficacia de comunicaci\u00f3n reduce el contacto entre los habitantes.<\/p>\n<p style=\"text-align: center;\"><img loading=\"lazy\" decoding=\"async\" class=\"alignnone size-full wp-image-21732\" title=\"1. Stepienybarno-blog-stepien-y-barno- Fernando Oiza- planta\" src=\"https:\/\/stepienybarno.es\/blog\/wp-content\/uploads\/2016\/04\/1.-Stepienybarno-blog-stepien-y-barno-Fernando-Oiza-planta-.jpg\" alt=\"1. Stepienybarno-blog-stepien-y-barno- Fernando Oiza- planta\" width=\"650\" height=\"482\" srcset=\"https:\/\/stepienybarno.es\/blog\/wp-content\/uploads\/2016\/04\/1.-Stepienybarno-blog-stepien-y-barno-Fernando-Oiza-planta-.jpg 650w, https:\/\/stepienybarno.es\/blog\/wp-content\/uploads\/2016\/04\/1.-Stepienybarno-blog-stepien-y-barno-Fernando-Oiza-planta--180x133.jpg 180w, https:\/\/stepienybarno.es\/blog\/wp-content\/uploads\/2016\/04\/1.-Stepienybarno-blog-stepien-y-barno-Fernando-Oiza-planta--550x408.jpg 550w, https:\/\/stepienybarno.es\/blog\/wp-content\/uploads\/2016\/04\/1.-Stepienybarno-blog-stepien-y-barno-Fernando-Oiza-planta--316x234.jpg 316w\" sizes=\"(max-width: 650px) 100vw, 650px\" \/><\/p>\n<p>Al margen de lo anterior, el Proyecto supon\u00eda una ocasi\u00f3n propicia para la reflexi\u00f3n en otros campos: la actuaci\u00f3n en interiores de edificios con cierta antig\u00fcedad y solvencia arquitect\u00f3nica por una parte, y el tipo de planteamiento espacial apropiado a las necesidades y h\u00e1bitos contempor\u00e1neos. En actuaciones de estas caracter\u00edsticas es demasiado habitual que el resultado de la reforma adolezca de ausencia de personalidad al desaparecer toda referencia a las preexistencias. O, caso de existir estas, quedan relegadas a cuestiones anecd\u00f3ticas de tipo cosm\u00e9tico como texturas o materiales. Sin embargo, en ocasiones se echa en falta una actitud m\u00e1s comprometida con el esp\u00edritu de la construcci\u00f3n, cuestiones de tipo espacial, escalar, dimensional\u2026 Y con la cultura a trav\u00e9s de la memoria, la solera\u2026<\/p>\n<p>Desde un punto de vista espacial parece haberse establecido un pacto de fidelidad con lo que coloquialmente se conoce como espacio tipo \u201cloft\u201d. Las virtudes de esta opci\u00f3n son innegables y de todos conocidas: \u00fanico, ambiguo, mezcla de usos, no-especializado, etc. Sin embargo, es posible que esta sea la \u00fanica respuesta adecuada posible, por supuesto sin renunciar a la contemporaneidad?<\/p>\n<p style=\"text-align: center;\"><img loading=\"lazy\" decoding=\"async\" class=\"alignnone size-full wp-image-21705\" title=\"4.2. Stepienybarno-blog-stepien-y-barno- Fernando Oiza\" src=\"https:\/\/stepienybarno.es\/blog\/wp-content\/uploads\/2016\/04\/4.2.-Stepienybarno-blog-stepien-y-barno-Fernando-Oiza.jpg\" alt=\"4.2. Stepienybarno-blog-stepien-y-barno- Fernando Oiza\" width=\"650\" height=\"433\" srcset=\"https:\/\/stepienybarno.es\/blog\/wp-content\/uploads\/2016\/04\/4.2.-Stepienybarno-blog-stepien-y-barno-Fernando-Oiza.jpg 650w, https:\/\/stepienybarno.es\/blog\/wp-content\/uploads\/2016\/04\/4.2.-Stepienybarno-blog-stepien-y-barno-Fernando-Oiza-180x120.jpg 180w, https:\/\/stepienybarno.es\/blog\/wp-content\/uploads\/2016\/04\/4.2.-Stepienybarno-blog-stepien-y-barno-Fernando-Oiza-550x366.jpg 550w, https:\/\/stepienybarno.es\/blog\/wp-content\/uploads\/2016\/04\/4.2.-Stepienybarno-blog-stepien-y-barno-Fernando-Oiza-316x211.jpg 316w\" sizes=\"(max-width: 650px) 100vw, 650px\" \/><\/p>\n<p><strong>3_ Conclusi\u00f3n<\/strong><\/p>\n<p>El Proyecto ha pretendido concebir una soluci\u00f3n adecuada a los requerimientos solicitados por los clientes y, al mismo tiempo, dar respuesta de manera coordinada a las otras inquietudes (de \u00edndole personal) antes referidas. Algunas concretas y otras gen\u00e9ricas, que en la fase de gestaci\u00f3n del mismo surgieron de manera complementaria, y que fueron capaces de enriquecer y sofisticar lo que en un primer momento se plante\u00f3 como una sencilla tarea de acondicionamiento y redistribuci\u00f3n.<\/p>\n<p>Pero ello realizando las m\u00ednimas modificaciones posibles en la configuraci\u00f3n original de la vivienda. Se da la circunstancia de que, con pocos cambios en la distribuci\u00f3n, es posible adaptar la misma a los requerimientos del cliente de obtener una vivienda m\u00e1s actual adaptada a sus necesidades, sin que ello implique la realizaci\u00f3n de grandes inversiones. Ello es posible gracias a las excepcionales posibilidades intr\u00ednsecas a la vivienda, entre las que se destaca nuevamente el hecho de que se trata de una vivienda de esquina.<\/p>\n<p>La sencillez del proyecto hace que intentar describir con palabras la soluci\u00f3n resulte redundante ante la elocuencia de las im\u00e1genes.<\/p>\n<p style=\"text-align: center;\"><img loading=\"lazy\" decoding=\"async\" class=\"alignnone size-full wp-image-21706\" title=\"4.3. Stepienybarno-blog-stepien-y-barno- Fernando Oiza\" src=\"https:\/\/stepienybarno.es\/blog\/wp-content\/uploads\/2016\/04\/4.3.-Stepienybarno-blog-stepien-y-barno-Fernando-Oiza.jpg\" alt=\"4.3. Stepienybarno-blog-stepien-y-barno- Fernando Oiza\" width=\"650\" height=\"459\" srcset=\"https:\/\/stepienybarno.es\/blog\/wp-content\/uploads\/2016\/04\/4.3.-Stepienybarno-blog-stepien-y-barno-Fernando-Oiza.jpg 650w, https:\/\/stepienybarno.es\/blog\/wp-content\/uploads\/2016\/04\/4.3.-Stepienybarno-blog-stepien-y-barno-Fernando-Oiza-180x127.jpg 180w, https:\/\/stepienybarno.es\/blog\/wp-content\/uploads\/2016\/04\/4.3.-Stepienybarno-blog-stepien-y-barno-Fernando-Oiza-550x388.jpg 550w, https:\/\/stepienybarno.es\/blog\/wp-content\/uploads\/2016\/04\/4.3.-Stepienybarno-blog-stepien-y-barno-Fernando-Oiza-316x223.jpg 316w\" sizes=\"(max-width: 650px) 100vw, 650px\" \/><\/p>\n<p align=\"left\">\n<blockquote>\n<p align=\"left\"><strong>Post relacionados:<\/strong><\/p>\n<p align=\"left\">#ProyectoDelDia<\/p>\n<p align=\"left\"><a href=\"https:\/\/stepienybarno.es\/blog\/tag\/proyectodeldia\/\">https:\/\/stepienybarno.es\/blog\/tag\/proyectodeldia\/<\/a><\/p>\n<\/blockquote>\n<p align=\"left\"><span style=\"color: #888888;\"><em>Noticia seleccionada por el Canal de arquitectura STEPIENYBARNO.<\/em><\/span><\/p>\n<p><a href=\"https:\/\/twitter.com\/stepienybarno\"><span style=\"color: #888888;\"><em>STEPIENYBARNO EN TWITTER _ @stepienybarno<\/em><\/span><\/a><\/p>\n<p align=\"left\"><a href=\"http:\/\/www.linkedin.com\/company\/stepienybarno\"><span style=\"color: #888888;\"><em>STEPIENYBARNO EN LINKEDIN<\/em><\/span><\/a><\/p>\n<p align=\"left\"><a href=\"https:\/\/www.facebook.com\/pages\/BLOG-DE-STEPIENYBARNO\/78001079029\"><span style=\"color: #888888;\"><em>STEPIENYBARNO EN FACEBOOK<\/em><\/span><\/a><\/p>\n<p align=\"left\"><span style=\"color: #888888;\"><em>*Stepienybarno est\u00e1 formado por Agnieszka Stepien y Lorenzo Barn\u00f3 y desde mayo del 2009 estamos en la red con\u00a0 la presente publicaci\u00f3n digital (Blog) de arquitectura.<\/em><\/span><\/p>\n<p align=\"left\"><span style=\"color: #888888;\"><em>Nuestra actividad se sustenta en tres pilares b\u00e1sicos: la investigaci\u00f3n, la publicaci\u00f3n (comunicaci\u00f3n y difusi\u00f3n) y la redacci\u00f3n de proyectos de arquitectura.<\/em><\/span><\/p>\n<p align=\"left\"><span style=\"color: #888888;\"><em>A su vez, somos socios cofundadores de <a href=\"http:\/\/sinergiasostenible.org\/\">SINERGIA SOSTENIBLE<\/a>, redactores de <a href=\"http:\/\/www.laciudadviva.org\/blogs\/?author=45\">LA CIUDAD VIVA<\/a> y directores del blog de FUNDACI\u00d3N ARQUIA.<\/em><\/span><\/p>\n<p align=\"left\"><span style=\"color: #888888;\"><em>* Los editores de esta publicaci\u00f3n digital no nos hacemos cargo de de los comentarios y\u00a0 conceptos vertidos en los textos firmados por otras personas, siendo \u00e9stos de responsabilidad exclusiva de sus autores.<\/em><\/span><\/p>\n<p align=\"left\"><span style=\"color: #888888;\"><em>* Tu comentario podr\u00e1 ser moderado, por lo tanto, aunque aparezca inmediatamente al ser publicado en la entrada, los editores de esta publicaci\u00f3n digital nos reservamos el derecho tanto de editarlo (si fuera necesario, para hacerlo m\u00e1s legible) como de eliminarlo en el caso de que se usen expresiones incorrectas (descalificaciones, palabras malsonantes\u2026). A su vez, si quieres comentar desde el anonimato puedes hacerlo, aunque, nosotros personalmente, agradecemos que tod@s nos podamos identificar.<\/em><\/span><\/p>\n","protected":false},"excerpt":{"rendered":"<p>Interesante proyecto a cargo de Fernando Oiza.<br \/>\nFot\u00f3grafo: Jorge Moreno<\/p>\n<p>(m\u00e1s&#8230;)<\/p>\n","protected":false},"author":2,"featured_media":0,"comment_status":"open","ping_status":"closed","sticky":false,"template":"","format":"standard","meta":{"om_disable_all_campaigns":false,"_monsterinsights_skip_tracking":false,"_monsterinsights_sitenote_active":false,"_monsterinsights_sitenote_note":"","_monsterinsights_sitenote_category":0,"_uf_show_specific_survey":0,"_uf_disable_surveys":false,"episode_type":"","audio_file":"","cover_image":"","cover_image_id":"","duration":"","filesize":"","date_recorded":"","explicit":"","block":"","filesize_raw":"","footnotes":""},"categories":[3197,34,244],"tags":[2226],"series":[],"class_list":["post-21699","post","type-post","status-publish","format-standard","hentry","category-proyectodeldia","category-actualidad","category-canal-de-arquitectura","tag-fernando-oiza"],"aioseo_notices":[],"episode_featured_image":false,"episode_player_image":"https:\/\/stepienybarno.es\/blog\/wp-content\/uploads\/2020\/11\/stepienybarno-podcast-scaled.jpg","download_link":"","player_link":"","audio_player":false,"episode_data":{"playerMode":"dark","subscribeUrls":[],"rssFeedUrl":"https:\/\/stepienybarno.es\/blog\/feed\/podcast\/podcast-de-stepienybarno","embedCode":"<blockquote class=\"wp-embedded-content\" data-secret=\"5DYsDhIlpy\"><a href=\"https:\/\/stepienybarno.es\/blog\/2016\/04\/07\/casa-ai-proyectodeldia\/\">CASA AI #ProyectoDelDia<\/a><\/blockquote><iframe sandbox=\"allow-scripts\" security=\"restricted\" src=\"https:\/\/stepienybarno.es\/blog\/2016\/04\/07\/casa-ai-proyectodeldia\/embed\/#?secret=5DYsDhIlpy\" width=\"500\" height=\"350\" title=\"\u00abCASA AI #ProyectoDelDia\u00bb \u2014 Blog de STEPIEN Y BARNO - publicaci\u00f3n digital sobre arquitectura\" data-secret=\"5DYsDhIlpy\" frameborder=\"0\" marginwidth=\"0\" marginheight=\"0\" scrolling=\"no\" class=\"wp-embedded-content\"><\/iframe><script type=\"text\/javascript\">\n\/* <![CDATA[ *\/\n\/*! This file is auto-generated *\/\n!function(d,l){\"use strict\";l.querySelector&&d.addEventListener&&\"undefined\"!=typeof URL&&(d.wp=d.wp||{},d.wp.receiveEmbedMessage||(d.wp.receiveEmbedMessage=function(e){var t=e.data;if((t||t.secret||t.message||t.value)&&!\/[^a-zA-Z0-9]\/.test(t.secret)){for(var s,r,n,a=l.querySelectorAll('iframe[data-secret=\"'+t.secret+'\"]'),o=l.querySelectorAll('blockquote[data-secret=\"'+t.secret+'\"]'),c=new RegExp(\"^https?:$\",\"i\"),i=0;i<o.length;i++)o[i].style.display=\"none\";for(i=0;i<a.length;i++)s=a[i],e.source===s.contentWindow&&(s.removeAttribute(\"style\"),\"height\"===t.message?(1e3<(r=parseInt(t.value,10))?r=1e3:~~r<200&&(r=200),s.height=r):\"link\"===t.message&&(r=new URL(s.getAttribute(\"src\")),n=new URL(t.value),c.test(n.protocol))&&n.host===r.host&&l.activeElement===s&&(d.top.location.href=t.value))}},d.addEventListener(\"message\",d.wp.receiveEmbedMessage,!1),l.addEventListener(\"DOMContentLoaded\",function(){for(var e,t,s=l.querySelectorAll(\"iframe.wp-embedded-content\"),r=0;r<s.length;r++)(t=(e=s[r]).getAttribute(\"data-secret\"))||(t=Math.random().toString(36).substring(2,12),e.src+=\"#?secret=\"+t,e.setAttribute(\"data-secret\",t)),e.contentWindow.postMessage({message:\"ready\",secret:t},\"*\")},!1)))}(window,document);\n\/* ]]> *\/\n<\/script>\n"},"_links":{"self":[{"href":"https:\/\/stepienybarno.es\/blog\/wp-json\/wp\/v2\/posts\/21699"}],"collection":[{"href":"https:\/\/stepienybarno.es\/blog\/wp-json\/wp\/v2\/posts"}],"about":[{"href":"https:\/\/stepienybarno.es\/blog\/wp-json\/wp\/v2\/types\/post"}],"author":[{"embeddable":true,"href":"https:\/\/stepienybarno.es\/blog\/wp-json\/wp\/v2\/users\/2"}],"replies":[{"embeddable":true,"href":"https:\/\/stepienybarno.es\/blog\/wp-json\/wp\/v2\/comments?post=21699"}],"version-history":[{"count":5,"href":"https:\/\/stepienybarno.es\/blog\/wp-json\/wp\/v2\/posts\/21699\/revisions"}],"predecessor-version":[{"id":21708,"href":"https:\/\/stepienybarno.es\/blog\/wp-json\/wp\/v2\/posts\/21699\/revisions\/21708"}],"wp:attachment":[{"href":"https:\/\/stepienybarno.es\/blog\/wp-json\/wp\/v2\/media?parent=21699"}],"wp:term":[{"taxonomy":"category","embeddable":true,"href":"https:\/\/stepienybarno.es\/blog\/wp-json\/wp\/v2\/categories?post=21699"},{"taxonomy":"post_tag","embeddable":true,"href":"https:\/\/stepienybarno.es\/blog\/wp-json\/wp\/v2\/tags?post=21699"},{"taxonomy":"series","embeddable":true,"href":"https:\/\/stepienybarno.es\/blog\/wp-json\/wp\/v2\/series?post=21699"}],"curies":[{"name":"wp","href":"https:\/\/api.w.org\/{rel}","templated":true}]}}