{"id":2173,"date":"2010-11-07T22:06:29","date_gmt":"2010-11-07T20:06:29","guid":{"rendered":"https:\/\/www.stepienybarno.es\/blog\/?p=2173"},"modified":"2010-11-08T18:32:28","modified_gmt":"2010-11-08T16:32:28","slug":"imaginando-la-ciudad-del-manana","status":"publish","type":"post","link":"https:\/\/stepienybarno.es\/blog\/2010\/11\/07\/imaginando-la-ciudad-del-manana\/","title":{"rendered":"IMAGINANDO LA CIUDAD DEL MA\u00d1ANA"},"content":{"rendered":"<p>\u00a0<\/p>\n<p align=\"center\"><img loading=\"lazy\" decoding=\"async\" class=\"alignnone size-full wp-image-2174\" title=\"0. STEPIENYBARNO AVNAU\" src=\"https:\/\/stepienybarno.es\/blog\/wp-content\/uploads\/2010\/11\/0.-STEPIENYBARNO-AVNAU-.jpg\" alt=\"0. STEPIENYBARNO AVNAU\" width=\"350\" height=\"218\" srcset=\"https:\/\/stepienybarno.es\/blog\/wp-content\/uploads\/2010\/11\/0.-STEPIENYBARNO-AVNAU-.jpg 350w, https:\/\/stepienybarno.es\/blog\/wp-content\/uploads\/2010\/11\/0.-STEPIENYBARNO-AVNAU--180x112.jpg 180w, https:\/\/stepienybarno.es\/blog\/wp-content\/uploads\/2010\/11\/0.-STEPIENYBARNO-AVNAU--316x197.jpg 316w\" sizes=\"(max-width: 350px) 100vw, 350px\" \/>\u00a0<\/p>\n<p>Durante el jueves y viernes de la semana pasada, se celebraron en Bilbao las jornadas organizadas por la Agrupaci\u00f3n Vasco-Navarra Arquitectos Urbanistas (A.V.N.A.U), bajo el sugerente t\u00edtulo \u201cimaginando la ciudad del ma\u00f1ana. El lugar escogido para la celebraci\u00f3n fue la sede del Colegio de Arquitectos de Bilbao y all\u00ed se reuni\u00f3 gente de mucho peso, intentando buscar las claves sobre esa so\u00f1ada ciudad del futuro.<\/p>\n<p>\u00a0<!--more--><\/p>\n<p align=\"center\"><img loading=\"lazy\" decoding=\"async\" class=\"alignnone size-full wp-image-2175\" title=\"1. STEPIENYBARNO AVNAU RAM\u00d3N L\u00d3PEZ DE LUCIO\" src=\"https:\/\/stepienybarno.es\/blog\/wp-content\/uploads\/2010\/11\/1.-STEPIENYBARNO-AVNAU-RAM\u00d3N-L\u00d3PEZ-DE-LUCIO-.jpg\" alt=\"1. STEPIENYBARNO AVNAU RAM\u00d3N L\u00d3PEZ DE LUCIO\" width=\"500\" height=\"376\" srcset=\"https:\/\/stepienybarno.es\/blog\/wp-content\/uploads\/2010\/11\/1.-STEPIENYBARNO-AVNAU-RAM\u00d3N-L\u00d3PEZ-DE-LUCIO-.jpg 500w, https:\/\/stepienybarno.es\/blog\/wp-content\/uploads\/2010\/11\/1.-STEPIENYBARNO-AVNAU-RAM\u00d3N-L\u00d3PEZ-DE-LUCIO--180x135.jpg 180w, https:\/\/stepienybarno.es\/blog\/wp-content\/uploads\/2010\/11\/1.-STEPIENYBARNO-AVNAU-RAM\u00d3N-L\u00d3PEZ-DE-LUCIO--316x238.jpg 316w\" sizes=\"(max-width: 500px) 100vw, 500px\" \/><\/p>\n<p align=\"center\"><span style=\"color: #888888;\">L\u00d3PEZ DE LUCIO<\/span><\/p>\n<p>\u00a0<\/p>\n<p>Tanto <strong><a href=\"http:\/\/www.bcnecologia.net\/index.php?option=com_content&amp;task=view&amp;id=98&amp;Itemid=52&amp;lang=CA\">SALVADOR RUEDA<\/a> <\/strong>como <strong><a href=\"http:\/\/ecosistemaurbano.org\/tag\/ramon-lopez-de-lucio\/\">RAM\u00d3N L\u00d3PEZ DE LUCIO<\/a><\/strong>, coincidieron en levantar la bandera de <strong>la compacidad, la complejidad, la densidad y la continuidad<\/strong>. Ambos ponentes rechazaron los crecimientos urban\u00edsticos que han desolado nuestras ciudades a base de barrios dormitorios e infinidad de adosados haciendo una versi\u00f3n cutre de la \u201cya obsoleta ciudad jard\u00edn\u201d. Abogaron por crecimientos donde predomine la mezcla cultural, de usos o demogr\u00e1fica y \u201cno se pierda la continuidad de lo construido\u201d, para no crear \u201cciudades huecas\u201d.<\/p>\n<p style=\"text-align: center;\">\u00a0<img loading=\"lazy\" decoding=\"async\" class=\"alignnone size-full wp-image-2177\" title=\"2. STEPIENYBARNO AVNAU SALVADOR RUEDA COMPLEJIDAD\" src=\"https:\/\/stepienybarno.es\/blog\/wp-content\/uploads\/2010\/11\/2.-STEPIENYBARNO-AVNAU-SALVADOR-RUEDA-COMPLEJIDAD-.jpg\" alt=\"2. STEPIENYBARNO AVNAU SALVADOR RUEDA COMPLEJIDAD\" width=\"500\" height=\"365\" srcset=\"https:\/\/stepienybarno.es\/blog\/wp-content\/uploads\/2010\/11\/2.-STEPIENYBARNO-AVNAU-SALVADOR-RUEDA-COMPLEJIDAD-.jpg 500w, https:\/\/stepienybarno.es\/blog\/wp-content\/uploads\/2010\/11\/2.-STEPIENYBARNO-AVNAU-SALVADOR-RUEDA-COMPLEJIDAD--180x131.jpg 180w, https:\/\/stepienybarno.es\/blog\/wp-content\/uploads\/2010\/11\/2.-STEPIENYBARNO-AVNAU-SALVADOR-RUEDA-COMPLEJIDAD--316x231.jpg 316w\" sizes=\"(max-width: 500px) 100vw, 500px\" \/><\/p>\n<p style=\"text-align: center;\"><span style=\"color: #888888;\">La complejidad seg\u00fan <strong><a href=\"http:\/\/www.bcnecologia.net\/index.php?option=com_content&amp;task=view&amp;id=98&amp;Itemid=52&amp;lang=CA\">SALVADOR RUEDA<\/a><\/strong><\/span><\/p>\n<p>\u00a0<\/p>\n<p>Como de costumbre, <a href=\"http:\/\/www.bcnecologia.net\/index.php?option=com_content&amp;task=view&amp;id=98&amp;Itemid=52&amp;lang=CA\">Rueda<\/a> (bi\u00f3logo y psic\u00f3logo de formaci\u00f3n y especialista en ingenier\u00eda ambiental), se inclin\u00f3 por <strong>las bondades de la ciudad compacta<\/strong>, incidiendo en la idea de que la complejidad \u201ces un fen\u00f3meno cuantitativo, una cantidad extrema de interacciones e interferencias entre un n\u00famero muy grande de unidades.\u201d Y para demostrarlo, puso varios ejemplos de c\u00f3mo se pod\u00eda llegar a medir.<\/p>\n<p>En la misma l\u00ednea L\u00d3PEZ DE LUCIO, <strong>remarc\u00f3 la diferencia entre densidad y ocupaci\u00f3n del suelo<\/strong>, y aprovech\u00f3 la ocasi\u00f3n para criticar el hecho de que cien a\u00f1os despu\u00e9s se sigua reverenciando a Le Corbusier como el gur\u00fa del urbanismo, cuando, en su opini\u00f3n, sus propuestas solo eran \u201cantiguallas\u201d que hablaban de una \u201cutop\u00eda moralizante del prado verde, ya que un edificio en el paisaje (a modo de hito), es algo realmente fr\u00edvolo\u201d. \u00a0No muy diferentes, fueron las palabras que dedic\u00f3 la ge\u00f3grafa <strong><a href=\"http:\/\/www.grijalvo.com\/Pilar_Vega_Pindado\/1ab.htm\">PILAR VEGA<\/a><\/strong>, para el arquitecto suizo, \u201cya que sus planteamientos creaban una ciudad distante, segregada y aburrida\u201d<\/p>\n<p align=\"center\"><img loading=\"lazy\" decoding=\"async\" class=\"alignnone size-full wp-image-2178\" title=\"3. STEPIENYBARNO AVNAU SALVADOR RUEDA ciudad compacta\" src=\"https:\/\/stepienybarno.es\/blog\/wp-content\/uploads\/2010\/11\/3.-STEPIENYBARNO-AVNAU-SALVADOR-RUEDA-ciudad-compacta-.jpg\" alt=\"3. STEPIENYBARNO AVNAU SALVADOR RUEDA ciudad compacta\" width=\"500\" height=\"300\" srcset=\"https:\/\/stepienybarno.es\/blog\/wp-content\/uploads\/2010\/11\/3.-STEPIENYBARNO-AVNAU-SALVADOR-RUEDA-ciudad-compacta-.jpg 500w, https:\/\/stepienybarno.es\/blog\/wp-content\/uploads\/2010\/11\/3.-STEPIENYBARNO-AVNAU-SALVADOR-RUEDA-ciudad-compacta--180x108.jpg 180w, https:\/\/stepienybarno.es\/blog\/wp-content\/uploads\/2010\/11\/3.-STEPIENYBARNO-AVNAU-SALVADOR-RUEDA-ciudad-compacta--316x190.jpg 316w\" sizes=\"(max-width: 500px) 100vw, 500px\" \/><\/p>\n<p align=\"center\"><span style=\"color: #888888;\">La idea de ciudad compacta de <strong><a href=\"http:\/\/www.bcnecologia.net\/index.php?option=com_content&amp;task=view&amp;id=98&amp;Itemid=52&amp;lang=CA\">SALVADOR RUEDA<\/a><\/strong><\/span><\/p>\n<p>\u00a0<\/p>\n<p>Otro de los frentes que cogieron un gran protagonismo, durante las jornadas, fue el tema de la <strong>movilidad<\/strong>, o como record\u00f3 L\u00f3pez de Lucio: \u201cel tr\u00e1fico\u201d (como se ense\u00f1aba en las escuelas de arquitectura hace unos a\u00f1os). En la mayor\u00eda de las ponencias <strong>se achac\u00f3 al veh\u00edculo privado, gran parte del desastre de nuestras ciudades<\/strong>, que desde los a\u00f1os setenta han crecido d\u00e1ndole un protagonismo absoluto, en un claro perjuicio de la calidad de vida. <strong><a href=\"http:\/\/www.carlosarroyo.net\/\">CARLOS ARROYO<\/a><\/strong> recalc\u00f3 el hecho de que \u201cel coche es el gran enemigo del espacio p\u00fablico\u201d y que uno de los principales focos de contaminaci\u00f3n se produc\u00eda cuando los papas y mamas llevaban a los ni\u00f1os al colegio &#8211; baby miles -. Para paliar este efecto y enriquecer la complejidad, en una de sus propuestas, nos ense\u00f1\u00f3 como pod\u00eda convivir el uso de la guarder\u00eda\u00a0 con el residencial, en una urbanizaci\u00f3n bastante condicionada por el plan general (que ataba de pies y manos al proyectista a la hora de redactar un plan parcial). Nos gustaron, a su vez, \u00a0las reflexiones de PILAR VEGA, criticando que los \u00a0planes urban\u00edsticos ya que \u201cte obligan a depender del coche, s\u00ed o s\u00ed\u201d, incidiendo <strong>en el impacto que la mala movilidad urbana provoca a la salud<\/strong>, tanto desde el punto de vista del sedentarismo, de los siniestros o de la contaminaci\u00f3n ac\u00fastica y atmosf\u00e9rica.<\/p>\n<p>Como veis, el rechazo al actual sistema de movilidad urbana fue una t\u00f3nica en las dos jornadas y, como le gusta recordar a SALVADOR RUEDA, \u201cgracias a este artefacto motorizado, el ciudadano se\u00a0 han convertido en peat\u00f3n\u201d.<\/p>\n<p align=\"center\"><img loading=\"lazy\" decoding=\"async\" class=\"alignnone size-full wp-image-2179\" title=\"4. STEPIENYBARNO AVNAU  JAVIER TORRENS\" src=\"https:\/\/stepienybarno.es\/blog\/wp-content\/uploads\/2010\/11\/4.-STEPIENYBARNO-AVNAU-JAVIER-TORRENS-.jpg\" alt=\"4. STEPIENYBARNO AVNAU  JAVIER TORRENS\" width=\"350\" height=\"555\" srcset=\"https:\/\/stepienybarno.es\/blog\/wp-content\/uploads\/2010\/11\/4.-STEPIENYBARNO-AVNAU-JAVIER-TORRENS-.jpg 350w, https:\/\/stepienybarno.es\/blog\/wp-content\/uploads\/2010\/11\/4.-STEPIENYBARNO-AVNAU-JAVIER-TORRENS--114x180.jpg 114w, https:\/\/stepienybarno.es\/blog\/wp-content\/uploads\/2010\/11\/4.-STEPIENYBARNO-AVNAU-JAVIER-TORRENS--347x550.jpg 347w, https:\/\/stepienybarno.es\/blog\/wp-content\/uploads\/2010\/11\/4.-STEPIENYBARNO-AVNAU-JAVIER-TORRENS--252x400.jpg 252w\" sizes=\"(max-width: 350px) 100vw, 350px\" \/><\/p>\n<p align=\"center\"><span style=\"color: #888888;\">JAVIER TORRENS<\/span><\/p>\n<p align=\"center\">\u00a0<\/p>\n<p>Tampoco los ponentes <strong>estaban por la labor de aplaudir la gentrifiaci\u00f3n y \u00a0zonificaci\u00f3n <\/strong>por la que, hasta d\u00eda de hoy, han apostado muchos crecimientos urbanos. No sabemos si por casualidad, pero fueron varias las charlas que mostraron su disconformidad con la Ciudad de Telefononica. En palabras de L\u00d3PEZ DE LUCIO, esta operaci\u00f3n de abandonar los solares del centro, para ser vendidos para viviendas de lujo, \u201c<strong>resta complejidad a la ciudad,<\/strong> crea mundos ensimismados, pero queda muy bien (con tono ironico) ya se viste con un proyecto de paisajismo del estudio West 8, y termina saliendo en todas las revistas\u201d. Una cr\u00edtica no muy diferente lanz\u00f3 el arquitecto, concejal y presidente de la Mancomunidad de Pamplona, <strong>JAVIER TORRENS contra <a href=\"http:\/\/www.nasursa.es\/es\/Suelo\/indexProyectos.asp?idp=2\">la ecociudad de Sarriguren<\/a>, cuando destac\u00f3 los grandes problemas de comunicaci\u00f3n que tenia.<\/strong> Cierto es, que el hecho de crear una ciudad nueva, aislada totalmente, no deja de ser un gran desarrollo que por mucho que se vista de ecol\u00f3gico, \u201cdif\u00edcilmente\u201d se puede considerar un ejemplo de sostenibilidad, ya que ha terminado siendo \u201cm\u00e1s una pretensi\u00f3n que una realidad\u201d.<\/p>\n<p align=\"center\"><img loading=\"lazy\" decoding=\"async\" class=\"alignnone size-full wp-image-2180\" title=\"5. STEPIENYBARNO AVNAUAMARANTE BARAMBIO Y ULA IRURETAGOIENA\" src=\"https:\/\/stepienybarno.es\/blog\/wp-content\/uploads\/2010\/11\/5.-STEPIENYBARNO-AVNAUAMARANTE-BARAMBIO-Y-ULA-IRURETAGOIENA-.jpg\" alt=\"5. STEPIENYBARNO AVNAUAMARANTE BARAMBIO Y ULA IRURETAGOIENA\" width=\"500\" height=\"286\" srcset=\"https:\/\/stepienybarno.es\/blog\/wp-content\/uploads\/2010\/11\/5.-STEPIENYBARNO-AVNAUAMARANTE-BARAMBIO-Y-ULA-IRURETAGOIENA-.jpg 500w, https:\/\/stepienybarno.es\/blog\/wp-content\/uploads\/2010\/11\/5.-STEPIENYBARNO-AVNAUAMARANTE-BARAMBIO-Y-ULA-IRURETAGOIENA--180x103.jpg 180w, https:\/\/stepienybarno.es\/blog\/wp-content\/uploads\/2010\/11\/5.-STEPIENYBARNO-AVNAUAMARANTE-BARAMBIO-Y-ULA-IRURETAGOIENA--316x181.jpg 316w\" sizes=\"(max-width: 500px) 100vw, 500px\" \/><\/p>\n<p align=\"center\"><span style=\"color: #888888;\">AMARANTE BARAMBIO Y ULA IRURETAGOIENA (ORGANIZACI\u00d3N)<\/span><\/p>\n<p>\u00a0<\/p>\n<p>El concepto de <strong>sostenibilidad<\/strong> fue apareciendo de manera m\u00e1s o menos intermitente durante las jornadas. Quiz\u00e1s, quien de manera m\u00e1s completa lo integr\u00f3 en su discurso fue SAVADOR RUEDA, mientras que en otras ponencias surgi\u00f3 <strong>el debate entre una sostenibilidad que \u201clo media casi todo\u201d y otra sostenibildad \u201cm\u00e1s intuitiva\u201d.<\/strong><\/p>\n<p>En esta misma l\u00ednea, destacamos la intervenci\u00f3n del arquitecto <strong>AMARANTE BARAMBIO<\/strong>, que desde <strong>el <a href=\"http:\/\/sinergiasostenible.org\/?p=290\">instituto Passivhaus<\/a><\/strong>, nos ense\u00f1\u00f3 como se pod\u00edan hacer <strong>edificios que pr\u00e1cticamente no consumen energ\u00eda <\/strong>gracias a t\u00e9cnicas de bioclim\u00e1tica, sistemas pasivos y activos, as\u00ed como al uso de potentes capas de aislamiento t\u00e9rmico (reduciendo al m\u00e1ximo las filtraciones de aire). En el lado menos num\u00e9rico, destacar\u00edamos la intervenci\u00f3n de <strong><a href=\"http:\/\/www.izaskunchinchilla.es\/\">IZASKUN CHINCHILLA<\/a>,<\/strong> que nos mostr\u00f3 una propuesta que hab\u00eda desarrollado para Huerta de Murcia, y en la que apostaba por \u201c<strong>intensificar el funcionamiento l\u00f3gico de los h\u00e1bitos sociales<\/strong>, intentando consumir la menos cantidad posible de recursos\u201d aunque como le indic\u00f3, el mismo, BARAMBIO, pudiera quedar m\u00e1s clara su propuesta si se pusiera en evidencia una visi\u00f3n m\u00e1s cient\u00edfica de la misma. \u00a0En su presentaci\u00f3n, la arquitecta madrile\u00f1a, nos mostr\u00f3 un \u00a0atractivo video que \u00a0daba una idea de c\u00f3mo entend\u00eda que se pod\u00eda preservar el car\u00e1cter de las huertas, su identidad y tradiciones sin tener que seguir construyendo de manera ilegal.<\/p>\n<p>Al final, en el debate que se form\u00f3 entre ambos ponentes, qued\u00f3 claro que sus posiciones no estaban tan lejanas como parec\u00eda y abogaron por una investigaci\u00f3n que respaldase la intuici\u00f3n y una intuici\u00f3n que provocase la investigaci\u00f3n.<\/p>\n<p align=\"center\"><img loading=\"lazy\" decoding=\"async\" class=\"alignnone size-full wp-image-2181\" title=\"6. STEPIENYBARNO AVNAU IZASKUN CHINCHILLA\" src=\"https:\/\/stepienybarno.es\/blog\/wp-content\/uploads\/2010\/11\/6.-STEPIENYBARNO-AVNAU-IZASKUN-CHINCHILLA-.jpg\" alt=\"6. STEPIENYBARNO AVNAU IZASKUN CHINCHILLA\" width=\"500\" height=\"326\" srcset=\"https:\/\/stepienybarno.es\/blog\/wp-content\/uploads\/2010\/11\/6.-STEPIENYBARNO-AVNAU-IZASKUN-CHINCHILLA-.jpg 500w, https:\/\/stepienybarno.es\/blog\/wp-content\/uploads\/2010\/11\/6.-STEPIENYBARNO-AVNAU-IZASKUN-CHINCHILLA--180x117.jpg 180w, https:\/\/stepienybarno.es\/blog\/wp-content\/uploads\/2010\/11\/6.-STEPIENYBARNO-AVNAU-IZASKUN-CHINCHILLA--316x206.jpg 316w\" sizes=\"(max-width: 500px) 100vw, 500px\" \/><\/p>\n<p align=\"center\"><a href=\"http:\/\/www.izaskunchinchilla.es\/\"><span style=\"color: #888888;\">IZASKUN CHINCHILLA<\/span><\/a><\/p>\n<p align=\"center\">\u00a0<\/p>\n<p>Llegado este punto, nos gustar\u00eda destacar la visi\u00f3n de varios ponentes sobre otros <strong>frentes menos \u201ctangibles\u201d<\/strong>. La presentaci\u00f3n de <strong>MANUEL SARAVIA, <\/strong>con un marcado cariz pol\u00edtico<strong>,<\/strong> apostaba por un urbanismo que tenga en cuenta aquella parte de la sociedad formada por las minor\u00edas\u00a0 y que, en su opini\u00f3n, muchas veces no se respetan sus derechos. Tambi\u00e9n en el discurso de CARLOS ARROYO, se puso de manifiesto su inter\u00e9s por el \u201curbanismo invisible\u201d o por los sectores de poblaci\u00f3n menos reconocidos, a los que \u00e9l daba cabida desde sus propuestas flexibles, sin olvidarse, que \u201c<strong>los sue\u00f1os y los deseos construyen la arquitectura<\/strong>\u201d.<\/p>\n<p>A su vez <strong>JOS\u00c9 MARIA EZQUIAGA, <\/strong>comenzaba su exposici\u00f3n acord\u00e1ndose de esos muros \u201cvisibles e invisibles\u201d que separan en muchos pedazos nuestras ciudades. Como bien remarc\u00f3, mostrando im\u00e1genes de fabelas, \u201cson muros que provocan un encierro para los pobres y una protecci\u00f3n para los ricos\u201d. Por ello, han de derribarse para <strong>provocar la \u201ccohesi\u00f3n y mestizaje social,<\/strong> <strong>en pos de una nueva cultura ciudadana donde prevalezca en verdadero inter\u00e9s social\u201d.<\/strong> Hay que luchar por \u201cconvertir esta diversidad en un activo que se asuma por los habitantes\u201d. Para terminar nos record\u00f3 la importancia del \u201cproyecto como representaci\u00f3n de la idea de ciudad\u201d<\/p>\n<p align=\"center\"><img loading=\"lazy\" decoding=\"async\" class=\"alignnone size-full wp-image-2182\" title=\"7. STEPIENYBARNO AVNAU EZQUIAGA paraisopolis\" src=\"https:\/\/stepienybarno.es\/blog\/wp-content\/uploads\/2010\/11\/7.-STEPIENYBARNO-AVNAU-EZQUIAGA-paraisopolis.jpg\" alt=\"7. STEPIENYBARNO AVNAU EZQUIAGA paraisopolis\" width=\"800\" height=\"536\" srcset=\"https:\/\/stepienybarno.es\/blog\/wp-content\/uploads\/2010\/11\/7.-STEPIENYBARNO-AVNAU-EZQUIAGA-paraisopolis.jpg 800w, https:\/\/stepienybarno.es\/blog\/wp-content\/uploads\/2010\/11\/7.-STEPIENYBARNO-AVNAU-EZQUIAGA-paraisopolis-180x121.jpg 180w, https:\/\/stepienybarno.es\/blog\/wp-content\/uploads\/2010\/11\/7.-STEPIENYBARNO-AVNAU-EZQUIAGA-paraisopolis-550x369.jpg 550w, https:\/\/stepienybarno.es\/blog\/wp-content\/uploads\/2010\/11\/7.-STEPIENYBARNO-AVNAU-EZQUIAGA-paraisopolis-316x212.jpg 316w\" sizes=\"(max-width: 800px) 100vw, 800px\" \/><\/p>\n<p align=\"center\"><span style=\"color: #888888;\">Un <em>condom\u00ednio fechado<\/em> junto a la favela de Paraisopolis en la ciudad de SaoPaulo, Brasil.<\/span><\/p>\n<p align=\"center\"><span style=\"color: #888888;\">Imagen tomada del blog Islas y territorio.<\/span><\/p>\n<p>\u00a0<\/p>\n<p>Otro de los temas que apareci\u00f3 de diversas ponencias, como en la de <strong>ANDREAS HOFER<\/strong>, es la importancia de entender las arquitectura como algo vivo, en la que <strong>ya no vale la actitud de proyectar, publicarla y olvidarse del tema, sino que<\/strong> <strong>se reclama la arquitectura como un proceso<\/strong> \u201cen el que debemos probar y comprobar nuestras intervenciones\u201d.<\/p>\n<p>Por ello, tambi\u00e9n, IZASKUN CHINCHILLA, reclamaba \u201cuna arquitectura que no nazca para ser fotografiada (por supuesto, sin gente), sino una arquitectura al servicio del usuario\u201d, <strong>donde no se sigua dejando la firma de autor, \u201cpara borrar las huellas de los habitantes\u201d.<\/strong> A su vez, abog\u00f3 por la investigaci\u00f3n y record\u00f3 que \u201cse tiende a jerarquizar la realidad a favor de la utop\u00eda, cuando esta supuesta realidad esconde numerosas partes oscuras que nos negamos a tener en cuenta\u201d.<\/p>\n<p align=\"center\"><img loading=\"lazy\" decoding=\"async\" class=\"alignnone size-full wp-image-2183\" title=\"8. STEPIENYBARNO AVNAU ANDREAS HOFER\" src=\"https:\/\/stepienybarno.es\/blog\/wp-content\/uploads\/2010\/11\/8.-STEPIENYBARNO-AVNAU-ANDREAS-HOFER-.jpg\" alt=\"8. STEPIENYBARNO AVNAU ANDREAS HOFER\" width=\"500\" height=\"500\" srcset=\"https:\/\/stepienybarno.es\/blog\/wp-content\/uploads\/2010\/11\/8.-STEPIENYBARNO-AVNAU-ANDREAS-HOFER-.jpg 500w, https:\/\/stepienybarno.es\/blog\/wp-content\/uploads\/2010\/11\/8.-STEPIENYBARNO-AVNAU-ANDREAS-HOFER--180x180.jpg 180w, https:\/\/stepienybarno.es\/blog\/wp-content\/uploads\/2010\/11\/8.-STEPIENYBARNO-AVNAU-ANDREAS-HOFER--224x224.jpg 224w, https:\/\/stepienybarno.es\/blog\/wp-content\/uploads\/2010\/11\/8.-STEPIENYBARNO-AVNAU-ANDREAS-HOFER--316x316.jpg 316w\" sizes=\"(max-width: 500px) 100vw, 500px\" \/><\/p>\n<p align=\"center\"><span style=\"color: #888888;\">ANDREAS HOFER<\/span><\/p>\n<p>\u00a0<\/p>\n<p>En esta misma l\u00ednea de pensamiento, CARLOS ARROYO nos cont\u00f3 su <a href=\"http:\/\/detectivesalvaje.wordpress.com\/2009\/08\/04\/ooostcampus-city-hall-and-civic-centre\/\">propuesta para el ayuntamiento de Oostkamp<\/a>, en la que en un solar ocupado por una antigua planta de Coca Cola era objeto de un concurso internacional, en el que su equipo apost\u00f3 por el reciclaje del edificio existente. Con su proyecto, nos anim\u00f3 a <strong>entender la sostenibilidad, desde un punto de vista m\u00e1s global, en el que se tiene en cuenta el ciclo completo de vida de los materiales y los residuos que pueden generar.<\/strong> De esta forma, ya se hab\u00eda tomado una gran decisi\u00f3n a favor de la sostenibilidad, aun antes de haber empezado el proyecto.<\/p>\n<p>A su vez, nos mostr\u00f3 otros proyectos en los que, al igual que CHINCHILLA, incidi\u00f3 en <strong>la convivencia de la investigaci\u00f3n con las propuestas \u201creales<\/strong>\u201d. Tambi\u00e9n pudimos observar c\u00f3mo en un \u201cr\u00edgido plan parcial\u201d, se pueden introducir viviendas flexibles (nos gust\u00f3 y nos hizo gracia el nombre que les deba a algunas de ellas: \u00e1ticos democr\u00e1ticos), \u00a0adaptadas a los tiempos que corren, con mezcla de usos y con una apuesta clara por la diversidad y la cohesi\u00f3n social.<\/p>\n<p align=\"center\"><img loading=\"lazy\" decoding=\"async\" class=\"alignnone size-full wp-image-2188\" title=\"9. STEPIENYBARNO AVNAU  CARLOS ARROYO EFEC\" src=\"https:\/\/stepienybarno.es\/blog\/wp-content\/uploads\/2010\/11\/9.-STEPIENYBARNO-AVNAU-CARLOS-ARROYO-EFEC.jpg\" alt=\"9. STEPIENYBARNO AVNAU  CARLOS ARROYO EFEC\" width=\"500\" height=\"500\" srcset=\"https:\/\/stepienybarno.es\/blog\/wp-content\/uploads\/2010\/11\/9.-STEPIENYBARNO-AVNAU-CARLOS-ARROYO-EFEC.jpg 500w, https:\/\/stepienybarno.es\/blog\/wp-content\/uploads\/2010\/11\/9.-STEPIENYBARNO-AVNAU-CARLOS-ARROYO-EFEC-180x180.jpg 180w, https:\/\/stepienybarno.es\/blog\/wp-content\/uploads\/2010\/11\/9.-STEPIENYBARNO-AVNAU-CARLOS-ARROYO-EFEC-224x224.jpg 224w, https:\/\/stepienybarno.es\/blog\/wp-content\/uploads\/2010\/11\/9.-STEPIENYBARNO-AVNAU-CARLOS-ARROYO-EFEC-316x316.jpg 316w\" sizes=\"(max-width: 500px) 100vw, 500px\" \/><\/p>\n<p align=\"center\"><span style=\"color: #888888;\">CARLOS ARROYO<\/span><\/p>\n<p>\u00a0<\/p>\n<p>En fin, dos intensas jornadas en las que salieron muchos interesantes conceptos sobre que c\u00f3mo debieran ser nuestras ciudades. Quiz\u00e1s, por poner alg\u00fan \u201cpero\u201d a los ponentes, rescataremos algunas de las reflexiones que se hicieron desde el p\u00fablico, en las que se reclamaba un mayor an\u00e1lisis para <strong>encontrar el ansiado triunvirato: participaci\u00f3n ciudadana, t\u00e9cnicos competentes y pol\u00edticos comprometidos.<\/strong> \u00a0<\/p>\n<p>Por ello JON AGUIRRE (en representaci\u00f3n de PAISAJE\u00a0 TRANSVERSAL), en uno de los debates del segundo d\u00eda incidi\u00f3 en la idea de que \u201cm\u00e1s que de ciudades del ma\u00f1ana, se estaba hablando de ciudades del presente\u201d, y que se echaba en falta que aparecieran con m\u00e1s rotundidad temas como <strong>\u201cla participaci\u00f3n ciudadana, estrategias de regeneraci\u00f3n, transparencia en los procesos o c\u00f3mo se insertan equipos multidisciplines en el nuevo urbanismo de hoy d\u00eda<\/strong>\u201d. Tambi\u00e9n otros espectadores animaron a los ponentes a tocar temas como \u201cqu\u00e9 papel juegan la <strong>identidad o la memoria<\/strong> en esta ciudad del ma\u00f1ana\u201d o \u00a0si se pudiera debatir en \u201cqu\u00e9 manera afectan las nuevas tecnolog\u00edas, Internet y, sobre todo, las <strong>redes sociales<\/strong>, sobre el tema central de las jornadas\u201d. Las sugerencias, no fueron acogidas, tirando balones fuera por parte de los ponentes.<\/p>\n<p>\u00a0<\/p>\n<p>Como \u00faltima reflexi\u00f3n, nos quedamos con la idea que se puso encima de la mesa desde el p\u00fablico, sobre debatir y analizar <strong>c\u00f3mo deben ser los crecimientos de los pueblos y ciudades de escala media<\/strong>, pues es algo que en general se pasa por alto, centr\u00e1ndose siempre el estudio de las grandes urbes. Nosotros, desde <a href=\"http:\/\/www.facebook.com\/pages\/BLOG-DE-STEPIENYBARNO\/78001079029\">Stepienybarno<\/a>, secundamos esta propuesta, pues por mucho que lo intentamos, nos cuesta encontrar buenos ejemplos de este tipo de crecimientos.<\/p>\n<p>Y para terminar la cr\u00f3nica, rescatamos las palabras de CARLOS ARROYO, <strong>\u201cno tenemos que cambiar el mundo, pero porque \u00a1ya ha cambiado! tenemos que hacer una nueva arquitectura para esa nueva sociedad\u201d<\/strong><\/p>\n<p>\u00a0<\/p>\n<p>Autores de la cr\u00f3nica: <a href=\"http:\/\/www.facebook.com\/col.prudant#!\/StepienybarnoCANAL\">Stepienybarno<\/a><\/p>\n<p>Fotograf\u00edas del congreso: <a href=\"http:\/\/www.facebook.com\/col.prudant#!\/StepienybarnoCANAL\">Stepienybarno<\/a><\/p>\n<p>\u00a0<\/p>\n<p><span style=\"color: #888888;\">* Este art\u00edculo ha sido escrito con car\u00e1cter divulgativo y sin ning\u00fan tipo de \u00e1nimo de lucro. As\u00ed que si te apetece compartirlo en cualquier otro medio, estaremos encantados de que lo hagas siempre y cuando cites el lugar donde lo has encontrado.<\/span><\/p>\n<p><span style=\"color: #888888;\">\u00a0<\/span><\/p>\n<p><span style=\"color: #888888;\">*Stepienybarno est\u00e1 formado por Agnieszka Stepien y Lorenzo Barn\u00f3. Nuestra actividad se sustenta en tres pilares b\u00e1sicos: la investigaci\u00f3n, la publicaci\u00f3n y la redacci\u00f3n de proyectos de arquitectura.<\/span><\/p>\n<p><span style=\"color: #888888;\">A su vez, somos socios cofundadores de <\/span><a href=\"http:\/\/sinergiasostenible.org\/\"><span style=\"color: #888888;\">SINERGIA SOSTENIBLE<\/span><\/a><span style=\"color: #888888;\"> y redactores de <\/span><a href=\"http:\/\/www.laciudadviva.org\/blogs\/?author=45\"><span style=\"color: #888888;\">LA CIUDAD VIVA<\/span><\/a><span style=\"color: #888888;\">.<\/span><\/p>\n<p><span style=\"color: #888888;\">\u00a0<\/span><\/p>\n","protected":false},"excerpt":{"rendered":"\n<p>Durante el jueves y viernes de la semana pasada, se celebraron en Bilbao las jornadas organizadas por la Agrupaci\u00f3n Vasco-Navarra Arquitectos Urbanistas (A.V.N.A.U), bajo el sugerente t\u00edtulo \u201cimaginando la ciudad del ma\u00f1ana. El lugar escogido para la celebraci\u00f3n fue la sede del Colegio de Arquitectos de Bilbao y all\u00ed se reuni\u00f3 gente de mucho peso, intentando buscar las claves sobre esa so\u00f1ada ciudad del futuro.<\/p>\n","protected":false},"author":2,"featured_media":0,"comment_status":"open","ping_status":"closed","sticky":false,"template":"","format":"standard","meta":{"om_disable_all_campaigns":false,"_monsterinsights_skip_tracking":false,"_monsterinsights_sitenote_active":false,"_monsterinsights_sitenote_note":"","_monsterinsights_sitenote_category":0,"_uf_show_specific_survey":0,"_uf_disable_surveys":false,"episode_type":"","audio_file":"","cover_image":"","cover_image_id":"","duration":"","filesize":"","date_recorded":"","explicit":"","block":"","filesize_raw":"","footnotes":""},"categories":[34,4,20],"tags":[235,241,202,234,227,238,237,231,242,240,228,232,239,243,230,229,233,236],"series":[],"class_list":["post-2173","post","type-post","status-publish","format-standard","hentry","category-actualidad","category-arquilectura","category-reportajes-arquitectura","tag-amarante-barambio","tag-andreas-hofer","tag-carlos-arroyo","tag-ecociudad","tag-imaginando-la-ciudad-del-manana","tag-instituto-passivhaus","tag-izaskun-chinchilla","tag-javier-torrens","tag-jon-aguirre","tag-jose-maria-ezquiaga","tag-lopez-de-lucio","tag-mancomunidad-de-pamplona","tag-manuel-saravia","tag-paisaje-transversal","tag-pilar-vega","tag-salvador-rueda","tag-sarriguren","tag-ula-iruretagoiena"],"aioseo_notices":[],"episode_featured_image":false,"episode_player_image":"https:\/\/stepienybarno.es\/blog\/wp-content\/uploads\/2020\/11\/stepienybarno-podcast-scaled.jpg","download_link":"","player_link":"","audio_player":false,"episode_data":{"playerMode":"dark","subscribeUrls":[],"rssFeedUrl":"https:\/\/stepienybarno.es\/blog\/feed\/podcast\/podcast-de-stepienybarno","embedCode":"<blockquote class=\"wp-embedded-content\" data-secret=\"sPWagRJF6N\"><a href=\"https:\/\/stepienybarno.es\/blog\/2010\/11\/07\/imaginando-la-ciudad-del-manana\/\">IMAGINANDO LA CIUDAD DEL MA\u00d1ANA<\/a><\/blockquote><iframe sandbox=\"allow-scripts\" security=\"restricted\" src=\"https:\/\/stepienybarno.es\/blog\/2010\/11\/07\/imaginando-la-ciudad-del-manana\/embed\/#?secret=sPWagRJF6N\" width=\"500\" height=\"350\" title=\"\u00abIMAGINANDO LA CIUDAD DEL MA\u00d1ANA\u00bb \u2014 Blog de STEPIEN Y BARNO - publicaci\u00f3n digital sobre arquitectura\" data-secret=\"sPWagRJF6N\" frameborder=\"0\" marginwidth=\"0\" marginheight=\"0\" scrolling=\"no\" class=\"wp-embedded-content\"><\/iframe><script type=\"text\/javascript\">\n\/* <![CDATA[ *\/\n\/*! This file is auto-generated *\/\n!function(d,l){\"use strict\";l.querySelector&&d.addEventListener&&\"undefined\"!=typeof URL&&(d.wp=d.wp||{},d.wp.receiveEmbedMessage||(d.wp.receiveEmbedMessage=function(e){var t=e.data;if((t||t.secret||t.message||t.value)&&!\/[^a-zA-Z0-9]\/.test(t.secret)){for(var s,r,n,a=l.querySelectorAll('iframe[data-secret=\"'+t.secret+'\"]'),o=l.querySelectorAll('blockquote[data-secret=\"'+t.secret+'\"]'),c=new RegExp(\"^https?:$\",\"i\"),i=0;i<o.length;i++)o[i].style.display=\"none\";for(i=0;i<a.length;i++)s=a[i],e.source===s.contentWindow&&(s.removeAttribute(\"style\"),\"height\"===t.message?(1e3<(r=parseInt(t.value,10))?r=1e3:~~r<200&&(r=200),s.height=r):\"link\"===t.message&&(r=new URL(s.getAttribute(\"src\")),n=new URL(t.value),c.test(n.protocol))&&n.host===r.host&&l.activeElement===s&&(d.top.location.href=t.value))}},d.addEventListener(\"message\",d.wp.receiveEmbedMessage,!1),l.addEventListener(\"DOMContentLoaded\",function(){for(var e,t,s=l.querySelectorAll(\"iframe.wp-embedded-content\"),r=0;r<s.length;r++)(t=(e=s[r]).getAttribute(\"data-secret\"))||(t=Math.random().toString(36).substring(2,12),e.src+=\"#?secret=\"+t,e.setAttribute(\"data-secret\",t)),e.contentWindow.postMessage({message:\"ready\",secret:t},\"*\")},!1)))}(window,document);\n\/* ]]> *\/\n<\/script>\n"},"_links":{"self":[{"href":"https:\/\/stepienybarno.es\/blog\/wp-json\/wp\/v2\/posts\/2173"}],"collection":[{"href":"https:\/\/stepienybarno.es\/blog\/wp-json\/wp\/v2\/posts"}],"about":[{"href":"https:\/\/stepienybarno.es\/blog\/wp-json\/wp\/v2\/types\/post"}],"author":[{"embeddable":true,"href":"https:\/\/stepienybarno.es\/blog\/wp-json\/wp\/v2\/users\/2"}],"replies":[{"embeddable":true,"href":"https:\/\/stepienybarno.es\/blog\/wp-json\/wp\/v2\/comments?post=2173"}],"version-history":[{"count":7,"href":"https:\/\/stepienybarno.es\/blog\/wp-json\/wp\/v2\/posts\/2173\/revisions"}],"predecessor-version":[{"id":2186,"href":"https:\/\/stepienybarno.es\/blog\/wp-json\/wp\/v2\/posts\/2173\/revisions\/2186"}],"wp:attachment":[{"href":"https:\/\/stepienybarno.es\/blog\/wp-json\/wp\/v2\/media?parent=2173"}],"wp:term":[{"taxonomy":"category","embeddable":true,"href":"https:\/\/stepienybarno.es\/blog\/wp-json\/wp\/v2\/categories?post=2173"},{"taxonomy":"post_tag","embeddable":true,"href":"https:\/\/stepienybarno.es\/blog\/wp-json\/wp\/v2\/tags?post=2173"},{"taxonomy":"series","embeddable":true,"href":"https:\/\/stepienybarno.es\/blog\/wp-json\/wp\/v2\/series?post=2173"}],"curies":[{"name":"wp","href":"https:\/\/api.w.org\/{rel}","templated":true}]}}