{"id":21776,"date":"2016-04-11T19:21:13","date_gmt":"2016-04-11T17:21:13","guid":{"rendered":"https:\/\/www.stepienybarno.es\/blog\/?p=21776"},"modified":"2016-04-10T22:23:47","modified_gmt":"2016-04-10T20:23:47","slug":"bajar-la-mirada","status":"publish","type":"post","link":"https:\/\/stepienybarno.es\/blog\/2016\/04\/11\/bajar-la-mirada\/","title":{"rendered":"BAJAR LA MIRADA"},"content":{"rendered":"<p style=\"text-align: center;\"><img loading=\"lazy\" decoding=\"async\" class=\"alignnone size-full wp-image-21777\" title=\"stepienybarno-blog-stepien-y-barno-vaumm-\" src=\"https:\/\/stepienybarno.es\/blog\/wp-content\/uploads\/2016\/04\/stepienybarno-blog-stepien-y-barno-vaumm-.jpg\" alt=\"stepienybarno-blog-stepien-y-barno-vaumm-\" width=\"500\" height=\"288\" srcset=\"https:\/\/stepienybarno.es\/blog\/wp-content\/uploads\/2016\/04\/stepienybarno-blog-stepien-y-barno-vaumm-.jpg 500w, https:\/\/stepienybarno.es\/blog\/wp-content\/uploads\/2016\/04\/stepienybarno-blog-stepien-y-barno-vaumm--180x104.jpg 180w, https:\/\/stepienybarno.es\/blog\/wp-content\/uploads\/2016\/04\/stepienybarno-blog-stepien-y-barno-vaumm--316x182.jpg 316w\" sizes=\"(max-width: 500px) 100vw, 500px\" \/><\/p>\n<p>Desde <a href=\"http:\/\/vaumm.com\/\" target=\"_blank\">Vaumm<\/a><\/p>\n<p><!--more--><\/p>\n<p>\u201cRechazar la mirada directa de los ojos puede ser s\u00edntoma de verg\u00fcenza o timidez, as\u00ed suele interpretarse cuando alguien nos baja la mirada. Pero en algunas culturas como la japonesa es s\u00edntoma de respeto. Para el arquitecto este gesto puede ser de sumisi\u00f3n. Mies baja la mirada para meterse en el espacio y as\u00ed adaptarse a la escala de la maqueta. Al bajar sus ojos, desciende el punto de vista y con \u00e9l, el horizonte igual\u00e1ndose al del lugar construido con cart\u00f3n, madera y metal del modelo tridimensional que ocupa su mesa. Se transforma as\u00ed el arquitecto en usuario, en visitante que recorre el edificio proyectado y que con su mirada adiestrada intenta confirmar las sensaciones que en sus dibujos y bocetos previos hab\u00eda intuido.(\u2026)\u201d<\/p>\n<blockquote>\n<p style=\"text-align: center;\">Accede al texto, <a href=\"http:\/\/vaumm.com\/bajar-la-mirada\/\" target=\"_blank\">AQU\u00cd<\/a><\/p>\n<\/blockquote>\n<p align=\"center\">\n<p align=\"center\">\n<p><span style=\"color: #888888;\"> <\/span><\/p>\n<p><em><span style=\"color: #888888;\">Noticia seleccionada por el Canal de arquitectura STEPIENYBARNO.<\/span><\/em><\/p>\n<p><a href=\"https:\/\/twitter.com\/stepienybarno\" target=\"_blank\"><em>STEPIENYBARNO EN TWITTER _ @stepienybarno<\/em><\/a><\/p>\n<p><a href=\"http:\/\/www.linkedin.com\/company\/stepienybarno\" target=\"_blank\"><em>STEPIENYBARNO EN LINKEDIN<\/em><\/a><\/p>\n<p><a href=\"https:\/\/www.facebook.com\/pages\/BLOG-DE-STEPIENYBARNO\/78001079029\" target=\"_blank\"><em>STEPIENYBARNO EN FACEBOOK<\/em><\/a><\/p>\n<p><em><span style=\"color: #888888;\">*Stepienybarno est\u00e1 formado por Agnieszka Stepien y Lorenzo Barn\u00f3 y desde mayo del 2009 estamos en la red con\u00a0 la presente publicaci\u00f3n digital (Blog) de arquitectura.<\/span><\/em><\/p>\n<p><em><span style=\"color: #888888;\">Nuestra actividad se sustenta en tres pilares b\u00e1sicos: la investigaci\u00f3n, la publicaci\u00f3n (comunicaci\u00f3n y difusi\u00f3n) y la redacci\u00f3n de proyectos de arquitectura.<\/span><\/em><\/p>\n<p><span style=\"color: #888888;\"><em>A su vez, somos socios cofundadores de<\/em><em> <\/em><\/span><a href=\"http:\/\/sinergiasostenible.org\/\" target=\"_blank\"><em>SINERGIA SOSTENIBLE<\/em><\/a><span style=\"color: #888888;\"><em>, redactores de<\/em><em> <\/em><\/span><a href=\"http:\/\/www.laciudadviva.org\/blogs\/?author=45\" target=\"_blank\"><em>LA CIUDAD VIVA<\/em><\/a><span style=\"color: #888888;\"><em> <\/em><em>y directores del blog de<\/em><\/span><em> <\/em><a href=\"http:\/\/blogfundacion.arquia.es\/\" target=\"_blank\"><em>FUNDACI\u00d3N ARQUIA<span style=\"color: #888888;\">.<\/span><\/em><\/a><\/p>\n<p><em><span style=\"color: #888888;\">* Los editores de esta publicaci\u00f3n digital no nos hacemos cargo de de los comentarios y\u00a0 conceptos vertidos en los textos firmados por otras personas, siendo \u00e9stos de responsabilidad exclusiva de sus autores.<\/span><\/em><\/p>\n<p><em><span style=\"color: #888888;\">* Tu comentario podr\u00e1 ser moderado, por lo tanto, aunque aparezca inmediatamente al ser publicado en la entrada, los editores de esta publicaci\u00f3n digital nos reservamos el derecho tanto de editarlo (si fuera necesario, para hacerlo m\u00e1s legible) como de eliminarlo en el caso de que se usen expresiones incorrectas (descalificaciones, palabras malsonantes\u2026). A su vez, si quieres comentar desde el anonimato puedes hacerlo, aunque, nosotros personalmente, agradecemos que tod@s nos podamos identificar.<\/span><\/em><\/p>\n","protected":false},"excerpt":{"rendered":"<p>Desde Vaumm<\/p>\n<p>(m\u00e1s&#8230;)<\/p>\n","protected":false},"author":2,"featured_media":0,"comment_status":"open","ping_status":"closed","sticky":false,"template":"","format":"standard","meta":{"om_disable_all_campaigns":false,"_monsterinsights_skip_tracking":false,"_monsterinsights_sitenote_active":false,"_monsterinsights_sitenote_note":"","_monsterinsights_sitenote_category":0,"_uf_show_specific_survey":0,"_uf_disable_surveys":false,"episode_type":"","audio_file":"","cover_image":"","cover_image_id":"","duration":"","filesize":"","date_recorded":"","explicit":"","block":"","filesize_raw":"","footnotes":""},"categories":[244],"tags":[175],"series":[],"class_list":["post-21776","post","type-post","status-publish","format-standard","hentry","category-canal-de-arquitectura","tag-vaumm"],"aioseo_notices":[],"episode_featured_image":false,"episode_player_image":"https:\/\/stepienybarno.es\/blog\/wp-content\/uploads\/2020\/11\/stepienybarno-podcast-scaled.jpg","download_link":"","player_link":"","audio_player":false,"episode_data":{"playerMode":"dark","subscribeUrls":[],"rssFeedUrl":"https:\/\/stepienybarno.es\/blog\/feed\/podcast\/podcast-de-stepienybarno","embedCode":"<blockquote class=\"wp-embedded-content\" data-secret=\"2MpRcDjdtm\"><a href=\"https:\/\/stepienybarno.es\/blog\/2016\/04\/11\/bajar-la-mirada\/\">BAJAR LA MIRADA<\/a><\/blockquote><iframe sandbox=\"allow-scripts\" security=\"restricted\" src=\"https:\/\/stepienybarno.es\/blog\/2016\/04\/11\/bajar-la-mirada\/embed\/#?secret=2MpRcDjdtm\" width=\"500\" height=\"350\" title=\"\u00abBAJAR LA MIRADA\u00bb \u2014 Blog de STEPIEN Y BARNO - publicaci\u00f3n digital sobre arquitectura\" data-secret=\"2MpRcDjdtm\" frameborder=\"0\" marginwidth=\"0\" marginheight=\"0\" scrolling=\"no\" class=\"wp-embedded-content\"><\/iframe><script type=\"text\/javascript\">\n\/* <![CDATA[ *\/\n\/*! This file is auto-generated *\/\n!function(d,l){\"use strict\";l.querySelector&&d.addEventListener&&\"undefined\"!=typeof URL&&(d.wp=d.wp||{},d.wp.receiveEmbedMessage||(d.wp.receiveEmbedMessage=function(e){var t=e.data;if((t||t.secret||t.message||t.value)&&!\/[^a-zA-Z0-9]\/.test(t.secret)){for(var s,r,n,a=l.querySelectorAll('iframe[data-secret=\"'+t.secret+'\"]'),o=l.querySelectorAll('blockquote[data-secret=\"'+t.secret+'\"]'),c=new RegExp(\"^https?:$\",\"i\"),i=0;i<o.length;i++)o[i].style.display=\"none\";for(i=0;i<a.length;i++)s=a[i],e.source===s.contentWindow&&(s.removeAttribute(\"style\"),\"height\"===t.message?(1e3<(r=parseInt(t.value,10))?r=1e3:~~r<200&&(r=200),s.height=r):\"link\"===t.message&&(r=new URL(s.getAttribute(\"src\")),n=new URL(t.value),c.test(n.protocol))&&n.host===r.host&&l.activeElement===s&&(d.top.location.href=t.value))}},d.addEventListener(\"message\",d.wp.receiveEmbedMessage,!1),l.addEventListener(\"DOMContentLoaded\",function(){for(var e,t,s=l.querySelectorAll(\"iframe.wp-embedded-content\"),r=0;r<s.length;r++)(t=(e=s[r]).getAttribute(\"data-secret\"))||(t=Math.random().toString(36).substring(2,12),e.src+=\"#?secret=\"+t,e.setAttribute(\"data-secret\",t)),e.contentWindow.postMessage({message:\"ready\",secret:t},\"*\")},!1)))}(window,document);\n\/* ]]> *\/\n<\/script>\n"},"_links":{"self":[{"href":"https:\/\/stepienybarno.es\/blog\/wp-json\/wp\/v2\/posts\/21776"}],"collection":[{"href":"https:\/\/stepienybarno.es\/blog\/wp-json\/wp\/v2\/posts"}],"about":[{"href":"https:\/\/stepienybarno.es\/blog\/wp-json\/wp\/v2\/types\/post"}],"author":[{"embeddable":true,"href":"https:\/\/stepienybarno.es\/blog\/wp-json\/wp\/v2\/users\/2"}],"replies":[{"embeddable":true,"href":"https:\/\/stepienybarno.es\/blog\/wp-json\/wp\/v2\/comments?post=21776"}],"version-history":[{"count":2,"href":"https:\/\/stepienybarno.es\/blog\/wp-json\/wp\/v2\/posts\/21776\/revisions"}],"predecessor-version":[{"id":21779,"href":"https:\/\/stepienybarno.es\/blog\/wp-json\/wp\/v2\/posts\/21776\/revisions\/21779"}],"wp:attachment":[{"href":"https:\/\/stepienybarno.es\/blog\/wp-json\/wp\/v2\/media?parent=21776"}],"wp:term":[{"taxonomy":"category","embeddable":true,"href":"https:\/\/stepienybarno.es\/blog\/wp-json\/wp\/v2\/categories?post=21776"},{"taxonomy":"post_tag","embeddable":true,"href":"https:\/\/stepienybarno.es\/blog\/wp-json\/wp\/v2\/tags?post=21776"},{"taxonomy":"series","embeddable":true,"href":"https:\/\/stepienybarno.es\/blog\/wp-json\/wp\/v2\/series?post=21776"}],"curies":[{"name":"wp","href":"https:\/\/api.w.org\/{rel}","templated":true}]}}