{"id":21933,"date":"2016-04-20T09:11:16","date_gmt":"2016-04-20T07:11:16","guid":{"rendered":"https:\/\/www.stepienybarno.es\/blog\/?p=21933"},"modified":"2016-04-19T18:35:11","modified_gmt":"2016-04-19T16:35:11","slug":"contratacion-de-un-community-manager-para-el-coam","status":"publish","type":"post","link":"https:\/\/stepienybarno.es\/blog\/2016\/04\/20\/contratacion-de-un-community-manager-para-el-coam\/","title":{"rendered":"CONTRATACI\u00d3N DE UN COMMUNITY MANAGER PARA EL COAM"},"content":{"rendered":"<p><img loading=\"lazy\" decoding=\"async\" class=\"aligncenter size-full wp-image-21934\" title=\"stepienybarno-blog-stepien-y-barno-communtiy-manager-coam\" src=\"https:\/\/stepienybarno.es\/blog\/wp-content\/uploads\/2016\/04\/stepienybarno-blog-stepien-y-barno-communtiy-manager-coam.JPG\" alt=\"stepienybarno-blog-stepien-y-barno-communtiy-manager-coam\" width=\"500\" height=\"329\" srcset=\"https:\/\/stepienybarno.es\/blog\/wp-content\/uploads\/2016\/04\/stepienybarno-blog-stepien-y-barno-communtiy-manager-coam.JPG 500w, https:\/\/stepienybarno.es\/blog\/wp-content\/uploads\/2016\/04\/stepienybarno-blog-stepien-y-barno-communtiy-manager-coam-180x118.jpg 180w, https:\/\/stepienybarno.es\/blog\/wp-content\/uploads\/2016\/04\/stepienybarno-blog-stepien-y-barno-communtiy-manager-coam-316x208.jpg 316w\" sizes=\"(max-width: 500px) 100vw, 500px\" \/><\/p>\n<p><span style=\"font-weight: normal;\">Desde <a href=\"http:\/\/www.coam.org\/\" target=\"_blank\">COAM<\/a><\/span><\/p>\n<p><!--more--><\/p>\n<address><span style=\"font-style: normal;\">\u00ab<\/span><strong>OBJETO<\/strong><\/address>\n<address><\/address>\n<address><span style=\"font-style: normal;\">El objeto del presente concurso es la Contrataci\u00f3n de un Community Manager para\u00a0el COAM, especialista en comunicaci\u00f3n en redes sociales.\u00a0El community manager formar\u00e1 parte del Gabinete de Comunicaci\u00f3n del COAM\u00a0trabajando en todo momento en colaboraci\u00f3n con el equipo y bajo la direcci\u00f3n del\u00a0Responsable del Departamento y del Director de Comunicaci\u00f3n.<\/span><\/address>\n<address><span style=\"font-style: normal;\"><br \/>\n<\/span><\/address>\n<address><strong>PARTICIPANTES<\/strong><\/address>\n<p>Podr\u00e1n concurrir al presente concurso todos los arquitectos colegiados en Madrid\u00a0en el momento de la publicaci\u00f3n de las presentes bases, que por su capacitaci\u00f3n y\/o\u00a0experiencia laboral acrediten estar en condiciones de asumir el puesto.<\/p>\n<p><strong><em>DOCUMENTACI\u00d3N A ENTREGAR POR LOS CONCURSANTES<\/em><\/strong><\/p>\n<p>Los concursantes deber\u00e1n presentar una candidatura, que se formalizar\u00e1 mediante el\u00a0aporte de la siguiente documentaci\u00f3n:<\/p>\n<p>&#8211;\u00a0<strong>P\u00e1gina de identificaci\u00f3n<\/strong>, con datos completos de contacto.<br \/>\n&#8211; Breve<strong> <\/strong><strong>curr\u00edculum vitae<\/strong>, de no m\u00e1s de cinco p\u00e1ginas A4, con contenido\u00a0exclusivamente escrito indicando, entre otros, su experiencia laboral.<br \/>\n&#8211;\u00a0<strong>Memoria de intenciones<\/strong> en la que presenten una motivaci\u00f3n de su\u00a0candidatura y un plan de trabajo.<\/p>\n<p>Toda esta documentaci\u00f3n estar\u00e1 contenida en un \u00fanico archivo pdf cuyo nombre sea:\u00a0community manager_nombre.pdf (\u2026)\u201d<\/p>\n<blockquote>\n<p style=\"text-align: center;\">Accede a la convocatoria, <a href=\"http:\/\/www.coam.org\/es\/servicios\/concursos\/concursos-ocam\/contratacion-community-manager-coam\" target=\"_blank\">AQU\u00cd<\/a><\/p>\n<\/blockquote>\n<p align=\"center\">\n<p><em><span style=\"color: #888888;\">Noticia seleccionada por el Canal de arquitectura STEPIENYBARNO.<\/span><\/em><\/p>\n<p><a href=\"https:\/\/twitter.com\/stepienybarno\" target=\"_blank\"><em>STEPIENYBARNO EN TWITTER _ @stepienybarno<\/em><\/a><\/p>\n<p><a href=\"http:\/\/www.linkedin.com\/company\/stepienybarno\" target=\"_blank\"><em>STEPIENYBARNO EN LINKEDIN<\/em><\/a><\/p>\n<p><a href=\"https:\/\/www.facebook.com\/pages\/BLOG-DE-STEPIENYBARNO\/78001079029\" target=\"_blank\"><em>STEPIENYBARNO EN FACEBOOK<\/em><\/a><\/p>\n<p><em><span style=\"color: #888888;\">*Stepienybarno est\u00e1 formado por Agnieszka Stepien y Lorenzo Barn\u00f3 y desde mayo del 2009 estamos en la red con\u00a0 la presente publicaci\u00f3n digital (Blog) de arquitectura.<\/span><\/em><\/p>\n<p><em><span style=\"color: #888888;\">Nuestra actividad se sustenta en tres pilares b\u00e1sicos: la investigaci\u00f3n, la publicaci\u00f3n (comunicaci\u00f3n y difusi\u00f3n) y la redacci\u00f3n de proyectos de arquitectura.<\/span><\/em><\/p>\n<p><em><span style=\"color: #888888;\">A su vez, somos socios cofundadores de<\/span><\/em><em> <\/em><a href=\"http:\/\/sinergiasostenible.org\/\" target=\"_blank\"><em>SINERGIA SOSTENIBLE<\/em><\/a><em><span style=\"color: #888888;\">, redactores de<\/span><\/em><em> <\/em><a href=\"http:\/\/www.laciudadviva.org\/blogs\/?author=45\" target=\"_blank\"><em>LA CIUDAD VIVA<\/em><\/a><span style=\"color: #888888;\"><em> <\/em><em>y directores del blog de<\/em><\/span><em> <\/em><a href=\"http:\/\/blogfundacion.arquia.es\/\" target=\"_blank\"><em>FUNDACI\u00d3N ARQUIA<span style=\"color: #888888;\">.<\/span><\/em><\/a><\/p>\n<p><em><span style=\"color: #888888;\">* Los editores de esta publicaci\u00f3n digital no nos hacemos cargo de de los comentarios y\u00a0 conceptos vertidos en los textos firmados por otras personas, siendo \u00e9stos de responsabilidad exclusiva de sus autores.<\/span><\/em><\/p>\n<p><em><span style=\"color: #888888;\">* Tu comentario podr\u00e1 ser moderado, por lo tanto, aunque aparezca inmediatamente al ser publicado en la entrada, los editores de esta publicaci\u00f3n digital nos reservamos el derecho tanto de editarlo (si fuera necesario, para hacerlo m\u00e1s legible) como de eliminarlo en el caso de que se usen expresiones incorrectas (descalificaciones, palabras malsonantes\u2026). A su vez, si quieres comentar desde el anonimato puedes hacerlo, aunque, nosotros personalmente, agradecemos que tod@s nos podamos identificar.<\/span><\/em><\/p>\n","protected":false},"excerpt":{"rendered":"<p>Desde COAM<\/p>\n<p>(m\u00e1s&#8230;)<\/p>\n","protected":false},"author":2,"featured_media":0,"comment_status":"open","ping_status":"closed","sticky":false,"template":"","format":"standard","meta":{"om_disable_all_campaigns":false,"_monsterinsights_skip_tracking":false,"_monsterinsights_sitenote_active":false,"_monsterinsights_sitenote_note":"","_monsterinsights_sitenote_category":0,"_uf_show_specific_survey":0,"_uf_disable_surveys":false,"episode_type":"","audio_file":"","cover_image":"","cover_image_id":"","duration":"","filesize":"","date_recorded":"","explicit":"","block":"","filesize_raw":"","footnotes":""},"categories":[244],"tags":[874,142],"series":[],"class_list":["post-21933","post","type-post","status-publish","format-standard","hentry","category-canal-de-arquitectura","tag-coam","tag-concurso"],"aioseo_notices":[],"episode_featured_image":false,"episode_player_image":"https:\/\/stepienybarno.es\/blog\/wp-content\/uploads\/2020\/11\/stepienybarno-podcast-scaled.jpg","download_link":"","player_link":"","audio_player":false,"episode_data":{"playerMode":"dark","subscribeUrls":[],"rssFeedUrl":"https:\/\/stepienybarno.es\/blog\/feed\/podcast\/podcast-de-stepienybarno","embedCode":"<blockquote class=\"wp-embedded-content\" data-secret=\"FRTW1SFezb\"><a href=\"https:\/\/stepienybarno.es\/blog\/2016\/04\/20\/contratacion-de-un-community-manager-para-el-coam\/\">CONTRATACI\u00d3N DE UN COMMUNITY MANAGER PARA EL COAM<\/a><\/blockquote><iframe sandbox=\"allow-scripts\" security=\"restricted\" src=\"https:\/\/stepienybarno.es\/blog\/2016\/04\/20\/contratacion-de-un-community-manager-para-el-coam\/embed\/#?secret=FRTW1SFezb\" width=\"500\" height=\"350\" title=\"\u00abCONTRATACI\u00d3N DE UN COMMUNITY MANAGER PARA EL COAM\u00bb \u2014 Blog de STEPIEN Y BARNO - publicaci\u00f3n digital sobre arquitectura\" data-secret=\"FRTW1SFezb\" frameborder=\"0\" marginwidth=\"0\" marginheight=\"0\" scrolling=\"no\" class=\"wp-embedded-content\"><\/iframe><script type=\"text\/javascript\">\n\/* <![CDATA[ *\/\n\/*! This file is auto-generated *\/\n!function(d,l){\"use strict\";l.querySelector&&d.addEventListener&&\"undefined\"!=typeof URL&&(d.wp=d.wp||{},d.wp.receiveEmbedMessage||(d.wp.receiveEmbedMessage=function(e){var t=e.data;if((t||t.secret||t.message||t.value)&&!\/[^a-zA-Z0-9]\/.test(t.secret)){for(var s,r,n,a=l.querySelectorAll('iframe[data-secret=\"'+t.secret+'\"]'),o=l.querySelectorAll('blockquote[data-secret=\"'+t.secret+'\"]'),c=new RegExp(\"^https?:$\",\"i\"),i=0;i<o.length;i++)o[i].style.display=\"none\";for(i=0;i<a.length;i++)s=a[i],e.source===s.contentWindow&&(s.removeAttribute(\"style\"),\"height\"===t.message?(1e3<(r=parseInt(t.value,10))?r=1e3:~~r<200&&(r=200),s.height=r):\"link\"===t.message&&(r=new URL(s.getAttribute(\"src\")),n=new URL(t.value),c.test(n.protocol))&&n.host===r.host&&l.activeElement===s&&(d.top.location.href=t.value))}},d.addEventListener(\"message\",d.wp.receiveEmbedMessage,!1),l.addEventListener(\"DOMContentLoaded\",function(){for(var e,t,s=l.querySelectorAll(\"iframe.wp-embedded-content\"),r=0;r<s.length;r++)(t=(e=s[r]).getAttribute(\"data-secret\"))||(t=Math.random().toString(36).substring(2,12),e.src+=\"#?secret=\"+t,e.setAttribute(\"data-secret\",t)),e.contentWindow.postMessage({message:\"ready\",secret:t},\"*\")},!1)))}(window,document);\n\/* ]]> *\/\n<\/script>\n"},"_links":{"self":[{"href":"https:\/\/stepienybarno.es\/blog\/wp-json\/wp\/v2\/posts\/21933"}],"collection":[{"href":"https:\/\/stepienybarno.es\/blog\/wp-json\/wp\/v2\/posts"}],"about":[{"href":"https:\/\/stepienybarno.es\/blog\/wp-json\/wp\/v2\/types\/post"}],"author":[{"embeddable":true,"href":"https:\/\/stepienybarno.es\/blog\/wp-json\/wp\/v2\/users\/2"}],"replies":[{"embeddable":true,"href":"https:\/\/stepienybarno.es\/blog\/wp-json\/wp\/v2\/comments?post=21933"}],"version-history":[{"count":2,"href":"https:\/\/stepienybarno.es\/blog\/wp-json\/wp\/v2\/posts\/21933\/revisions"}],"predecessor-version":[{"id":21936,"href":"https:\/\/stepienybarno.es\/blog\/wp-json\/wp\/v2\/posts\/21933\/revisions\/21936"}],"wp:attachment":[{"href":"https:\/\/stepienybarno.es\/blog\/wp-json\/wp\/v2\/media?parent=21933"}],"wp:term":[{"taxonomy":"category","embeddable":true,"href":"https:\/\/stepienybarno.es\/blog\/wp-json\/wp\/v2\/categories?post=21933"},{"taxonomy":"post_tag","embeddable":true,"href":"https:\/\/stepienybarno.es\/blog\/wp-json\/wp\/v2\/tags?post=21933"},{"taxonomy":"series","embeddable":true,"href":"https:\/\/stepienybarno.es\/blog\/wp-json\/wp\/v2\/series?post=21933"}],"curies":[{"name":"wp","href":"https:\/\/api.w.org\/{rel}","templated":true}]}}