{"id":21985,"date":"2016-04-21T19:31:36","date_gmt":"2016-04-21T17:31:36","guid":{"rendered":"https:\/\/www.stepienybarno.es\/blog\/?p=21985"},"modified":"2016-04-21T09:16:08","modified_gmt":"2016-04-21T07:16:08","slug":"cuestionando-con-arquibloggers-santidemolina-de-multiples-estrategias-de-arquitectura","status":"publish","type":"post","link":"https:\/\/stepienybarno.es\/blog\/2016\/04\/21\/cuestionando-con-arquibloggers-santidemolina-de-multiples-estrategias-de-arquitectura\/","title":{"rendered":"CUESTIONANDO CON #Arquibloggers : @santidemolina DE M\u00daLTIPLES ESTRATEGIAS DE ARQUITECTURA"},"content":{"rendered":"<p><img loading=\"lazy\" decoding=\"async\" class=\"aligncenter size-full wp-image-21986\" title=\"stepienybarno-blog-stepien-y-barno-dario-nu\u00f1ez-santiago-de-molina-sf23-arquitectos-multiples-estrategias-de-arquitectura\" src=\"https:\/\/stepienybarno.es\/blog\/wp-content\/uploads\/2016\/04\/stepienybarno-blog-stepien-y-barno-dario-nu\u00f1ez-santiago-de-molina-sf23-arquitectos-multiples-estrategias-de-arquitectura.JPG\" alt=\"stepienybarno-blog-stepien-y-barno-dario-nu\u00f1ez-santiago-de-molina-sf23-arquitectos-multiples-estrategias-de-arquitectura\" width=\"500\" height=\"216\" srcset=\"https:\/\/stepienybarno.es\/blog\/wp-content\/uploads\/2016\/04\/stepienybarno-blog-stepien-y-barno-dario-nu\u00f1ez-santiago-de-molina-sf23-arquitectos-multiples-estrategias-de-arquitectura.JPG 500w, https:\/\/stepienybarno.es\/blog\/wp-content\/uploads\/2016\/04\/stepienybarno-blog-stepien-y-barno-dario-nu\u00f1ez-santiago-de-molina-sf23-arquitectos-multiples-estrategias-de-arquitectura-180x78.jpg 180w, https:\/\/stepienybarno.es\/blog\/wp-content\/uploads\/2016\/04\/stepienybarno-blog-stepien-y-barno-dario-nu\u00f1ez-santiago-de-molina-sf23-arquitectos-multiples-estrategias-de-arquitectura-316x137.jpg 316w\" sizes=\"(max-width: 500px) 100vw, 500px\" \/><\/p>\n<p>Por Dar\u00edo N\u00fa\u00f1ez, Desde <a href=\"http:\/\/www.sf23arquitectos.com\/\" target=\"_blank\">SF23 Arquitectos<\/a><\/p>\n<p><!--more--><\/p>\n<p>\u201cUna suerte contar con el autor de uno de los mejores blogs de la tem\u00e1tica,\u00a0Santi de Molina\u00a0de\u00a0M\u00faltiples Estrategias de Arquitectura.<br \/>\n\u00abArquitecto ETSAM, Doctor Arquitecto UPM. Premio extraordinario de Doctorado. Compagina labores docentes con el trabajo en su oficina de arquitectura. Ha publicado los libros\u00a0Arquitectos al margen, tambi\u00e9n\u00a0M\u00faltiples. Estrategias de la arquitectura y\u00a0Collage y Arquitectura, \u00e9ste \u00faltimo seleccionado en los premios FAD de Arquitectura y Cr\u00edtica 2015. Su obra construida ha sido seleccionada en la Bienal de Arquitectura y Urbanismo Espa\u00f1ola 2013. Sus obras y sus escritos han sido publicados en diversos medios nacionales e internacionales.\u00bb<\/p>\n<p>\u00bfPor qu\u00e9 un Blog sobre Arquitectura?<\/p>\n<p><strong>Porque la arquitectura es un tema que interesa no solo a los arquitectos.<br \/>\n<\/strong><br \/>\n\u00bfCu\u00e1nto cuesta hacer un blog?<\/p>\n<p><strong>Lo mismo que escribir una carta a alguien a quien aprecias<\/strong> (\u2026)\u201d<\/p>\n<blockquote>\n<p style=\"text-align: center;\">Accede a la entrevista, <a href=\"http:\/\/www.sf23arquitectos.com\/2016\/01\/cuestionando-con-arquibloggers-santi-molina.html?m=1\" target=\"_blank\">AQU\u00cd<\/a><\/p>\n<\/blockquote>\n<p align=\"center\">\n<p align=\"center\">\n<p><em><span style=\"color: #888888;\">Noticia seleccionada por el Canal de arquitectura STEPIENYBARNO.<\/span><\/em><\/p>\n<p><a href=\"https:\/\/twitter.com\/stepienybarno\" target=\"_blank\"><em>STEPIENYBARNO EN TWITTER _ @stepienybarno<\/em><\/a><\/p>\n<p><a href=\"http:\/\/www.linkedin.com\/company\/stepienybarno\" target=\"_blank\"><em>STEPIENYBARNO EN LINKEDIN<\/em><\/a><\/p>\n<p><a href=\"https:\/\/www.facebook.com\/pages\/BLOG-DE-STEPIENYBARNO\/78001079029\" target=\"_blank\"><em>STEPIENYBARNO EN FACEBOOK<\/em><\/a><\/p>\n<p><em><span style=\"color: #888888;\">*Stepienybarno est\u00e1 formado por Agnieszka Stepien y Lorenzo Barn\u00f3 y desde mayo del 2009 estamos en la red con\u00a0 la presente publicaci\u00f3n digital (Blog) de arquitectura.<\/span><\/em><\/p>\n<p><em><span style=\"color: #888888;\">Nuestra actividad se sustenta en tres pilares b\u00e1sicos: la investigaci\u00f3n, la publicaci\u00f3n (comunicaci\u00f3n y difusi\u00f3n) y la redacci\u00f3n de proyectos de arquitectura.<\/span><\/em><\/p>\n<p><em><span style=\"color: #888888;\">A su vez, somos socios cofundadores de<\/span><\/em><em> <\/em><a href=\"http:\/\/sinergiasostenible.org\/\" target=\"_blank\"><em>SINERGIA SOSTENIBLE<\/em><\/a><em><span style=\"color: #888888;\">, redactores de<\/span><\/em><em> <\/em><a href=\"http:\/\/www.laciudadviva.org\/blogs\/?author=45\" target=\"_blank\"><em>LA CIUDAD VIVA<\/em><\/a><span style=\"color: #888888;\"><em> <\/em><em>y directores del blog de<\/em><\/span><em> <\/em><a href=\"http:\/\/blogfundacion.arquia.es\/\" target=\"_blank\"><em>FUNDACI\u00d3N ARQUIA<span style=\"color: #888888;\">.<\/span><\/em><\/a><\/p>\n<p><em><span style=\"color: #888888;\">* Los editores de esta publicaci\u00f3n digital no nos hacemos cargo de de los comentarios y\u00a0 conceptos vertidos en los textos firmados por otras personas, siendo \u00e9stos de responsabilidad exclusiva de sus autores.<\/span><\/em><\/p>\n<p><em><span style=\"color: #888888;\">* Tu comentario podr\u00e1 ser moderado, por lo tanto, aunque aparezca inmediatamente al ser publicado en la entrada, los editores de esta publicaci\u00f3n digital nos reservamos el derecho tanto de editarlo (si fuera necesario, para hacerlo m\u00e1s legible) como de eliminarlo en el caso de que se usen expresiones incorrectas (descalificaciones, palabras malsonantes\u2026). A su vez, si quieres comentar desde el anonimato puedes hacerlo, aunque, nosotros personalmente, agradecemos que tod@s nos podamos identificar.<\/span><\/em><\/p>\n","protected":false},"excerpt":{"rendered":"<p>Por Dar\u00edo N\u00fa\u00f1ez, Desde SF23 Arquitectos<\/p>\n<p>(m\u00e1s&#8230;)<\/p>\n","protected":false},"author":2,"featured_media":0,"comment_status":"open","ping_status":"closed","sticky":false,"template":"","format":"standard","meta":{"om_disable_all_campaigns":false,"_monsterinsights_skip_tracking":false,"_monsterinsights_sitenote_active":false,"_monsterinsights_sitenote_note":"","_monsterinsights_sitenote_category":0,"_uf_show_specific_survey":0,"_uf_disable_surveys":false,"episode_type":"","audio_file":"","cover_image":"","cover_image_id":"","duration":"","filesize":"","date_recorded":"","explicit":"","block":"","filesize_raw":"","footnotes":""},"categories":[244],"tags":[4199,189,187,4048],"series":[],"class_list":["post-21985","post","type-post","status-publish","format-standard","hentry","category-canal-de-arquitectura","tag-dario-nunez","tag-multiples-estrategias-de-arquitectura","tag-santiago-de-molina","tag-sf23-arquitectos"],"aioseo_notices":[],"episode_featured_image":false,"episode_player_image":"https:\/\/stepienybarno.es\/blog\/wp-content\/uploads\/2020\/11\/stepienybarno-podcast-scaled.jpg","download_link":"","player_link":"","audio_player":false,"episode_data":{"playerMode":"dark","subscribeUrls":[],"rssFeedUrl":"https:\/\/stepienybarno.es\/blog\/feed\/podcast\/podcast-de-stepienybarno","embedCode":"<blockquote class=\"wp-embedded-content\" data-secret=\"cKT75hd8oL\"><a href=\"https:\/\/stepienybarno.es\/blog\/2016\/04\/21\/cuestionando-con-arquibloggers-santidemolina-de-multiples-estrategias-de-arquitectura\/\">CUESTIONANDO CON #Arquibloggers : @santidemolina DE M\u00daLTIPLES ESTRATEGIAS DE ARQUITECTURA<\/a><\/blockquote><iframe sandbox=\"allow-scripts\" security=\"restricted\" src=\"https:\/\/stepienybarno.es\/blog\/2016\/04\/21\/cuestionando-con-arquibloggers-santidemolina-de-multiples-estrategias-de-arquitectura\/embed\/#?secret=cKT75hd8oL\" width=\"500\" height=\"350\" title=\"\u00abCUESTIONANDO CON #Arquibloggers : @santidemolina DE M\u00daLTIPLES ESTRATEGIAS DE ARQUITECTURA\u00bb \u2014 Blog de STEPIEN Y BARNO - publicaci\u00f3n digital sobre arquitectura\" data-secret=\"cKT75hd8oL\" frameborder=\"0\" marginwidth=\"0\" marginheight=\"0\" scrolling=\"no\" class=\"wp-embedded-content\"><\/iframe><script type=\"text\/javascript\">\n\/* <![CDATA[ *\/\n\/*! This file is auto-generated *\/\n!function(d,l){\"use strict\";l.querySelector&&d.addEventListener&&\"undefined\"!=typeof URL&&(d.wp=d.wp||{},d.wp.receiveEmbedMessage||(d.wp.receiveEmbedMessage=function(e){var t=e.data;if((t||t.secret||t.message||t.value)&&!\/[^a-zA-Z0-9]\/.test(t.secret)){for(var s,r,n,a=l.querySelectorAll('iframe[data-secret=\"'+t.secret+'\"]'),o=l.querySelectorAll('blockquote[data-secret=\"'+t.secret+'\"]'),c=new RegExp(\"^https?:$\",\"i\"),i=0;i<o.length;i++)o[i].style.display=\"none\";for(i=0;i<a.length;i++)s=a[i],e.source===s.contentWindow&&(s.removeAttribute(\"style\"),\"height\"===t.message?(1e3<(r=parseInt(t.value,10))?r=1e3:~~r<200&&(r=200),s.height=r):\"link\"===t.message&&(r=new URL(s.getAttribute(\"src\")),n=new URL(t.value),c.test(n.protocol))&&n.host===r.host&&l.activeElement===s&&(d.top.location.href=t.value))}},d.addEventListener(\"message\",d.wp.receiveEmbedMessage,!1),l.addEventListener(\"DOMContentLoaded\",function(){for(var e,t,s=l.querySelectorAll(\"iframe.wp-embedded-content\"),r=0;r<s.length;r++)(t=(e=s[r]).getAttribute(\"data-secret\"))||(t=Math.random().toString(36).substring(2,12),e.src+=\"#?secret=\"+t,e.setAttribute(\"data-secret\",t)),e.contentWindow.postMessage({message:\"ready\",secret:t},\"*\")},!1)))}(window,document);\n\/* ]]> *\/\n<\/script>\n"},"_links":{"self":[{"href":"https:\/\/stepienybarno.es\/blog\/wp-json\/wp\/v2\/posts\/21985"}],"collection":[{"href":"https:\/\/stepienybarno.es\/blog\/wp-json\/wp\/v2\/posts"}],"about":[{"href":"https:\/\/stepienybarno.es\/blog\/wp-json\/wp\/v2\/types\/post"}],"author":[{"embeddable":true,"href":"https:\/\/stepienybarno.es\/blog\/wp-json\/wp\/v2\/users\/2"}],"replies":[{"embeddable":true,"href":"https:\/\/stepienybarno.es\/blog\/wp-json\/wp\/v2\/comments?post=21985"}],"version-history":[{"count":2,"href":"https:\/\/stepienybarno.es\/blog\/wp-json\/wp\/v2\/posts\/21985\/revisions"}],"predecessor-version":[{"id":21988,"href":"https:\/\/stepienybarno.es\/blog\/wp-json\/wp\/v2\/posts\/21985\/revisions\/21988"}],"wp:attachment":[{"href":"https:\/\/stepienybarno.es\/blog\/wp-json\/wp\/v2\/media?parent=21985"}],"wp:term":[{"taxonomy":"category","embeddable":true,"href":"https:\/\/stepienybarno.es\/blog\/wp-json\/wp\/v2\/categories?post=21985"},{"taxonomy":"post_tag","embeddable":true,"href":"https:\/\/stepienybarno.es\/blog\/wp-json\/wp\/v2\/tags?post=21985"},{"taxonomy":"series","embeddable":true,"href":"https:\/\/stepienybarno.es\/blog\/wp-json\/wp\/v2\/series?post=21985"}],"curies":[{"name":"wp","href":"https:\/\/api.w.org\/{rel}","templated":true}]}}