{"id":21990,"date":"2016-04-21T09:21:45","date_gmt":"2016-04-21T07:21:45","guid":{"rendered":"https:\/\/www.stepienybarno.es\/blog\/?p=21990"},"modified":"2016-04-21T09:21:45","modified_gmt":"2016-04-21T07:21:45","slug":"entrevista-con-libe-fdez-torrontegui-arquiblogs","status":"publish","type":"post","link":"https:\/\/stepienybarno.es\/blog\/2016\/04\/21\/entrevista-con-libe-fdez-torrontegui-arquiblogs\/","title":{"rendered":"ENTREVISTA CON LIBE FDEZ. TORR\u00d3NTEGUI #ARQUIBLOGS"},"content":{"rendered":"<p style=\"text-align: center;\"><img loading=\"lazy\" decoding=\"async\" class=\"aligncenter size-full wp-image-21992\" title=\"0. Stepienybarno-blog- Libe Fdez. Torr\u00f3ntegui - Reharq\" src=\"https:\/\/stepienybarno.es\/blog\/wp-content\/uploads\/2016\/04\/0.-Stepienybarno-blog-Libe-Fdez.-Torr\u00f3ntegui-Reharq.png\" alt=\"0. Stepienybarno-blog- Libe Fdez. Torr\u00f3ntegui - Reharq\" width=\"350\" height=\"128\" srcset=\"https:\/\/stepienybarno.es\/blog\/wp-content\/uploads\/2016\/04\/0.-Stepienybarno-blog-Libe-Fdez.-Torr\u00f3ntegui-Reharq.png 350w, https:\/\/stepienybarno.es\/blog\/wp-content\/uploads\/2016\/04\/0.-Stepienybarno-blog-Libe-Fdez.-Torr\u00f3ntegui-Reharq-180x66.png 180w, https:\/\/stepienybarno.es\/blog\/wp-content\/uploads\/2016\/04\/0.-Stepienybarno-blog-Libe-Fdez.-Torr\u00f3ntegui-Reharq-316x116.png 316w\" sizes=\"(max-width: 350px) 100vw, 350px\" \/><\/p>\n<p>Seguimos con nuestra serie de #ArquiBlogs y hoy tenemos una invitada muy especial. Se trata de Libe Fdez. Torr\u00f3ntegui responsable de Reharq y a buen seguro que sus respuestas os van a interesar.<\/p>\n<p>\u00bfTe vienes con nosotros?<\/p>\n<p><!--more--><\/p>\n<p><span style=\"color: #888888;\">1_ \u00bfC\u00f3mo empezaste en el mundo de los blogs de arquitectura?<\/span><\/p>\n<p>reharq* surgi\u00f3 a ra\u00edz de un castillo en ruinas.<\/p>\n<p>Os cuento, mi proyecto fin de Posgrado (Rehabilitaci\u00f3n y Restauraci\u00f3n Arquitect\u00f3nica en la UPC) consisti\u00f3 en la <strong>puesta en valor de un castillo<\/strong> en la provincia de Toledo. El hecho de haber intervenido en un bien patrimonial protegido pero en estado de ruina (pese a su gran potencial, su fant\u00e1stica historia y su singularidad), influy\u00f3, en gran medida, en la decisi\u00f3n de animarme a escribir un <strong>blog sobre difusi\u00f3n del patrimonio arquitect\u00f3nico<\/strong>, convencida de que \u2018solo lo que se conoce se cuida y se protege\u2019. Porque tan importante como una buena intervenci\u00f3n es un <strong>plan de comunicaci\u00f3n<\/strong>,<strong> la educaci\u00f3n patrimonial y la divulgaci\u00f3n.<\/strong><\/p>\n<p>A esto, debemos sumarle que <strong>adoro comunicar<\/strong>: escribiendo, hablando o bailando (recientemente he retomado la danza cl\u00e1sica #alos37viruelas \ud83d\ude09<\/p>\n<p><span style=\"color: #888888;\">2_ Te animar\u00edas a contarnos cu\u00e1nto tiempo a la semana dedicas al blog y a todo lo que tiene que ver con \u00e9l. \u00bfQu\u00e9 rutinas mantienes para que el blog siempre est\u00e9 a punto?<\/span><\/p>\n<p>En los inicios del blog el tiempo que dedicaba era infinito, \u00bfhe dicho infinito?, \u00a1quer\u00eda decir super-infinito! \ud83d\ude09 Pero al de pocos meses de andadura comenc\u00e9 a <strong>recibir premios<\/strong> y esto supuso un gran empuj\u00f3n, sobre todo an\u00edmico, dada la publicidad y la repercusi\u00f3n tambi\u00e9n en \u00e1mbitos ajenos a la arquitectura.<\/p>\n<p>Tras estos casi tres a\u00f1os de &#8216;pico y pala&#8217; en la blogosfera, sigo un escrupuloso m\u00e9todo de dedicaci\u00f3n al blog y <strong>forma parte de mi agenda como un trabajo m\u00e1s.<\/strong><\/p>\n<p>Me supone <strong>10 horas semanales<\/strong> entre enfoque, inspiraci\u00f3n y redacci\u00f3n del post; elecci\u00f3n y retoque de fotograf\u00edas; y difusi\u00f3n + interactuaci\u00f3n con los lectores en redes sociales y mailing. Esto sin contar el tiempo invertido en visitar el enclave patrimonial pues absolutamente todo el <strong>contenido del blog es in\u00e9dito <\/strong>y basado en experiencias vividas en primera persona.<\/p>\n<p><span style=\"color: #888888;\">3_\u00a0 \u00bfCu\u00e1les son los puntos fuertes de tu blog? \u00bfC\u00f3mo es tu l\u00ednea editorial?<\/span><\/p>\n<p>reharq* es un innovador formato de <em>enternainment<\/em> ya que <strong>vincula el patrimonio arquitect\u00f3nico con experiencias m\u00e1s l\u00fadicas<\/strong>, como la gastronom\u00eda, la fotograf\u00eda o el deporte.<\/p>\n<p>De <strong>periodicidad semanal<\/strong> (todos los martes, sin faltar a la cita), escritura fresca y con un contenido propio de <strong>calidad accesible para profanos y sustancial para los especialistas.<\/strong><\/p>\n<p>Adem\u00e1s, es de los pocos blogs de esta tem\u00e1tica que est\u00e1 liderado por un arquitecto y ofrece <strong>otro enfoque hacia el patrimonio<\/strong> haciendo especial hincapi\u00e9 en los <strong>valores<\/strong> (identitarios,\u00a0 arquitect\u00f3nicos o instrumentales -la viabilidad o no de cambio de uso en edificios hist\u00f3ricos&#8230;-), ya que considero que son la clave para que el lector \u2018conecte\u2019, entienda y se involucre con el patrimonio.<\/p>\n<p style=\"text-align: center;\"><em><img loading=\"lazy\" decoding=\"async\" class=\"aligncenter size-full wp-image-21991\" title=\"1. Stepienybarno-blog- Libe Fdez. Torr\u00f3ntegui - Reharq\" src=\"https:\/\/stepienybarno.es\/blog\/wp-content\/uploads\/2016\/04\/1.-Stepienybarno-blog-Libe-Fdez.-Torr\u00f3ntegui-Reharq.jpg\" alt=\"1. Stepienybarno-blog- Libe Fdez. Torr\u00f3ntegui - Reharq\" width=\"500\" height=\"375\" srcset=\"https:\/\/stepienybarno.es\/blog\/wp-content\/uploads\/2016\/04\/1.-Stepienybarno-blog-Libe-Fdez.-Torr\u00f3ntegui-Reharq.jpg 500w, https:\/\/stepienybarno.es\/blog\/wp-content\/uploads\/2016\/04\/1.-Stepienybarno-blog-Libe-Fdez.-Torr\u00f3ntegui-Reharq-180x135.jpg 180w, https:\/\/stepienybarno.es\/blog\/wp-content\/uploads\/2016\/04\/1.-Stepienybarno-blog-Libe-Fdez.-Torr\u00f3ntegui-Reharq-316x237.jpg 316w\" sizes=\"(max-width: 500px) 100vw, 500px\" \/><br \/>\n<\/em><\/p>\n<p><span style=\"color: #888888;\">4_ \u00bfHas colaborado con otros blogs de arquitectura? Cu\u00e9ntanos lo que m\u00e1s valoras de otros blogs de arquitectura\u2026<\/span><\/p>\n<p>No, con blogs de arquitectura, nunca, pero s\u00ed con blogs de arqueolog\u00eda, gesti\u00f3n cultural o historia del arte. El reflejo de lo que es la intervenci\u00f3n en patrimonio: <strong>multidisciplinar.<\/strong><\/p>\n<p><span style=\"color: #888888;\">5_ \u00bfQu\u00e9 tipo de post son los que mejor funcionan, a nivel de visitas, en tu blog? \u00bfCu\u00e1l ha sido tu post m\u00e1s visitado y\/o comentando hasta el momento?<\/span><\/p>\n<p>Creo que los post que mejor funcionan no son &#8216;los que m\u00e1s visitas tienen&#8217;. Los post top son aquellos que <strong>logran un objetivo<\/strong>: poner en contacto a personas, recibir propuestas profesionales, ayudar a asociaciones que defienden el patrimonio, alegrar la ma\u00f1ana del martes a alg\u00fan lector&#8230;<\/p>\n<p>A m\u00ed lo que me da alas para escribir no es el n\u00famero de clics -que miro muuuuy de vez en cuando-, yo escribo pensando en esa <strong>fant\u00e1stica comunidad <em>reharquiana<\/em><\/strong> que est\u00e1 detr\u00e1s del blog y vibra con el patrimonio y con la reutilizaci\u00f3n de la arquitectura hist\u00f3rica.<\/p>\n<p><span style=\"color: #888888;\">6_ H\u00e1blanos un poco c\u00f3mo va la visibilidad del blog. \u00bfHas monetizado directamente o te has planteado monetizar tu blog?<\/span><\/p>\n<p>Si por monetizar el blog os refer\u00eds a publicidad&#8230; no. El \u00fanico compromiso que quiero tener es con mis lectores.<\/p>\n<p><strong>Si a trav\u00e9s del blog consigo clientes, S\u00ed.<\/strong><\/p>\n<p><span style=\"color: #888888;\">7_ \u00bfQu\u00e9 importancia juegan las redes sociales a la hora de difundir tu blog? \u00bfTienes alg\u00fan tipo de estrategia de Social Media?<\/span><\/p>\n<p>EstrataQU\u00c9? \ud83d\ude09 Ninguna. El <strong>blog tiene much\u00edsimo de m\u00ed<\/strong>, por lo que en las redes sociales basta con <strong>ser yo misma.<\/strong> Hablando de redes&#8230; si de alg\u00fan aspecto del blog estoy especialmente agradecida es de las personas talentosas y majetonas que \u00e9ste ha a\u00f1adido a mi vida.<\/p>\n<p style=\"text-align: center;\"><em><img loading=\"lazy\" decoding=\"async\" class=\"aligncenter size-full wp-image-21989\" title=\"2. Stepienybarno-blog- Libe Fdez. Torr\u00f3ntegui - Reharq\" src=\"https:\/\/stepienybarno.es\/blog\/wp-content\/uploads\/2016\/04\/2.-Stepienybarno-blog-Libe-Fdez.-Torr\u00f3ntegui-Reharq.jpg\" alt=\"2. Stepienybarno-blog- Libe Fdez. Torr\u00f3ntegui - Reharq\" width=\"500\" height=\"375\" srcset=\"https:\/\/stepienybarno.es\/blog\/wp-content\/uploads\/2016\/04\/2.-Stepienybarno-blog-Libe-Fdez.-Torr\u00f3ntegui-Reharq.jpg 500w, https:\/\/stepienybarno.es\/blog\/wp-content\/uploads\/2016\/04\/2.-Stepienybarno-blog-Libe-Fdez.-Torr\u00f3ntegui-Reharq-180x135.jpg 180w, https:\/\/stepienybarno.es\/blog\/wp-content\/uploads\/2016\/04\/2.-Stepienybarno-blog-Libe-Fdez.-Torr\u00f3ntegui-Reharq-316x237.jpg 316w\" sizes=\"(max-width: 500px) 100vw, 500px\" \/><br \/>\n<\/em><\/p>\n<p><span style=\"color: #888888;\">8_ \u00bfCrees que tener tu propio blog te ha abierto otras puertas?<\/span><\/p>\n<p>S\u00ed, por supuesto. La &#8216;primera puerta&#8217; <strong>me llev\u00f3 a La Habana<\/strong> a dar una conferencia, junto a un grupo de arquitectos de Madrid, Canarias, Guatemala y Chile. Y, por suerte, desde entonces estas propuestas inesperadas no han cesado&#8230;<\/p>\n<p>Pero, sobre todo, el <strong>blog me sirvi\u00f3 para testear mi producto<\/strong>, ver que funcionaba y <strong>desarrollar una profesi\u00f3n<\/strong>: ayudo a mis clientes (arquitectos, arque\u00f3logos\u2026, Ayuntamientos, Universidades, Fundaciones&#8230;, museos, agencias de turismo\u2026) a romper esa barrera comunicativa entre el patrimonio que gestionan y la sociedad: quien usa ese patrimonio y, en consecuencia, \u00a1lo mantiene con vida!<\/p>\n<p><span style=\"color: #888888;\">9_ \u00bfAnimar\u00edas a otr@s compa\u00f1er@s a tener su propio blog? \u00bfQu\u00e9 consejo dar\u00edas a quienes est\u00e1n empezando con su blog?<\/span><\/p>\n<p>S\u00ed, siempre y cuando tengan <strong>algo diferente que contar\/mostrar<\/strong> y un <strong>tes\u00f3n de aqu\u00ed a la luna<\/strong>. Cuando te lanzas a escribir el primer post de tu vida, en ese blog que llevas perfilando durante quiz\u00e1s demasiado tiempo, todo son incertidumbres y nervios. Es duro pensar que ni tu <em>incondicional t\u00eda Paca la de Soria<\/em> te vaya a leer.<\/p>\n<p>Pero empezar un blog supone embarcarse en un proyecto con una inversi\u00f3n inicial muy bajita,<strong> los riesgos son 0 y las satisfacciones pueden ser muchas<\/strong>. Doy fe de ello&#8230; \ud83d\ude09<\/p>\n<p><span style=\"color: #888888;\">10_ \u00bfQu\u00e9 expectativas tienes para el blog en un futuro no muy lejano?<\/span><\/p>\n<p>reharq*, como espacio-blog, se ha quedado chiquito as\u00ed que ahora estoy <strong>perfilando una web<\/strong> con todos los servicios profesionales en los que ya estoy trabajando y el lanzamiento de otras novedades.<\/p>\n<p>Adem\u00e1s, se han unido al equipo directores creativos, c\u00e1maras y productores para llevar el blog y su <strong>di(ver)fusi\u00f3n del patrimonio a formato televisivo<\/strong>, veremos en qu\u00e9 acaba esta nueva aventura&#8230;<\/p>\n<p>Gracias, Agnieszka, Loren y stepienybarno-seguidores\u2026<\/p>\n<p>\u00a1Ahora tecleen reharq.com y a disfruten del \u2018<strong>patrimonio del bueno\u2019<\/strong>!<\/p>\n<p><strong> <\/strong><\/p>\n<blockquote>\n<p style=\"text-align: center;\"><strong>Web de nuestra protagonista: <a href=\"http:\/\/www.reharq.com\/\">http:\/\/www.reharq.com\/<\/a><\/strong><\/p>\n<\/blockquote>\n<p>*<span style=\"color: #888888;\"><em> Este art\u00edculo ha sido escrito con car\u00e1cter divulgativo y sin ning\u00fan tipo de \u00e1nimo de lucro. As\u00ed que, si te apetece compartirlo en cualquier otro medio, estaremos encantados de que lo hagas siempre y cuando cites el lugar donde lo has encontrado.<\/em><\/span><\/p>\n<p><a href=\"https:\/\/twitter.com\/stepienybarno\"><span style=\"color: #888888;\"><em>STEPIENYBARNO EN TWITTER _ @stepienybarno<\/em><\/span><\/a><\/p>\n<p><a href=\"http:\/\/www.linkedin.com\/company\/stepienybarno\"><span style=\"color: #888888;\"><em>STEPIENYBARNO EN LINKEDIN<\/em><\/span><\/a><\/p>\n<p><a href=\"https:\/\/www.facebook.com\/pages\/BLOG-DE-STEPIENYBARNO\/78001079029\"><span style=\"color: #888888;\"><em>STEPIENYBARNO EN FACEBOOK<\/em><\/span><\/a><\/p>\n<p><span style=\"color: #888888;\"><em>* Stepienybarno est\u00e1 formado por Agnieszka Stepien y Lorenzo Barn\u00f3 y desde mayo del 2009 estamos en la red con\u00a0 la presente publicaci\u00f3n digital (Blog) de arquitectura.<\/em><\/span><\/p>\n<p><span style=\"color: #888888;\"><em>Nuestra actividad se sustenta en tres pilares b\u00e1sicos: la investigaci\u00f3n, la publicaci\u00f3n y la redacci\u00f3n de proyectos de arquitectura.<\/em><\/span><\/p>\n<p align=\"left\"><span style=\"color: #888888;\"><em>A su vez, somos socios cofundadores de <a href=\"http:\/\/sinergiasostenible.org\/\">SINERGIA SOSTENIBLE<\/a>, redactores de <a href=\"http:\/\/www.laciudadviva.org\/blogs\/?author=45\">LA CIUDAD VIVA<\/a> y directores del blog de FUNDACI\u00d3N ARQUIA.<\/em><\/span><\/p>\n<p><span style=\"color: #888888;\"><em>* Los editores de esta publicaci\u00f3n digital no nos hacemos cargo de de los comentarios y\u00a0 conceptos vertidos en los textos firmados por otras personas, siendo \u00e9stos de responsabilidad exclusiva de sus autores.<\/em><\/span><\/p>\n<p><span style=\"color: #888888;\"><em>* Tu comentario pudiera ser moderado, por lo tanto, aunque aparezca inmediatamente al ser publicado en la entrada, los editores de esta publicaci\u00f3n digital nos reservamos el derecho tanto de editarlo (si fuera necesario, para hacerlo m\u00e1s legible) como de eliminarlo en el caso de que se usen expresiones incorrectas (descalificaciones, palabras malsonantes\u2026). A su vez, si quieres comentar desde el anonimato puedes hacerlo, aunque, nosotros personalmente, agradecemos que tod@s nos podamos identificar.<\/em><\/span><\/p>\n","protected":false},"excerpt":{"rendered":"<p>Seguimos con nuestra serie de #ArquiBlogs y hoy tenemos una invitada muy especial. Se trata de Libe Fdez. Torr\u00f3ntegui responsable de Reharq y a buen seguro que sus respuestas os van a interesar.<\/p>\n<p>\u00bfTe vienes con nosotros?<\/p>\n<p>(m\u00e1s&#8230;)<\/p>\n","protected":false},"author":2,"featured_media":0,"comment_status":"open","ping_status":"closed","sticky":false,"template":"","format":"standard","meta":{"om_disable_all_campaigns":false,"_monsterinsights_skip_tracking":false,"_monsterinsights_sitenote_active":false,"_monsterinsights_sitenote_note":"","_monsterinsights_sitenote_category":0,"_uf_show_specific_survey":0,"_uf_disable_surveys":false,"episode_type":"","audio_file":"","cover_image":"","cover_image_id":"","duration":"","filesize":"","date_recorded":"","explicit":"","block":"","filesize_raw":"","footnotes":""},"categories":[34,63],"tags":[3738,4200,3475],"series":[],"class_list":["post-21990","post","type-post","status-publish","format-standard","hentry","category-actualidad","category-arqui-entrevista","tag-arquiblogs","tag-libe-fdez-torrontegui","tag-reharq"],"aioseo_notices":[],"episode_featured_image":false,"episode_player_image":"https:\/\/stepienybarno.es\/blog\/wp-content\/uploads\/2020\/11\/stepienybarno-podcast-scaled.jpg","download_link":"","player_link":"","audio_player":false,"episode_data":{"playerMode":"dark","subscribeUrls":[],"rssFeedUrl":"https:\/\/stepienybarno.es\/blog\/feed\/podcast\/podcast-de-stepienybarno","embedCode":"<blockquote class=\"wp-embedded-content\" data-secret=\"9TwiwOHz0f\"><a href=\"https:\/\/stepienybarno.es\/blog\/2016\/04\/21\/entrevista-con-libe-fdez-torrontegui-arquiblogs\/\">ENTREVISTA CON LIBE FDEZ. TORR\u00d3NTEGUI #ARQUIBLOGS<\/a><\/blockquote><iframe sandbox=\"allow-scripts\" security=\"restricted\" src=\"https:\/\/stepienybarno.es\/blog\/2016\/04\/21\/entrevista-con-libe-fdez-torrontegui-arquiblogs\/embed\/#?secret=9TwiwOHz0f\" width=\"500\" height=\"350\" title=\"\u00abENTREVISTA CON LIBE FDEZ. TORR\u00d3NTEGUI #ARQUIBLOGS\u00bb \u2014 Blog de STEPIEN Y BARNO - publicaci\u00f3n digital sobre arquitectura\" data-secret=\"9TwiwOHz0f\" frameborder=\"0\" marginwidth=\"0\" marginheight=\"0\" scrolling=\"no\" class=\"wp-embedded-content\"><\/iframe><script type=\"text\/javascript\">\n\/* <![CDATA[ *\/\n\/*! This file is auto-generated *\/\n!function(d,l){\"use strict\";l.querySelector&&d.addEventListener&&\"undefined\"!=typeof URL&&(d.wp=d.wp||{},d.wp.receiveEmbedMessage||(d.wp.receiveEmbedMessage=function(e){var t=e.data;if((t||t.secret||t.message||t.value)&&!\/[^a-zA-Z0-9]\/.test(t.secret)){for(var s,r,n,a=l.querySelectorAll('iframe[data-secret=\"'+t.secret+'\"]'),o=l.querySelectorAll('blockquote[data-secret=\"'+t.secret+'\"]'),c=new RegExp(\"^https?:$\",\"i\"),i=0;i<o.length;i++)o[i].style.display=\"none\";for(i=0;i<a.length;i++)s=a[i],e.source===s.contentWindow&&(s.removeAttribute(\"style\"),\"height\"===t.message?(1e3<(r=parseInt(t.value,10))?r=1e3:~~r<200&&(r=200),s.height=r):\"link\"===t.message&&(r=new URL(s.getAttribute(\"src\")),n=new URL(t.value),c.test(n.protocol))&&n.host===r.host&&l.activeElement===s&&(d.top.location.href=t.value))}},d.addEventListener(\"message\",d.wp.receiveEmbedMessage,!1),l.addEventListener(\"DOMContentLoaded\",function(){for(var e,t,s=l.querySelectorAll(\"iframe.wp-embedded-content\"),r=0;r<s.length;r++)(t=(e=s[r]).getAttribute(\"data-secret\"))||(t=Math.random().toString(36).substring(2,12),e.src+=\"#?secret=\"+t,e.setAttribute(\"data-secret\",t)),e.contentWindow.postMessage({message:\"ready\",secret:t},\"*\")},!1)))}(window,document);\n\/* ]]> *\/\n<\/script>\n"},"_links":{"self":[{"href":"https:\/\/stepienybarno.es\/blog\/wp-json\/wp\/v2\/posts\/21990"}],"collection":[{"href":"https:\/\/stepienybarno.es\/blog\/wp-json\/wp\/v2\/posts"}],"about":[{"href":"https:\/\/stepienybarno.es\/blog\/wp-json\/wp\/v2\/types\/post"}],"author":[{"embeddable":true,"href":"https:\/\/stepienybarno.es\/blog\/wp-json\/wp\/v2\/users\/2"}],"replies":[{"embeddable":true,"href":"https:\/\/stepienybarno.es\/blog\/wp-json\/wp\/v2\/comments?post=21990"}],"version-history":[{"count":2,"href":"https:\/\/stepienybarno.es\/blog\/wp-json\/wp\/v2\/posts\/21990\/revisions"}],"predecessor-version":[{"id":21994,"href":"https:\/\/stepienybarno.es\/blog\/wp-json\/wp\/v2\/posts\/21990\/revisions\/21994"}],"wp:attachment":[{"href":"https:\/\/stepienybarno.es\/blog\/wp-json\/wp\/v2\/media?parent=21990"}],"wp:term":[{"taxonomy":"category","embeddable":true,"href":"https:\/\/stepienybarno.es\/blog\/wp-json\/wp\/v2\/categories?post=21990"},{"taxonomy":"post_tag","embeddable":true,"href":"https:\/\/stepienybarno.es\/blog\/wp-json\/wp\/v2\/tags?post=21990"},{"taxonomy":"series","embeddable":true,"href":"https:\/\/stepienybarno.es\/blog\/wp-json\/wp\/v2\/series?post=21990"}],"curies":[{"name":"wp","href":"https:\/\/api.w.org\/{rel}","templated":true}]}}