{"id":21995,"date":"2016-04-22T09:01:33","date_gmt":"2016-04-22T07:01:33","guid":{"rendered":"https:\/\/www.stepienybarno.es\/blog\/?p=21995"},"modified":"2016-12-06T15:00:08","modified_gmt":"2016-12-06T13:00:08","slug":"saenz-de-oiza-el-poder-de-pensar-con-las-manos","status":"publish","type":"post","link":"https:\/\/stepienybarno.es\/blog\/2016\/04\/22\/saenz-de-oiza-el-poder-de-pensar-con-las-manos\/","title":{"rendered":"S\u00c1ENZ DE O\u00cdZA, EL PODER DE PENSAR CON LAS MANOS"},"content":{"rendered":"<p><img loading=\"lazy\" decoding=\"async\" class=\"aligncenter size-full wp-image-21996\" title=\"stepienybarno-blog-stepien-y-barno-circarq\" src=\"https:\/\/stepienybarno.es\/blog\/wp-content\/uploads\/2016\/04\/stepienybarno-blog-stepien-y-barno-circarq.JPG\" alt=\"stepienybarno-blog-stepien-y-barno-circarq\" width=\"500\" height=\"518\" srcset=\"https:\/\/stepienybarno.es\/blog\/wp-content\/uploads\/2016\/04\/stepienybarno-blog-stepien-y-barno-circarq.JPG 500w, https:\/\/stepienybarno.es\/blog\/wp-content\/uploads\/2016\/04\/stepienybarno-blog-stepien-y-barno-circarq-174x180.jpg 174w, https:\/\/stepienybarno.es\/blog\/wp-content\/uploads\/2016\/04\/stepienybarno-blog-stepien-y-barno-circarq-316x327.jpg 316w\" sizes=\"(max-width: 500px) 100vw, 500px\" \/><\/p>\n<p><span style=\"font-weight: normal;\">Desde <a title=\"Ver todas las entradas de circA RQ\" href=\"https:\/\/circarq.wordpress.com\/\" target=\"_blank\">circARQ<\/a><\/span><\/p>\n<p><!--more--><\/p>\n<p>\u201c <span style=\"font-size: 9pt; font-family: Arial, sans-serif; border: 1pt none windowtext; padding: 0cm;\">\u2018<\/span><span style=\"color: #999999;\"><em><span style=\"font-size: 10pt; border: 1pt none windowtext; padding: 0cm; background-image: initial; background-attachment: initial; background-size: initial; background-origin: initial; background-clip: initial; background-position: initial; background-repeat: initial;\">Nac\u00ed en Navarra, en el pueblo de C\u00e1seda. termin\u00e9 la carrera el a\u00f1o 46. Fui a trabajar a Estados Unidos, como pensionista de la Academia de Bellas Artes, y a mi regreso entr\u00e9 de profesor en la Escuela. Tengo una cierta preocupaci\u00f3n docente; quien es profesor\u00a0sigue siendo alumno y, por tanto, se mantiene vivo. Fui profesor de Salubridad\u00a0e Higiene: la<\/span><\/em> <em style=\"outline: 0px;\"><span style=\"font-size: 10pt; border: 1pt none windowtext; padding: 0cm; background-image: initial; background-attachment: initial; background-size: initial; background-origin: initial; background-clip: initial; background-position: initial; background-repeat: initial;\">arquitectura utilitaria de mi pa\u00eds no funcionaba, los grifos no daban agua, los desag\u00fces se\u00a0obturaban\u2026\u2019<\/span><\/em><\/span><\/p>\n<p>A principios de la d\u00e9cada de los a\u00f1os 60,<strong>S\u00e1enz de O\u00edza<\/strong> llega a\u00a0<strong>Mallorca<\/strong> de la mano del empresario\u00a0<strong>Juan Huarte<\/strong>, para realizar el proyecto de la <strong>Ciudad Blanca en la Bah\u00eda de Alcudia<\/strong>, al noreste de la Isla.<\/p>\n<p>Tras algunos periodos de estancia en el pueblo de\u00a0<strong>Pollen\u00e7a<\/strong> con toda su familia durante el transcurso de dichas obras, en\u00a0<strong>1965<\/strong>, comprar\u00e1 su primera casa en Mallorca. Se trata de una casa de campo \u201cse\u00f1orial\u201d o \u201c possessi\u00f3\u201d que adquiere de los descendientes del noble pollens\u00edn Guillem Cifre de Colonya, que como as\u00ed indica su nombre, se encuentra en la Vall de Colonya, muy cerca del n\u00facleo de Pollen\u00e7a, un valle protegido por la Sierra de Tramuntana al norte y que al estar en medio del bosque pero en un peque\u00f1o promontorio dentro del mismo, le permitir\u00e1 disfrutar de vistas a lo lejos y del preciado Cabo Formentor.<\/p>\n<p>El proyecto de la Cuidad Blanca no se completa, s\u00f3lo se construyen algunos de los bloques previstos inicialmente. Pero como ocurre con otros \u201carquitectos veraneantes\u201d en las Isla como\u00a0<strong>M. Fisac<\/strong> en Costa de los Pinos, o<strong> Jorn Utzon<\/strong> en Porto Petro, la atracci\u00f3n que \u00e9sta ejerce hace que se convierta en el lugar de descanso o de trabajo a otro ritmo durante el verano y sean fieles a su cita anual estival.<\/p>\n<p>A\u00f1os m\u00e1s tarde, Oiza en\u00a0<strong>1985<\/strong> comprar\u00e1 una segunda casa en Mallorca situada<strong>cerca<\/strong> que su casa <strong>de Colonya.<\/strong> Conocida como <strong>Ses Rotes<\/strong>, se trata de un<strong>peque\u00f1o cobijo<\/strong> de apenas <strong>25m2<\/strong> por planta, que se corresponde con el tipo de arquitectura popular conocido como andalus\u00ed de dos plantas. La vivienda era m\u00ednima construida con piedras, tierra y troncos de los \u00e1rboles para dinteles y vigas. (\u2026)\u201d<\/p>\n<blockquote>\n<p style=\"text-align: center;\">Accede a m\u00e1s informaci\u00f3n sobre el maestro, <a href=\"https:\/\/circarq.wordpress.com\/2015\/01\/14\/saenz-de-oiza-el-poder-de-pensar-con-las-manos\/\" target=\"_blank\">AQU\u00cd<\/a><\/p>\n<\/blockquote>\n<p><em><span style=\"color: #888888;\">Noticia seleccionada por el Canal de arquitectura STEPIENYBARNO.<\/span><\/em><\/p>\n<p><a href=\"https:\/\/twitter.com\/stepienybarno\" target=\"_blank\"><em>STEPIENYBARNO EN TWITTER _ @stepienybarno<\/em><\/a><\/p>\n<p><a href=\"http:\/\/www.linkedin.com\/company\/stepienybarno\" target=\"_blank\"><em>STEPIENYBARNO EN LINKEDIN<\/em><\/a><\/p>\n<p><a href=\"https:\/\/www.facebook.com\/pages\/BLOG-DE-STEPIENYBARNO\/78001079029\" target=\"_blank\"><em>STEPIENYBARNO EN FACEBOOK<\/em><\/a><\/p>\n<p><em><span style=\"color: #888888;\">*Stepienybarno est\u00e1 formado por Agnieszka Stepien y Lorenzo Barn\u00f3 y desde mayo del 2009 estamos en la red con\u00a0 la presente publicaci\u00f3n digital (Blog) de arquitectura.<\/span><\/em><\/p>\n<p><em><span style=\"color: #888888;\">Nuestra actividad se sustenta en tres pilares b\u00e1sicos: la investigaci\u00f3n, la publicaci\u00f3n (comunicaci\u00f3n y difusi\u00f3n) y la redacci\u00f3n de proyectos de arquitectura.<\/span><\/em><\/p>\n<p><em><span style=\"color: #888888;\">A su vez, somos socios cofundadores de<\/span><\/em> <a href=\"http:\/\/sinergiasostenible.org\/\" target=\"_blank\"><em>SINERGIA SOSTENIBLE<\/em><\/a><span style=\"color: #888888;\"><em>, redactores de<\/em> <\/span><a href=\"http:\/\/www.laciudadviva.org\/blogs\/?author=45\" target=\"_blank\"><em>LA CIUDAD VIVA<\/em><\/a><span style=\"color: #888888;\"> <em>y directores del blog de<\/em><\/span> <a href=\"http:\/\/blogfundacion.arquia.es\/\" target=\"_blank\"><em>FUNDACI\u00d3N ARQUIA<span style=\"color: #888888;\">.<\/span><\/em><\/a><\/p>\n<p><em><span style=\"color: #888888;\">* Los editores de esta publicaci\u00f3n digital no nos hacemos cargo de de los comentarios y\u00a0 conceptos vertidos en los textos firmados por otras personas, siendo \u00e9stos de responsabilidad exclusiva de sus autores.<\/span><\/em><\/p>\n<p><em><span style=\"color: #888888;\">* Tu comentario podr\u00e1 ser moderado, por lo tanto, aunque aparezca inmediatamente al ser publicado en la entrada, los editores de esta publicaci\u00f3n digital nos reservamos el derecho tanto de editarlo (si fuera necesario, para hacerlo m\u00e1s legible) como de eliminarlo en el caso de que se usen expresiones incorrectas (descalificaciones, palabras malsonantes\u2026). A su vez, si quieres comentar desde el anonimato puedes hacerlo, aunque, nosotros personalmente, agradecemos que tod@s nos podamos identificar.<\/span><\/em><\/p>\n","protected":false},"excerpt":{"rendered":"<p>Desde circARQ<\/p>\n<p>(m\u00e1s&#8230;)<\/p>\n","protected":false},"author":2,"featured_media":21996,"comment_status":"open","ping_status":"closed","sticky":false,"template":"","format":"standard","meta":{"om_disable_all_campaigns":false,"_monsterinsights_skip_tracking":false,"_monsterinsights_sitenote_active":false,"_monsterinsights_sitenote_note":"","_monsterinsights_sitenote_category":0,"_uf_show_specific_survey":0,"_uf_disable_surveys":false,"episode_type":"","audio_file":"","cover_image":"","cover_image_id":"","duration":"","filesize":"","date_recorded":"","explicit":"","block":"","filesize_raw":"","footnotes":""},"categories":[244],"tags":[4201,1263,2522],"series":[],"class_list":["post-21995","post","type-post","status-publish","format-standard","has-post-thumbnail","hentry","category-canal-de-arquitectura","tag-circarq","tag-jorge-oteiza","tag-saenz-de-oiza"],"aioseo_notices":[],"episode_featured_image":"https:\/\/stepienybarno.es\/blog\/wp-content\/uploads\/2016\/04\/stepienybarno-blog-stepien-y-barno-circarq.JPG","episode_player_image":"https:\/\/stepienybarno.es\/blog\/wp-content\/uploads\/2020\/11\/stepienybarno-podcast-scaled.jpg","download_link":"","player_link":"","audio_player":false,"episode_data":{"playerMode":"dark","subscribeUrls":[],"rssFeedUrl":"https:\/\/stepienybarno.es\/blog\/feed\/podcast\/podcast-de-stepienybarno","embedCode":"<blockquote class=\"wp-embedded-content\" data-secret=\"wn71Am1WYr\"><a href=\"https:\/\/stepienybarno.es\/blog\/2016\/04\/22\/saenz-de-oiza-el-poder-de-pensar-con-las-manos\/\">S\u00c1ENZ DE O\u00cdZA, EL PODER DE PENSAR CON LAS MANOS<\/a><\/blockquote><iframe sandbox=\"allow-scripts\" security=\"restricted\" src=\"https:\/\/stepienybarno.es\/blog\/2016\/04\/22\/saenz-de-oiza-el-poder-de-pensar-con-las-manos\/embed\/#?secret=wn71Am1WYr\" width=\"500\" height=\"350\" title=\"\u00abS\u00c1ENZ DE O\u00cdZA, EL PODER DE PENSAR CON LAS MANOS\u00bb \u2014 Blog de STEPIEN Y BARNO - publicaci\u00f3n digital sobre arquitectura\" data-secret=\"wn71Am1WYr\" frameborder=\"0\" marginwidth=\"0\" marginheight=\"0\" scrolling=\"no\" class=\"wp-embedded-content\"><\/iframe><script type=\"text\/javascript\">\n\/* <![CDATA[ *\/\n\/*! This file is auto-generated *\/\n!function(d,l){\"use strict\";l.querySelector&&d.addEventListener&&\"undefined\"!=typeof URL&&(d.wp=d.wp||{},d.wp.receiveEmbedMessage||(d.wp.receiveEmbedMessage=function(e){var t=e.data;if((t||t.secret||t.message||t.value)&&!\/[^a-zA-Z0-9]\/.test(t.secret)){for(var s,r,n,a=l.querySelectorAll('iframe[data-secret=\"'+t.secret+'\"]'),o=l.querySelectorAll('blockquote[data-secret=\"'+t.secret+'\"]'),c=new RegExp(\"^https?:$\",\"i\"),i=0;i<o.length;i++)o[i].style.display=\"none\";for(i=0;i<a.length;i++)s=a[i],e.source===s.contentWindow&&(s.removeAttribute(\"style\"),\"height\"===t.message?(1e3<(r=parseInt(t.value,10))?r=1e3:~~r<200&&(r=200),s.height=r):\"link\"===t.message&&(r=new URL(s.getAttribute(\"src\")),n=new URL(t.value),c.test(n.protocol))&&n.host===r.host&&l.activeElement===s&&(d.top.location.href=t.value))}},d.addEventListener(\"message\",d.wp.receiveEmbedMessage,!1),l.addEventListener(\"DOMContentLoaded\",function(){for(var e,t,s=l.querySelectorAll(\"iframe.wp-embedded-content\"),r=0;r<s.length;r++)(t=(e=s[r]).getAttribute(\"data-secret\"))||(t=Math.random().toString(36).substring(2,12),e.src+=\"#?secret=\"+t,e.setAttribute(\"data-secret\",t)),e.contentWindow.postMessage({message:\"ready\",secret:t},\"*\")},!1)))}(window,document);\n\/* ]]> *\/\n<\/script>\n"},"_links":{"self":[{"href":"https:\/\/stepienybarno.es\/blog\/wp-json\/wp\/v2\/posts\/21995"}],"collection":[{"href":"https:\/\/stepienybarno.es\/blog\/wp-json\/wp\/v2\/posts"}],"about":[{"href":"https:\/\/stepienybarno.es\/blog\/wp-json\/wp\/v2\/types\/post"}],"author":[{"embeddable":true,"href":"https:\/\/stepienybarno.es\/blog\/wp-json\/wp\/v2\/users\/2"}],"replies":[{"embeddable":true,"href":"https:\/\/stepienybarno.es\/blog\/wp-json\/wp\/v2\/comments?post=21995"}],"version-history":[{"count":5,"href":"https:\/\/stepienybarno.es\/blog\/wp-json\/wp\/v2\/posts\/21995\/revisions"}],"predecessor-version":[{"id":25350,"href":"https:\/\/stepienybarno.es\/blog\/wp-json\/wp\/v2\/posts\/21995\/revisions\/25350"}],"wp:featuredmedia":[{"embeddable":true,"href":"https:\/\/stepienybarno.es\/blog\/wp-json\/wp\/v2\/media\/21996"}],"wp:attachment":[{"href":"https:\/\/stepienybarno.es\/blog\/wp-json\/wp\/v2\/media?parent=21995"}],"wp:term":[{"taxonomy":"category","embeddable":true,"href":"https:\/\/stepienybarno.es\/blog\/wp-json\/wp\/v2\/categories?post=21995"},{"taxonomy":"post_tag","embeddable":true,"href":"https:\/\/stepienybarno.es\/blog\/wp-json\/wp\/v2\/tags?post=21995"},{"taxonomy":"series","embeddable":true,"href":"https:\/\/stepienybarno.es\/blog\/wp-json\/wp\/v2\/series?post=21995"}],"curies":[{"name":"wp","href":"https:\/\/api.w.org\/{rel}","templated":true}]}}