{"id":22093,"date":"2016-04-27T19:31:29","date_gmt":"2016-04-27T17:31:29","guid":{"rendered":"https:\/\/www.stepienybarno.es\/blog\/?p=22093"},"modified":"2016-12-06T14:53:04","modified_gmt":"2016-12-06T12:53:04","slug":"entrevista-con-vicente-guallart","status":"publish","type":"post","link":"https:\/\/stepienybarno.es\/blog\/2016\/04\/27\/entrevista-con-vicente-guallart\/","title":{"rendered":"ENTREVISTA CON VICENTE GUALLART"},"content":{"rendered":"<p><img loading=\"lazy\" decoding=\"async\" class=\"aligncenter size-full wp-image-22094\" title=\"stepienybarno-blog-stepien-y-barno-construmatica-vicente-guallart\" src=\"https:\/\/stepienybarno.es\/blog\/wp-content\/uploads\/2016\/04\/stepienybarno-blog-stepien-y-barno-construmatica-vicente-guallart.JPG\" alt=\"stepienybarno-blog-stepien-y-barno-construmatica-vicente-guallart\" width=\"500\" height=\"374\" srcset=\"https:\/\/stepienybarno.es\/blog\/wp-content\/uploads\/2016\/04\/stepienybarno-blog-stepien-y-barno-construmatica-vicente-guallart.JPG 500w, https:\/\/stepienybarno.es\/blog\/wp-content\/uploads\/2016\/04\/stepienybarno-blog-stepien-y-barno-construmatica-vicente-guallart-180x135.jpg 180w, https:\/\/stepienybarno.es\/blog\/wp-content\/uploads\/2016\/04\/stepienybarno-blog-stepien-y-barno-construmatica-vicente-guallart-316x236.jpg 316w\" sizes=\"(max-width: 500px) 100vw, 500px\" \/><\/p>\n<p>Desde <a href=\"http:\/\/blog.construmatica.com\/\" target=\"_blank\">Construmatica<\/a><\/p>\n<p><!--more--><\/p>\n<p>\u201c<strong>En el mundo hay 7.000 millones de ciudades, porque cada persona habita una diferente.<\/strong><\/p>\n<p>Prol\u00edfico e innovador, Vicente Guallart (Valencia, 1963) trabaja desde hace a\u00f1os en la construcci\u00f3n de edificios y ciudades inteligentes, a partir de principios humanistas. Arquitecto jefe de Barcelona entre 2011 y 2015, fue adem\u00e1s en este periodo el primer gerente del departamento de H\u00e1bitat Urbano de la ciudad (que a\u00fana Medio Ambiente, Infraestructuras y Urbanismo), hoy llamado Ecolog\u00eda Urbana.<\/p>\n<p>Durante su mandato se desarrollaron importantes proyectos como el de la Plaza de las Glorias, se gir\u00f3 la mirada hacia Collserola y los barrios de monta\u00f1a, y se impuls\u00f3 el Smart City Campus en el 22@ sobre la Diagonal. Durante esos a\u00f1os Barcelona fue escogida \u2018Capital de la Innovaci\u00f3n 2014\u2032 por la Uni\u00f3n Europea, nombrada \u201cthe most connected city in the world\u201d (Fortune Magazine, 2015) y \u201cGlobal Smart City 2015\u201d (revista Juniper).<\/p>\n<p>Actualmente lidera el estudio de arquitectura Guallart Architects, realizando proyectos a nivel internacional. Ha desarrollado proyectos como los puertos de Fugee y Keelung en Taiw\u00e1n, el barrio de Sociopolis en Valencia o la residencia de viviendas universitarias compartidas en Gand\u00eda (\u2026)<\/p>\n<p><strong>\u00bfLa innovaci\u00f3n, en un concepto muy amplio y como convencimiento real, est\u00e1 siendo uno de los nuevos par\u00e1metros de la construcci\u00f3n tras la crisis?<\/strong><\/p>\n<p>La arquitectura espa\u00f1ola tradicionalmente ha tenido una importante vocaci\u00f3n de servicio, materializada en m\u00faltiples edificios p\u00fablicos y proyectos urbanos de alta calidad, que ha sido reconocida internacionalmente. Sin embargo, en los \u00faltimos a\u00f1os, el arquitecto tambi\u00e9n ha sido c\u00f3mplice en muchos casos del boom inmobiliario y de la transformaci\u00f3n de la arquitectura en un espect\u00e1culo alejado de los retos sociales que hoy est\u00e1n en el centro del debate urbano. La innovaci\u00f3n en los proyectos ha pretendido ser m\u00e1s formal que material o funcional. Y es aqu\u00ed donde se presentan los mayores retos y oportunidades para nuestra profesi\u00f3n. Nuestra tradici\u00f3n se ha construido mucho m\u00e1s a trav\u00e9s del oficio de proyectar y construir que a partir de innovar e inventar (\u2026)\u201d<\/p>\n<blockquote>\n<p style=\"text-align: center;\">Accede a la entrevista, <a href=\"http:\/\/blog.construmatica.com\/entrevista-con-vicente-guallart\/?utm_source=feedburner&amp;utm_medium=email&amp;utm_campaign=Feed%3A+construmatica+%28Blog+de+Construm%C3%A1tica%29\" target=\"_blank\">AQU\u00cd<\/a><\/p>\n<\/blockquote>\n<p><em><span style=\"color: #888888;\">Noticia seleccionada por el Canal de arquitectura STEPIENYBARNO.<\/span><\/em><\/p>\n<p><a href=\"https:\/\/twitter.com\/stepienybarno\" target=\"_blank\"><em>STEPIENYBARNO EN TWITTER _ @stepienybarno<\/em><\/a><\/p>\n<p><a href=\"http:\/\/www.linkedin.com\/company\/stepienybarno\" target=\"_blank\"><em>STEPIENYBARNO EN LINKEDIN<\/em><\/a><\/p>\n<p><a href=\"https:\/\/www.facebook.com\/pages\/BLOG-DE-STEPIENYBARNO\/78001079029\" target=\"_blank\"><em>STEPIENYBARNO EN FACEBOOK<\/em><\/a><\/p>\n<p><em><span style=\"color: #888888;\">*Stepienybarno est\u00e1 formado por Agnieszka Stepien y Lorenzo Barn\u00f3 y desde mayo del 2009 estamos en la red con\u00a0 la presente publicaci\u00f3n digital (Blog) de arquitectura.<\/span><\/em><\/p>\n<p><em><span style=\"color: #888888;\">Nuestra actividad se sustenta en tres pilares b\u00e1sicos: la investigaci\u00f3n, la publicaci\u00f3n (comunicaci\u00f3n y difusi\u00f3n) y la redacci\u00f3n de proyectos de arquitectura.<\/span><\/em><\/p>\n<p><em><span style=\"color: #888888;\">A su vez, somos socios cofundadores de<\/span><\/em> <a href=\"http:\/\/sinergiasostenible.org\/\" target=\"_blank\"><em>SINERGIA SOSTENIBLE<\/em><\/a><em><span style=\"color: #888888;\">, redactores de<\/span><\/em> <a href=\"http:\/\/www.laciudadviva.org\/blogs\/?author=45\" target=\"_blank\"><em>LA CIUDAD VIVA<\/em><\/a><span style=\"color: #888888;\"> <em>y directores del blog de<\/em><\/span> <a href=\"http:\/\/blogfundacion.arquia.es\/\" target=\"_blank\"><em>FUNDACI\u00d3N ARQUIA<span style=\"color: #888888;\">.<\/span><\/em><\/a><\/p>\n<p><em><span style=\"color: #888888;\">* Los editores de esta publicaci\u00f3n digital no nos hacemos cargo de de los comentarios y\u00a0 conceptos vertidos en los textos firmados por otras personas, siendo \u00e9stos de responsabilidad exclusiva de sus autores.<\/span><\/em><\/p>\n<p><em><span style=\"color: #888888;\">* Tu comentario podr\u00e1 ser moderado, por lo tanto, aunque aparezca inmediatamente al ser publicado en la entrada, los editores de esta publicaci\u00f3n digital nos reservamos el derecho tanto de editarlo (si fuera necesario, para hacerlo m\u00e1s legible) como de eliminarlo en el caso de que se usen expresiones incorrectas (descalificaciones, palabras malsonantes\u2026). A su vez, si quieres comentar desde el anonimato puedes hacerlo, aunque, nosotros personalmente, agradecemos que tod@s nos podamos identificar.<\/span><\/em><\/p>\n","protected":false},"excerpt":{"rendered":"<p>Desde Construmatica<\/p>\n<p>(m\u00e1s&#8230;)<\/p>\n","protected":false},"author":2,"featured_media":22094,"comment_status":"open","ping_status":"closed","sticky":false,"template":"","format":"standard","meta":{"om_disable_all_campaigns":false,"_monsterinsights_skip_tracking":false,"_monsterinsights_sitenote_active":false,"_monsterinsights_sitenote_note":"","_monsterinsights_sitenote_category":0,"_uf_show_specific_survey":0,"_uf_disable_surveys":false,"episode_type":"","audio_file":"","cover_image":"","cover_image_id":"","duration":"","filesize":"","date_recorded":"","explicit":"","block":"","filesize_raw":"","footnotes":""},"categories":[244],"tags":[947,24,1372],"series":[],"class_list":["post-22093","post","type-post","status-publish","format-standard","has-post-thumbnail","hentry","category-canal-de-arquitectura","tag-construmatica","tag-entrevista","tag-vicente-guallart"],"aioseo_notices":[],"episode_featured_image":"https:\/\/stepienybarno.es\/blog\/wp-content\/uploads\/2016\/04\/stepienybarno-blog-stepien-y-barno-construmatica-vicente-guallart.JPG","episode_player_image":"https:\/\/stepienybarno.es\/blog\/wp-content\/uploads\/2020\/11\/stepienybarno-podcast-scaled.jpg","download_link":"","player_link":"","audio_player":false,"episode_data":{"playerMode":"dark","subscribeUrls":[],"rssFeedUrl":"https:\/\/stepienybarno.es\/blog\/feed\/podcast\/podcast-de-stepienybarno","embedCode":"<blockquote class=\"wp-embedded-content\" data-secret=\"uXktOCr7fb\"><a href=\"https:\/\/stepienybarno.es\/blog\/2016\/04\/27\/entrevista-con-vicente-guallart\/\">ENTREVISTA CON VICENTE GUALLART<\/a><\/blockquote><iframe sandbox=\"allow-scripts\" security=\"restricted\" src=\"https:\/\/stepienybarno.es\/blog\/2016\/04\/27\/entrevista-con-vicente-guallart\/embed\/#?secret=uXktOCr7fb\" width=\"500\" height=\"350\" title=\"\u00abENTREVISTA CON VICENTE GUALLART\u00bb \u2014 Blog de STEPIEN Y BARNO - publicaci\u00f3n digital sobre arquitectura\" data-secret=\"uXktOCr7fb\" frameborder=\"0\" marginwidth=\"0\" marginheight=\"0\" scrolling=\"no\" class=\"wp-embedded-content\"><\/iframe><script type=\"text\/javascript\">\n\/* <![CDATA[ *\/\n\/*! This file is auto-generated *\/\n!function(d,l){\"use strict\";l.querySelector&&d.addEventListener&&\"undefined\"!=typeof URL&&(d.wp=d.wp||{},d.wp.receiveEmbedMessage||(d.wp.receiveEmbedMessage=function(e){var t=e.data;if((t||t.secret||t.message||t.value)&&!\/[^a-zA-Z0-9]\/.test(t.secret)){for(var s,r,n,a=l.querySelectorAll('iframe[data-secret=\"'+t.secret+'\"]'),o=l.querySelectorAll('blockquote[data-secret=\"'+t.secret+'\"]'),c=new RegExp(\"^https?:$\",\"i\"),i=0;i<o.length;i++)o[i].style.display=\"none\";for(i=0;i<a.length;i++)s=a[i],e.source===s.contentWindow&&(s.removeAttribute(\"style\"),\"height\"===t.message?(1e3<(r=parseInt(t.value,10))?r=1e3:~~r<200&&(r=200),s.height=r):\"link\"===t.message&&(r=new URL(s.getAttribute(\"src\")),n=new URL(t.value),c.test(n.protocol))&&n.host===r.host&&l.activeElement===s&&(d.top.location.href=t.value))}},d.addEventListener(\"message\",d.wp.receiveEmbedMessage,!1),l.addEventListener(\"DOMContentLoaded\",function(){for(var e,t,s=l.querySelectorAll(\"iframe.wp-embedded-content\"),r=0;r<s.length;r++)(t=(e=s[r]).getAttribute(\"data-secret\"))||(t=Math.random().toString(36).substring(2,12),e.src+=\"#?secret=\"+t,e.setAttribute(\"data-secret\",t)),e.contentWindow.postMessage({message:\"ready\",secret:t},\"*\")},!1)))}(window,document);\n\/* ]]> *\/\n<\/script>\n"},"_links":{"self":[{"href":"https:\/\/stepienybarno.es\/blog\/wp-json\/wp\/v2\/posts\/22093"}],"collection":[{"href":"https:\/\/stepienybarno.es\/blog\/wp-json\/wp\/v2\/posts"}],"about":[{"href":"https:\/\/stepienybarno.es\/blog\/wp-json\/wp\/v2\/types\/post"}],"author":[{"embeddable":true,"href":"https:\/\/stepienybarno.es\/blog\/wp-json\/wp\/v2\/users\/2"}],"replies":[{"embeddable":true,"href":"https:\/\/stepienybarno.es\/blog\/wp-json\/wp\/v2\/comments?post=22093"}],"version-history":[{"count":3,"href":"https:\/\/stepienybarno.es\/blog\/wp-json\/wp\/v2\/posts\/22093\/revisions"}],"predecessor-version":[{"id":25335,"href":"https:\/\/stepienybarno.es\/blog\/wp-json\/wp\/v2\/posts\/22093\/revisions\/25335"}],"wp:featuredmedia":[{"embeddable":true,"href":"https:\/\/stepienybarno.es\/blog\/wp-json\/wp\/v2\/media\/22094"}],"wp:attachment":[{"href":"https:\/\/stepienybarno.es\/blog\/wp-json\/wp\/v2\/media?parent=22093"}],"wp:term":[{"taxonomy":"category","embeddable":true,"href":"https:\/\/stepienybarno.es\/blog\/wp-json\/wp\/v2\/categories?post=22093"},{"taxonomy":"post_tag","embeddable":true,"href":"https:\/\/stepienybarno.es\/blog\/wp-json\/wp\/v2\/tags?post=22093"},{"taxonomy":"series","embeddable":true,"href":"https:\/\/stepienybarno.es\/blog\/wp-json\/wp\/v2\/series?post=22093"}],"curies":[{"name":"wp","href":"https:\/\/api.w.org\/{rel}","templated":true}]}}