{"id":22305,"date":"2016-05-16T07:42:20","date_gmt":"2016-05-16T05:42:20","guid":{"rendered":"https:\/\/www.stepienybarno.es\/blog\/?p=22305"},"modified":"2016-05-24T06:37:35","modified_gmt":"2016-05-24T04:37:35","slug":"entrevista-con-jose-juan-barba-de-metalocus-arquiblogs","status":"publish","type":"post","link":"https:\/\/stepienybarno.es\/blog\/2016\/05\/16\/entrevista-con-jose-juan-barba-de-metalocus-arquiblogs\/","title":{"rendered":"ENTREVISTA CON JOS\u00c9 JUAN BARBA DE METALOCUS #ARQUIBLOGS"},"content":{"rendered":"<p style=\"text-align: center;\"><img loading=\"lazy\" decoding=\"async\" class=\"aligncenter size-full wp-image-22306\" title=\"Logo-Metalocus-stepienybarno\" src=\"https:\/\/stepienybarno.es\/blog\/wp-content\/uploads\/2016\/05\/Logo-Metalocus-stepienybarno.png\" alt=\"Logo-Metalocus-stepienybarno\" width=\"350\" height=\"131\" srcset=\"https:\/\/stepienybarno.es\/blog\/wp-content\/uploads\/2016\/05\/Logo-Metalocus-stepienybarno.png 350w, https:\/\/stepienybarno.es\/blog\/wp-content\/uploads\/2016\/05\/Logo-Metalocus-stepienybarno-180x67.png 180w, https:\/\/stepienybarno.es\/blog\/wp-content\/uploads\/2016\/05\/Logo-Metalocus-stepienybarno-316x118.png 316w\" sizes=\"(max-width: 350px) 100vw, 350px\" \/><\/p>\n<p>Seguimos con nuestra serie de entrevistas con los responsables de los blogs m\u00e1s importantes de arquitectura. En esta ocasi\u00f3n, tenemos el lujo de contar con Juan Jos\u00e9 Barba de la publicaci\u00f3n digital de arquitectura, Metalocus. \u00a1Seguro que os encantan sus respuestas!<\/p>\n<p><!--more--><\/p>\n<p><span style=\"color: #808080;\">1_ \u00bfC\u00f3mo empezasteis en el mundo de los blogs de arquitectura?<\/span><\/p>\n<p>En realidad nunca tuvimos estructura de blogs y s\u00ed de <strong>web de magazine online. <\/strong>La interacci\u00f3n la dejamos para las redes, son m\u00e1s efectivas e interesantes, el debate planteado por los blogs de interacci\u00f3n directa estuvo bien en su fase inicial pero han pasado ya 10 a\u00f1os y las f\u00f3rmulas se han renovado, generando nuevas posibilidades en las que siempre nos hemos sentido m\u00e1s c\u00f3modos.<\/p>\n<p>Si nos preguntas por la versi\u00f3n online de METALOCUS tengo que decir que naci\u00f3 casi en <strong>1999.<\/strong> Durante todo este tiempo fue evolucionando, complejiz\u00e1ndose y simplific\u00e1ndose, para llegar a la versi\u00f3n que <strong>acabamos de inaugurar<\/strong> hace unos d\u00edas.<\/p>\n<p><span style=\"color: #808080;\">2_ Os animar\u00edais a contarnos cu\u00e1nto tiempo a la semana dedic\u00e1is a la web y a todo lo que tiene que ver con ella. \u00bfQu\u00e9 rutinas manten\u00e9is para que el blog siempre est\u00e9 a punto?<\/span><\/p>\n<p>En\u00a0METALOCUS online, como medio de comunicaci\u00f3n, difusi\u00f3n de la arquitectura y su entorno, <strong>el tiempo\u00a0est\u00e1 profesionalizado<\/strong>,\u00a0es de al menos 8 horas diarias, entre 6 y 7 personas en la redacci\u00f3n.<\/p>\n<p>Generar rutinas es algo que no nos planteamos como tal. Existen campos asignados, tem\u00e1ticas que van desarroll\u00e1ndose en funci\u00f3n de los intereses de los colaboradores, \u00e1reas de investigaci\u00f3n\u00a0y propuestas diferentes que van cambiando.<\/p>\n<p>Por ejemplo, <strong>In-Treatment<\/strong>, fue una serie de dos temporadas en la que comenzamos a\u00a0hablar de los arquitectos que se ve\u00edan obligados a trabajar fuera de su pa\u00eds, cuando nadie hablaba de ello, inspirados por la serie del mismo nombre. Fue una ventana abierta para que quienes estaban<strong> fuera<\/strong> contasen sus experiencias a otros arquitectos, nuevas formas de trabajar, nuevos sitios, as\u00ed como\u00a0 nuevas visiones de lugares.<\/p>\n<p>Desde una estrategia formal, s\u00ed que se producen <strong>algunas rutinas<\/strong>, como tener un criterio para maquetar las noticias que mantenemos constante y que, a la vez, va alter\u00e1ndose con el tiempo, un criterio que permite identificarnos y descubrir que vamos cambiando constantemente a la vez que somos reconocibles para nuestros lectores.<\/p>\n<p><span style=\"color: #808080;\">3_\u00a0 \u00bfCu\u00e1les son los puntos fuertes de vuestra Web? \u00bfC\u00f3mo es vuestra l\u00ednea editorial?<\/span><\/p>\n<p>El rigor, tener <strong>fuentes fiables<\/strong>, una gran red de amigos e intentar contrastar todas las informaciones cuando nos llegan por v\u00edas poco conocidas.<\/p>\n<p>Con el tiempo, hemos ido consolidando una forma de construir la Web en la que nuestros invitados se f\u00edan de nuestro <strong>rigor<\/strong>, como es en el tratamiento de los cr\u00e9ditos que muy pocos hacen.<\/p>\n<p>La l\u00ednea editorial se apoya b\u00e1sicamente en huir de lo escatol\u00f3gico, de la cr\u00edtica f\u00e1cil, e intentar realizarla con tranquilidad, divertida, sin que ello signifique renunciar a la <strong>denuncia, a la reflexi\u00f3n o\u00a0a la cr\u00edtica dura.<\/strong><\/p>\n<p>Nos consideramos un medio abierto, comprometido, que mira a diferentes campos y que intenta reajustar su mirada en funci\u00f3n de los <strong>cambios sociales, t\u00e9cnicos o profesionales<\/strong> que se producen en el mundo de la arquitectura.<\/p>\n<p><span style=\"color: #808080;\">4_ \u00bfHab\u00e9is colaborado con otros blogs de arquitectura? Contarnos lo que m\u00e1s valoras de otros blogs de arquitectura\u2026<\/span><\/p>\n<p>Muy pocas veces, solo de manera puntual; es m\u00e1s frecuente con instituciones, medios, arquitectos, artistas, galer\u00edas\u2026, con ellos, cientos de veces.<\/p>\n<p>Lo m\u00e1s valorado en otros blogs es justamente su <strong>esfuerzo por hablar de arquitectura<\/strong>. Cuantos m\u00e1s medios hay, m\u00e1s f\u00e1cil es ver las diferencias, sentirlos como un acicate para seguir mejorando.<\/p>\n<p>Hay que reconocer un esfuerzo tit\u00e1nico, en todos los medios, por mantenerse y por establecer un discurso, muchas veces fresco y muy interesante.<\/p>\n<p><span style=\"color: #808080;\">5_ \u00bfQu\u00e9 tipo de post son los que mejor funcionan, a nivel de visitas, en vuestro blog? \u00bfCu\u00e1l ha sido vuestro post m\u00e1s visitado y\/o comentando hasta el momento?<\/span><\/p>\n<p>No nos gusta hacer post, nos gusta hacer <strong>art\u00edculos.<\/strong> En muchos casos hacemos art\u00edculos que a conciencia sabemos que van a tener poca repercusi\u00f3n en el momento, pero que ayudan a ir <strong>construyendo nuestro discurso.<\/strong> Creemos que hay que contar determinadas cosas, aunque esas no sean las m\u00e1s le\u00eddas en el momento.<\/p>\n<p>Nos preocupa menos la inmediatez de la mayor\u00eda del trabajo, lo que no quiere decir que no estemos atentos a las primicias y recojamos las \u00faltimas novedades m\u00e1s interesantes. Nuestros lectores nos piden siempre dos lecturas, <strong>dos velocidades,<\/strong> la v\u00eda del acontecimiento y la v\u00eda tranquila que permite conocer.<\/p>\n<p><span style=\"color: #808080;\">6_ Hablarnos un poco c\u00f3mo va la visibilidad del blog. \u00bfHab\u00e9is monetizado vuestro blog?<\/span><\/p>\n<p>S\u00ed y cada vez m\u00e1s.<\/p>\n<p><span style=\"color: #808080;\">7_ \u00bfQu\u00e9 importancia juegan las redes sociales a la hora de difundir vuestro blog?<\/span><\/p>\n<p>Es importante, son lectores tan importantes como los de cualquier otra v\u00eda. No son los \u00fanicos, pero si<strong> los m\u00e1s activos.<\/strong><\/p>\n<p><span style=\"color: #808080;\">\u00bfTen\u00e9is alg\u00fan tipo de estrategia de Social Media?<\/span><\/p>\n<p>Ninguna en concreto.<\/p>\n<p><span style=\"color: #808080;\">8_ \u00bfCre\u00e9is que tener tu propia Web os ha abierto otras puertas?<\/span><\/p>\n<p>Las que busc\u00e1bamos, <strong>hablar, comunicar, compartir<\/strong>, de, con y sobre arquitectura.<\/p>\n<p><span style=\"color: #808080;\">9_ \u00bfAnimar\u00edais a otr@s compa\u00f1er@s a tener su propio blog? \u00bfQu\u00e9 consejo dar\u00edais a quienes est\u00e1n empezando con su blog?<\/span><\/p>\n<p>Animar a comunicar siempre. Lo hac\u00edamos con el papel, con la academia, con los medios on-line.<\/p>\n<p>No somos de dar muchos consejos, lo mejor es no pensarlo mucho, porque supone <strong>mucho trabajo<\/strong> y lanzarse, simplemente lanzarse, siempre se pueden inventar ciudades voladoras, revistas voladoras. No es tan dif\u00edcil, tampoco f\u00e1cil, pero cuando alguien tiene el gusanillo, busca sus propias referencias para apoyar su propia visi\u00f3n.<\/p>\n<p><span style=\"color: #808080;\">10_ \u00bfQu\u00e9 expectativas ten\u00e9is para el blog en un futuro no muy lejano?<\/span><\/p>\n<p>En estos d\u00edas y despu\u00e9s de 17 a\u00f1os\u00a0 (nacimos como METALOCUS en 1998), hemos inaugurado un nuevo dise\u00f1o de Web. Creemos que eso responde a la pregunta, en cualquier caso como parte indisoluble de nuestra forma de hacer arquitectura: <strong>seguir volando.<\/strong><\/p>\n<blockquote>\n<p style=\"text-align: center;\"><strong><span style=\"color: #ff0000;\">Web de Metalocus: <a href=\"http:\/\/www.metalocus.es\/\" target=\"_blank\">http:\/\/www.metalocus.es\/<\/a><\/span><\/strong><\/p>\n<\/blockquote>\n<p>&nbsp;<\/p>\n<p>*<span style=\"color: #888888;\"><em> Este art\u00edculo ha sido escrito con car\u00e1cter divulgativo y sin ning\u00fan tipo de \u00e1nimo de lucro. As\u00ed que, si te apetece compartirlo en cualquier otro medio, estaremos encantados de que lo hagas siempre y cuando cites el lugar donde lo has encontrado.<\/em><\/span><\/p>\n<p><a href=\"https:\/\/twitter.com\/stepienybarno\"><span style=\"color: #888888;\"><em>STEPIENYBARNO EN TWITTER _ @stepienybarno<\/em><\/span><\/a><\/p>\n<p><a href=\"http:\/\/www.linkedin.com\/company\/stepienybarno\"><span style=\"color: #888888;\"><em>STEPIENYBARNO EN LINKEDIN<\/em><\/span><\/a><\/p>\n<p><a href=\"https:\/\/www.facebook.com\/pages\/BLOG-DE-STEPIENYBARNO\/78001079029\"><span style=\"color: #888888;\"><em>STEPIENYBARNO EN FACEBOOK<\/em><\/span><\/a><\/p>\n<p><span style=\"color: #888888;\"><em>* Stepienybarno est\u00e1 formado por Agnieszka Stepien y Lorenzo Barn\u00f3 y desde mayo del 2009 estamos en la red con\u00a0 la presente publicaci\u00f3n digital (Blog) de arquitectura.<\/em><\/span><\/p>\n<p><span style=\"color: #888888;\"><em>Nuestra actividad se sustenta en tres pilares b\u00e1sicos: la investigaci\u00f3n, la publicaci\u00f3n y la redacci\u00f3n de proyectos de arquitectura.<\/em><\/span><\/p>\n<p align=\"left\"><span style=\"color: #888888;\"><em>A su vez, somos socios cofundadores de <a href=\"http:\/\/sinergiasostenible.org\/\">SINERGIA SOSTENIBLE<\/a>, redactores de <a href=\"http:\/\/www.laciudadviva.org\/blogs\/?author=45\">LA CIUDAD VIVA<\/a> y directores del blog de FUNDACI\u00d3N ARQUIA.<\/em><\/span><\/p>\n<p><span style=\"color: #888888;\"><em>* Los editores de esta publicaci\u00f3n digital no nos hacemos cargo de de los comentarios y\u00a0 conceptos vertidos en los textos firmados por otras personas, siendo \u00e9stos de responsabilidad exclusiva de sus autores.<\/em><\/span><\/p>\n<p><span style=\"color: #888888;\"><em>* Tu comentario pudiera ser moderado, por lo tanto, aunque aparezca inmediatamente al ser publicado en la entrada, los editores de esta publicaci\u00f3n digital nos reservamos el derecho tanto de editarlo (si fuera necesario, para hacerlo m\u00e1s legible) como de eliminarlo en el caso de que se usen expresiones incorrectas (descalificaciones, palabras malsonantes\u2026). A su vez, si quieres comentar desde el anonimato puedes hacerlo, aunque, nosotros personalmente, agradecemos que tod@s nos podamos identificar.<\/em><\/span><\/p>\n","protected":false},"excerpt":{"rendered":"<p>Seguimos con nuestra serie de entrevistas con los responsables de<\/p>\n","protected":false},"author":2,"featured_media":22306,"comment_status":"open","ping_status":"closed","sticky":false,"template":"","format":"standard","meta":{"om_disable_all_campaigns":false,"_monsterinsights_skip_tracking":false,"_monsterinsights_sitenote_active":false,"_monsterinsights_sitenote_note":"","_monsterinsights_sitenote_category":0,"_uf_show_specific_survey":0,"_uf_disable_surveys":false,"episode_type":"","audio_file":"","cover_image":"","cover_image_id":"","duration":"","filesize":"","date_recorded":"","explicit":"","block":"","filesize_raw":"","footnotes":""},"categories":[63],"tags":[33,4246,2871],"series":[],"class_list":["post-22305","post","type-post","status-publish","format-standard","has-post-thumbnail","hentry","category-arqui-entrevista","tag-blog","tag-juan-jose-barba","tag-metalocus"],"aioseo_notices":[],"episode_featured_image":"https:\/\/stepienybarno.es\/blog\/wp-content\/uploads\/2016\/05\/Logo-Metalocus-stepienybarno.png","episode_player_image":"https:\/\/stepienybarno.es\/blog\/wp-content\/uploads\/2020\/11\/stepienybarno-podcast-scaled.jpg","download_link":"","player_link":"","audio_player":false,"episode_data":{"playerMode":"dark","subscribeUrls":[],"rssFeedUrl":"https:\/\/stepienybarno.es\/blog\/feed\/podcast\/podcast-de-stepienybarno","embedCode":"<blockquote class=\"wp-embedded-content\" data-secret=\"xnsb9ZvYpo\"><a href=\"https:\/\/stepienybarno.es\/blog\/2016\/05\/16\/entrevista-con-jose-juan-barba-de-metalocus-arquiblogs\/\">ENTREVISTA CON JOS\u00c9 JUAN BARBA DE METALOCUS #ARQUIBLOGS<\/a><\/blockquote><iframe sandbox=\"allow-scripts\" security=\"restricted\" src=\"https:\/\/stepienybarno.es\/blog\/2016\/05\/16\/entrevista-con-jose-juan-barba-de-metalocus-arquiblogs\/embed\/#?secret=xnsb9ZvYpo\" width=\"500\" height=\"350\" title=\"\u00abENTREVISTA CON JOS\u00c9 JUAN BARBA DE METALOCUS #ARQUIBLOGS\u00bb \u2014 Blog de STEPIEN Y BARNO - publicaci\u00f3n digital sobre arquitectura\" data-secret=\"xnsb9ZvYpo\" frameborder=\"0\" marginwidth=\"0\" marginheight=\"0\" scrolling=\"no\" class=\"wp-embedded-content\"><\/iframe><script type=\"text\/javascript\">\n\/* <![CDATA[ *\/\n\/*! This file is auto-generated *\/\n!function(d,l){\"use strict\";l.querySelector&&d.addEventListener&&\"undefined\"!=typeof URL&&(d.wp=d.wp||{},d.wp.receiveEmbedMessage||(d.wp.receiveEmbedMessage=function(e){var t=e.data;if((t||t.secret||t.message||t.value)&&!\/[^a-zA-Z0-9]\/.test(t.secret)){for(var s,r,n,a=l.querySelectorAll('iframe[data-secret=\"'+t.secret+'\"]'),o=l.querySelectorAll('blockquote[data-secret=\"'+t.secret+'\"]'),c=new RegExp(\"^https?:$\",\"i\"),i=0;i<o.length;i++)o[i].style.display=\"none\";for(i=0;i<a.length;i++)s=a[i],e.source===s.contentWindow&&(s.removeAttribute(\"style\"),\"height\"===t.message?(1e3<(r=parseInt(t.value,10))?r=1e3:~~r<200&&(r=200),s.height=r):\"link\"===t.message&&(r=new URL(s.getAttribute(\"src\")),n=new URL(t.value),c.test(n.protocol))&&n.host===r.host&&l.activeElement===s&&(d.top.location.href=t.value))}},d.addEventListener(\"message\",d.wp.receiveEmbedMessage,!1),l.addEventListener(\"DOMContentLoaded\",function(){for(var e,t,s=l.querySelectorAll(\"iframe.wp-embedded-content\"),r=0;r<s.length;r++)(t=(e=s[r]).getAttribute(\"data-secret\"))||(t=Math.random().toString(36).substring(2,12),e.src+=\"#?secret=\"+t,e.setAttribute(\"data-secret\",t)),e.contentWindow.postMessage({message:\"ready\",secret:t},\"*\")},!1)))}(window,document);\n\/* ]]> *\/\n<\/script>\n"},"_links":{"self":[{"href":"https:\/\/stepienybarno.es\/blog\/wp-json\/wp\/v2\/posts\/22305"}],"collection":[{"href":"https:\/\/stepienybarno.es\/blog\/wp-json\/wp\/v2\/posts"}],"about":[{"href":"https:\/\/stepienybarno.es\/blog\/wp-json\/wp\/v2\/types\/post"}],"author":[{"embeddable":true,"href":"https:\/\/stepienybarno.es\/blog\/wp-json\/wp\/v2\/users\/2"}],"replies":[{"embeddable":true,"href":"https:\/\/stepienybarno.es\/blog\/wp-json\/wp\/v2\/comments?post=22305"}],"version-history":[{"count":6,"href":"https:\/\/stepienybarno.es\/blog\/wp-json\/wp\/v2\/posts\/22305\/revisions"}],"predecessor-version":[{"id":22506,"href":"https:\/\/stepienybarno.es\/blog\/wp-json\/wp\/v2\/posts\/22305\/revisions\/22506"}],"wp:featuredmedia":[{"embeddable":true,"href":"https:\/\/stepienybarno.es\/blog\/wp-json\/wp\/v2\/media\/22306"}],"wp:attachment":[{"href":"https:\/\/stepienybarno.es\/blog\/wp-json\/wp\/v2\/media?parent=22305"}],"wp:term":[{"taxonomy":"category","embeddable":true,"href":"https:\/\/stepienybarno.es\/blog\/wp-json\/wp\/v2\/categories?post=22305"},{"taxonomy":"post_tag","embeddable":true,"href":"https:\/\/stepienybarno.es\/blog\/wp-json\/wp\/v2\/tags?post=22305"},{"taxonomy":"series","embeddable":true,"href":"https:\/\/stepienybarno.es\/blog\/wp-json\/wp\/v2\/series?post=22305"}],"curies":[{"name":"wp","href":"https:\/\/api.w.org\/{rel}","templated":true}]}}