{"id":22382,"date":"2016-05-17T12:12:10","date_gmt":"2016-05-17T10:12:10","guid":{"rendered":"https:\/\/www.stepienybarno.es\/blog\/?p=22382"},"modified":"2016-05-24T06:30:08","modified_gmt":"2016-05-24T04:30:08","slug":"una-capilla-unas-patas-de-gallinas-y-un-par-de-horquillas","status":"publish","type":"post","link":"https:\/\/stepienybarno.es\/blog\/2016\/05\/17\/una-capilla-unas-patas-de-gallinas-y-un-par-de-horquillas\/","title":{"rendered":"UNA CAPILLA, UNAS PATAS DE GALLINAS Y UN PAR DE HORQUILLAS"},"content":{"rendered":"<p><img loading=\"lazy\" decoding=\"async\" class=\"aligncenter size-full wp-image-22383\" title=\"stepienybarno-blog-stepien-y-barno-arquitectura-rodrigo-almonacid-Coderch-Fisac-de-la-Sota\" src=\"https:\/\/stepienybarno.es\/blog\/wp-content\/uploads\/2016\/05\/stepienybarno-blog-stepien-y-barno-arquitectura-rodrigo-almonacid-Coderch-Fisac-de-la-Sota.png\" alt=\"stepienybarno-blog-stepien-y-barno-arquitectura-rodrigo-almonacid-Coderch-Fisac-de-la-Sota\" width=\"500\" height=\"447\" srcset=\"https:\/\/stepienybarno.es\/blog\/wp-content\/uploads\/2016\/05\/stepienybarno-blog-stepien-y-barno-arquitectura-rodrigo-almonacid-Coderch-Fisac-de-la-Sota.png 500w, https:\/\/stepienybarno.es\/blog\/wp-content\/uploads\/2016\/05\/stepienybarno-blog-stepien-y-barno-arquitectura-rodrigo-almonacid-Coderch-Fisac-de-la-Sota-180x161.png 180w, https:\/\/stepienybarno.es\/blog\/wp-content\/uploads\/2016\/05\/stepienybarno-blog-stepien-y-barno-arquitectura-rodrigo-almonacid-Coderch-Fisac-de-la-Sota-316x283.png 316w\" sizes=\"(max-width: 500px) 100vw, 500px\" \/><\/p>\n<p>Por Rodrigo Almonacid Canseco\u00a0 Desde <a href=\"https:\/\/rarquitectura.files.wordpress.com\/\" target=\"_blank\">R-Arquitectura<\/a><\/p>\n<p><!--more--><\/p>\n<p>\u201cSeguir el rastro a tres maestros de la arquitectura espa\u00f1ola como Coderch, Fisac y de la Sota, nacidos todos en 1913 pero de procedencias y caracteres bien distintos (un catal\u00e1n, un manchego y un gallego) es tropezar con las tremendas dificultades que tuvo que superar esa generaci\u00f3n de arquitectos que comenzaron su carrera al terminar la Guerra Civil, aplicando la \u00fanica respuesta posible ante tal cr\u00edtica coyuntura: la imaginaci\u00f3n.<\/p>\n<p>Se propone explorar la idea de arquitectura y la actitud vital de los arquitectos referidos a trav\u00e9s de la disciplina del Dise\u00f1o industrial de objetos cotidianos. El denodado esfuerzo por \u201cresolver el problema\u201d al servicio del habitar (dom\u00e9stico, laboral, etc.) obliga a su dise\u00f1ador a considerar toda una serie de condicionantes heterog\u00e9neos para su proyecto final, en el que parad\u00f3jicamente se encuentran eclipsados tras la forma sint\u00e9tica y depurada del objeto finalmente elaborado, de indiscutible calidad en estos tres arquitectos.<\/p>\n<p><strong>Coderch<\/strong> busca la soluci\u00f3n entre la naturaleza del problema arquitect\u00f3nico, persiguiendo una continuidad con los valores inmutables que la tradici\u00f3n hab\u00eda depositado. Esta postura humanista, unida a su preocupaci\u00f3n existencial y religiosa, la vemos reflejada en su dise\u00f1o de la chimenea \u201cCapilla\u201d, una reflexionada renuncia a hacer en favor de un su \u201ccondici\u00f3n arquet\u00edpica\u201d (como define A.Armesto) que la vincula a la estufa casera, convenci\u00e9ndonos con su evidencia y clarividencia, tal y como lo hac\u00eda con el trazado de sus plantas.<\/p>\n<p>En cambio, <strong>Fisac<\/strong> se obstina por avanzar cual \u201c\u00faltimo pionero\u201d (seg\u00fan J.A.Cort\u00e9s) a la conquista de la terra ignota donde hallar el nuevo paradigma, sin por ello renunciar a la cultura popular o al crudo realismo del habitar. Capaz de justificar la necesidad del corral para su propia casa de verano mallorquina, y de responder con sofisticaci\u00f3n al dise\u00f1o de unos sillones para una compa\u00f1\u00eda naviera cuya estabilidad se basa en la forma de las patas de las gallinas, una met\u00e1fora visual atravesada por referencias a los sillones de Mies o al nomencl\u00e1tor animal de los dise\u00f1os de Jacobsen (\u2026)\u201d<\/p>\n<blockquote>\n<p style=\"text-align: center;\">Accede al art\u00edculo, <a href=\"https:\/\/rarquitectura.files.wordpress.com\/2013\/03\/una-capilla-unas-patas-de-gallina-y-un-par-de-horquillas-c-rodrigo-almonacid-ph-d-architect1.pdf\" target=\"_blank\">AQU\u00cd<\/a><\/p>\n<\/blockquote>\n<p>&nbsp;<\/p>\n<p><em><span style=\"color: #888888;\">Noticia seleccionada por el Canal de arquitectura STEPIENYBARNO.<\/span><\/em><\/p>\n<p><a href=\"https:\/\/twitter.com\/stepienybarno\" target=\"_blank\"><em>STEPIENYBARNO EN TWITTER _ @stepienybarno<\/em><\/a><\/p>\n<p><a href=\"http:\/\/www.linkedin.com\/company\/stepienybarno\" target=\"_blank\"><em>STEPIENYBARNO EN LINKEDIN<\/em><\/a><\/p>\n<p><a href=\"https:\/\/www.facebook.com\/pages\/BLOG-DE-STEPIENYBARNO\/78001079029\" target=\"_blank\"><em>STEPIENYBARNO EN FACEBOOK<\/em><\/a><\/p>\n<p><em><span style=\"color: #888888;\">*Stepienybarno est\u00e1 formado por Agnieszka Stepien y Lorenzo Barn\u00f3 y desde mayo del 2009 estamos en la red con\u00a0 la presente publicaci\u00f3n digital (Blog) de arquitectura.<\/span><\/em><\/p>\n<p><em><span style=\"color: #888888;\">Nuestra actividad se sustenta en tres pilares b\u00e1sicos: la investigaci\u00f3n, la publicaci\u00f3n (comunicaci\u00f3n y difusi\u00f3n) y la redacci\u00f3n de proyectos de arquitectura.<\/span><\/em><\/p>\n<p><span style=\"color: #888888;\"><em>A su vez, somos socios cofundadores de<\/em> <\/span><a href=\"http:\/\/sinergiasostenible.org\/\" target=\"_blank\"><em>SINERGIA SOSTENIBLE<\/em><\/a><em><span style=\"color: #888888;\">, redactores de<\/span><\/em> <a href=\"http:\/\/www.laciudadviva.org\/blogs\/?author=45\" target=\"_blank\"><em>LA CIUDAD VIVA<\/em><\/a><span style=\"color: #888888;\"> <em>y directores del blog de<\/em> <\/span><a href=\"http:\/\/blogfundacion.arquia.es\/\" target=\"_blank\"><em>FUNDACI\u00d3N ARQUIA<span style=\"color: #888888;\">.<\/span><\/em><\/a><\/p>\n<p><em><span style=\"color: #888888;\">* Los editores de esta publicaci\u00f3n digital no nos hacemos cargo de de los comentarios y\u00a0 conceptos vertidos en los textos firmados por otras personas, siendo \u00e9stos de responsabilidad exclusiva de sus autores.<\/span><\/em><\/p>\n<p><em><span style=\"color: #888888;\">* Tu comentario podr\u00e1 ser moderado, por lo tanto, aunque aparezca inmediatamente al ser publicado en la entrada, los editores de esta publicaci\u00f3n digital nos reservamos el derecho tanto de editarlo (si fuera necesario, para hacerlo m\u00e1s legible) como de eliminarlo en el caso de que se usen expresiones incorrectas (descalificaciones, palabras malsonantes\u2026). A su vez, si quieres comentar desde el anonimato puedes hacerlo, aunque, nosotros personalmente, agradecemos que tod@s nos podamos identificar.<\/span><\/em><\/p>\n","protected":false},"excerpt":{"rendered":"<p>Por Rodrigo Almonacid Canseco  Desde R-Arquitectura<\/p>\n<p>(m\u00e1s&#8230;)<\/p>\n","protected":false},"author":2,"featured_media":22383,"comment_status":"open","ping_status":"closed","sticky":false,"template":"","format":"standard","meta":{"om_disable_all_campaigns":false,"_monsterinsights_skip_tracking":false,"_monsterinsights_sitenote_active":false,"_monsterinsights_sitenote_note":"","_monsterinsights_sitenote_category":0,"_uf_show_specific_survey":0,"_uf_disable_surveys":false,"episode_type":"","audio_file":"","cover_image":"","cover_image_id":"","duration":"","filesize":"","date_recorded":"","explicit":"","block":"","filesize_raw":"","footnotes":""},"categories":[244],"tags":[598,2358,346,2379,2378],"series":[],"class_list":["post-22382","post","type-post","status-publish","format-standard","has-post-thumbnail","hentry","category-canal-de-arquitectura","tag-alejandro-de-la-sota","tag-fisac","tag-jose-antonio-coderch","tag-r-arquitectura","tag-rodrigo-almonacid-canseco"],"aioseo_notices":[],"episode_featured_image":"https:\/\/stepienybarno.es\/blog\/wp-content\/uploads\/2016\/05\/stepienybarno-blog-stepien-y-barno-arquitectura-rodrigo-almonacid-Coderch-Fisac-de-la-Sota.png","episode_player_image":"https:\/\/stepienybarno.es\/blog\/wp-content\/uploads\/2020\/11\/stepienybarno-podcast-scaled.jpg","download_link":"","player_link":"","audio_player":false,"episode_data":{"playerMode":"dark","subscribeUrls":[],"rssFeedUrl":"https:\/\/stepienybarno.es\/blog\/feed\/podcast\/podcast-de-stepienybarno","embedCode":"<blockquote class=\"wp-embedded-content\" data-secret=\"aEtYBTfHTJ\"><a href=\"https:\/\/stepienybarno.es\/blog\/2016\/05\/17\/una-capilla-unas-patas-de-gallinas-y-un-par-de-horquillas\/\">UNA CAPILLA, UNAS PATAS DE GALLINAS Y UN PAR DE HORQUILLAS<\/a><\/blockquote><iframe sandbox=\"allow-scripts\" security=\"restricted\" src=\"https:\/\/stepienybarno.es\/blog\/2016\/05\/17\/una-capilla-unas-patas-de-gallinas-y-un-par-de-horquillas\/embed\/#?secret=aEtYBTfHTJ\" width=\"500\" height=\"350\" title=\"\u00abUNA CAPILLA, UNAS PATAS DE GALLINAS Y UN PAR DE HORQUILLAS\u00bb \u2014 Blog de STEPIEN Y BARNO - publicaci\u00f3n digital sobre arquitectura\" data-secret=\"aEtYBTfHTJ\" frameborder=\"0\" marginwidth=\"0\" marginheight=\"0\" scrolling=\"no\" class=\"wp-embedded-content\"><\/iframe><script type=\"text\/javascript\">\n\/* <![CDATA[ *\/\n\/*! This file is auto-generated *\/\n!function(d,l){\"use strict\";l.querySelector&&d.addEventListener&&\"undefined\"!=typeof URL&&(d.wp=d.wp||{},d.wp.receiveEmbedMessage||(d.wp.receiveEmbedMessage=function(e){var t=e.data;if((t||t.secret||t.message||t.value)&&!\/[^a-zA-Z0-9]\/.test(t.secret)){for(var s,r,n,a=l.querySelectorAll('iframe[data-secret=\"'+t.secret+'\"]'),o=l.querySelectorAll('blockquote[data-secret=\"'+t.secret+'\"]'),c=new RegExp(\"^https?:$\",\"i\"),i=0;i<o.length;i++)o[i].style.display=\"none\";for(i=0;i<a.length;i++)s=a[i],e.source===s.contentWindow&&(s.removeAttribute(\"style\"),\"height\"===t.message?(1e3<(r=parseInt(t.value,10))?r=1e3:~~r<200&&(r=200),s.height=r):\"link\"===t.message&&(r=new URL(s.getAttribute(\"src\")),n=new URL(t.value),c.test(n.protocol))&&n.host===r.host&&l.activeElement===s&&(d.top.location.href=t.value))}},d.addEventListener(\"message\",d.wp.receiveEmbedMessage,!1),l.addEventListener(\"DOMContentLoaded\",function(){for(var e,t,s=l.querySelectorAll(\"iframe.wp-embedded-content\"),r=0;r<s.length;r++)(t=(e=s[r]).getAttribute(\"data-secret\"))||(t=Math.random().toString(36).substring(2,12),e.src+=\"#?secret=\"+t,e.setAttribute(\"data-secret\",t)),e.contentWindow.postMessage({message:\"ready\",secret:t},\"*\")},!1)))}(window,document);\n\/* ]]> *\/\n<\/script>\n"},"_links":{"self":[{"href":"https:\/\/stepienybarno.es\/blog\/wp-json\/wp\/v2\/posts\/22382"}],"collection":[{"href":"https:\/\/stepienybarno.es\/blog\/wp-json\/wp\/v2\/posts"}],"about":[{"href":"https:\/\/stepienybarno.es\/blog\/wp-json\/wp\/v2\/types\/post"}],"author":[{"embeddable":true,"href":"https:\/\/stepienybarno.es\/blog\/wp-json\/wp\/v2\/users\/2"}],"replies":[{"embeddable":true,"href":"https:\/\/stepienybarno.es\/blog\/wp-json\/wp\/v2\/comments?post=22382"}],"version-history":[{"count":3,"href":"https:\/\/stepienybarno.es\/blog\/wp-json\/wp\/v2\/posts\/22382\/revisions"}],"predecessor-version":[{"id":22494,"href":"https:\/\/stepienybarno.es\/blog\/wp-json\/wp\/v2\/posts\/22382\/revisions\/22494"}],"wp:featuredmedia":[{"embeddable":true,"href":"https:\/\/stepienybarno.es\/blog\/wp-json\/wp\/v2\/media\/22383"}],"wp:attachment":[{"href":"https:\/\/stepienybarno.es\/blog\/wp-json\/wp\/v2\/media?parent=22382"}],"wp:term":[{"taxonomy":"category","embeddable":true,"href":"https:\/\/stepienybarno.es\/blog\/wp-json\/wp\/v2\/categories?post=22382"},{"taxonomy":"post_tag","embeddable":true,"href":"https:\/\/stepienybarno.es\/blog\/wp-json\/wp\/v2\/tags?post=22382"},{"taxonomy":"series","embeddable":true,"href":"https:\/\/stepienybarno.es\/blog\/wp-json\/wp\/v2\/series?post=22382"}],"curies":[{"name":"wp","href":"https:\/\/api.w.org\/{rel}","templated":true}]}}