{"id":22399,"date":"2016-05-19T10:32:22","date_gmt":"2016-05-19T08:32:22","guid":{"rendered":"https:\/\/www.stepienybarno.es\/blog\/?p=22399"},"modified":"2016-05-24T06:28:42","modified_gmt":"2016-05-24T04:28:42","slug":"paisaje-de-luz","status":"publish","type":"post","link":"https:\/\/stepienybarno.es\/blog\/2016\/05\/19\/paisaje-de-luz\/","title":{"rendered":"PAISAJE DE LUZ"},"content":{"rendered":"<p><img loading=\"lazy\" decoding=\"async\" class=\"aligncenter size-full wp-image-22400\" title=\"stepienybarno-blog-stepien-y-barno-arquitectura-miguel-barahona\" src=\"https:\/\/stepienybarno.es\/blog\/wp-content\/uploads\/2016\/05\/stepienybarno-blog-stepien-y-barno-arquitectura-miguel-barahona.png\" alt=\"stepienybarno-blog-stepien-y-barno-arquitectura-miguel-barahona\" width=\"500\" height=\"404\" srcset=\"https:\/\/stepienybarno.es\/blog\/wp-content\/uploads\/2016\/05\/stepienybarno-blog-stepien-y-barno-arquitectura-miguel-barahona.png 500w, https:\/\/stepienybarno.es\/blog\/wp-content\/uploads\/2016\/05\/stepienybarno-blog-stepien-y-barno-arquitectura-miguel-barahona-180x145.png 180w, https:\/\/stepienybarno.es\/blog\/wp-content\/uploads\/2016\/05\/stepienybarno-blog-stepien-y-barno-arquitectura-miguel-barahona-316x255.png 316w\" sizes=\"(max-width: 500px) 100vw, 500px\" \/><\/p>\n<p>Por <em><a href=\"https:\/\/mgbarahona.wordpress.com\" target=\"_blank\">Miguel Barahona<\/a><\/em><\/p>\n<p><em><!--more--><\/em><\/p>\n<p style=\"text-align: justify;\">\u201cDeber\u00eda ser una obviedad:\u00a0<strong>la arquitectura se construye a partir de la luz<\/strong>. Gracias a ella no s\u00f3lo podemos ocupar y utilizar el interior de los edificios, sino que se puede revelar la arquitectura; es la que permite que se muestre como algo m\u00e1s all\u00e1 de la funci\u00f3n que acoge o de la simple construcci\u00f3n. La luz hace que los espacios desplieguen ante nuestros ojos su aut\u00e9ntica naturaleza, que los materiales que la constituyen muestren su condici\u00f3n m\u00e1s profunda. Es la que, parad\u00f3jicamente, hace que podamos percibir las propiedades no visuales de la materia. Seg\u00fan su tonalidad, su \u00e1ngulo de incidencia, los cambios a lo largo del d\u00eda o con las estaciones, su coloraci\u00f3n, brillo, reflejo o rugosidad cambian.\u00a0<strong>La materia, el espacio, son los mismos; nuestra percepci\u00f3n, no.<\/strong><\/p>\n<p style=\"text-align: justify;\">La arquitectura ha partido siempre del problema de c\u00f3mo conseguir captar, atrapar y distribuir la luz. Sin ella, el juego de los vol\u00famenes \u2013y los espacios- no existe. Afirmaba Louis Kahn que\u00a0<strong>la elecci\u00f3n de la estructura es la elecci\u00f3n de la luz que da forma al espacio<\/strong>. Esto es, en primer lugar el sistema estructural, la forma que tiene el edificio de distribuir el peso, de conducir su propia gravedad hasta el terreno, est\u00e1 \u00edntimamente relacionado con la forma de distribuir lo hueco, la ausencia de materia, lo et\u00e9reo de la arquitectura. Pero por otra parte, la organizaci\u00f3n profunda del edificio, el orden que despliega en el lugar m\u00e1s all\u00e1 de la distribuci\u00f3n, implica establecer la idea que dirige la disposici\u00f3n de la luz en su interior (\u2026)\u201d<\/p>\n<blockquote>\n<p style=\"text-align: center;\">Accede al art\u00edculo, <a href=\"https:\/\/mgbarahona.wordpress.com\/2016\/05\/04\/paisaje-de-luz\/\" target=\"_blank\">AQU\u00cd<\/a><\/p>\n<\/blockquote>\n<p><em><span style=\"color: #888888;\">Noticia seleccionada por el Canal de arquitectura STEPIENYBARNO.<\/span><\/em><\/p>\n<p><a href=\"https:\/\/twitter.com\/stepienybarno\" target=\"_blank\"><em>STEPIENYBARNO EN TWITTER _ @stepienybarno<\/em><\/a><\/p>\n<p><a href=\"http:\/\/www.linkedin.com\/company\/stepienybarno\" target=\"_blank\"><em>STEPIENYBARNO EN LINKEDIN<\/em><\/a><\/p>\n<p><a href=\"https:\/\/www.facebook.com\/pages\/BLOG-DE-STEPIENYBARNO\/78001079029\" target=\"_blank\"><em>STEPIENYBARNO EN FACEBOOK<\/em><\/a><\/p>\n<p><em><span style=\"color: #888888;\">*Stepienybarno est\u00e1 formado por Agnieszka Stepien y Lorenzo Barn\u00f3 y desde mayo del 2009 estamos en la red con\u00a0 la presente publicaci\u00f3n digital (Blog) de arquitectura.<\/span><\/em><\/p>\n<p><em><span style=\"color: #888888;\">Nuestra actividad se sustenta en tres pilares b\u00e1sicos: la investigaci\u00f3n, la publicaci\u00f3n (comunicaci\u00f3n y difusi\u00f3n) y la redacci\u00f3n de proyectos de arquitectura.<\/span><\/em><\/p>\n<p><span style=\"color: #888888;\"><em>A su vez, somos socios cofundadores de<\/em> <\/span><a href=\"http:\/\/sinergiasostenible.org\/\" target=\"_blank\"><em>SINERGIA SOSTENIBLE<\/em><\/a><em><span style=\"color: #888888;\">, redactores de<\/span><\/em> <a href=\"http:\/\/www.laciudadviva.org\/blogs\/?author=45\" target=\"_blank\"><em>LA CIUDAD VIVA<\/em><\/a><span style=\"color: #888888;\"> <em>y directores del blog de<\/em><\/span> <a href=\"http:\/\/blogfundacion.arquia.es\/\" target=\"_blank\"><em>FUNDACI\u00d3N ARQUIA<span style=\"color: #888888;\">.<\/span><\/em><\/a><\/p>\n<p><em><span style=\"color: #888888;\">* Los editores de esta publicaci\u00f3n digital no nos hacemos cargo de de los comentarios y\u00a0 conceptos vertidos en los textos firmados por otras personas, siendo \u00e9stos de responsabilidad exclusiva de sus autores.<\/span><\/em><\/p>\n<p><em><span style=\"color: #888888;\">* Tu comentario podr\u00e1 ser moderado, por lo tanto, aunque aparezca inmediatamente al ser publicado en la entrada, los editores de esta publicaci\u00f3n digital nos reservamos el derecho tanto de editarlo (si fuera necesario, para hacerlo m\u00e1s legible) como de eliminarlo en el caso de que se usen expresiones incorrectas (descalificaciones, palabras malsonantes\u2026). A su vez, si quieres comentar desde el anonimato puedes hacerlo, aunque, nosotros personalmente, agradecemos que tod@s nos podamos identificar.<\/span><\/em><\/p>\n","protected":false},"excerpt":{"rendered":"<p>Por Miguel Barahona<\/p>\n<p>(m\u00e1s&#8230;)<\/p>\n","protected":false},"author":2,"featured_media":22400,"comment_status":"open","ping_status":"closed","sticky":false,"template":"","format":"standard","meta":{"om_disable_all_campaigns":false,"_monsterinsights_skip_tracking":false,"_monsterinsights_sitenote_active":false,"_monsterinsights_sitenote_note":"","_monsterinsights_sitenote_category":0,"_uf_show_specific_survey":0,"_uf_disable_surveys":false,"episode_type":"","audio_file":"","cover_image":"","cover_image_id":"","duration":"","filesize":"","date_recorded":"","explicit":"","block":"","filesize_raw":"","footnotes":""},"categories":[244],"tags":[4261],"series":[],"class_list":["post-22399","post","type-post","status-publish","format-standard","has-post-thumbnail","hentry","category-canal-de-arquitectura","tag-miguel-barahona"],"aioseo_notices":[],"episode_featured_image":"https:\/\/stepienybarno.es\/blog\/wp-content\/uploads\/2016\/05\/stepienybarno-blog-stepien-y-barno-arquitectura-miguel-barahona.png","episode_player_image":"https:\/\/stepienybarno.es\/blog\/wp-content\/uploads\/2020\/11\/stepienybarno-podcast-scaled.jpg","download_link":"","player_link":"","audio_player":false,"episode_data":{"playerMode":"dark","subscribeUrls":[],"rssFeedUrl":"https:\/\/stepienybarno.es\/blog\/feed\/podcast\/podcast-de-stepienybarno","embedCode":"<blockquote class=\"wp-embedded-content\" data-secret=\"hQm3dRhx9d\"><a href=\"https:\/\/stepienybarno.es\/blog\/2016\/05\/19\/paisaje-de-luz\/\">PAISAJE DE LUZ<\/a><\/blockquote><iframe sandbox=\"allow-scripts\" security=\"restricted\" src=\"https:\/\/stepienybarno.es\/blog\/2016\/05\/19\/paisaje-de-luz\/embed\/#?secret=hQm3dRhx9d\" width=\"500\" height=\"350\" title=\"\u00abPAISAJE DE LUZ\u00bb \u2014 Blog de STEPIEN Y BARNO - publicaci\u00f3n digital sobre arquitectura\" data-secret=\"hQm3dRhx9d\" frameborder=\"0\" marginwidth=\"0\" marginheight=\"0\" scrolling=\"no\" class=\"wp-embedded-content\"><\/iframe><script type=\"text\/javascript\">\n\/* <![CDATA[ *\/\n\/*! This file is auto-generated *\/\n!function(d,l){\"use strict\";l.querySelector&&d.addEventListener&&\"undefined\"!=typeof URL&&(d.wp=d.wp||{},d.wp.receiveEmbedMessage||(d.wp.receiveEmbedMessage=function(e){var t=e.data;if((t||t.secret||t.message||t.value)&&!\/[^a-zA-Z0-9]\/.test(t.secret)){for(var s,r,n,a=l.querySelectorAll('iframe[data-secret=\"'+t.secret+'\"]'),o=l.querySelectorAll('blockquote[data-secret=\"'+t.secret+'\"]'),c=new RegExp(\"^https?:$\",\"i\"),i=0;i<o.length;i++)o[i].style.display=\"none\";for(i=0;i<a.length;i++)s=a[i],e.source===s.contentWindow&&(s.removeAttribute(\"style\"),\"height\"===t.message?(1e3<(r=parseInt(t.value,10))?r=1e3:~~r<200&&(r=200),s.height=r):\"link\"===t.message&&(r=new URL(s.getAttribute(\"src\")),n=new URL(t.value),c.test(n.protocol))&&n.host===r.host&&l.activeElement===s&&(d.top.location.href=t.value))}},d.addEventListener(\"message\",d.wp.receiveEmbedMessage,!1),l.addEventListener(\"DOMContentLoaded\",function(){for(var e,t,s=l.querySelectorAll(\"iframe.wp-embedded-content\"),r=0;r<s.length;r++)(t=(e=s[r]).getAttribute(\"data-secret\"))||(t=Math.random().toString(36).substring(2,12),e.src+=\"#?secret=\"+t,e.setAttribute(\"data-secret\",t)),e.contentWindow.postMessage({message:\"ready\",secret:t},\"*\")},!1)))}(window,document);\n\/* ]]> *\/\n<\/script>\n"},"_links":{"self":[{"href":"https:\/\/stepienybarno.es\/blog\/wp-json\/wp\/v2\/posts\/22399"}],"collection":[{"href":"https:\/\/stepienybarno.es\/blog\/wp-json\/wp\/v2\/posts"}],"about":[{"href":"https:\/\/stepienybarno.es\/blog\/wp-json\/wp\/v2\/types\/post"}],"author":[{"embeddable":true,"href":"https:\/\/stepienybarno.es\/blog\/wp-json\/wp\/v2\/users\/2"}],"replies":[{"embeddable":true,"href":"https:\/\/stepienybarno.es\/blog\/wp-json\/wp\/v2\/comments?post=22399"}],"version-history":[{"count":4,"href":"https:\/\/stepienybarno.es\/blog\/wp-json\/wp\/v2\/posts\/22399\/revisions"}],"predecessor-version":[{"id":22489,"href":"https:\/\/stepienybarno.es\/blog\/wp-json\/wp\/v2\/posts\/22399\/revisions\/22489"}],"wp:featuredmedia":[{"embeddable":true,"href":"https:\/\/stepienybarno.es\/blog\/wp-json\/wp\/v2\/media\/22400"}],"wp:attachment":[{"href":"https:\/\/stepienybarno.es\/blog\/wp-json\/wp\/v2\/media?parent=22399"}],"wp:term":[{"taxonomy":"category","embeddable":true,"href":"https:\/\/stepienybarno.es\/blog\/wp-json\/wp\/v2\/categories?post=22399"},{"taxonomy":"post_tag","embeddable":true,"href":"https:\/\/stepienybarno.es\/blog\/wp-json\/wp\/v2\/tags?post=22399"},{"taxonomy":"series","embeddable":true,"href":"https:\/\/stepienybarno.es\/blog\/wp-json\/wp\/v2\/series?post=22399"}],"curies":[{"name":"wp","href":"https:\/\/api.w.org\/{rel}","templated":true}]}}