{"id":22421,"date":"2016-05-23T09:21:58","date_gmt":"2016-05-23T07:21:58","guid":{"rendered":"https:\/\/www.stepienybarno.es\/blog\/?p=22421"},"modified":"2022-02-02T18:01:43","modified_gmt":"2022-02-02T16:01:43","slug":"joan-puigcorbe-una-casa-en-dos-tiempos","status":"publish","type":"post","link":"https:\/\/stepienybarno.es\/blog\/2016\/05\/23\/joan-puigcorbe-una-casa-en-dos-tiempos\/","title":{"rendered":"JOAN PUIGCORB\u00c9: UNA CASA EN DOS TIEMPOS"},"content":{"rendered":"<p><img loading=\"lazy\" decoding=\"async\" class=\"aligncenter size-full wp-image-22422\" title=\"stepienybarno-blog-stepien-y-barno-arquitectura-jaume-prat\" src=\"https:\/\/stepienybarno.es\/blog\/wp-content\/uploads\/2016\/05\/stepienybarno-blog-stepien-y-barno-arquitectura-jaume-prat.png\" alt=\"stepienybarno-blog-stepien-y-barno-arquitectura-jaume-prat\" width=\"500\" height=\"334\" srcset=\"https:\/\/stepienybarno.es\/blog\/wp-content\/uploads\/2016\/05\/stepienybarno-blog-stepien-y-barno-arquitectura-jaume-prat.png 500w, https:\/\/stepienybarno.es\/blog\/wp-content\/uploads\/2016\/05\/stepienybarno-blog-stepien-y-barno-arquitectura-jaume-prat-180x120.png 180w, https:\/\/stepienybarno.es\/blog\/wp-content\/uploads\/2016\/05\/stepienybarno-blog-stepien-y-barno-arquitectura-jaume-prat-316x211.png 316w\" sizes=\"(max-width: 500px) 100vw, 500px\" \/><\/p>\n<p>Por Jaume Prat Desde <a href=\"http:\/\/jaumeprat.com\/\" target=\"_blank\" rel=\"noopener\">Arquitectura etre d\u2019altres solucions<\/a><\/p>\n<p><strong><!--more--><\/strong><\/p>\n<p style=\"text-align: justify;\">\u201c1_<strong>\u00c0mbitos<\/strong><\/p>\n<p style=\"text-align: justify;\">El primero, un espacio grande de l\u00edmites difusos. Que no imprecisos: estamos hablando de una arquitectura que sabe a qu\u00e9 juega. Encima, un techo de madera. El pavimento es m\u00e1s grande que el espacio que cubre, un espacio complejo, perceptible en verdadera magnitud de buenas a primeras aun y estar compartimentado no por paredes, sino a trav\u00e9s de tres patios totalmente vidriados. Patios que incorporan la naturaleza en toda su potencia al interior de la casa(1). Que, a la vez, la delimitan y la contienen sin domesticarla. Patios como una sucesi\u00f3n de paredes de vidrio transparente, opaco o transl\u00facido seg\u00fan nuestra posici\u00f3n relativa. Patios que descomponen su geometr\u00eda en planos individuales que act\u00faan como velos, filtrando la vista, haciendo sentir su presencia, su peso(2). El espacio, pues, tiene l\u00edmites interiores y exteriores. Los interiores son s\u00f3lidos, pesados, fuertemente geometrizados y, a la vez, evanescentes. Permeables de modo antiintuitivo: vista s\u00ed, sonido no. Olores, a veces. El rito ser\u00e1 esencial para que estas compartimentaciones funcionen: velos como un tel\u00f3n transparente y el juego de mirar sin ver y ser observado sin sentirse as\u00ed(3). Los l\u00edmites exteriores son vegetales. Visuales al cielo, a los \u00e1rboles. No coinciden, ni hace falta, con los l\u00edmites de propiedad, tan s\u00f3lo un dato para saber cu\u00e1ndo has de deja de verter hormig\u00f3n, plantar c\u00e9sped o regar los \u00e1rboles. El espacio es org\u00e1nico en el sentido literal de la expresi\u00f3n. Est\u00e1 tenso, dibujado por unos l\u00edmites controlados por una vibraci\u00f3n biol\u00f3gica. M\u00e1s la de un ser vivo de orden vegetal que no la producida por las leyes de la proporci\u00f3n cl\u00e1sica. Sin, no obstante, la m\u00e1s m\u00ednima voluntad mim\u00e9tica: no jugar a parecer, sino a ser(4). El segundo tiempo corresponde a las habitaciones, que cuelgan a lado y lado del gran espacio, separadas de \u00e9l por puertas batientes a toda altura. Las habitaciones son espacios limpios, de l\u00edmites precisos. Cajas. Aulas. Halls sajones. Las habitaciones son la m\u00ednima expresi\u00f3n de la arquitectura(5): un recinto cubierto paralelepip\u00e9dico donde, sistem\u00e1ticamente, una de las esquinas queda ocupada por un diedro de vidrio: nuevo l\u00edmite, nuevo velo a enfrentarse con otro velo vegetal que extiende la percepci\u00f3n del recinto hacia un exterior m\u00e1s cercano y controlado, ocupado de nuevo por una vegetaci\u00f3n exuberante(\u2026)\u201d<\/p>\n<blockquote>\n<p style=\"text-align: center;\">Accede al art\u00edculo, <a href=\"http:\/\/jaumeprat.com\/joan-puigcorbe-una-casa-en-dos-tiempos\/\" target=\"_blank\" rel=\"noopener\">AQU\u00cd<\/a><\/p>\n<\/blockquote>\n<p><em><span style=\"color: #888888;\">Noticia seleccionada por el Canal de arquitectura STEPIENYBARNO.<\/span><\/em><\/p>\n<p><a href=\"https:\/\/twitter.com\/stepienybarno\" target=\"_blank\" rel=\"noopener\"><em>STEPIENYBARNO EN TWITTER _ @stepienybarno<\/em><\/a><\/p>\n<p><a href=\"http:\/\/www.linkedin.com\/company\/stepienybarno\" target=\"_blank\" rel=\"noopener\"><em>STEPIENYBARNO EN LINKEDIN<\/em><\/a><\/p>\n<p><a href=\"https:\/\/www.facebook.com\/pages\/BLOG-DE-STEPIENYBARNO\/78001079029\" target=\"_blank\" rel=\"noopener\"><em>STEPIENYBARNO EN FACEBOOK<\/em><\/a><\/p>\n<p><em><span style=\"color: #888888;\">*Stepienybarno est\u00e1 formado por Agnieszka Stepien y Lorenzo Barn\u00f3 y desde mayo del 2009 estamos en la red con\u00a0 la presente publicaci\u00f3n digital (Blog) de arquitectura.<\/span><\/em><\/p>\n<p><em><span style=\"color: #888888;\">Nuestra actividad se sustenta en tres pilares b\u00e1sicos: la investigaci\u00f3n, la publicaci\u00f3n (comunicaci\u00f3n y difusi\u00f3n) y la redacci\u00f3n de proyectos de arquitectura.<\/span><\/em><\/p>\n<p><em><span style=\"color: #888888;\">A su vez, somos socios cofundadores de<\/span><\/em> <a href=\"http:\/\/sinergiasostenible.org\/\" target=\"_blank\" rel=\"noopener\"><em>SINERGIA SOSTENIBLE<\/em><\/a><em><span style=\"color: #888888;\">, redactores de<\/span><\/em> <a href=\"http:\/\/www.laciudadviva.org\/blogs\/?author=45\" target=\"_blank\" rel=\"noopener\"><em>LA CIUDAD VIVA<\/em><\/a> <span style=\"color: #888888;\"><em>y directores del blog de<\/em> <\/span><a href=\"http:\/\/blogfundacion.arquia.es\/\" target=\"_blank\" rel=\"noopener\"><em>FUNDACI\u00d3N ARQUIA<span style=\"color: #888888;\">.<\/span><\/em><\/a><\/p>\n<p><em><span style=\"color: #888888;\">* Los editores de esta publicaci\u00f3n digital no nos hacemos cargo de de los comentarios y\u00a0 conceptos vertidos en los textos firmados por otras personas, siendo \u00e9stos de responsabilidad exclusiva de sus autores.<\/span><\/em><\/p>\n<p><em><span style=\"color: #888888;\">* Tu comentario podr\u00e1 ser moderado, por lo tanto, aunque aparezca inmediatamente al ser publicado en la entrada, los editores de esta publicaci\u00f3n digital nos reservamos el derecho tanto de editarlo (si fuera necesario, para hacerlo m\u00e1s legible) como de eliminarlo en el caso de que se usen expresiones incorrectas (descalificaciones, palabras malsonantes\u2026). A su vez, si quieres comentar desde el anonimato puedes hacerlo, aunque, nosotros personalmente, agradecemos que tod@s nos podamos identificar.<\/span><\/em><\/p>\n","protected":false},"excerpt":{"rendered":"<p>Por jparquitecte En Jaume Prat<\/p>\n<p>(m\u00e1s&#8230;)<\/p>\n","protected":false},"author":2,"featured_media":22422,"comment_status":"open","ping_status":"closed","sticky":false,"template":"","format":"standard","meta":{"om_disable_all_campaigns":false,"_monsterinsights_skip_tracking":false,"_monsterinsights_sitenote_active":false,"_monsterinsights_sitenote_note":"","_monsterinsights_sitenote_category":0,"_uf_show_specific_survey":0,"_uf_disable_surveys":false,"episode_type":"","audio_file":"","cover_image":"","cover_image_id":"","duration":"","filesize":"","date_recorded":"","explicit":"","block":"","filesize_raw":"","footnotes":""},"categories":[244],"tags":[1375,9137],"series":[],"class_list":["post-22421","post","type-post","status-publish","format-standard","has-post-thumbnail","hentry","category-canal-de-arquitectura","tag-jaume-prat-ortells","tag-jparquitecte"],"aioseo_notices":[],"episode_featured_image":"https:\/\/stepienybarno.es\/blog\/wp-content\/uploads\/2016\/05\/stepienybarno-blog-stepien-y-barno-arquitectura-jaume-prat.png","episode_player_image":"https:\/\/stepienybarno.es\/blog\/wp-content\/uploads\/2020\/11\/stepienybarno-podcast-scaled.jpg","download_link":"","player_link":"","audio_player":false,"episode_data":{"playerMode":"dark","subscribeUrls":[],"rssFeedUrl":"https:\/\/stepienybarno.es\/blog\/feed\/podcast\/podcast-de-stepienybarno","embedCode":"<blockquote class=\"wp-embedded-content\" data-secret=\"hlSLX55EOs\"><a href=\"https:\/\/stepienybarno.es\/blog\/2016\/05\/23\/joan-puigcorbe-una-casa-en-dos-tiempos\/\">JOAN PUIGCORB\u00c9: UNA CASA EN DOS TIEMPOS<\/a><\/blockquote><iframe sandbox=\"allow-scripts\" security=\"restricted\" src=\"https:\/\/stepienybarno.es\/blog\/2016\/05\/23\/joan-puigcorbe-una-casa-en-dos-tiempos\/embed\/#?secret=hlSLX55EOs\" width=\"500\" height=\"350\" title=\"\u00abJOAN PUIGCORB\u00c9: UNA CASA EN DOS TIEMPOS\u00bb \u2014 Blog de STEPIEN Y BARNO - publicaci\u00f3n digital sobre arquitectura\" data-secret=\"hlSLX55EOs\" frameborder=\"0\" marginwidth=\"0\" marginheight=\"0\" scrolling=\"no\" class=\"wp-embedded-content\"><\/iframe><script type=\"text\/javascript\">\n\/* <![CDATA[ *\/\n\/*! This file is auto-generated *\/\n!function(d,l){\"use strict\";l.querySelector&&d.addEventListener&&\"undefined\"!=typeof URL&&(d.wp=d.wp||{},d.wp.receiveEmbedMessage||(d.wp.receiveEmbedMessage=function(e){var t=e.data;if((t||t.secret||t.message||t.value)&&!\/[^a-zA-Z0-9]\/.test(t.secret)){for(var s,r,n,a=l.querySelectorAll('iframe[data-secret=\"'+t.secret+'\"]'),o=l.querySelectorAll('blockquote[data-secret=\"'+t.secret+'\"]'),c=new RegExp(\"^https?:$\",\"i\"),i=0;i<o.length;i++)o[i].style.display=\"none\";for(i=0;i<a.length;i++)s=a[i],e.source===s.contentWindow&&(s.removeAttribute(\"style\"),\"height\"===t.message?(1e3<(r=parseInt(t.value,10))?r=1e3:~~r<200&&(r=200),s.height=r):\"link\"===t.message&&(r=new URL(s.getAttribute(\"src\")),n=new URL(t.value),c.test(n.protocol))&&n.host===r.host&&l.activeElement===s&&(d.top.location.href=t.value))}},d.addEventListener(\"message\",d.wp.receiveEmbedMessage,!1),l.addEventListener(\"DOMContentLoaded\",function(){for(var e,t,s=l.querySelectorAll(\"iframe.wp-embedded-content\"),r=0;r<s.length;r++)(t=(e=s[r]).getAttribute(\"data-secret\"))||(t=Math.random().toString(36).substring(2,12),e.src+=\"#?secret=\"+t,e.setAttribute(\"data-secret\",t)),e.contentWindow.postMessage({message:\"ready\",secret:t},\"*\")},!1)))}(window,document);\n\/* ]]> *\/\n<\/script>\n"},"_links":{"self":[{"href":"https:\/\/stepienybarno.es\/blog\/wp-json\/wp\/v2\/posts\/22421"}],"collection":[{"href":"https:\/\/stepienybarno.es\/blog\/wp-json\/wp\/v2\/posts"}],"about":[{"href":"https:\/\/stepienybarno.es\/blog\/wp-json\/wp\/v2\/types\/post"}],"author":[{"embeddable":true,"href":"https:\/\/stepienybarno.es\/blog\/wp-json\/wp\/v2\/users\/2"}],"replies":[{"embeddable":true,"href":"https:\/\/stepienybarno.es\/blog\/wp-json\/wp\/v2\/comments?post=22421"}],"version-history":[{"count":4,"href":"https:\/\/stepienybarno.es\/blog\/wp-json\/wp\/v2\/posts\/22421\/revisions"}],"predecessor-version":[{"id":51675,"href":"https:\/\/stepienybarno.es\/blog\/wp-json\/wp\/v2\/posts\/22421\/revisions\/51675"}],"wp:featuredmedia":[{"embeddable":true,"href":"https:\/\/stepienybarno.es\/blog\/wp-json\/wp\/v2\/media\/22422"}],"wp:attachment":[{"href":"https:\/\/stepienybarno.es\/blog\/wp-json\/wp\/v2\/media?parent=22421"}],"wp:term":[{"taxonomy":"category","embeddable":true,"href":"https:\/\/stepienybarno.es\/blog\/wp-json\/wp\/v2\/categories?post=22421"},{"taxonomy":"post_tag","embeddable":true,"href":"https:\/\/stepienybarno.es\/blog\/wp-json\/wp\/v2\/tags?post=22421"},{"taxonomy":"series","embeddable":true,"href":"https:\/\/stepienybarno.es\/blog\/wp-json\/wp\/v2\/series?post=22421"}],"curies":[{"name":"wp","href":"https:\/\/api.w.org\/{rel}","templated":true}]}}