{"id":22425,"date":"2016-05-23T09:09:25","date_gmt":"2016-05-23T07:09:25","guid":{"rendered":"https:\/\/www.stepienybarno.es\/blog\/?p=22425"},"modified":"2016-05-24T23:18:23","modified_gmt":"2016-05-24T21:18:23","slug":"quinta-edicion-de-nuestro-curso-online-de-identidad-digital-para-arquitectos","status":"publish","type":"post","link":"https:\/\/stepienybarno.es\/blog\/2016\/05\/23\/quinta-edicion-de-nuestro-curso-online-de-identidad-digital-para-arquitectos\/","title":{"rendered":"QUINTA EDICI\u00d3N DE NUESTRO CURSO ONLINE DE IDENTIDAD DIGITAL PARA ARQUITECTOS"},"content":{"rendered":"<p style=\"text-align: center;\"><img loading=\"lazy\" decoding=\"async\" class=\"aligncenter size-full wp-image-22426\" title=\"curso-comunicacion-on-line-stepienybarno\" src=\"https:\/\/stepienybarno.es\/blog\/wp-content\/uploads\/2016\/05\/curso-comunicacion-on-line-stepienybarno1.png\" alt=\"curso-comunicacion-on-line-stepienybarno\" width=\"350\" height=\"350\" srcset=\"https:\/\/stepienybarno.es\/blog\/wp-content\/uploads\/2016\/05\/curso-comunicacion-on-line-stepienybarno1.png 350w, https:\/\/stepienybarno.es\/blog\/wp-content\/uploads\/2016\/05\/curso-comunicacion-on-line-stepienybarno1-180x180.png 180w, https:\/\/stepienybarno.es\/blog\/wp-content\/uploads\/2016\/05\/curso-comunicacion-on-line-stepienybarno1-224x224.png 224w, https:\/\/stepienybarno.es\/blog\/wp-content\/uploads\/2016\/05\/curso-comunicacion-on-line-stepienybarno1-316x316.png 316w\" sizes=\"(max-width: 350px) 100vw, 350px\" \/><\/p>\n<p>Parece que fue ayer cuando hace m\u00e1s de dos a\u00f1os comenz\u00e1bamos con nuestro primer curso online de Identidad Digital para Arquitectos. Y as\u00ed, casi sin darnos cuenta \u00a1ya hemos llegado a la quinta edici\u00f3n!<\/p>\n<p>Se trata de un curso hecho por arquitectos para arquitectos que quieren mejorar su visibilidad en la red, consolidar su identidad digital y, en consecuencia, aumentar sus posibilidades laborales.<\/p>\n<p>Con ello, si ves que te cuadran las fechas (16 &#8211; 29 de junio 2016) y tienes ganas de trabajar con Stepienybarno temas como reputaci\u00f3n digital, estrategia empresarial o comunicaci\u00f3n online, este es tu curso.<\/p>\n<p>Eso s\u00ed, date prisa que esta semana el curso est\u00e1 muy bien de precio y las plazas son limitadas.<\/p>\n<p><!--more--><\/p>\n<blockquote>\n<p style=\"text-align: center;\">\u201cUna de las cosas que m\u00e1s me ha gustado del curso es la facilidad a la hora de hacerlo. El poder organizarme las sesiones cada d\u00eda cuando me vengan bien gracias al formato que hab\u00e9is elegido \u00a1es todo un \u00e9xito!.\u201d<\/p>\n<p style=\"text-align: center;\">Enrique Parra (Pedacicos Arquitect\u00f3nicos)<\/p>\n<\/blockquote>\n<blockquote>\n<p align=\"center\"><a href=\"http:\/\/cursoidentidaddigital.stepienybarno.es\/\" target=\"_blank\"><strong><span style=\"color: #ff0000;\">Acceder a toda la informaci\u00f3n del curso<\/span><\/strong><\/a><\/p>\n<p align=\"center\"><a href=\"http:\/\/cursoidentidaddigital.stepienybarno.es\/\" target=\"_blank\"><strong><span style=\"color: #ff0000;\">http:\/\/cursoidentidaddigital.stepienybarno.es\/<\/span><\/strong><\/a><\/p>\n<\/blockquote>\n<p>* Este art\u00edculo ha sido escrito con car\u00e1cter divulgativo y sin ning\u00fan tipo de \u00e1nimo de lucro. As\u00ed que, si te apetece compartirlo en cualquier otro medio, estaremos encantados de que lo hagas siempre y cuando cites el lugar donde lo has encontrado.<\/p>\n<p><a href=\"https:\/\/twitter.com\/stepienybarno\">STEPIENYBARNO EN TWITTER _ @stepienybarno<\/a><\/p>\n<p><a href=\"http:\/\/www.linkedin.com\/company\/stepienybarno\">STEPIENYBARNO EN LINKEDIN<\/a><\/p>\n<p><a href=\"https:\/\/www.facebook.com\/pages\/BLOG-DE-STEPIENYBARNO\/78001079029\">STEPIENYBARNO EN FACEBOOK<\/a><\/p>\n<p>* Stepienybarno est\u00e1 formado por Agnieszka Stepien y Lorenzo Barn\u00f3 y desde mayo del 2009 estamos en la red con\u00a0 la presente publicaci\u00f3n digital (Blog) de arquitectura.<\/p>\n<p>Nuestra actividad se sustenta en tres pilares b\u00e1sicos: la investigaci\u00f3n, la publicaci\u00f3n y la redacci\u00f3n de proyectos de arquitectura.<\/p>\n<p align=\"left\">A su vez, somos socios cofundadores de <a href=\"http:\/\/sinergiasostenible.org\/\">SINERGIA SOSTENIBLE<\/a>, redactores de <a href=\"http:\/\/www.laciudadviva.org\/blogs\/?author=45\">LA CIUDAD VIVA<\/a> y directores del blog de FUNDACI\u00d3N ARQUIA.<\/p>\n<p>* Los editores de esta publicaci\u00f3n digital no nos hacemos cargo de de los comentarios y\u00a0 conceptos vertidos en los textos firmados por otras personas, siendo \u00e9stos de responsabilidad exclusiva de sus autores.<\/p>\n<p>* Tu comentario pudiera ser moderado, por lo tanto, aunque aparezca inmediatamente al ser publicado en la entrada, los editores de esta publicaci\u00f3n digital nos reservamos el derecho tanto de editarlo (si fuera necesario, para hacerlo m\u00e1s legible) como de eliminarlo en el caso de que se usen expresiones incorrectas (descalificaciones, palabras malsonantes\u2026). A su vez, si quieres comentar desde el anonimato puedes hacerlo, aunque, nosotros personalmente, agradecemos que tod@s nos podamos identificar.<\/p>\n","protected":false},"excerpt":{"rendered":"<p>Parece que fue ayer cuando hace m\u00e1s de dos a\u00f1os comenz\u00e1bamos con nuestro primer curso online de Identidad Digital para Arquitectos. Y as\u00ed, casi sin darnos cuenta \u00a1ya hemos llegado a la quinta edici\u00f3n!<\/p>\n<p>Se trata de un curso hecho por arquitectos para arquitectos que quieren mejorar su visibilidad en la red, consolidar su identidad digital y, en consecuencia, aumentar sus posibilidades laborales.<\/p>\n<p>Con ello, si ves que te cuadran las fechas (16 &#8211; 29 de junio 2016) y tienes ganas de trabajar con Stepienybarno temas como reputaci\u00f3n digital, estrategia empresarial o comunicaci\u00f3n online, este es tu curso.<\/p>\n<p>Eso s\u00ed, date prisa que esta semana el curso est\u00e1 muy bien de precio y las plazas son limitadas.<\/p>\n<p>(m\u00e1s&#8230;)<\/p>\n","protected":false},"author":2,"featured_media":22426,"comment_status":"open","ping_status":"closed","sticky":false,"template":"","format":"standard","meta":{"om_disable_all_campaigns":false,"_monsterinsights_skip_tracking":false,"_monsterinsights_sitenote_active":false,"_monsterinsights_sitenote_note":"","_monsterinsights_sitenote_category":0,"_uf_show_specific_survey":0,"_uf_disable_surveys":false,"episode_type":"","audio_file":"","cover_image":"","cover_image_id":"","duration":"","filesize":"","date_recorded":"","explicit":"","block":"","filesize_raw":"","footnotes":""},"categories":[34,22],"tags":[3942],"series":[],"class_list":["post-22425","post","type-post","status-publish","format-standard","has-post-thumbnail","hentry","category-actualidad","category-identidad-digital-syb","tag-curso-de-identidad-digital"],"aioseo_notices":[],"episode_featured_image":"https:\/\/stepienybarno.es\/blog\/wp-content\/uploads\/2016\/05\/curso-comunicacion-on-line-stepienybarno1.png","episode_player_image":"https:\/\/stepienybarno.es\/blog\/wp-content\/uploads\/2020\/11\/stepienybarno-podcast-scaled.jpg","download_link":"","player_link":"","audio_player":false,"episode_data":{"playerMode":"dark","subscribeUrls":[],"rssFeedUrl":"https:\/\/stepienybarno.es\/blog\/feed\/podcast\/podcast-de-stepienybarno","embedCode":"<blockquote class=\"wp-embedded-content\" data-secret=\"lNmUORZU0I\"><a href=\"https:\/\/stepienybarno.es\/blog\/2016\/05\/23\/quinta-edicion-de-nuestro-curso-online-de-identidad-digital-para-arquitectos\/\">QUINTA EDICI\u00d3N DE NUESTRO CURSO ONLINE DE IDENTIDAD DIGITAL PARA ARQUITECTOS<\/a><\/blockquote><iframe sandbox=\"allow-scripts\" security=\"restricted\" src=\"https:\/\/stepienybarno.es\/blog\/2016\/05\/23\/quinta-edicion-de-nuestro-curso-online-de-identidad-digital-para-arquitectos\/embed\/#?secret=lNmUORZU0I\" width=\"500\" height=\"350\" title=\"\u00abQUINTA EDICI\u00d3N DE NUESTRO CURSO ONLINE DE IDENTIDAD DIGITAL PARA ARQUITECTOS\u00bb \u2014 Blog de STEPIEN Y BARNO - publicaci\u00f3n digital sobre arquitectura\" data-secret=\"lNmUORZU0I\" frameborder=\"0\" marginwidth=\"0\" marginheight=\"0\" scrolling=\"no\" class=\"wp-embedded-content\"><\/iframe><script type=\"text\/javascript\">\n\/* <![CDATA[ *\/\n\/*! This file is auto-generated *\/\n!function(d,l){\"use strict\";l.querySelector&&d.addEventListener&&\"undefined\"!=typeof URL&&(d.wp=d.wp||{},d.wp.receiveEmbedMessage||(d.wp.receiveEmbedMessage=function(e){var t=e.data;if((t||t.secret||t.message||t.value)&&!\/[^a-zA-Z0-9]\/.test(t.secret)){for(var s,r,n,a=l.querySelectorAll('iframe[data-secret=\"'+t.secret+'\"]'),o=l.querySelectorAll('blockquote[data-secret=\"'+t.secret+'\"]'),c=new RegExp(\"^https?:$\",\"i\"),i=0;i<o.length;i++)o[i].style.display=\"none\";for(i=0;i<a.length;i++)s=a[i],e.source===s.contentWindow&&(s.removeAttribute(\"style\"),\"height\"===t.message?(1e3<(r=parseInt(t.value,10))?r=1e3:~~r<200&&(r=200),s.height=r):\"link\"===t.message&&(r=new URL(s.getAttribute(\"src\")),n=new URL(t.value),c.test(n.protocol))&&n.host===r.host&&l.activeElement===s&&(d.top.location.href=t.value))}},d.addEventListener(\"message\",d.wp.receiveEmbedMessage,!1),l.addEventListener(\"DOMContentLoaded\",function(){for(var e,t,s=l.querySelectorAll(\"iframe.wp-embedded-content\"),r=0;r<s.length;r++)(t=(e=s[r]).getAttribute(\"data-secret\"))||(t=Math.random().toString(36).substring(2,12),e.src+=\"#?secret=\"+t,e.setAttribute(\"data-secret\",t)),e.contentWindow.postMessage({message:\"ready\",secret:t},\"*\")},!1)))}(window,document);\n\/* ]]> *\/\n<\/script>\n"},"_links":{"self":[{"href":"https:\/\/stepienybarno.es\/blog\/wp-json\/wp\/v2\/posts\/22425"}],"collection":[{"href":"https:\/\/stepienybarno.es\/blog\/wp-json\/wp\/v2\/posts"}],"about":[{"href":"https:\/\/stepienybarno.es\/blog\/wp-json\/wp\/v2\/types\/post"}],"author":[{"embeddable":true,"href":"https:\/\/stepienybarno.es\/blog\/wp-json\/wp\/v2\/users\/2"}],"replies":[{"embeddable":true,"href":"https:\/\/stepienybarno.es\/blog\/wp-json\/wp\/v2\/comments?post=22425"}],"version-history":[{"count":3,"href":"https:\/\/stepienybarno.es\/blog\/wp-json\/wp\/v2\/posts\/22425\/revisions"}],"predecessor-version":[{"id":22482,"href":"https:\/\/stepienybarno.es\/blog\/wp-json\/wp\/v2\/posts\/22425\/revisions\/22482"}],"wp:featuredmedia":[{"embeddable":true,"href":"https:\/\/stepienybarno.es\/blog\/wp-json\/wp\/v2\/media\/22426"}],"wp:attachment":[{"href":"https:\/\/stepienybarno.es\/blog\/wp-json\/wp\/v2\/media?parent=22425"}],"wp:term":[{"taxonomy":"category","embeddable":true,"href":"https:\/\/stepienybarno.es\/blog\/wp-json\/wp\/v2\/categories?post=22425"},{"taxonomy":"post_tag","embeddable":true,"href":"https:\/\/stepienybarno.es\/blog\/wp-json\/wp\/v2\/tags?post=22425"},{"taxonomy":"series","embeddable":true,"href":"https:\/\/stepienybarno.es\/blog\/wp-json\/wp\/v2\/series?post=22425"}],"curies":[{"name":"wp","href":"https:\/\/api.w.org\/{rel}","templated":true}]}}