{"id":22615,"date":"2016-05-27T11:06:40","date_gmt":"2016-05-27T09:06:40","guid":{"rendered":"https:\/\/www.stepienybarno.es\/blog\/?p=22615"},"modified":"2016-05-27T11:06:40","modified_gmt":"2016-05-27T09:06:40","slug":"casa-caballero-en-barcelona-proyectodeldia","status":"publish","type":"post","link":"https:\/\/stepienybarno.es\/blog\/2016\/05\/27\/casa-caballero-en-barcelona-proyectodeldia\/","title":{"rendered":"CASA CABALLERO EN BARCELONA #ProyectoDelDia"},"content":{"rendered":"<p style=\"text-align: center;\"><img loading=\"lazy\" decoding=\"async\" class=\"aligncenter size-full wp-image-22616\" src=\"https:\/\/stepienybarno.es\/blog\/wp-content\/uploads\/2016\/05\/Stepienybarno-blog-stepien-y-barno-Joan-Casals-Pa\u00f1ella-Jos\u00e9-Luis-Cisneros-Bardolet-proxima.jpg\" alt=\"Stepienybarno-blog-stepien-y-barno- Joan Casals Pa\u00f1ella - Jos\u00e9 Luis Cisneros Bardolet-proxima\" width=\"774\" height=\"430\" srcset=\"https:\/\/stepienybarno.es\/blog\/wp-content\/uploads\/2016\/05\/Stepienybarno-blog-stepien-y-barno-Joan-Casals-Pa\u00f1ella-Jos\u00e9-Luis-Cisneros-Bardolet-proxima.jpg 774w, https:\/\/stepienybarno.es\/blog\/wp-content\/uploads\/2016\/05\/Stepienybarno-blog-stepien-y-barno-Joan-Casals-Pa\u00f1ella-Jos\u00e9-Luis-Cisneros-Bardolet-proxima-180x100.jpg 180w, https:\/\/stepienybarno.es\/blog\/wp-content\/uploads\/2016\/05\/Stepienybarno-blog-stepien-y-barno-Joan-Casals-Pa\u00f1ella-Jos\u00e9-Luis-Cisneros-Bardolet-proxima-550x306.jpg 550w, https:\/\/stepienybarno.es\/blog\/wp-content\/uploads\/2016\/05\/Stepienybarno-blog-stepien-y-barno-Joan-Casals-Pa\u00f1ella-Jos\u00e9-Luis-Cisneros-Bardolet-proxima-316x176.jpg 316w\" sizes=\"(max-width: 774px) 100vw, 774px\" \/><\/p>\n<p>Por \u00a0\u00a0Joan Casals Pa\u00f1ella + Jos\u00e9 Luis Cisneros Bardolet<\/p>\n<p><!--more--><\/p>\n<p>&nbsp;<\/p>\n<p style=\"text-align: center;\"><img loading=\"lazy\" decoding=\"async\" class=\"aligncenter size-full wp-image-22618\" src=\"https:\/\/stepienybarno.es\/blog\/wp-content\/uploads\/2016\/05\/1-Stepienybarno-blog-stepien-y-barno-Joan-Casals-Pa\u00f1ella-Jos\u00e9-Luis-Cisneros-Bardolet-proxima.jpg\" alt=\"1 Stepienybarno-blog-stepien-y-barno- Joan Casals Pa\u00f1ella - Jos\u00e9 Luis Cisneros Bardolet-proxima\" width=\"774\" height=\"430\" srcset=\"https:\/\/stepienybarno.es\/blog\/wp-content\/uploads\/2016\/05\/1-Stepienybarno-blog-stepien-y-barno-Joan-Casals-Pa\u00f1ella-Jos\u00e9-Luis-Cisneros-Bardolet-proxima.jpg 774w, https:\/\/stepienybarno.es\/blog\/wp-content\/uploads\/2016\/05\/1-Stepienybarno-blog-stepien-y-barno-Joan-Casals-Pa\u00f1ella-Jos\u00e9-Luis-Cisneros-Bardolet-proxima-180x100.jpg 180w, https:\/\/stepienybarno.es\/blog\/wp-content\/uploads\/2016\/05\/1-Stepienybarno-blog-stepien-y-barno-Joan-Casals-Pa\u00f1ella-Jos\u00e9-Luis-Cisneros-Bardolet-proxima-550x306.jpg 550w, https:\/\/stepienybarno.es\/blog\/wp-content\/uploads\/2016\/05\/1-Stepienybarno-blog-stepien-y-barno-Joan-Casals-Pa\u00f1ella-Jos\u00e9-Luis-Cisneros-Bardolet-proxima-316x176.jpg 316w\" sizes=\"(max-width: 774px) 100vw, 774px\" \/><\/p>\n<p style=\"text-align: left;\">\u201c(\u2026) Los muros de bloque tambi\u00e9n escalan la altura del espacio, sirviendo de apoyo de un altillo m\u00e1s privado que ventila\u00a0un posible\u00a0dormitorio a trav\u00e9s de la fachada principal. Una muy \u00fatil doble circulaci\u00f3n\u00a0facilita la instalaci\u00f3n de\u00a0una peque\u00f1a cocina en medio del espacio\u00a0que dependiendo de las necesidades de alquiler y\u00a0uso del mismo, f\u00e1cilmente\u00a0puede\u00a0convertirse\u00a0en una segunda sala con acceso individual.\u201d<\/p>\n<p style=\"text-align: center;\"><img loading=\"lazy\" decoding=\"async\" class=\"aligncenter size-full wp-image-22617\" src=\"https:\/\/stepienybarno.es\/blog\/wp-content\/uploads\/2016\/05\/2-Stepienybarno-blog-stepien-y-barno-Joan-Casals-Pa\u00f1ella-Jos\u00e9-Luis-Cisneros-Bardolet-proxima.jpg\" alt=\"2 Stepienybarno-blog-stepien-y-barno- Joan Casals Pa\u00f1ella - Jos\u00e9 Luis Cisneros Bardolet-proxima\" width=\"774\" height=\"430\" srcset=\"https:\/\/stepienybarno.es\/blog\/wp-content\/uploads\/2016\/05\/2-Stepienybarno-blog-stepien-y-barno-Joan-Casals-Pa\u00f1ella-Jos\u00e9-Luis-Cisneros-Bardolet-proxima.jpg 774w, https:\/\/stepienybarno.es\/blog\/wp-content\/uploads\/2016\/05\/2-Stepienybarno-blog-stepien-y-barno-Joan-Casals-Pa\u00f1ella-Jos\u00e9-Luis-Cisneros-Bardolet-proxima-180x100.jpg 180w, https:\/\/stepienybarno.es\/blog\/wp-content\/uploads\/2016\/05\/2-Stepienybarno-blog-stepien-y-barno-Joan-Casals-Pa\u00f1ella-Jos\u00e9-Luis-Cisneros-Bardolet-proxima-550x306.jpg 550w, https:\/\/stepienybarno.es\/blog\/wp-content\/uploads\/2016\/05\/2-Stepienybarno-blog-stepien-y-barno-Joan-Casals-Pa\u00f1ella-Jos\u00e9-Luis-Cisneros-Bardolet-proxima-316x176.jpg 316w\" sizes=\"(max-width: 774px) 100vw, 774px\" \/><\/p>\n<blockquote>\n<p style=\"text-align: center;\"><a href=\"http:\/\/fundacion.arquia.es\/es\/realizaciones\/6434?search=1&amp;urlback=%2Fes%2Fdirectoriorealizaciones%2FHome%2FListadoRealizaciones%3Fpagina%3D7\" target=\"_blank\"><span style=\"color: #ff0000;\"><strong>Acceder al post<\/strong><\/span><\/a><\/p>\n<\/blockquote>\n<p>&nbsp;<\/p>\n<p style=\"text-align: center;\"><strong>Tambi\u00e9n<a href=\"http:\/\/www.joancasals.com\/proyecto.jsp?id=16\" target=\"_blank\"> aqu\u00ed.<\/a><\/strong><\/p>\n<p style=\"text-align: center;\">\n<p style=\"text-align: center;\"><strong>Post relacionados:<\/strong><\/p>\n<p style=\"text-align: center;\">#ProyectoDelDia<\/p>\n<p style=\"text-align: center;\"><a href=\"https:\/\/stepienybarno.es\/blog\/tag\/proyectodeldia\/\">https:\/\/stepienybarno.es\/blog\/tag\/proyectodeldia\/<\/a><\/p>\n<p>&nbsp;<\/p>\n<p><em><span style=\"color: #999999;\">Noticia seleccionada por el Canal de arquitectura STEPIENYBARNO.<\/span><\/em><\/p>\n<p><em><span style=\"color: #999999;\"><a style=\"color: #999999;\" href=\"https:\/\/twitter.com\/stepienybarno\">STEPIENYBARNO EN TWITTER _ @stepienybarno<\/a><\/span><\/em><\/p>\n<p><em><span style=\"color: #999999;\"><a style=\"color: #999999;\" href=\"http:\/\/www.linkedin.com\/company\/stepienybarno\">STEPIENYBARNO EN LINKEDIN<\/a><\/span><\/em><\/p>\n<p><em><span style=\"color: #999999;\"><a style=\"color: #999999;\" href=\"https:\/\/www.facebook.com\/pages\/BLOG-DE-STEPIENYBARNO\/78001079029\">STEPIENYBARNO EN FACEBOOK<\/a><\/span><\/em><\/p>\n<p><em><span style=\"color: #999999;\">*Stepienybarno est\u00e1 formado por Agnieszka Stepien y Lorenzo Barn\u00f3 y desde mayo del 2009 estamos en la red con\u00a0 la presente publicaci\u00f3n digital (Blog) de arquitectura.<\/span><\/em><\/p>\n<p><em><span style=\"color: #999999;\">Nuestra actividad se sustenta en tres pilares b\u00e1sicos: la investigaci\u00f3n, la publicaci\u00f3n (comunicaci\u00f3n y difusi\u00f3n) y la redacci\u00f3n de proyectos de arquitectura.<\/span><\/em><\/p>\n<p><em><span style=\"color: #999999;\">A su vez, somos socios cofundadores de <a style=\"color: #999999;\" href=\"http:\/\/sinergiasostenible.org\/\">SINERGIA SOSTENIBLE<\/a>, redactores de <a style=\"color: #999999;\" href=\"http:\/\/www.laciudadviva.org\/blogs\/?author=45\">LA CIUDAD VIVA<\/a> y directores del blog de FUNDACI\u00d3N ARQUIA.<\/span><\/em><\/p>\n<p><em><span style=\"color: #999999;\">* Los editores de esta publicaci\u00f3n digital no nos hacemos cargo de de los comentarios y\u00a0 conceptos vertidos en los textos firmados por otras personas, siendo \u00e9stos de responsabilidad exclusiva de sus autores.<\/span><\/em><\/p>\n<p><em><span style=\"color: #999999;\">* Tu comentario podr\u00e1 ser moderado, por lo tanto, aunque aparezca inmediatamente al ser publicado en la entrada, los editores de esta publicaci\u00f3n digital nos reservamos el derecho tanto de editarlo (si fuera necesario, para hacerlo m\u00e1s legible) como de eliminarlo en el caso de que se usen expresiones incorrectas (descalificaciones, palabras malsonantes\u2026). A su vez, si quieres comentar desde el anonimato puedes hacerlo, aunque, nosotros personalmente, agradecemos que tod@s nos podamos identificar.<\/span><\/em><\/p>\n","protected":false},"excerpt":{"rendered":"<p>Por \u00a0\u00a0Joan Casals Pa\u00f1ella + Jos\u00e9 Luis Cisneros Bardolet<\/p>\n","protected":false},"author":2,"featured_media":22616,"comment_status":"open","ping_status":"closed","sticky":false,"template":"","format":"standard","meta":{"om_disable_all_campaigns":false,"_monsterinsights_skip_tracking":false,"_monsterinsights_sitenote_active":false,"_monsterinsights_sitenote_note":"","_monsterinsights_sitenote_category":0,"_uf_show_specific_survey":0,"_uf_disable_surveys":false,"episode_type":"","audio_file":"","cover_image":"","cover_image_id":"","duration":"","filesize":"","date_recorded":"","explicit":"","block":"","filesize_raw":"","footnotes":""},"categories":[244],"tags":[4303,4304],"series":[],"class_list":["post-22615","post","type-post","status-publish","format-standard","has-post-thumbnail","hentry","category-canal-de-arquitectura","tag-joan-casals-panella","tag-jose-luis-cisneros-bardolet"],"aioseo_notices":[],"episode_featured_image":"https:\/\/stepienybarno.es\/blog\/wp-content\/uploads\/2016\/05\/Stepienybarno-blog-stepien-y-barno-Joan-Casals-Pa\u00f1ella-Jos\u00e9-Luis-Cisneros-Bardolet-proxima.jpg","episode_player_image":"https:\/\/stepienybarno.es\/blog\/wp-content\/uploads\/2020\/11\/stepienybarno-podcast-scaled.jpg","download_link":"","player_link":"","audio_player":false,"episode_data":{"playerMode":"dark","subscribeUrls":[],"rssFeedUrl":"https:\/\/stepienybarno.es\/blog\/feed\/podcast\/podcast-de-stepienybarno","embedCode":"<blockquote class=\"wp-embedded-content\" data-secret=\"Gu5BNCR3XC\"><a href=\"https:\/\/stepienybarno.es\/blog\/2016\/05\/27\/casa-caballero-en-barcelona-proyectodeldia\/\">CASA CABALLERO EN BARCELONA #ProyectoDelDia<\/a><\/blockquote><iframe sandbox=\"allow-scripts\" security=\"restricted\" src=\"https:\/\/stepienybarno.es\/blog\/2016\/05\/27\/casa-caballero-en-barcelona-proyectodeldia\/embed\/#?secret=Gu5BNCR3XC\" width=\"500\" height=\"350\" title=\"\u00abCASA CABALLERO EN BARCELONA #ProyectoDelDia\u00bb \u2014 Blog de STEPIEN Y BARNO - publicaci\u00f3n digital sobre arquitectura\" data-secret=\"Gu5BNCR3XC\" frameborder=\"0\" marginwidth=\"0\" marginheight=\"0\" scrolling=\"no\" class=\"wp-embedded-content\"><\/iframe><script type=\"text\/javascript\">\n\/* <![CDATA[ *\/\n\/*! This file is auto-generated *\/\n!function(d,l){\"use strict\";l.querySelector&&d.addEventListener&&\"undefined\"!=typeof URL&&(d.wp=d.wp||{},d.wp.receiveEmbedMessage||(d.wp.receiveEmbedMessage=function(e){var t=e.data;if((t||t.secret||t.message||t.value)&&!\/[^a-zA-Z0-9]\/.test(t.secret)){for(var s,r,n,a=l.querySelectorAll('iframe[data-secret=\"'+t.secret+'\"]'),o=l.querySelectorAll('blockquote[data-secret=\"'+t.secret+'\"]'),c=new RegExp(\"^https?:$\",\"i\"),i=0;i<o.length;i++)o[i].style.display=\"none\";for(i=0;i<a.length;i++)s=a[i],e.source===s.contentWindow&&(s.removeAttribute(\"style\"),\"height\"===t.message?(1e3<(r=parseInt(t.value,10))?r=1e3:~~r<200&&(r=200),s.height=r):\"link\"===t.message&&(r=new URL(s.getAttribute(\"src\")),n=new URL(t.value),c.test(n.protocol))&&n.host===r.host&&l.activeElement===s&&(d.top.location.href=t.value))}},d.addEventListener(\"message\",d.wp.receiveEmbedMessage,!1),l.addEventListener(\"DOMContentLoaded\",function(){for(var e,t,s=l.querySelectorAll(\"iframe.wp-embedded-content\"),r=0;r<s.length;r++)(t=(e=s[r]).getAttribute(\"data-secret\"))||(t=Math.random().toString(36).substring(2,12),e.src+=\"#?secret=\"+t,e.setAttribute(\"data-secret\",t)),e.contentWindow.postMessage({message:\"ready\",secret:t},\"*\")},!1)))}(window,document);\n\/* ]]> *\/\n<\/script>\n"},"_links":{"self":[{"href":"https:\/\/stepienybarno.es\/blog\/wp-json\/wp\/v2\/posts\/22615"}],"collection":[{"href":"https:\/\/stepienybarno.es\/blog\/wp-json\/wp\/v2\/posts"}],"about":[{"href":"https:\/\/stepienybarno.es\/blog\/wp-json\/wp\/v2\/types\/post"}],"author":[{"embeddable":true,"href":"https:\/\/stepienybarno.es\/blog\/wp-json\/wp\/v2\/users\/2"}],"replies":[{"embeddable":true,"href":"https:\/\/stepienybarno.es\/blog\/wp-json\/wp\/v2\/comments?post=22615"}],"version-history":[{"count":1,"href":"https:\/\/stepienybarno.es\/blog\/wp-json\/wp\/v2\/posts\/22615\/revisions"}],"predecessor-version":[{"id":22619,"href":"https:\/\/stepienybarno.es\/blog\/wp-json\/wp\/v2\/posts\/22615\/revisions\/22619"}],"wp:featuredmedia":[{"embeddable":true,"href":"https:\/\/stepienybarno.es\/blog\/wp-json\/wp\/v2\/media\/22616"}],"wp:attachment":[{"href":"https:\/\/stepienybarno.es\/blog\/wp-json\/wp\/v2\/media?parent=22615"}],"wp:term":[{"taxonomy":"category","embeddable":true,"href":"https:\/\/stepienybarno.es\/blog\/wp-json\/wp\/v2\/categories?post=22615"},{"taxonomy":"post_tag","embeddable":true,"href":"https:\/\/stepienybarno.es\/blog\/wp-json\/wp\/v2\/tags?post=22615"},{"taxonomy":"series","embeddable":true,"href":"https:\/\/stepienybarno.es\/blog\/wp-json\/wp\/v2\/series?post=22615"}],"curies":[{"name":"wp","href":"https:\/\/api.w.org\/{rel}","templated":true}]}}