{"id":22664,"date":"2016-05-28T10:55:38","date_gmt":"2016-05-28T08:55:38","guid":{"rendered":"https:\/\/www.stepienybarno.es\/blog\/?p=22664"},"modified":"2016-05-28T10:55:54","modified_gmt":"2016-05-28T08:55:54","slug":"ifac-2016","status":"publish","type":"post","link":"https:\/\/stepienybarno.es\/blog\/2016\/05\/28\/ifac-2016\/","title":{"rendered":"IFAC 2016"},"content":{"rendered":"<p style=\"text-align: center;\"><img loading=\"lazy\" decoding=\"async\" class=\"aligncenter size-full wp-image-22665\" src=\"https:\/\/stepienybarno.es\/blog\/wp-content\/uploads\/2016\/05\/0-Stepienybarno-blog-stepien-y-barno-IFAC-Los-Ba\u00f1os-de-Sierra-Alhamilla.jpg\" alt=\"0 Stepienybarno-blog-stepien-y-barno- IFAC-Los Ba\u00f1os de Sierra Alhamilla\" width=\"600\" height=\"406\" srcset=\"https:\/\/stepienybarno.es\/blog\/wp-content\/uploads\/2016\/05\/0-Stepienybarno-blog-stepien-y-barno-IFAC-Los-Ba\u00f1os-de-Sierra-Alhamilla.jpg 600w, https:\/\/stepienybarno.es\/blog\/wp-content\/uploads\/2016\/05\/0-Stepienybarno-blog-stepien-y-barno-IFAC-Los-Ba\u00f1os-de-Sierra-Alhamilla-180x122.jpg 180w, https:\/\/stepienybarno.es\/blog\/wp-content\/uploads\/2016\/05\/0-Stepienybarno-blog-stepien-y-barno-IFAC-Los-Ba\u00f1os-de-Sierra-Alhamilla-550x372.jpg 550w, https:\/\/stepienybarno.es\/blog\/wp-content\/uploads\/2016\/05\/0-Stepienybarno-blog-stepien-y-barno-IFAC-Los-Ba\u00f1os-de-Sierra-Alhamilla-316x214.jpg 316w\" sizes=\"(max-width: 600px) 100vw, 600px\" \/><\/p>\n<p>Nos llega la siguiente informaci\u00f3n que puede ser de vuestro inter\u00e9s!<\/p>\n<p><!--more--><\/p>\n<p style=\"text-align: center;\"><img loading=\"lazy\" decoding=\"async\" class=\"aligncenter size-full wp-image-22668\" src=\"https:\/\/stepienybarno.es\/blog\/wp-content\/uploads\/2016\/05\/2-Stepienybarno-blog-stepien-y-barno-IFAC-Los-Ba\u00f1os-de-Sierra-Alhamilla.jpg\" alt=\"2 Stepienybarno-blog-stepien-y-barno- IFAC-Los Ba\u00f1os de Sierra Alhamilla\" width=\"600\" height=\"398\" srcset=\"https:\/\/stepienybarno.es\/blog\/wp-content\/uploads\/2016\/05\/2-Stepienybarno-blog-stepien-y-barno-IFAC-Los-Ba\u00f1os-de-Sierra-Alhamilla.jpg 600w, https:\/\/stepienybarno.es\/blog\/wp-content\/uploads\/2016\/05\/2-Stepienybarno-blog-stepien-y-barno-IFAC-Los-Ba\u00f1os-de-Sierra-Alhamilla-180x119.jpg 180w, https:\/\/stepienybarno.es\/blog\/wp-content\/uploads\/2016\/05\/2-Stepienybarno-blog-stepien-y-barno-IFAC-Los-Ba\u00f1os-de-Sierra-Alhamilla-550x365.jpg 550w, https:\/\/stepienybarno.es\/blog\/wp-content\/uploads\/2016\/05\/2-Stepienybarno-blog-stepien-y-barno-IFAC-Los-Ba\u00f1os-de-Sierra-Alhamilla-316x210.jpg 316w\" sizes=\"(max-width: 600px) 100vw, 600px\" \/><\/p>\n<p>Cada a\u00f1o, artistas y arquitectos, creadores y artesanos, investigadores y estudiantes, provenientes de todo el globo,\u00a0\u00a0se re\u00fanen en un punto en el mapa europeo para explorar juntos la contemporaneidad de los entornos rurales. El IFAC, efervescente y reflexivo, formativo y festivo, se desarrolla durante 10 d\u00edas llenos de workshops, conferencias, exposiciones, m\u00fasica, gastronom\u00eda y fiesta, para plantear preguntas y explorar respuestas a problem\u00e1ticas actuales a trav\u00e9s del arte y la arquitectura. El #IFAC16 reunir\u00e1 todo ello en la provincia de Almer\u00eda, del 16 al 25 de septiembre.<\/p>\n<p>Tras tres ediciones en Castilla y Le\u00f3n, y una cuarta en la costa holandesa, este festival n\u00f3mada que busca generar un espacio de debate y acci\u00f3n para un desarrollo cultural y sostenible, se decanta por Andaluc\u00eda, eligiendo el particular paisaje de\u00a0<a href=\"http:\/\/www.ifac2016.com\/place\/\">Los Ba\u00f1os de Sierra Alhamilla<\/a>\u00a0para\u00a0\u00a0explorar el tema de este a\u00f1o,\u00a0el l\u00edmite fr\u00e1gil:<\/p>\n<p>\u00abEstamos rodeados por l\u00edmites. Naturales, artificiales, impuestos o elegidos. Morales y f\u00edsicos.\u00a0Tenemos fronteras, l\u00edneas invisibles que frenan flujos. Tenemos mares y monta\u00f1as que separan mundos privilegiados de desafortunados. Tenemos personas humanas sin derechos humanos por traspasar l\u00edmites. Tenemos vidas perdidas en el fondo del mar por navegar el limbo. Tenemos una naturaleza menguante acotada por l\u00edneas punteadas en un mapa de desarrollo. Tenemos entornos construidos y v\u00edrgenes, dependientes de lo configurado por normativas. Tenemos capas que nos cobijan y que nos acotan. Tenemos ropa, casas, murallas, fortalezas, c\u00e1rceles. Pensamos en lo intermedio entre dos l\u00edmites, umbrales de mezcla, intercambio, transformaci\u00f3n. Coqueteamos con la provocaci\u00f3n de recorrer l\u00edneas prohibidas. Tenemos miedos que nos paralizan y sue\u00f1os que nos hacen perseguir confines. Tenemos curiosidad que nos lleva a cruzar barreras, dudas que nos hacen cuestionar su fragilidad. Tenemos ideas que nos hacen imaginar presentes y futuros posibles. Tenemos todo lo que necesitamos para construirlos. Tenemos 10 d\u00edas para comenzar\u00bb.<\/p>\n<p>El cuerpo principal del festival es el desarrollo de una serie de intervenciones art\u00edsticas y construcciones propuestas por los artistas que son seleccionados tras una convocatoria abierta. A estos proyectos en ejecuci\u00f3n desarrollados a modo taller\u00a0\u00a0acuden m\u00e1s de 200 participantes de todo el mundo. Las noches se completan con conciertos y fiestas, produciendo un evento formativo alejado de todo est\u00e1ndar y academicismo r\u00edgido,\u00a0\u00a0y envuelto por el ambiente festivo y comunitario. Desde que se abri\u00f3 la convocatoria hace algunos d\u00edas, ya se han recibido las primeras decenas de solicitudes, correspondientes a participantes de 6 nacionalidades: Turqu\u00eda, Italia, Alemania, Argelia y Espa\u00f1a.<\/p>\n<p>La convocatoria para presentar proyectos art\u00edsticos-constructivos, te\u00f3ricos, y de artes esc\u00e9nicas, estar\u00e1 abierta hasta el 15 de junio y no requiere ning\u00fan requisito previo. El equipo del festival valorar\u00e1 las diferentes propuestas, de las que se seleccionar\u00e1n entre 15 y 30, las cuelas ser\u00e1n 100% financiadas. Igualmente, los que deseen asistir al festival pueden adquirir su ticket hasta el cierre de buzones el 1 de septiembre de 2016.<\/p>\n<p style=\"text-align: center;\"><img loading=\"lazy\" decoding=\"async\" class=\"aligncenter size-full wp-image-22667\" src=\"https:\/\/stepienybarno.es\/blog\/wp-content\/uploads\/2016\/05\/3-Stepienybarno-blog-stepien-y-barno-IFAC-Los-Ba\u00f1os-de-Sierra-Alhamilla.jpg\" alt=\"3 Stepienybarno-blog-stepien-y-barno- IFAC-Los Ba\u00f1os de Sierra Alhamilla\" width=\"600\" height=\"398\" srcset=\"https:\/\/stepienybarno.es\/blog\/wp-content\/uploads\/2016\/05\/3-Stepienybarno-blog-stepien-y-barno-IFAC-Los-Ba\u00f1os-de-Sierra-Alhamilla.jpg 600w, https:\/\/stepienybarno.es\/blog\/wp-content\/uploads\/2016\/05\/3-Stepienybarno-blog-stepien-y-barno-IFAC-Los-Ba\u00f1os-de-Sierra-Alhamilla-180x119.jpg 180w, https:\/\/stepienybarno.es\/blog\/wp-content\/uploads\/2016\/05\/3-Stepienybarno-blog-stepien-y-barno-IFAC-Los-Ba\u00f1os-de-Sierra-Alhamilla-550x365.jpg 550w, https:\/\/stepienybarno.es\/blog\/wp-content\/uploads\/2016\/05\/3-Stepienybarno-blog-stepien-y-barno-IFAC-Los-Ba\u00f1os-de-Sierra-Alhamilla-316x210.jpg 316w\" sizes=\"(max-width: 600px) 100vw, 600px\" \/><\/p>\n<blockquote>\n<p style=\"text-align: center;\">&#8211; M\u00e1s informaci\u00f3n en la web\u00a0<a href=\"http:\/\/www.ifac2016.com\/\">http:\/\/www.ifac2016.com\/<\/a>, y en las RRSS a trav\u00e9s de\u00a0<a href=\"https:\/\/www.facebook.com\/Ifac-249449968424123\/?fref=ts\">FB<\/a>\u00a0y\u00a0<a href=\"https:\/\/twitter.com\/Ifac_official\">Twitter<\/a>.<\/p>\n<p style=\"text-align: center;\">&#8211; Accede directamente al Call For (TUTORES):\u00a0<a href=\"http:\/\/www.ifac2016.com\/call-for\/\">http:\/\/www.ifac2016.com\/call-for\/<\/a><\/p>\n<p style=\"text-align: center;\">&#8211; Accede directamente a la reserva de ticket (PARTICIPANTES):\u00a0<a href=\"http:\/\/www.ifac2016.com\/tickets\/\">http:\/\/www.ifac2016.com\/tickets\/<\/a><\/p>\n<p style=\"text-align: center;\">&#8211; Rese\u00f1a\u00a0<a href=\"http:\/\/www.plataformaarquitectura.cl\/cl\/775355\/un-idilio-entre-el-arte-y-la-arquitectura-el-ifac\">edici\u00f3n 2015<\/a>\u00a0(Bergen, Holanda).<\/p>\n<p style=\"text-align: center;\"><img loading=\"lazy\" decoding=\"async\" class=\"aligncenter size-full wp-image-22666\" src=\"https:\/\/stepienybarno.es\/blog\/wp-content\/uploads\/2016\/05\/1-Stepienybarno-blog-stepien-y-barno-IFAC-Los-Ba\u00f1os-de-Sierra-Alhamilla.jpg\" alt=\"CARTEL INFO 2\" width=\"600\" height=\"424\" srcset=\"https:\/\/stepienybarno.es\/blog\/wp-content\/uploads\/2016\/05\/1-Stepienybarno-blog-stepien-y-barno-IFAC-Los-Ba\u00f1os-de-Sierra-Alhamilla.jpg 600w, https:\/\/stepienybarno.es\/blog\/wp-content\/uploads\/2016\/05\/1-Stepienybarno-blog-stepien-y-barno-IFAC-Los-Ba\u00f1os-de-Sierra-Alhamilla-180x127.jpg 180w, https:\/\/stepienybarno.es\/blog\/wp-content\/uploads\/2016\/05\/1-Stepienybarno-blog-stepien-y-barno-IFAC-Los-Ba\u00f1os-de-Sierra-Alhamilla-550x389.jpg 550w, https:\/\/stepienybarno.es\/blog\/wp-content\/uploads\/2016\/05\/1-Stepienybarno-blog-stepien-y-barno-IFAC-Los-Ba\u00f1os-de-Sierra-Alhamilla-316x223.jpg 316w\" sizes=\"(max-width: 600px) 100vw, 600px\" \/><\/p>\n<\/blockquote>\n<p>&nbsp;<\/p>\n<p><em><span style=\"color: #999999;\">Noticia seleccionada por el Canal de arquitectura STEPIENYBARNO.<\/span><\/em><\/p>\n<p><em><span style=\"color: #999999;\"><a style=\"color: #999999;\" href=\"https:\/\/twitter.com\/stepienybarno\">STEPIENYBARNO EN TWITTER _ @stepienybarno<\/a><\/span><\/em><\/p>\n<p><em><span style=\"color: #999999;\"><a style=\"color: #999999;\" href=\"http:\/\/www.linkedin.com\/company\/stepienybarno\">STEPIENYBARNO EN LINKEDIN<\/a><\/span><\/em><\/p>\n<p><em><span style=\"color: #999999;\"><a style=\"color: #999999;\" href=\"https:\/\/www.facebook.com\/pages\/BLOG-DE-STEPIENYBARNO\/78001079029\">STEPIENYBARNO EN FACEBOOK<\/a><\/span><\/em><\/p>\n<p><em><span style=\"color: #999999;\">*Stepienybarno est\u00e1 formado por Agnieszka Stepien y Lorenzo Barn\u00f3 y desde mayo del 2009 estamos en la red con\u00a0 la presente publicaci\u00f3n digital (Blog) de arquitectura.<\/span><\/em><\/p>\n<p><em><span style=\"color: #999999;\">Nuestra actividad se sustenta en tres pilares b\u00e1sicos: la investigaci\u00f3n, la publicaci\u00f3n (comunicaci\u00f3n y difusi\u00f3n) y la redacci\u00f3n de proyectos de arquitectura.<\/span><\/em><\/p>\n<p><em><span style=\"color: #999999;\">A su vez, somos socios cofundadores de <a style=\"color: #999999;\" href=\"http:\/\/sinergiasostenible.org\/\">SINERGIA SOSTENIBLE<\/a>, redactores de <a style=\"color: #999999;\" href=\"http:\/\/www.laciudadviva.org\/blogs\/?author=45\">LA CIUDAD VIVA<\/a> y directores del blog de FUNDACI\u00d3N ARQUIA.<\/span><\/em><\/p>\n<p><em><span style=\"color: #999999;\">* Los editores de esta publicaci\u00f3n digital no nos hacemos cargo de de los comentarios y\u00a0 conceptos vertidos en los textos firmados por otras personas, siendo \u00e9stos de responsabilidad exclusiva de sus autores.<\/span><\/em><\/p>\n<p><em><span style=\"color: #999999;\">* Tu comentario podr\u00e1 ser moderado, por lo tanto, aunque aparezca inmediatamente al ser publicado en la entrada, los editores de esta publicaci\u00f3n digital nos reservamos el derecho tanto de editarlo (si fuera necesario, para hacerlo m\u00e1s legible) como de eliminarlo en el caso de que se usen expresiones incorrectas (descalificaciones, palabras malsonantes\u2026). A su vez, si quieres comentar desde el anonimato puedes hacerlo, aunque, nosotros personalmente, agradecemos que tod@s nos podamos identificar.<\/span><\/em><\/p>\n","protected":false},"excerpt":{"rendered":"<p>Nos llega la siguiente informaci\u00f3n que puede ser de vuestro<\/p>\n","protected":false},"author":2,"featured_media":22665,"comment_status":"open","ping_status":"closed","sticky":false,"template":"","format":"standard","meta":{"om_disable_all_campaigns":false,"_monsterinsights_skip_tracking":false,"_monsterinsights_sitenote_active":false,"_monsterinsights_sitenote_note":"","_monsterinsights_sitenote_category":0,"_uf_show_specific_survey":0,"_uf_disable_surveys":false,"episode_type":"","audio_file":"","cover_image":"","cover_image_id":"","duration":"","filesize":"","date_recorded":"","explicit":"","block":"","filesize_raw":"","footnotes":""},"categories":[244],"tags":[4307,4306],"series":[],"class_list":["post-22664","post","type-post","status-publish","format-standard","has-post-thumbnail","hentry","category-canal-de-arquitectura","tag-ifac","tag-ifac16"],"aioseo_notices":[],"episode_featured_image":"https:\/\/stepienybarno.es\/blog\/wp-content\/uploads\/2016\/05\/0-Stepienybarno-blog-stepien-y-barno-IFAC-Los-Ba\u00f1os-de-Sierra-Alhamilla.jpg","episode_player_image":"https:\/\/stepienybarno.es\/blog\/wp-content\/uploads\/2020\/11\/stepienybarno-podcast-scaled.jpg","download_link":"","player_link":"","audio_player":false,"episode_data":{"playerMode":"dark","subscribeUrls":[],"rssFeedUrl":"https:\/\/stepienybarno.es\/blog\/feed\/podcast\/podcast-de-stepienybarno","embedCode":"<blockquote class=\"wp-embedded-content\" data-secret=\"0nNfu37bnz\"><a href=\"https:\/\/stepienybarno.es\/blog\/2016\/05\/28\/ifac-2016\/\">IFAC 2016<\/a><\/blockquote><iframe sandbox=\"allow-scripts\" security=\"restricted\" src=\"https:\/\/stepienybarno.es\/blog\/2016\/05\/28\/ifac-2016\/embed\/#?secret=0nNfu37bnz\" width=\"500\" height=\"350\" title=\"\u00abIFAC 2016\u00bb \u2014 Blog de STEPIEN Y BARNO - publicaci\u00f3n digital sobre arquitectura\" data-secret=\"0nNfu37bnz\" frameborder=\"0\" marginwidth=\"0\" marginheight=\"0\" scrolling=\"no\" class=\"wp-embedded-content\"><\/iframe><script type=\"text\/javascript\">\n\/* <![CDATA[ *\/\n\/*! This file is auto-generated *\/\n!function(d,l){\"use strict\";l.querySelector&&d.addEventListener&&\"undefined\"!=typeof URL&&(d.wp=d.wp||{},d.wp.receiveEmbedMessage||(d.wp.receiveEmbedMessage=function(e){var t=e.data;if((t||t.secret||t.message||t.value)&&!\/[^a-zA-Z0-9]\/.test(t.secret)){for(var s,r,n,a=l.querySelectorAll('iframe[data-secret=\"'+t.secret+'\"]'),o=l.querySelectorAll('blockquote[data-secret=\"'+t.secret+'\"]'),c=new RegExp(\"^https?:$\",\"i\"),i=0;i<o.length;i++)o[i].style.display=\"none\";for(i=0;i<a.length;i++)s=a[i],e.source===s.contentWindow&&(s.removeAttribute(\"style\"),\"height\"===t.message?(1e3<(r=parseInt(t.value,10))?r=1e3:~~r<200&&(r=200),s.height=r):\"link\"===t.message&&(r=new URL(s.getAttribute(\"src\")),n=new URL(t.value),c.test(n.protocol))&&n.host===r.host&&l.activeElement===s&&(d.top.location.href=t.value))}},d.addEventListener(\"message\",d.wp.receiveEmbedMessage,!1),l.addEventListener(\"DOMContentLoaded\",function(){for(var e,t,s=l.querySelectorAll(\"iframe.wp-embedded-content\"),r=0;r<s.length;r++)(t=(e=s[r]).getAttribute(\"data-secret\"))||(t=Math.random().toString(36).substring(2,12),e.src+=\"#?secret=\"+t,e.setAttribute(\"data-secret\",t)),e.contentWindow.postMessage({message:\"ready\",secret:t},\"*\")},!1)))}(window,document);\n\/* ]]> *\/\n<\/script>\n"},"_links":{"self":[{"href":"https:\/\/stepienybarno.es\/blog\/wp-json\/wp\/v2\/posts\/22664"}],"collection":[{"href":"https:\/\/stepienybarno.es\/blog\/wp-json\/wp\/v2\/posts"}],"about":[{"href":"https:\/\/stepienybarno.es\/blog\/wp-json\/wp\/v2\/types\/post"}],"author":[{"embeddable":true,"href":"https:\/\/stepienybarno.es\/blog\/wp-json\/wp\/v2\/users\/2"}],"replies":[{"embeddable":true,"href":"https:\/\/stepienybarno.es\/blog\/wp-json\/wp\/v2\/comments?post=22664"}],"version-history":[{"count":1,"href":"https:\/\/stepienybarno.es\/blog\/wp-json\/wp\/v2\/posts\/22664\/revisions"}],"predecessor-version":[{"id":22669,"href":"https:\/\/stepienybarno.es\/blog\/wp-json\/wp\/v2\/posts\/22664\/revisions\/22669"}],"wp:featuredmedia":[{"embeddable":true,"href":"https:\/\/stepienybarno.es\/blog\/wp-json\/wp\/v2\/media\/22665"}],"wp:attachment":[{"href":"https:\/\/stepienybarno.es\/blog\/wp-json\/wp\/v2\/media?parent=22664"}],"wp:term":[{"taxonomy":"category","embeddable":true,"href":"https:\/\/stepienybarno.es\/blog\/wp-json\/wp\/v2\/categories?post=22664"},{"taxonomy":"post_tag","embeddable":true,"href":"https:\/\/stepienybarno.es\/blog\/wp-json\/wp\/v2\/tags?post=22664"},{"taxonomy":"series","embeddable":true,"href":"https:\/\/stepienybarno.es\/blog\/wp-json\/wp\/v2\/series?post=22664"}],"curies":[{"name":"wp","href":"https:\/\/api.w.org\/{rel}","templated":true}]}}