{"id":22799,"date":"2016-06-03T08:45:42","date_gmt":"2016-06-03T06:45:42","guid":{"rendered":"https:\/\/www.stepienybarno.es\/blog\/?p=22799"},"modified":"2016-06-03T08:47:15","modified_gmt":"2016-06-03T06:47:15","slug":"estos-son-los-diez-edificios-mas-antiguos-del-mundo","status":"publish","type":"post","link":"https:\/\/stepienybarno.es\/blog\/2016\/06\/03\/estos-son-los-diez-edificios-mas-antiguos-del-mundo\/","title":{"rendered":"ESTOS SON LOS DIEZ EDIFICIOS M\u00c1S ANTIGUOS DEL MUNDO"},"content":{"rendered":"<p><img loading=\"lazy\" decoding=\"async\" class=\"alignnone size-full wp-image-22801 aligncenter\" src=\"https:\/\/stepienybarno.es\/blog\/wp-content\/uploads\/2016\/06\/stepienybarno-blog-stepien-y-barno-arquitectura-nicolas-rivera-hipertextual.png\" alt=\"stepienybarno-blog-stepien-y-barno-arquitectura-nicolas-rivera-hipertextual\" width=\"500\" height=\"304\" srcset=\"https:\/\/stepienybarno.es\/blog\/wp-content\/uploads\/2016\/06\/stepienybarno-blog-stepien-y-barno-arquitectura-nicolas-rivera-hipertextual.png 500w, https:\/\/stepienybarno.es\/blog\/wp-content\/uploads\/2016\/06\/stepienybarno-blog-stepien-y-barno-arquitectura-nicolas-rivera-hipertextual-180x109.png 180w, https:\/\/stepienybarno.es\/blog\/wp-content\/uploads\/2016\/06\/stepienybarno-blog-stepien-y-barno-arquitectura-nicolas-rivera-hipertextual-316x192.png 316w\" sizes=\"(max-width: 500px) 100vw, 500px\" \/><\/p>\n<p>Por\u00a0<a href=\"http:\/\/hipertextual.com\/autor\/nicorivera\" target=\"_blank\">Nicol\u00e1s Rivera<\/a> Desde <a href=\"http:\/\/hipertextual.com\/\" target=\"_blank\">Hipertextual<\/a><\/p>\n<p><!--more--><\/p>\n<p style=\"text-align: justify;\">\u201cLa raza humana ha habitado durante miles de a\u00f1o el planeta Tierra,\u00a0<strong>dejando con el paso del tiempo un legado de gran valor.<\/strong>\u00a0Parte del mismo ha quedado reflejado en los edificios y las construcciones, pieza clave y simb\u00f3lica del avance de la especie a lo largo del tiempo.<\/p>\n<p><img loading=\"lazy\" decoding=\"async\" class=\"alignnone size-full wp-image-22802 aligncenter\" src=\"https:\/\/stepienybarno.es\/blog\/wp-content\/uploads\/2016\/06\/stepienybarno-blog-stepien-y-barno-arquitectura-nicolas-rivera-hipertextual-2.png\" alt=\"stepienybarno-blog-stepien-y-barno-arquitectura-nicolas-rivera-hipertextual-2\" width=\"500\" height=\"375\" srcset=\"https:\/\/stepienybarno.es\/blog\/wp-content\/uploads\/2016\/06\/stepienybarno-blog-stepien-y-barno-arquitectura-nicolas-rivera-hipertextual-2.png 500w, https:\/\/stepienybarno.es\/blog\/wp-content\/uploads\/2016\/06\/stepienybarno-blog-stepien-y-barno-arquitectura-nicolas-rivera-hipertextual-2-180x135.png 180w, https:\/\/stepienybarno.es\/blog\/wp-content\/uploads\/2016\/06\/stepienybarno-blog-stepien-y-barno-arquitectura-nicolas-rivera-hipertextual-2-316x237.png 316w\" sizes=\"(max-width: 500px) 100vw, 500px\" \/><\/p>\n<p style=\"text-align: justify;\">El edificio m\u00e1s antiguo del mundo, por ejemplo, data del a\u00f1o 4850 antes de Cristo, y est\u00e1 situado en Francia. Se trata del\u00a0<strong><em>cairn<\/em>\u00a0de Barnenez<\/strong>, perteneciente a la municipalidad de Plouezoc\u2019h. El edificio desempe\u00f1aba una clara funci\u00f3n sepulcral, aunque los investigadores no descartan la posibilidad de que fuera utilizado como un enclave sagrado donde las ceremonias comunitarias y el culto a los ancestros era celebrado.<\/p>\n<p><img loading=\"lazy\" decoding=\"async\" class=\"alignnone size-full wp-image-22803 aligncenter\" src=\"https:\/\/stepienybarno.es\/blog\/wp-content\/uploads\/2016\/06\/stepienybarno-blog-stepien-y-barno-arquitectura-nicolas-rivera-hipertextual-3.png\" alt=\"stepienybarno-blog-stepien-y-barno-arquitectura-nicolas-rivera-hipertextual-3\" width=\"500\" height=\"334\" srcset=\"https:\/\/stepienybarno.es\/blog\/wp-content\/uploads\/2016\/06\/stepienybarno-blog-stepien-y-barno-arquitectura-nicolas-rivera-hipertextual-3.png 500w, https:\/\/stepienybarno.es\/blog\/wp-content\/uploads\/2016\/06\/stepienybarno-blog-stepien-y-barno-arquitectura-nicolas-rivera-hipertextual-3-180x120.png 180w, https:\/\/stepienybarno.es\/blog\/wp-content\/uploads\/2016\/06\/stepienybarno-blog-stepien-y-barno-arquitectura-nicolas-rivera-hipertextual-3-316x211.png 316w\" sizes=\"(max-width: 500px) 100vw, 500px\" \/><\/p>\n<p style=\"text-align: justify;\">En Francia tambi\u00e9n encontramos el segundo de los edificios m\u00e1s antiguos del mundo. Su construcci\u00f3n se asocia al a\u00f1o 4700 antes de Cristo, y se trata de los<strong>T\u00famulos de Bougon<\/strong>. Esta necr\u00f3polis se emple\u00f3 para los mismos fines que el<em>cairn<\/em>\u00a0de Barnenez: albergar los restos de las civilizaciones pre-cristianas y otras actividades sagradas.<\/p>\n<p style=\"text-align: justify;\">El tercer edificio de la lista\u00a0(\u2026)\u201d<\/p>\n<p>&nbsp;<\/p>\n<p style=\"text-align: center;\">Accede a la lista completa, <a href=\"http:\/\/hipertextual.com\/2016\/05\/edificios-mas-antiguos-del-mundo\" target=\"_blank\">AQU\u00cd<\/a><\/p>\n<p>&nbsp;<\/p>\n<p>&nbsp;<\/p>\n<p><span style=\"color: #999999;\"><em>Noticia seleccionada por el Canal de arquitectura STEPIENYBARNO.<\/em><\/span><\/p>\n<p><a href=\"https:\/\/twitter.com\/stepienybarno\"><em>STEPIENYBARNO EN TWITTER _ @stepienybarno<\/em><\/a><\/p>\n<p><a href=\"http:\/\/www.linkedin.com\/company\/stepienybarno\"><em>STEPIENYBARNO EN LINKEDIN<\/em><\/a><\/p>\n<p><a href=\"https:\/\/www.facebook.com\/pages\/BLOG-DE-STEPIENYBARNO\/78001079029\"><em>STEPIENYBARNO EN FACEBOOK<\/em><\/a><\/p>\n<p><span style=\"color: #999999;\"><em>*Stepienybarno est\u00e1 formado por Agnieszka Stepien y Lorenzo Barn\u00f3 y desde mayo del 2009 estamos en la red con\u00a0 la presente publicaci\u00f3n digital (Blog) de arquitectura.<\/em><\/span><\/p>\n<p><span style=\"color: #999999;\"><em>Nuestra actividad se sustenta en tres pilares b\u00e1sicos: la investigaci\u00f3n, la publicaci\u00f3n (comunicaci\u00f3n y difusi\u00f3n) y la redacci\u00f3n de proyectos de arquitectura.<\/em><\/span><\/p>\n<p><span style=\"color: #999999;\"><em>A su vez, somos socios cofundadores de<\/em><\/span><em>\u00a0<\/em><a href=\"http:\/\/sinergiasostenible.org\/\"><em>SINERGIA SOSTENIBLE<\/em><\/a><span style=\"color: #999999;\"><em>, redactores de<\/em><\/span><em>\u00a0<\/em><a href=\"http:\/\/www.laciudadviva.org\/blogs\/?author=45\"><em>LA CIUDAD VIVA<\/em><\/a><span style=\"color: #999999;\"><em>\u00a0<\/em><em>y directores del blog de<\/em><em>\u00a0<\/em><\/span><a href=\"http:\/\/blogfundacion.arquia.es\/\"><em>FUNDACI\u00d3N ARQUIA<span style=\"color: #999999;\">.<\/span><\/em><\/a><\/p>\n<p><span style=\"color: #999999;\"><em>* Los editores de esta publicaci\u00f3n digital no nos hacemos cargo de de los comentarios y\u00a0 conceptos vertidos en los textos firmados por otras personas, siendo \u00e9stos de responsabilidad exclusiva de sus autores.<\/em><\/span><\/p>\n<p><span style=\"color: #999999;\"><em>* Tu comentario podr\u00e1 ser moderado, por lo tanto, aunque aparezca inmediatamente al ser publicado en la entrada, los editores de esta publicaci\u00f3n digital nos reservamos el derecho tanto de editarlo (si fuera necesario, para hacerlo m\u00e1s legible) como de eliminarlo en el caso de que se usen expresiones incorrectas (descalificaciones, palabras malsonantes\u2026). A su vez, si quieres comentar desde el anonimato puedes hacerlo, aunque, nosotros personalmente, agradecemos que tod@s nos podamos identificar.<\/em><\/span><\/p>\n","protected":false},"excerpt":{"rendered":"<p>Por\u00a0Nicol\u00e1s Rivera Desde Hipertextual<\/p>\n","protected":false},"author":2,"featured_media":22801,"comment_status":"open","ping_status":"closed","sticky":false,"template":"","format":"standard","meta":{"om_disable_all_campaigns":false,"_monsterinsights_skip_tracking":false,"_monsterinsights_sitenote_active":false,"_monsterinsights_sitenote_note":"","_monsterinsights_sitenote_category":0,"_uf_show_specific_survey":0,"_uf_disable_surveys":false,"episode_type":"","audio_file":"","cover_image":"","cover_image_id":"","duration":"","filesize":"","date_recorded":"","explicit":"","block":"","filesize_raw":"","footnotes":""},"categories":[244],"tags":[9,4179,4325,2910],"series":[],"class_list":["post-22799","post","type-post","status-publish","format-standard","has-post-thumbnail","hentry","category-canal-de-arquitectura","tag-arquitectura","tag-hipertextual","tag-nicolas-rivera","tag-patrimonio"],"aioseo_notices":[],"episode_featured_image":"https:\/\/stepienybarno.es\/blog\/wp-content\/uploads\/2016\/06\/stepienybarno-blog-stepien-y-barno-arquitectura-nicolas-rivera-hipertextual.png","episode_player_image":"https:\/\/stepienybarno.es\/blog\/wp-content\/uploads\/2020\/11\/stepienybarno-podcast-scaled.jpg","download_link":"","player_link":"","audio_player":false,"episode_data":{"playerMode":"dark","subscribeUrls":[],"rssFeedUrl":"https:\/\/stepienybarno.es\/blog\/feed\/podcast\/podcast-de-stepienybarno","embedCode":"<blockquote class=\"wp-embedded-content\" data-secret=\"NcFhSeeyc2\"><a href=\"https:\/\/stepienybarno.es\/blog\/2016\/06\/03\/estos-son-los-diez-edificios-mas-antiguos-del-mundo\/\">ESTOS SON LOS DIEZ EDIFICIOS M\u00c1S ANTIGUOS DEL MUNDO<\/a><\/blockquote><iframe sandbox=\"allow-scripts\" security=\"restricted\" src=\"https:\/\/stepienybarno.es\/blog\/2016\/06\/03\/estos-son-los-diez-edificios-mas-antiguos-del-mundo\/embed\/#?secret=NcFhSeeyc2\" width=\"500\" height=\"350\" title=\"\u00abESTOS SON LOS DIEZ EDIFICIOS M\u00c1S ANTIGUOS DEL MUNDO\u00bb \u2014 Blog de STEPIEN Y BARNO - publicaci\u00f3n digital sobre arquitectura\" data-secret=\"NcFhSeeyc2\" frameborder=\"0\" marginwidth=\"0\" marginheight=\"0\" scrolling=\"no\" class=\"wp-embedded-content\"><\/iframe><script type=\"text\/javascript\">\n\/* <![CDATA[ *\/\n\/*! This file is auto-generated *\/\n!function(d,l){\"use strict\";l.querySelector&&d.addEventListener&&\"undefined\"!=typeof URL&&(d.wp=d.wp||{},d.wp.receiveEmbedMessage||(d.wp.receiveEmbedMessage=function(e){var t=e.data;if((t||t.secret||t.message||t.value)&&!\/[^a-zA-Z0-9]\/.test(t.secret)){for(var s,r,n,a=l.querySelectorAll('iframe[data-secret=\"'+t.secret+'\"]'),o=l.querySelectorAll('blockquote[data-secret=\"'+t.secret+'\"]'),c=new RegExp(\"^https?:$\",\"i\"),i=0;i<o.length;i++)o[i].style.display=\"none\";for(i=0;i<a.length;i++)s=a[i],e.source===s.contentWindow&&(s.removeAttribute(\"style\"),\"height\"===t.message?(1e3<(r=parseInt(t.value,10))?r=1e3:~~r<200&&(r=200),s.height=r):\"link\"===t.message&&(r=new URL(s.getAttribute(\"src\")),n=new URL(t.value),c.test(n.protocol))&&n.host===r.host&&l.activeElement===s&&(d.top.location.href=t.value))}},d.addEventListener(\"message\",d.wp.receiveEmbedMessage,!1),l.addEventListener(\"DOMContentLoaded\",function(){for(var e,t,s=l.querySelectorAll(\"iframe.wp-embedded-content\"),r=0;r<s.length;r++)(t=(e=s[r]).getAttribute(\"data-secret\"))||(t=Math.random().toString(36).substring(2,12),e.src+=\"#?secret=\"+t,e.setAttribute(\"data-secret\",t)),e.contentWindow.postMessage({message:\"ready\",secret:t},\"*\")},!1)))}(window,document);\n\/* ]]> *\/\n<\/script>\n"},"_links":{"self":[{"href":"https:\/\/stepienybarno.es\/blog\/wp-json\/wp\/v2\/posts\/22799"}],"collection":[{"href":"https:\/\/stepienybarno.es\/blog\/wp-json\/wp\/v2\/posts"}],"about":[{"href":"https:\/\/stepienybarno.es\/blog\/wp-json\/wp\/v2\/types\/post"}],"author":[{"embeddable":true,"href":"https:\/\/stepienybarno.es\/blog\/wp-json\/wp\/v2\/users\/2"}],"replies":[{"embeddable":true,"href":"https:\/\/stepienybarno.es\/blog\/wp-json\/wp\/v2\/comments?post=22799"}],"version-history":[{"count":3,"href":"https:\/\/stepienybarno.es\/blog\/wp-json\/wp\/v2\/posts\/22799\/revisions"}],"predecessor-version":[{"id":22806,"href":"https:\/\/stepienybarno.es\/blog\/wp-json\/wp\/v2\/posts\/22799\/revisions\/22806"}],"wp:featuredmedia":[{"embeddable":true,"href":"https:\/\/stepienybarno.es\/blog\/wp-json\/wp\/v2\/media\/22801"}],"wp:attachment":[{"href":"https:\/\/stepienybarno.es\/blog\/wp-json\/wp\/v2\/media?parent=22799"}],"wp:term":[{"taxonomy":"category","embeddable":true,"href":"https:\/\/stepienybarno.es\/blog\/wp-json\/wp\/v2\/categories?post=22799"},{"taxonomy":"post_tag","embeddable":true,"href":"https:\/\/stepienybarno.es\/blog\/wp-json\/wp\/v2\/tags?post=22799"},{"taxonomy":"series","embeddable":true,"href":"https:\/\/stepienybarno.es\/blog\/wp-json\/wp\/v2\/series?post=22799"}],"curies":[{"name":"wp","href":"https:\/\/api.w.org\/{rel}","templated":true}]}}