{"id":22990,"date":"2016-06-17T19:21:26","date_gmt":"2016-06-17T17:21:26","guid":{"rendered":"https:\/\/www.stepienybarno.es\/blog\/?p=22990"},"modified":"2016-06-17T11:08:34","modified_gmt":"2016-06-17T09:08:34","slug":"comida-para-compartir-sirvanse-libremente-es-gratis","status":"publish","type":"post","link":"https:\/\/stepienybarno.es\/blog\/2016\/06\/17\/comida-para-compartir-sirvanse-libremente-es-gratis\/","title":{"rendered":"COMIDA PARA COMPARTIR (S\u00cdRVANSE LIBREMENTE, \u00a1ES GRATIS!)"},"content":{"rendered":"<p><img loading=\"lazy\" decoding=\"async\" class=\"alignnone size-full wp-image-22991 aligncenter\" src=\"https:\/\/stepienybarno.es\/blog\/wp-content\/uploads\/2016\/06\/stepienybarno-blog-stepien-y-barno-arquitectura-la-ciudad-viva-andrea-robles.jpg\" alt=\"stepienybarno-blog-stepien-y-barno-arquitectura-la-ciudad-viva-andrea-robles\" width=\"500\" height=\"224\" srcset=\"https:\/\/stepienybarno.es\/blog\/wp-content\/uploads\/2016\/06\/stepienybarno-blog-stepien-y-barno-arquitectura-la-ciudad-viva-andrea-robles.jpg 500w, https:\/\/stepienybarno.es\/blog\/wp-content\/uploads\/2016\/06\/stepienybarno-blog-stepien-y-barno-arquitectura-la-ciudad-viva-andrea-robles-180x81.jpg 180w, https:\/\/stepienybarno.es\/blog\/wp-content\/uploads\/2016\/06\/stepienybarno-blog-stepien-y-barno-arquitectura-la-ciudad-viva-andrea-robles-316x142.jpg 316w\" sizes=\"(max-width: 500px) 100vw, 500px\" \/><\/p>\n<p><strong>Por Andrea Robles Desde <a href=\"http:\/\/www.laciudadviva.org\/\" target=\"_blank\">La Ciudad Viva<\/a><\/strong><\/p>\n<p><!--more--><\/p>\n<p style=\"text-align: justify;\">\u201c \u2018<em>Comida para compartir. S\u00edrvanse libremente, \u00a1es gratis!<\/em>\u2019 reza un cartel en una estanter\u00eda con jardineras de verduras y hortalizas en la puerta de una tienda de Cerdanyola del Vall\u00e8s (Barcelona). Si continuamos dando una vuelta por este pueblo de casi 60.000 habitantes, asistimos con sorpresa a la aparici\u00f3n de hasta 4 simp\u00e1ticas zonas \u201cinvasoras\u201d de tomateras, lechugas, coles, plantas arom\u00e1ticas\u2026 donde hace apenas cuatro meses s\u00f3lo hab\u00eda zonas \u201cverdes\u201d descuidadas y secas.<\/p>\n<p style=\"text-align: justify;\">No se trata de una iniciativa del Ayuntamiento, sino de\u00a0<strong><a style=\"font-weight: inherit; font-style: inherit;\" href=\"http:\/\/increiblecomestiblecerdanyola.wordpress.com\/\">Incre\u00efble Comestible<\/a><\/strong>, un movimiento que comenz\u00f3 su andadura en este pueblo el pasado 8 de marzo de 2014, con su primera plantaci\u00f3n comestible en suelo p\u00fablico.<\/p>\n<p style=\"text-align: justify;\">Pero para encontrar sus primeras ra\u00edces, nos tendr\u00edamos que remontar 6 a\u00f1os atr\u00e1s, a un peque\u00f1o caf\u00e9 de Todmorden (Inglaterra), a las 18:00 de la tarde del d\u00eda 17 de marzo de 2008. All\u00ed, Pam Warhust se reun\u00eda con un grupo de vecinos a los que hizo una simple pregunta: \u00bfQuer\u00edan una ciudad m\u00e1s agradable y vivible para sus hijos? \u00a0La reacci\u00f3n fue entusiasta.<\/p>\n<p style=\"text-align: justify;\">Todmorden es una peque\u00f1a ciudad de pasado industrial de 16.000 habitantes a veinte minutos de Manchester, que comenz\u00f3 una peque\u00f1a revoluci\u00f3n hace m\u00e1s de 6 a\u00f1os: el movimiento\u00a0<strong><a style=\"font-weight: inherit; font-style: inherit;\" href=\"http:\/\/www.incredible-edible-todmorden.co.uk\/\">Incredible Edible<\/a>.<\/strong>\u00a0Una iniciativa que consiste en plantar libremente verduras, hortalizas, frutales y hierbas arom\u00e1ticas en el espacio p\u00fablico, que pasan a ser un bien com\u00fan: cualquiera puede recoger los frutos de la cosecha. Una acci\u00f3n muy simple pero que ha transformado totalmente el funcionamiento y la econom\u00eda de esta localidad inglesa. La iniciativa se mantiene gracias al trabajo de m\u00e1s de 280 personas, que se organizan para regar voluntariamente dos ma\u00f1anas al mes, en lo que son ya m\u00e1s de 70 espacios \u201cincre\u00edbles y comestibles\u201d por todo el pueblo. Algo que la gente ve\u00eda en sus comienzos como una excentricidad, pero que hoy es visto por la comunidad como un cambio necesario. De hecho, Todmorden ha desarrollado un plan de autosuficiencia alimentaria que espera completar para el a\u00f1o 2018 (\u2026)\u201d<\/p>\n<p><strong>\u00a0<\/strong><\/p>\n<p>&nbsp;<\/p>\n<p style=\"text-align: center;\"><strong>Accede al texto, <a href=\"http:\/\/www.laciudadviva.org\/blogs\/?p=25009\" target=\"_blank\">AQU\u00cd<\/a><\/strong><\/p>\n<p style=\"text-align: center;\">\n<p><span style=\"color: #999999;\"><em>\u00a0<\/em><\/span><\/p>\n<p><span style=\"color: #999999;\"><em>Noticia seleccionada por el Canal de arquitectura STEPIENYBARNO.<\/em><\/span><\/p>\n<p><a href=\"https:\/\/twitter.com\/stepienybarno\"><em>STEPIENYBARNO EN TWITTER _ @stepienybarno<\/em><\/a><\/p>\n<p><a href=\"http:\/\/www.linkedin.com\/company\/stepienybarno\"><em>STEPIENYBARNO EN LINKEDIN<\/em><\/a><\/p>\n<p><a href=\"https:\/\/www.facebook.com\/pages\/BLOG-DE-STEPIENYBARNO\/78001079029\"><em>STEPIENYBARNO EN FACEBOOK<\/em><\/a><\/p>\n<p style=\"text-align: justify;\"><span style=\"color: #999999;\"><em>*Stepienybarno est\u00e1 formado por Agnieszka Stepien y Lorenzo Barn\u00f3 y desde mayo del 2009 estamos en la red con\u00a0 la presente publicaci\u00f3n digital (Blog) de arquitectura.<\/em><\/span><\/p>\n<p style=\"text-align: justify;\"><span style=\"color: #999999;\"><em>Nuestra actividad se sustenta en tres pilares b\u00e1sicos: la investigaci\u00f3n, la publicaci\u00f3n (comunicaci\u00f3n y difusi\u00f3n) y la redacci\u00f3n de proyectos de arquitectura.<\/em><\/span><\/p>\n<p style=\"text-align: justify;\"><span style=\"color: #999999;\"><em>A su vez, somos socios cofundadores de<\/em><\/span><em>\u00a0<\/em><a href=\"http:\/\/sinergiasostenible.org\/\"><em>SINERGIA SOSTENIBLE<\/em><\/a><span style=\"color: #999999;\"><em>, redactores de<\/em><em>\u00a0<\/em><\/span><a href=\"http:\/\/www.laciudadviva.org\/blogs\/?author=45\"><em>LA CIUDAD VIVA<\/em><\/a><span style=\"color: #999999;\"><em>\u00a0<\/em><em>y directores del blog de<\/em><em>\u00a0<\/em><\/span><a href=\"http:\/\/blogfundacion.arquia.es\/\"><em>FUNDACI\u00d3N ARQUIA<span style=\"color: #999999;\">.<\/span><\/em><\/a><\/p>\n<p style=\"text-align: justify;\"><span style=\"color: #999999;\"><em>* Los editores de esta publicaci\u00f3n digital no nos hacemos cargo de de los comentarios y\u00a0 conceptos vertidos en los textos firmados por otras personas, siendo \u00e9stos de responsabilidad exclusiva de sus autores.<\/em><\/span><\/p>\n<p style=\"text-align: justify;\"><span style=\"color: #999999;\"><em>* Tu comentario podr\u00e1 ser moderado, por lo tanto, aunque aparezca inmediatamente al ser publicado en la entrada, los editores de esta publicaci\u00f3n digital nos reservamos el derecho tanto de editarlo (si fuera necesario, para hacerlo m\u00e1s legible) como de eliminarlo en el caso de que se usen expresiones incorrectas (descalificaciones, palabras malsonantes\u2026). A su vez, si quieres comentar desde el anonimato puedes hacerlo, aunque, nosotros personalmente, agradecemos que tod@s nos podamos identificar.<\/em><\/span><\/p>\n","protected":false},"excerpt":{"rendered":"<p>Por Andrea Robles Desde La Ciudad Viva<\/p>\n","protected":false},"author":9,"featured_media":22991,"comment_status":"open","ping_status":"closed","sticky":false,"template":"","format":"standard","meta":{"om_disable_all_campaigns":false,"_monsterinsights_skip_tracking":false,"_monsterinsights_sitenote_active":false,"_monsterinsights_sitenote_note":"","_monsterinsights_sitenote_category":0,"_uf_show_specific_survey":0,"_uf_disable_surveys":false,"episode_type":"","audio_file":"","cover_image":"","cover_image_id":"","duration":"","filesize":"","date_recorded":"","explicit":"","block":"","filesize_raw":"","footnotes":""},"categories":[244],"tags":[4374,132],"series":[],"class_list":["post-22990","post","type-post","status-publish","format-standard","has-post-thumbnail","hentry","category-canal-de-arquitectura","tag-andrea-robles","tag-la-ciudad-viva"],"aioseo_notices":[],"episode_featured_image":"https:\/\/stepienybarno.es\/blog\/wp-content\/uploads\/2016\/06\/stepienybarno-blog-stepien-y-barno-arquitectura-la-ciudad-viva-andrea-robles.jpg","episode_player_image":"https:\/\/stepienybarno.es\/blog\/wp-content\/uploads\/2020\/11\/stepienybarno-podcast-scaled.jpg","download_link":"","player_link":"","audio_player":false,"episode_data":{"playerMode":"dark","subscribeUrls":[],"rssFeedUrl":"https:\/\/stepienybarno.es\/blog\/feed\/podcast\/podcast-de-stepienybarno","embedCode":"<blockquote class=\"wp-embedded-content\" data-secret=\"ITMYjutehL\"><a href=\"https:\/\/stepienybarno.es\/blog\/2016\/06\/17\/comida-para-compartir-sirvanse-libremente-es-gratis\/\">COMIDA PARA COMPARTIR (S\u00cdRVANSE LIBREMENTE, \u00a1ES GRATIS!)<\/a><\/blockquote><iframe sandbox=\"allow-scripts\" security=\"restricted\" src=\"https:\/\/stepienybarno.es\/blog\/2016\/06\/17\/comida-para-compartir-sirvanse-libremente-es-gratis\/embed\/#?secret=ITMYjutehL\" width=\"500\" height=\"350\" title=\"\u00abCOMIDA PARA COMPARTIR (S\u00cdRVANSE LIBREMENTE, \u00a1ES GRATIS!)\u00bb \u2014 Blog de STEPIEN Y BARNO - publicaci\u00f3n digital sobre arquitectura\" data-secret=\"ITMYjutehL\" frameborder=\"0\" marginwidth=\"0\" marginheight=\"0\" scrolling=\"no\" class=\"wp-embedded-content\"><\/iframe><script type=\"text\/javascript\">\n\/* <![CDATA[ *\/\n\/*! This file is auto-generated *\/\n!function(d,l){\"use strict\";l.querySelector&&d.addEventListener&&\"undefined\"!=typeof URL&&(d.wp=d.wp||{},d.wp.receiveEmbedMessage||(d.wp.receiveEmbedMessage=function(e){var t=e.data;if((t||t.secret||t.message||t.value)&&!\/[^a-zA-Z0-9]\/.test(t.secret)){for(var s,r,n,a=l.querySelectorAll('iframe[data-secret=\"'+t.secret+'\"]'),o=l.querySelectorAll('blockquote[data-secret=\"'+t.secret+'\"]'),c=new RegExp(\"^https?:$\",\"i\"),i=0;i<o.length;i++)o[i].style.display=\"none\";for(i=0;i<a.length;i++)s=a[i],e.source===s.contentWindow&&(s.removeAttribute(\"style\"),\"height\"===t.message?(1e3<(r=parseInt(t.value,10))?r=1e3:~~r<200&&(r=200),s.height=r):\"link\"===t.message&&(r=new URL(s.getAttribute(\"src\")),n=new URL(t.value),c.test(n.protocol))&&n.host===r.host&&l.activeElement===s&&(d.top.location.href=t.value))}},d.addEventListener(\"message\",d.wp.receiveEmbedMessage,!1),l.addEventListener(\"DOMContentLoaded\",function(){for(var e,t,s=l.querySelectorAll(\"iframe.wp-embedded-content\"),r=0;r<s.length;r++)(t=(e=s[r]).getAttribute(\"data-secret\"))||(t=Math.random().toString(36).substring(2,12),e.src+=\"#?secret=\"+t,e.setAttribute(\"data-secret\",t)),e.contentWindow.postMessage({message:\"ready\",secret:t},\"*\")},!1)))}(window,document);\n\/* ]]> *\/\n<\/script>\n"},"_links":{"self":[{"href":"https:\/\/stepienybarno.es\/blog\/wp-json\/wp\/v2\/posts\/22990"}],"collection":[{"href":"https:\/\/stepienybarno.es\/blog\/wp-json\/wp\/v2\/posts"}],"about":[{"href":"https:\/\/stepienybarno.es\/blog\/wp-json\/wp\/v2\/types\/post"}],"author":[{"embeddable":true,"href":"https:\/\/stepienybarno.es\/blog\/wp-json\/wp\/v2\/users\/9"}],"replies":[{"embeddable":true,"href":"https:\/\/stepienybarno.es\/blog\/wp-json\/wp\/v2\/comments?post=22990"}],"version-history":[{"count":1,"href":"https:\/\/stepienybarno.es\/blog\/wp-json\/wp\/v2\/posts\/22990\/revisions"}],"predecessor-version":[{"id":22992,"href":"https:\/\/stepienybarno.es\/blog\/wp-json\/wp\/v2\/posts\/22990\/revisions\/22992"}],"wp:featuredmedia":[{"embeddable":true,"href":"https:\/\/stepienybarno.es\/blog\/wp-json\/wp\/v2\/media\/22991"}],"wp:attachment":[{"href":"https:\/\/stepienybarno.es\/blog\/wp-json\/wp\/v2\/media?parent=22990"}],"wp:term":[{"taxonomy":"category","embeddable":true,"href":"https:\/\/stepienybarno.es\/blog\/wp-json\/wp\/v2\/categories?post=22990"},{"taxonomy":"post_tag","embeddable":true,"href":"https:\/\/stepienybarno.es\/blog\/wp-json\/wp\/v2\/tags?post=22990"},{"taxonomy":"series","embeddable":true,"href":"https:\/\/stepienybarno.es\/blog\/wp-json\/wp\/v2\/series?post=22990"}],"curies":[{"name":"wp","href":"https:\/\/api.w.org\/{rel}","templated":true}]}}