{"id":230,"date":"2009-05-03T00:04:42","date_gmt":"2009-05-02T22:04:42","guid":{"rendered":"https:\/\/www.stepienybarno.es\/blog\/?p=230"},"modified":"2013-11-01T19:41:23","modified_gmt":"2013-11-01T17:41:23","slug":"jornadas-sobre-paisaje","status":"publish","type":"post","link":"https:\/\/stepienybarno.es\/blog\/2009\/05\/03\/jornadas-sobre-paisaje\/","title":{"rendered":"JORNADAS SOBRE PAISAJE"},"content":{"rendered":"<p><img loading=\"lazy\" decoding=\"async\" class=\"aligncenter size-full wp-image-231\" title=\"1biennal-del-paisaje\" src=\"https:\/\/stepienybarno.es\/blog\/wp-content\/uploads\/2009\/05\/1biennal-del-paisaje.jpg\" alt=\"1biennal-del-paisaje\" width=\"335\" height=\"334\" srcset=\"https:\/\/stepienybarno.es\/blog\/wp-content\/uploads\/2009\/05\/1biennal-del-paisaje.jpg 335w, https:\/\/stepienybarno.es\/blog\/wp-content\/uploads\/2009\/05\/1biennal-del-paisaje-180x180.jpg 180w, https:\/\/stepienybarno.es\/blog\/wp-content\/uploads\/2009\/05\/1biennal-del-paisaje-224x224.jpg 224w, https:\/\/stepienybarno.es\/blog\/wp-content\/uploads\/2009\/05\/1biennal-del-paisaje-316x315.jpg 316w\" sizes=\"(max-width: 335px) 100vw, 335px\" \/><\/p>\n<p>\u00bfQue es el paisaje? &#8211;\u00a0 esta pregunta acompa\u00f1aba a los reunidos los d\u00edas 23 y 24 del marzo 2009 en la sede de Vizca\u00edna del COAVN.<\/p>\n<p>En las Jornadas sobre Paisaje particip\u00f3 un colectivo multidisciplinar: desde los bi\u00f3logos y agr\u00f3nomos hasta los ingenieros de montes. No obstante la mayor\u00eda fue constituida por arquitectos y estudiantes de arquitectura.<!--more--><\/p>\n<p>Como el punto de partida para el debate los organizadores escogieron la definici\u00f3n del paisaje como \u00abcualquier parte del territorio tal como la percibe la poblaci\u00f3n, cuyo car\u00e1cter sea el resultado de la acci\u00f3n y la interacci\u00f3n de factores naturales y\/o humanos\u00bb. Esta formulaci\u00f3n viene del Convenio Europeo del Paisaje que entr\u00f3 en vigor en a\u00f1o 2004.<\/p>\n<p>En diferentes ponencias qued\u00f3 subrayada la grave situaci\u00f3n de desconocimiento de \u00a0los fundamentos de una adecuada \u00abpol\u00edtica en materia de paisajes\u00bb, el \u00abobjetivo de calidad paisaj\u00edstica\u00bb y de los valores en la \u00abprotecci\u00f3n y gesti\u00f3n de los paisajes\u00bb.<\/p>\n<p>Se habl\u00f3 de afrontar el problema desde distintos campos como la formaci\u00f3n y docencia, la legislaci\u00f3n, la interacci\u00f3n del paisaje en el d\u00eda a d\u00eda del ciudadano.<\/p>\n<p>Entre los ponentes ten\u00edamos a: Jose Manuel Vidal &#8211; coordinador general de la revista \u00abPaisea\u00bb, Javier Puldain Huarte &#8211; profesor de proyectos de la ETSASS o paisajistas de estudios Local 4 y Humus sapiens S.L.<\/p>\n<p>Se presentaron algunas propuestas singulares que podr\u00edan servir de ejemplo para las futuras actuaciones en el \u00e1mbito del paisaje tanto urbano como natural.<\/p>\n<p>Las jornadas sirvieron como lugar de encuentro o un foro sobre las cuestiones del paisaje, este paisaje que estamos transformando muchas veces sin plantearnos que nuestras actuaciones son irreversibles.<\/p>\n<p><img loading=\"lazy\" decoding=\"async\" class=\"aligncenter size-full wp-image-232\" title=\"local_4-plan-director-de-bilbao\" src=\"https:\/\/stepienybarno.es\/blog\/wp-content\/uploads\/2009\/05\/local_4-plan-director-de-bilbao.jpg\" alt=\"local_4-plan-director-de-bilbao\" width=\"342\" height=\"335\" srcset=\"https:\/\/stepienybarno.es\/blog\/wp-content\/uploads\/2009\/05\/local_4-plan-director-de-bilbao.jpg 342w, https:\/\/stepienybarno.es\/blog\/wp-content\/uploads\/2009\/05\/local_4-plan-director-de-bilbao-180x176.jpg 180w, https:\/\/stepienybarno.es\/blog\/wp-content\/uploads\/2009\/05\/local_4-plan-director-de-bilbao-316x310.jpg 316w\" sizes=\"(max-width: 342px) 100vw, 342px\" \/><\/p>\n<p>Los pr\u00f3ximos d\u00edas presentaremos m\u00e1s detalladamente algunas de las ponencias expuestas en las jornadas.<\/p>\n","protected":false},"excerpt":{"rendered":"<p>1biennal-del-paisaje<\/p>\n<p>\u00bfQue es el paisaje? &#8211;  esta pregunta acompa\u00f1aba a los reunidos los d\u00edas 23 y 24 del marzo 2009 en la sede de Vizca\u00edna del COAVN.<\/p>\n<p>En las Jornadas sobre Paisaje particip\u00f3 un colectivo multidisciplinar: desde los bi\u00f3logos y agr\u00f3nomos hasta los ingenieros de montes. No obstante la mayor\u00eda fue constituida por arquitectos y estudiantes de arquitectura. [(m\u00e1s&#8230;)] <\/p>\n","protected":false},"author":2,"featured_media":0,"comment_status":"open","ping_status":"closed","sticky":false,"template":"","format":"standard","meta":{"om_disable_all_campaigns":false,"_monsterinsights_skip_tracking":false,"_monsterinsights_sitenote_active":false,"_monsterinsights_sitenote_note":"","_monsterinsights_sitenote_category":0,"_uf_show_specific_survey":0,"_uf_disable_surveys":false,"episode_type":"","audio_file":"","cover_image":"","cover_image_id":"","duration":"","filesize":"","date_recorded":"","explicit":"","block":"","filesize_raw":"","footnotes":""},"categories":[34,15,17],"tags":[48,46,4273],"series":[],"class_list":["post-230","post","type-post","status-publish","format-standard","hentry","category-actualidad","category-sostenibilidad","category-urbanismo","tag-arquitectura-del-paisaje","tag-conferencias","tag-identidad-digital-syb"],"aioseo_notices":[],"episode_featured_image":false,"episode_player_image":"https:\/\/stepienybarno.es\/blog\/wp-content\/uploads\/2020\/11\/stepienybarno-podcast-scaled.jpg","download_link":"","player_link":"","audio_player":false,"episode_data":{"playerMode":"dark","subscribeUrls":[],"rssFeedUrl":"https:\/\/stepienybarno.es\/blog\/feed\/podcast\/podcast-de-stepienybarno","embedCode":"<blockquote class=\"wp-embedded-content\" data-secret=\"afjc0Ny1TT\"><a href=\"https:\/\/stepienybarno.es\/blog\/2009\/05\/03\/jornadas-sobre-paisaje\/\">JORNADAS SOBRE PAISAJE<\/a><\/blockquote><iframe sandbox=\"allow-scripts\" security=\"restricted\" src=\"https:\/\/stepienybarno.es\/blog\/2009\/05\/03\/jornadas-sobre-paisaje\/embed\/#?secret=afjc0Ny1TT\" width=\"500\" height=\"350\" title=\"\u00abJORNADAS SOBRE PAISAJE\u00bb \u2014 Blog de STEPIEN Y BARNO - publicaci\u00f3n digital sobre arquitectura\" data-secret=\"afjc0Ny1TT\" frameborder=\"0\" marginwidth=\"0\" marginheight=\"0\" scrolling=\"no\" class=\"wp-embedded-content\"><\/iframe><script type=\"text\/javascript\">\n\/* <![CDATA[ *\/\n\/*! This file is auto-generated *\/\n!function(d,l){\"use strict\";l.querySelector&&d.addEventListener&&\"undefined\"!=typeof URL&&(d.wp=d.wp||{},d.wp.receiveEmbedMessage||(d.wp.receiveEmbedMessage=function(e){var t=e.data;if((t||t.secret||t.message||t.value)&&!\/[^a-zA-Z0-9]\/.test(t.secret)){for(var s,r,n,a=l.querySelectorAll('iframe[data-secret=\"'+t.secret+'\"]'),o=l.querySelectorAll('blockquote[data-secret=\"'+t.secret+'\"]'),c=new RegExp(\"^https?:$\",\"i\"),i=0;i<o.length;i++)o[i].style.display=\"none\";for(i=0;i<a.length;i++)s=a[i],e.source===s.contentWindow&&(s.removeAttribute(\"style\"),\"height\"===t.message?(1e3<(r=parseInt(t.value,10))?r=1e3:~~r<200&&(r=200),s.height=r):\"link\"===t.message&&(r=new URL(s.getAttribute(\"src\")),n=new URL(t.value),c.test(n.protocol))&&n.host===r.host&&l.activeElement===s&&(d.top.location.href=t.value))}},d.addEventListener(\"message\",d.wp.receiveEmbedMessage,!1),l.addEventListener(\"DOMContentLoaded\",function(){for(var e,t,s=l.querySelectorAll(\"iframe.wp-embedded-content\"),r=0;r<s.length;r++)(t=(e=s[r]).getAttribute(\"data-secret\"))||(t=Math.random().toString(36).substring(2,12),e.src+=\"#?secret=\"+t,e.setAttribute(\"data-secret\",t)),e.contentWindow.postMessage({message:\"ready\",secret:t},\"*\")},!1)))}(window,document);\n\/* ]]> *\/\n<\/script>\n"},"_links":{"self":[{"href":"https:\/\/stepienybarno.es\/blog\/wp-json\/wp\/v2\/posts\/230"}],"collection":[{"href":"https:\/\/stepienybarno.es\/blog\/wp-json\/wp\/v2\/posts"}],"about":[{"href":"https:\/\/stepienybarno.es\/blog\/wp-json\/wp\/v2\/types\/post"}],"author":[{"embeddable":true,"href":"https:\/\/stepienybarno.es\/blog\/wp-json\/wp\/v2\/users\/2"}],"replies":[{"embeddable":true,"href":"https:\/\/stepienybarno.es\/blog\/wp-json\/wp\/v2\/comments?post=230"}],"version-history":[{"count":3,"href":"https:\/\/stepienybarno.es\/blog\/wp-json\/wp\/v2\/posts\/230\/revisions"}],"predecessor-version":[{"id":234,"href":"https:\/\/stepienybarno.es\/blog\/wp-json\/wp\/v2\/posts\/230\/revisions\/234"}],"wp:attachment":[{"href":"https:\/\/stepienybarno.es\/blog\/wp-json\/wp\/v2\/media?parent=230"}],"wp:term":[{"taxonomy":"category","embeddable":true,"href":"https:\/\/stepienybarno.es\/blog\/wp-json\/wp\/v2\/categories?post=230"},{"taxonomy":"post_tag","embeddable":true,"href":"https:\/\/stepienybarno.es\/blog\/wp-json\/wp\/v2\/tags?post=230"},{"taxonomy":"series","embeddable":true,"href":"https:\/\/stepienybarno.es\/blog\/wp-json\/wp\/v2\/series?post=230"}],"curies":[{"name":"wp","href":"https:\/\/api.w.org\/{rel}","templated":true}]}}