{"id":23076,"date":"2016-06-24T08:34:07","date_gmt":"2016-06-24T06:34:07","guid":{"rendered":"https:\/\/www.stepienybarno.es\/blog\/?p=23076"},"modified":"2016-06-24T08:34:07","modified_gmt":"2016-06-24T06:34:07","slug":"carlo-scarpa-y-el-museo-de-castelvecchio-verona","status":"publish","type":"post","link":"https:\/\/stepienybarno.es\/blog\/2016\/06\/24\/carlo-scarpa-y-el-museo-de-castelvecchio-verona\/","title":{"rendered":"CARLO SCARPA Y EL MUSEO DE CASTELVECCHIO (VERONA)"},"content":{"rendered":"<p><img loading=\"lazy\" decoding=\"async\" class=\"alignnone size-full wp-image-23077 aligncenter\" src=\"https:\/\/stepienybarno.es\/blog\/wp-content\/uploads\/2016\/06\/stepienybarno-blog-stepien-y-barno-arquitectura-jose-santos-torres-arqadia.jpg\" alt=\"stepienybarno-blog-stepien-y-barno-arquitectura-jose-santos-torres-arqadia\" width=\"500\" height=\"247\" srcset=\"https:\/\/stepienybarno.es\/blog\/wp-content\/uploads\/2016\/06\/stepienybarno-blog-stepien-y-barno-arquitectura-jose-santos-torres-arqadia.jpg 500w, https:\/\/stepienybarno.es\/blog\/wp-content\/uploads\/2016\/06\/stepienybarno-blog-stepien-y-barno-arquitectura-jose-santos-torres-arqadia-180x89.jpg 180w, https:\/\/stepienybarno.es\/blog\/wp-content\/uploads\/2016\/06\/stepienybarno-blog-stepien-y-barno-arquitectura-jose-santos-torres-arqadia-316x156.jpg 316w\" sizes=\"(max-width: 500px) 100vw, 500px\" \/><\/p>\n<p><strong>Por <a href=\"http:\/\/inarqadia.jstarquitectura.es\/?author=1\" target=\"_blank\">Jos\u00e9 Santos Torres<\/a> Desde <a href=\"http:\/\/inarqadia.jstarquitectura.es\/\" target=\"_blank\">ArQadia<\/a><\/strong><\/p>\n<p><!--more--><\/p>\n<p style=\"text-align: justify;\">\u201cContinuando con el \u201cpercorso\u201d por el noreste italiano, no pod\u00eda faltar la visita a Verona. Se trata de una de las ciudades m\u00e1s pr\u00f3speras de Italia y, al mismo tiempo y como no pod\u00eda ser de otra manera, cuenta con un patrimonio\u00a0 historico important\u00edsimo.<\/p>\n<p style=\"text-align: justify;\">Hoy no voy a contar nada sobre los edificios de \u00e9poca romana, como la Arena, sobre las grandes iglesias de todos los estilos, los palacios ni, por supuesto, la casa de Giulietta. Hoy nos vamos a un museo\u2026<\/p>\n<p style=\"text-align: justify;\">El ejemplo m\u00e1s importante de la arquitectura civil de Verona es el Castelvecchio (Viejo Castillo), construido a mediados del siglo XIV. El edificio por si mismo es digno de una visita, de un paseo por el patio de armas, las torres o las murallas, pero la sorpresa se encuentra en el interior. Dos de las alas del castillo se encuentran ocupadas por el Museo C\u00edvico de Arte.<\/p>\n<p style=\"text-align: justify;\">\u00bfY vamos a pagar por entrar en un museo con todo lo que hay que ver? Pues si, y no te vas a arrepentir.<\/p>\n<p style=\"text-align: justify;\">En el interior se encuentran importantes obras de artistas como Pisanello, Bellini o Tintoretto pero, a decir verdad, en las dos ocasiones en que lo he visitado apenas me he fijado en el contenido. \u00c9ste ha sido ampliamente superado por el continente (\u2026)\u201d\n<\/p>\n<p>&nbsp;<\/p>\n<p style=\"text-align: center;\"><strong>Accede al art\u00edculo, <a href=\"http:\/\/inarqadia.jstarquitectura.es\/?p=300\" target=\"_blank\">AQU\u00cd<\/a><\/strong><\/p>\n<p>&nbsp;<\/p>\n<p><em>\u00a0<\/em><\/p>\n<p><span style=\"color: #999999;\"><em>Noticia seleccionada por el Canal de arquitectura STEPIENYBARNO.<\/em><\/span><\/p>\n<p><a href=\"https:\/\/twitter.com\/stepienybarno\"><em>STEPIENYBARNO EN TWITTER _ @stepienybarno<\/em><\/a><\/p>\n<p><a href=\"http:\/\/www.linkedin.com\/company\/stepienybarno\"><em>STEPIENYBARNO EN LINKEDIN<\/em><\/a><\/p>\n<p><a href=\"https:\/\/www.facebook.com\/pages\/BLOG-DE-STEPIENYBARNO\/78001079029\"><em>STEPIENYBARNO EN FACEBOOK<\/em><\/a><\/p>\n<p style=\"text-align: justify;\"><span style=\"color: #999999;\"><em>*Stepienybarno est\u00e1 formado por Agnieszka Stepien y Lorenzo Barn\u00f3 y desde mayo del 2009 estamos en la red con\u00a0 la presente publicaci\u00f3n digital (Blog) de arquitectura.<\/em><\/span><\/p>\n<p style=\"text-align: justify;\"><span style=\"color: #999999;\"><em>Nuestra actividad se sustenta en tres pilares b\u00e1sicos: la investigaci\u00f3n, la publicaci\u00f3n (comunicaci\u00f3n y difusi\u00f3n) y la redacci\u00f3n de proyectos de arquitectura.<\/em><\/span><\/p>\n<p style=\"text-align: justify;\"><span style=\"color: #999999;\"><em>A su vez, somos socios cofundadores de<\/em><\/span><em>\u00a0<\/em><a href=\"http:\/\/sinergiasostenible.org\/\"><em>SINERGIA SOSTENIBLE<\/em><\/a><span style=\"color: #999999;\"><em>, redactores de<\/em><\/span><em>\u00a0<\/em><a href=\"http:\/\/www.laciudadviva.org\/blogs\/?author=45\"><em>LA CIUDAD VIVA<\/em><\/a><em>\u00a0<\/em><span style=\"color: #999999;\"><em>y directores del blog de<\/em><\/span><em>\u00a0<\/em><a href=\"http:\/\/blogfundacion.arquia.es\/\"><em>FUNDACI\u00d3N ARQUIA<span style=\"color: #999999;\">.<\/span><\/em><\/a><\/p>\n<p style=\"text-align: justify;\"><span style=\"color: #999999;\"><em>* Los editores de esta publicaci\u00f3n digital no nos hacemos cargo de de los comentarios y\u00a0 conceptos vertidos en los textos firmados por otras personas, siendo \u00e9stos de responsabilidad exclusiva de sus autores.<\/em><\/span><\/p>\n<p style=\"text-align: justify;\"><span style=\"color: #999999;\"><em>* Tu comentario podr\u00e1 ser moderado, por lo tanto, aunque aparezca inmediatamente al ser publicado en la entrada, los editores de esta publicaci\u00f3n digital nos reservamos el derecho tanto de editarlo (si fuera necesario, para hacerlo m\u00e1s legible) como de eliminarlo en el caso de que se usen expresiones incorrectas (descalificaciones, palabras malsonantes\u2026). A su vez, si quieres comentar desde el anonimato puedes hacerlo, aunque, nosotros personalmente, agradecemos que tod@s nos podamos identificar.<\/em><\/span><\/p>\n","protected":false},"excerpt":{"rendered":"<p>Por Jos\u00e9 Santos Torres Desde ArQadia<\/p>\n","protected":false},"author":9,"featured_media":23077,"comment_status":"open","ping_status":"closed","sticky":false,"template":"","format":"standard","meta":{"om_disable_all_campaigns":false,"_monsterinsights_skip_tracking":false,"_monsterinsights_sitenote_active":false,"_monsterinsights_sitenote_note":"","_monsterinsights_sitenote_category":0,"_uf_show_specific_survey":0,"_uf_disable_surveys":false,"episode_type":"","audio_file":"","cover_image":"","cover_image_id":"","duration":"","filesize":"","date_recorded":"","explicit":"","block":"","filesize_raw":"","footnotes":""},"categories":[244],"tags":[4393,1938,4392],"series":[],"class_list":["post-23076","post","type-post","status-publish","format-standard","has-post-thumbnail","hentry","category-canal-de-arquitectura","tag-arqadia","tag-carlo-scarpa","tag-jose-santos-torres"],"aioseo_notices":[],"episode_featured_image":"https:\/\/stepienybarno.es\/blog\/wp-content\/uploads\/2016\/06\/stepienybarno-blog-stepien-y-barno-arquitectura-jose-santos-torres-arqadia.jpg","episode_player_image":"https:\/\/stepienybarno.es\/blog\/wp-content\/uploads\/2020\/11\/stepienybarno-podcast-scaled.jpg","download_link":"","player_link":"","audio_player":false,"episode_data":{"playerMode":"dark","subscribeUrls":[],"rssFeedUrl":"https:\/\/stepienybarno.es\/blog\/feed\/podcast\/podcast-de-stepienybarno","embedCode":"<blockquote class=\"wp-embedded-content\" data-secret=\"68K525l8y0\"><a href=\"https:\/\/stepienybarno.es\/blog\/2016\/06\/24\/carlo-scarpa-y-el-museo-de-castelvecchio-verona\/\">CARLO SCARPA Y EL MUSEO DE CASTELVECCHIO (VERONA)<\/a><\/blockquote><iframe sandbox=\"allow-scripts\" security=\"restricted\" src=\"https:\/\/stepienybarno.es\/blog\/2016\/06\/24\/carlo-scarpa-y-el-museo-de-castelvecchio-verona\/embed\/#?secret=68K525l8y0\" width=\"500\" height=\"350\" title=\"\u00abCARLO SCARPA Y EL MUSEO DE CASTELVECCHIO (VERONA)\u00bb \u2014 Blog de STEPIEN Y BARNO - publicaci\u00f3n digital sobre arquitectura\" data-secret=\"68K525l8y0\" frameborder=\"0\" marginwidth=\"0\" marginheight=\"0\" scrolling=\"no\" class=\"wp-embedded-content\"><\/iframe><script type=\"text\/javascript\">\n\/* <![CDATA[ *\/\n\/*! This file is auto-generated *\/\n!function(d,l){\"use strict\";l.querySelector&&d.addEventListener&&\"undefined\"!=typeof URL&&(d.wp=d.wp||{},d.wp.receiveEmbedMessage||(d.wp.receiveEmbedMessage=function(e){var t=e.data;if((t||t.secret||t.message||t.value)&&!\/[^a-zA-Z0-9]\/.test(t.secret)){for(var s,r,n,a=l.querySelectorAll('iframe[data-secret=\"'+t.secret+'\"]'),o=l.querySelectorAll('blockquote[data-secret=\"'+t.secret+'\"]'),c=new RegExp(\"^https?:$\",\"i\"),i=0;i<o.length;i++)o[i].style.display=\"none\";for(i=0;i<a.length;i++)s=a[i],e.source===s.contentWindow&&(s.removeAttribute(\"style\"),\"height\"===t.message?(1e3<(r=parseInt(t.value,10))?r=1e3:~~r<200&&(r=200),s.height=r):\"link\"===t.message&&(r=new URL(s.getAttribute(\"src\")),n=new URL(t.value),c.test(n.protocol))&&n.host===r.host&&l.activeElement===s&&(d.top.location.href=t.value))}},d.addEventListener(\"message\",d.wp.receiveEmbedMessage,!1),l.addEventListener(\"DOMContentLoaded\",function(){for(var e,t,s=l.querySelectorAll(\"iframe.wp-embedded-content\"),r=0;r<s.length;r++)(t=(e=s[r]).getAttribute(\"data-secret\"))||(t=Math.random().toString(36).substring(2,12),e.src+=\"#?secret=\"+t,e.setAttribute(\"data-secret\",t)),e.contentWindow.postMessage({message:\"ready\",secret:t},\"*\")},!1)))}(window,document);\n\/* ]]> *\/\n<\/script>\n"},"_links":{"self":[{"href":"https:\/\/stepienybarno.es\/blog\/wp-json\/wp\/v2\/posts\/23076"}],"collection":[{"href":"https:\/\/stepienybarno.es\/blog\/wp-json\/wp\/v2\/posts"}],"about":[{"href":"https:\/\/stepienybarno.es\/blog\/wp-json\/wp\/v2\/types\/post"}],"author":[{"embeddable":true,"href":"https:\/\/stepienybarno.es\/blog\/wp-json\/wp\/v2\/users\/9"}],"replies":[{"embeddable":true,"href":"https:\/\/stepienybarno.es\/blog\/wp-json\/wp\/v2\/comments?post=23076"}],"version-history":[{"count":1,"href":"https:\/\/stepienybarno.es\/blog\/wp-json\/wp\/v2\/posts\/23076\/revisions"}],"predecessor-version":[{"id":23078,"href":"https:\/\/stepienybarno.es\/blog\/wp-json\/wp\/v2\/posts\/23076\/revisions\/23078"}],"wp:featuredmedia":[{"embeddable":true,"href":"https:\/\/stepienybarno.es\/blog\/wp-json\/wp\/v2\/media\/23077"}],"wp:attachment":[{"href":"https:\/\/stepienybarno.es\/blog\/wp-json\/wp\/v2\/media?parent=23076"}],"wp:term":[{"taxonomy":"category","embeddable":true,"href":"https:\/\/stepienybarno.es\/blog\/wp-json\/wp\/v2\/categories?post=23076"},{"taxonomy":"post_tag","embeddable":true,"href":"https:\/\/stepienybarno.es\/blog\/wp-json\/wp\/v2\/tags?post=23076"},{"taxonomy":"series","embeddable":true,"href":"https:\/\/stepienybarno.es\/blog\/wp-json\/wp\/v2\/series?post=23076"}],"curies":[{"name":"wp","href":"https:\/\/api.w.org\/{rel}","templated":true}]}}