{"id":23095,"date":"2016-06-27T08:35:44","date_gmt":"2016-06-27T06:35:44","guid":{"rendered":"https:\/\/www.stepienybarno.es\/blog\/?p=23095"},"modified":"2016-06-27T08:35:44","modified_gmt":"2016-06-27T06:35:44","slug":"domesticame-creando-vinculos-a-traves-de-la-educacion-entre-sociedad-y-espacio-colectivo","status":"publish","type":"post","link":"https:\/\/stepienybarno.es\/blog\/2016\/06\/27\/domesticame-creando-vinculos-a-traves-de-la-educacion-entre-sociedad-y-espacio-colectivo\/","title":{"rendered":"DOMEST\u00cdCAME. (CREANDO V\u00cdNCULOS A TRAV\u00c9S DE LA EDUCACI\u00d3N ENTRE SOCIEDAD Y ESPACIO COLECTIVO)"},"content":{"rendered":"<p><img loading=\"lazy\" decoding=\"async\" class=\"alignnone size-full wp-image-23096 aligncenter\" src=\"https:\/\/stepienybarno.es\/blog\/wp-content\/uploads\/2016\/06\/stepienybarno-blog-stepien-y-barno-arquitectura-Andrea-robles-la-ciudad-viva.jpg\" alt=\"stepienybarno-blog-stepien-y-barno-arquitectura-Andrea-robles-la-ciudad-viva\" width=\"500\" height=\"467\" srcset=\"https:\/\/stepienybarno.es\/blog\/wp-content\/uploads\/2016\/06\/stepienybarno-blog-stepien-y-barno-arquitectura-Andrea-robles-la-ciudad-viva.jpg 500w, https:\/\/stepienybarno.es\/blog\/wp-content\/uploads\/2016\/06\/stepienybarno-blog-stepien-y-barno-arquitectura-Andrea-robles-la-ciudad-viva-180x168.jpg 180w, https:\/\/stepienybarno.es\/blog\/wp-content\/uploads\/2016\/06\/stepienybarno-blog-stepien-y-barno-arquitectura-Andrea-robles-la-ciudad-viva-316x295.jpg 316w\" sizes=\"(max-width: 500px) 100vw, 500px\" \/><\/p>\n<p><strong>Por Andrea Robles\u00a0Desde <a href=\"http:\/\/www.laciudadviva.org\/\" target=\"_blank\">La Ciudad Viva<\/a><\/strong><\/p>\n<p><!--more--><\/p>\n<p>\u201c<em>\u2014Busco amigos. \u00bfQu\u00e9 significa \u201cdomesticar\u201d? \u2014volvi\u00f3 a preguntar el principito.<\/em><\/p>\n<p><span style=\"font-weight: inherit; font-style: inherit;\"><em style=\"font-weight: inherit;\">\u2014Es una cosa ya olvidada \u2014dijo el zorro\u2014, significa \u201ccrear v\u00ednculos\u2026 \u201c<\/em><\/span><\/p>\n<p><span style=\"font-weight: inherit; font-style: inherit;\"><em style=\"font-weight: inherit;\">\u2014 \u00bfCrear v\u00ednculos?<\/em><\/span><\/p>\n<p style=\"text-align: justify;\"><span style=\"font-weight: inherit; font-style: inherit;\"><em style=\"font-weight: inherit;\">\u2014Efectivamente, ver\u00e1s \u2014dijo el zorro\u2014. T\u00fa no eres para m\u00ed todav\u00eda m\u00e1s que un muchachito igual a otros cien mil muchachitos y no te necesito para nada. Tampoco t\u00fa tienes necesidad de m\u00ed y no soy para ti m\u00e1s que un zorro entre otros cien mil zorros semejantes. Pero si t\u00fa me domesticas, entonces tendremos necesidad el uno del otro. T\u00fa ser\u00e1s para m\u00ed \u00fanico en el mundo, yo ser\u00e9 para ti \u00fanico en el mundo\u2026<\/em><\/span><\/p>\n<p style=\"text-align: justify;\"><span style=\"font-weight: inherit; font-style: inherit;\"><span style=\"font-weight: inherit; font-style: inherit;\"><em style=\"font-weight: inherit;\">\u2014Comienzo a comprender \u2014dijo el principito\u2014. Hay una flor\u2026 creo que ella me ha \u00a0domesticado\u2026\u201d<\/em><em>\u00a0<\/em>(1)<\/span><\/span><\/p>\n<p style=\"text-align: justify;\"><span style=\"font-weight: inherit; font-style: inherit;\">Dec\u00eda Xavier Monteys en una entrevista para\u00a0<strong><a style=\"font-weight: inherit; font-style: inherit;\" href=\"http:\/\/www.publicspace.org\/es\/categorias\/espacios-compartidos-1\">Espacios Compartidos<\/a><\/strong>\u00a0que\u00a0<em style=\"font-weight: inherit;\">\u201cEl espacio p\u00fablico es la dimensi\u00f3n colectiva del espacio dom\u00e9stico\u201d<\/em>\u00a0(2). Algo sobre lo que ya hab\u00eda reflexionado en su art\u00edculo \u201c<em style=\"font-weight: inherit;\">En la calle como en casa<\/em>\u201d, en el que afirmaba sobre la dualidad entre espacio privado y espacio p\u00fablico:\u00a0<em style=\"font-weight: inherit;\">\u201cM\u00e1s que una disoluci\u00f3n, se trata de extender lo m\u00e1s posible la esfera dom\u00e9stica hacia la calle. Trabajar la calle como un espacio susceptible de ser domesticado.\u201d<\/em>\u00a0(3)<\/span><\/p>\n<p style=\"text-align: justify;\"><span style=\"font-weight: inherit; font-style: inherit;\">Dom\u00e9stico, proveniente del lat\u00edn\u00a0<em style=\"font-weight: inherit;\">domest\u012dcus<\/em>\u00a0(de\u00a0<em style=\"font-weight: inherit;\">domus<\/em>, casa), es un adjetivo que significa\u00a0<em style=\"font-weight: inherit;\">\u201cPerteneciente o relativo a la casa u hogar\u201d.<\/em>\u00a0Hogar es aquel espacio que sentimos como nuestro y con el que establecemos unos v\u00ednculos, tanto afectivos como funcionales. Aquel espacio en el que tenemos capacidad de decisi\u00f3n y donde tambi\u00e9n, aprendemos a convivir.<\/span><\/p>\n<p style=\"text-align: justify;\">Quiz\u00e1s un paso adelante en la mejora de nuestro entorno (y por lo tanto parte de nuestra labor) ser\u00eda conseguir establecer esos v\u00ednculos entre las personas y el espacio f\u00edsico que habitan. Algo que, adem\u00e1s del dise\u00f1o, tendr\u00eda que ver con la educaci\u00f3n, la educaci\u00f3n entendida como sensibilizaci\u00f3n, que no es otra cosa, que la creaci\u00f3n de v\u00ednculos. (\u2026)\u201d\n<\/p>\n<p style=\"text-align: center;\">\n<p style=\"text-align: center;\">Accede al art\u00edculo, <a href=\"http:\/\/www.laciudadviva.org\/blogs\/?p=20906\">AQU\u00cd<\/a><\/p>\n<p>&nbsp;<\/p>\n<p><span style=\"color: #999999;\"><em>\u00a0<\/em><\/span><\/p>\n<p style=\"text-align: justify;\"><span style=\"color: #999999;\"><em>Noticia seleccionada por el Canal de arquitectura STEPIENYBARNO.<\/em><\/span><\/p>\n<p style=\"text-align: justify;\"><a href=\"https:\/\/twitter.com\/stepienybarno\"><em>STEPIENYBARNO EN TWITTER _ @stepienybarno<\/em><\/a><\/p>\n<p style=\"text-align: justify;\"><a href=\"http:\/\/www.linkedin.com\/company\/stepienybarno\"><em>STEPIENYBARNO EN LINKEDIN<\/em><\/a><\/p>\n<p style=\"text-align: justify;\"><a href=\"https:\/\/www.facebook.com\/pages\/BLOG-DE-STEPIENYBARNO\/78001079029\"><em>STEPIENYBARNO EN FACEBOOK<\/em><\/a><\/p>\n<p style=\"text-align: justify;\"><span style=\"color: #999999;\"><em>*Stepienybarno est\u00e1 formado por Agnieszka Stepien y Lorenzo Barn\u00f3 y desde mayo del 2009 estamos en la red con\u00a0 la presente publicaci\u00f3n digital (Blog) de arquitectura.<\/em><\/span><\/p>\n<p style=\"text-align: justify;\"><span style=\"color: #999999;\"><em>Nuestra actividad se sustenta en tres pilares b\u00e1sicos: la investigaci\u00f3n, la publicaci\u00f3n (comunicaci\u00f3n y difusi\u00f3n) y la redacci\u00f3n de proyectos de arquitectura.<\/em><\/span><\/p>\n<p style=\"text-align: justify;\"><span style=\"color: #999999;\"><em>A su vez, somos socios cofundadores de<\/em><\/span><em>\u00a0<\/em><a href=\"http:\/\/sinergiasostenible.org\/\"><em>SINERGIA SOSTENIBLE<\/em><\/a><span style=\"color: #999999;\"><em>, redactores de<\/em><\/span><em>\u00a0<\/em><a href=\"http:\/\/www.laciudadviva.org\/blogs\/?author=45\"><em>LA CIUDAD VIVA<\/em><\/a><span style=\"color: #999999;\"><em>\u00a0<\/em><em>y directores del blog de<\/em><\/span><em>\u00a0<\/em><a href=\"http:\/\/blogfundacion.arquia.es\/\"><em>FUNDACI\u00d3N ARQUIA<span style=\"color: #999999;\">.<\/span><\/em><\/a><\/p>\n<p style=\"text-align: justify;\"><span style=\"color: #999999;\"><em>* Los editores de esta publicaci\u00f3n digital no nos hacemos cargo de de los comentarios y\u00a0 conceptos vertidos en los textos firmados por otras personas, siendo \u00e9stos de responsabilidad exclusiva de sus autores.<\/em><\/span><\/p>\n<p style=\"text-align: justify;\"><span style=\"color: #999999;\"><em>* Tu comentario podr\u00e1 ser moderado, por lo tanto, aunque aparezca inmediatamente al ser publicado en la entrada, los editores de esta publicaci\u00f3n digital nos reservamos el derecho tanto de editarlo (si fuera necesario, para hacerlo m\u00e1s legible) como de eliminarlo en el caso de que se usen expresiones incorrectas (descalificaciones, palabras malsonantes\u2026). A su vez, si quieres comentar desde el anonimato puedes hacerlo, aunque, nosotros personalmente, agradecemos que tod@s nos podamos identificar.<\/em><\/span><\/p>\n","protected":false},"excerpt":{"rendered":"<p>Por Andrea Robles\u00a0Desde La Ciudad Viva<\/p>\n","protected":false},"author":9,"featured_media":23096,"comment_status":"open","ping_status":"closed","sticky":false,"template":"","format":"standard","meta":{"om_disable_all_campaigns":false,"_monsterinsights_skip_tracking":false,"_monsterinsights_sitenote_active":false,"_monsterinsights_sitenote_note":"","_monsterinsights_sitenote_category":0,"_uf_show_specific_survey":0,"_uf_disable_surveys":false,"episode_type":"","audio_file":"","cover_image":"","cover_image_id":"","duration":"","filesize":"","date_recorded":"","explicit":"","block":"","filesize_raw":"","footnotes":""},"categories":[244],"tags":[4374,132],"series":[],"class_list":["post-23095","post","type-post","status-publish","format-standard","has-post-thumbnail","hentry","category-canal-de-arquitectura","tag-andrea-robles","tag-la-ciudad-viva"],"aioseo_notices":[],"episode_featured_image":"https:\/\/stepienybarno.es\/blog\/wp-content\/uploads\/2016\/06\/stepienybarno-blog-stepien-y-barno-arquitectura-Andrea-robles-la-ciudad-viva.jpg","episode_player_image":"https:\/\/stepienybarno.es\/blog\/wp-content\/uploads\/2020\/11\/stepienybarno-podcast-scaled.jpg","download_link":"","player_link":"","audio_player":false,"episode_data":{"playerMode":"dark","subscribeUrls":[],"rssFeedUrl":"https:\/\/stepienybarno.es\/blog\/feed\/podcast\/podcast-de-stepienybarno","embedCode":"<blockquote class=\"wp-embedded-content\" data-secret=\"KrHhdIY1Pt\"><a href=\"https:\/\/stepienybarno.es\/blog\/2016\/06\/27\/domesticame-creando-vinculos-a-traves-de-la-educacion-entre-sociedad-y-espacio-colectivo\/\">DOMEST\u00cdCAME. (CREANDO V\u00cdNCULOS A TRAV\u00c9S DE LA EDUCACI\u00d3N ENTRE SOCIEDAD Y ESPACIO COLECTIVO)<\/a><\/blockquote><iframe sandbox=\"allow-scripts\" security=\"restricted\" src=\"https:\/\/stepienybarno.es\/blog\/2016\/06\/27\/domesticame-creando-vinculos-a-traves-de-la-educacion-entre-sociedad-y-espacio-colectivo\/embed\/#?secret=KrHhdIY1Pt\" width=\"500\" height=\"350\" title=\"\u00abDOMEST\u00cdCAME. (CREANDO V\u00cdNCULOS A TRAV\u00c9S DE LA EDUCACI\u00d3N ENTRE SOCIEDAD Y ESPACIO COLECTIVO)\u00bb \u2014 Blog de STEPIEN Y BARNO - publicaci\u00f3n digital sobre arquitectura\" data-secret=\"KrHhdIY1Pt\" frameborder=\"0\" marginwidth=\"0\" marginheight=\"0\" scrolling=\"no\" class=\"wp-embedded-content\"><\/iframe><script type=\"text\/javascript\">\n\/* <![CDATA[ *\/\n\/*! This file is auto-generated *\/\n!function(d,l){\"use strict\";l.querySelector&&d.addEventListener&&\"undefined\"!=typeof URL&&(d.wp=d.wp||{},d.wp.receiveEmbedMessage||(d.wp.receiveEmbedMessage=function(e){var t=e.data;if((t||t.secret||t.message||t.value)&&!\/[^a-zA-Z0-9]\/.test(t.secret)){for(var s,r,n,a=l.querySelectorAll('iframe[data-secret=\"'+t.secret+'\"]'),o=l.querySelectorAll('blockquote[data-secret=\"'+t.secret+'\"]'),c=new RegExp(\"^https?:$\",\"i\"),i=0;i<o.length;i++)o[i].style.display=\"none\";for(i=0;i<a.length;i++)s=a[i],e.source===s.contentWindow&&(s.removeAttribute(\"style\"),\"height\"===t.message?(1e3<(r=parseInt(t.value,10))?r=1e3:~~r<200&&(r=200),s.height=r):\"link\"===t.message&&(r=new URL(s.getAttribute(\"src\")),n=new URL(t.value),c.test(n.protocol))&&n.host===r.host&&l.activeElement===s&&(d.top.location.href=t.value))}},d.addEventListener(\"message\",d.wp.receiveEmbedMessage,!1),l.addEventListener(\"DOMContentLoaded\",function(){for(var e,t,s=l.querySelectorAll(\"iframe.wp-embedded-content\"),r=0;r<s.length;r++)(t=(e=s[r]).getAttribute(\"data-secret\"))||(t=Math.random().toString(36).substring(2,12),e.src+=\"#?secret=\"+t,e.setAttribute(\"data-secret\",t)),e.contentWindow.postMessage({message:\"ready\",secret:t},\"*\")},!1)))}(window,document);\n\/* ]]> *\/\n<\/script>\n"},"_links":{"self":[{"href":"https:\/\/stepienybarno.es\/blog\/wp-json\/wp\/v2\/posts\/23095"}],"collection":[{"href":"https:\/\/stepienybarno.es\/blog\/wp-json\/wp\/v2\/posts"}],"about":[{"href":"https:\/\/stepienybarno.es\/blog\/wp-json\/wp\/v2\/types\/post"}],"author":[{"embeddable":true,"href":"https:\/\/stepienybarno.es\/blog\/wp-json\/wp\/v2\/users\/9"}],"replies":[{"embeddable":true,"href":"https:\/\/stepienybarno.es\/blog\/wp-json\/wp\/v2\/comments?post=23095"}],"version-history":[{"count":1,"href":"https:\/\/stepienybarno.es\/blog\/wp-json\/wp\/v2\/posts\/23095\/revisions"}],"predecessor-version":[{"id":23097,"href":"https:\/\/stepienybarno.es\/blog\/wp-json\/wp\/v2\/posts\/23095\/revisions\/23097"}],"wp:featuredmedia":[{"embeddable":true,"href":"https:\/\/stepienybarno.es\/blog\/wp-json\/wp\/v2\/media\/23096"}],"wp:attachment":[{"href":"https:\/\/stepienybarno.es\/blog\/wp-json\/wp\/v2\/media?parent=23095"}],"wp:term":[{"taxonomy":"category","embeddable":true,"href":"https:\/\/stepienybarno.es\/blog\/wp-json\/wp\/v2\/categories?post=23095"},{"taxonomy":"post_tag","embeddable":true,"href":"https:\/\/stepienybarno.es\/blog\/wp-json\/wp\/v2\/tags?post=23095"},{"taxonomy":"series","embeddable":true,"href":"https:\/\/stepienybarno.es\/blog\/wp-json\/wp\/v2\/series?post=23095"}],"curies":[{"name":"wp","href":"https:\/\/api.w.org\/{rel}","templated":true}]}}