{"id":23112,"date":"2016-06-28T10:21:45","date_gmt":"2016-06-28T08:21:45","guid":{"rendered":"https:\/\/www.stepienybarno.es\/blog\/?p=23112"},"modified":"2016-06-28T10:21:45","modified_gmt":"2016-06-28T08:21:45","slug":"estos-son-los-mejores-masters-de-arquitectura-en-espana-segun-el-mundo","status":"publish","type":"post","link":"https:\/\/stepienybarno.es\/blog\/2016\/06\/28\/estos-son-los-mejores-masters-de-arquitectura-en-espana-segun-el-mundo\/","title":{"rendered":"ESTOS SON LOS MEJORES MASTERS DE ARQUITECTURA EN ESPA\u00d1A SEG\u00daN EL MUNDO"},"content":{"rendered":"<p><img loading=\"lazy\" decoding=\"async\" class=\"alignnone size-full wp-image-23113 aligncenter\" src=\"https:\/\/stepienybarno.es\/blog\/wp-content\/uploads\/2016\/06\/stepienybarno-blog-stepien-y-barno-arquitectura-nicolas-valencia-plataforma-arquitectura.jpg\" alt=\"stepienybarno-blog-stepien-y-barno-arquitectura-nicolas-valencia-plataforma-arquitectura\" width=\"500\" height=\"327\" srcset=\"https:\/\/stepienybarno.es\/blog\/wp-content\/uploads\/2016\/06\/stepienybarno-blog-stepien-y-barno-arquitectura-nicolas-valencia-plataforma-arquitectura.jpg 500w, https:\/\/stepienybarno.es\/blog\/wp-content\/uploads\/2016\/06\/stepienybarno-blog-stepien-y-barno-arquitectura-nicolas-valencia-plataforma-arquitectura-180x118.jpg 180w, https:\/\/stepienybarno.es\/blog\/wp-content\/uploads\/2016\/06\/stepienybarno-blog-stepien-y-barno-arquitectura-nicolas-valencia-plataforma-arquitectura-316x207.jpg 316w\" sizes=\"(max-width: 500px) 100vw, 500px\" \/><\/p>\n<p><strong>Por <a href=\"http:\/\/www.plataformaarquitectura.cl\/cl\/author\/nicolas-valencia\" target=\"_blank\">Nicol\u00e1s Valencia<\/a> Desde <a href=\"http:\/\/www.plataformaarquitectura.cl\/\" target=\"_blank\">Plataforma Arquitectura<\/a><\/strong><\/p>\n<p><!--more-->\u201cSi est\u00e1s interesado\/a en postular a un posgrado en Europa, este listado te puede orientar: como ya es tradici\u00f3n, el peri\u00f3dico espa\u00f1ol\u00a0<a style=\"font-style: inherit; font-weight: inherit;\" href=\"http:\/\/www.plataformaarquitectura.cl\/cl\/tag\/el-mundo\">El Mundo<\/a>\u00a0public\u00f3 su r\u00e1nking de masters en\u00a0<a style=\"font-style: inherit; font-weight: inherit;\" href=\"http:\/\/www.plataformaarquitectura.cl\/cl\/tag\/espana\">Espa\u00f1a<\/a>\u00a0en 15 categor\u00edas, incluyendo Arquitectura y Dise\u00f1o. El estudio es el resultado del an\u00e1lisis de las\u00a0opiniones de m\u00e1s de 750 expertos\u00a0y publica los 250 mejores programas del pa\u00eds ib\u00e9rico, seleccionados entre m\u00e1s de 1.000 t\u00edtulos impartidos por universidades y otros centros profesionales.<\/p>\n<p>Tras evaluar cada programa de posgrado en los 25 criterios del estudio en cinco grupos\u00a0(demanda del m\u00e1ster, recursos humanos, plan de estudios, resultados y medios materiales), los escogidos son los siguientes&#8230;<\/p>\n<p><strong>5. Universidad de Alcal\u00e1 \/\u00a0<a style=\"font-style: inherit; font-weight: inherit;\" href=\"http:\/\/www3.uah.es\/mupaac\/?lang=ens\" target=\"_blank\">Arquitectura y Ciudad<\/a><\/strong><\/p>\n<p><strong style=\"font-style: inherit;\">Sede:<\/strong>\u00a0Alcal\u00e1 de Henares, Comunidad de Madrid<br \/>\n<strong style=\"font-style: inherit;\">N\u00famero de plazas (cupos):<\/strong>\u00a035<br \/>\n<strong style=\"font-style: inherit;\">Precio:<\/strong>\u00a03.510 Euros<br \/>\n<strong style=\"font-style: inherit;\">A\u00f1o acad\u00e9mico:<\/strong>\u00a0Septiembre a junio<br \/>\n<strong style=\"font-style: inherit;\">Modalidad presencial:<\/strong>\u00a0Part time<br \/>\n<strong style=\"font-style: inherit;\">Duraci\u00f3n:<\/strong>\u00a060 ECTS (~1.500 horas)<br \/>\n<strong style=\"font-style: inherit;\">Contacto:<\/strong>\u00a0<a style=\"font-style: inherit; font-weight: inherit;\" href=\"mailto:mupaac@uah.es\">mupaac@uah.es<\/a><\/p>\n<p><strong style=\"font-style: inherit;\">Objetivo:<\/strong>\u00a0El objetivo del Programa de M\u00e1ster Universitario en Proyecto de Arquitectura y Ciudad es doble. Por un lado, busca \u00abdesarrollar la comprensi\u00f3n cr\u00edtica de los nuevos problemas que hoy est\u00e1n incidiendo en la arquitectura y en la futura definici\u00f3n del modelo de ciudad\u00bb. Por otro, \u00ablograr la capacidad de anticipaci\u00f3n y previsi\u00f3n de demandas y de soluciones que la nueva ciudad requiere, consiguiendo desde la innovaci\u00f3n aportar no s\u00f3lo nuevas respuestas si no nuevas preguntas imaginativas sobre las necesidades que est\u00e1n surgiendo en torno a los nuevos roles de su profesi\u00f3n\u00bb (\u2026)\u201d<\/p>\n<p>&nbsp;<\/p>\n<p>&nbsp;<\/p>\n<p style=\"text-align: center;\"><strong>Accede a la lista, <a href=\"http:\/\/www.plataformaarquitectura.cl\/cl\/789622\/estos-son-los-mejores-masters-de-arquitectura-en-espana-segun-el-mundo\" target=\"_blank\">AQU\u00cd<\/a><\/strong><\/p>\n<p>&nbsp;<\/p>\n<p><em>\u00a0<\/em><\/p>\n<p style=\"text-align: justify;\"><span style=\"color: #999999;\"><em>Noticia seleccionada por el Canal de arquitectura STEPIENYBARNO.<\/em><\/span><\/p>\n<p style=\"text-align: justify;\"><a href=\"https:\/\/twitter.com\/stepienybarno\"><em>STEPIENYBARNO EN TWITTER _ @stepienybarno<\/em><\/a><\/p>\n<p style=\"text-align: justify;\"><a href=\"http:\/\/www.linkedin.com\/company\/stepienybarno\"><em>STEPIENYBARNO EN LINKEDIN<\/em><\/a><\/p>\n<p style=\"text-align: justify;\"><a href=\"https:\/\/www.facebook.com\/pages\/BLOG-DE-STEPIENYBARNO\/78001079029\"><em>STEPIENYBARNO EN FACEBOOK<\/em><\/a><\/p>\n<p style=\"text-align: justify;\"><span style=\"color: #999999;\"><em>*Stepienybarno est\u00e1 formado por Agnieszka Stepien y Lorenzo Barn\u00f3 y desde mayo del 2009 estamos en la red con\u00a0 la presente publicaci\u00f3n digital (Blog) de arquitectura.<\/em><\/span><\/p>\n<p style=\"text-align: justify;\"><span style=\"color: #999999;\"><em>Nuestra actividad se sustenta en tres pilares b\u00e1sicos: la investigaci\u00f3n, la publicaci\u00f3n (comunicaci\u00f3n y difusi\u00f3n) y la redacci\u00f3n de proyectos de arquitectura.<\/em><\/span><\/p>\n<p style=\"text-align: justify;\"><span style=\"color: #999999;\"><em>A su vez, somos socios cofundadores de<\/em><em>\u00a0<\/em><\/span><a href=\"http:\/\/sinergiasostenible.org\/\"><em>SINERGIA SOSTENIBLE<\/em><\/a><span style=\"color: #999999;\"><em>, redactores de<\/em><em>\u00a0<\/em><\/span><a href=\"http:\/\/www.laciudadviva.org\/blogs\/?author=45\"><em>LA CIUDAD VIVA<\/em><\/a><em>\u00a0<\/em><span style=\"color: #999999;\"><em>y directores del blog de<\/em><\/span><em>\u00a0<\/em><a href=\"http:\/\/blogfundacion.arquia.es\/\"><em>FUNDACI\u00d3N ARQUIA<span style=\"color: #999999;\">.<\/span><\/em><\/a><\/p>\n<p style=\"text-align: justify;\"><span style=\"color: #999999;\"><em>* Los editores de esta publicaci\u00f3n digital no nos hacemos cargo de de los comentarios y\u00a0 conceptos vertidos en los textos firmados por otras personas, siendo \u00e9stos de responsabilidad exclusiva de sus autores.<\/em><\/span><\/p>\n<p style=\"text-align: justify;\"><span style=\"color: #999999;\"><em>* Tu comentario podr\u00e1 ser moderado, por lo tanto, aunque aparezca inmediatamente al ser publicado en la entrada, los editores de esta publicaci\u00f3n digital nos reservamos el derecho tanto de editarlo (si fuera necesario, para hacerlo m\u00e1s legible) como de eliminarlo en el caso de que se usen expresiones incorrectas (descalificaciones, palabras malsonantes\u2026). A su vez, si quieres comentar desde el anonimato puedes hacerlo, aunque, nosotros personalmente, agradecemos que tod@s nos podamos identificar.<\/em><\/span><\/p>\n","protected":false},"excerpt":{"rendered":"<p>Por Nicol\u00e1s Valencia Desde Plataforma Arquitectura<\/p>\n","protected":false},"author":9,"featured_media":23113,"comment_status":"open","ping_status":"closed","sticky":false,"template":"","format":"standard","meta":{"om_disable_all_campaigns":false,"_monsterinsights_skip_tracking":false,"_monsterinsights_sitenote_active":false,"_monsterinsights_sitenote_note":"","_monsterinsights_sitenote_category":0,"_uf_show_specific_survey":0,"_uf_disable_surveys":false,"episode_type":"","audio_file":"","cover_image":"","cover_image_id":"","duration":"","filesize":"","date_recorded":"","explicit":"","block":"","filesize_raw":"","footnotes":""},"categories":[244],"tags":[3458,921],"series":[],"class_list":["post-23112","post","type-post","status-publish","format-standard","has-post-thumbnail","hentry","category-canal-de-arquitectura","tag-nicolas-valencia","tag-plataforma-arquitectura"],"aioseo_notices":[],"episode_featured_image":"https:\/\/stepienybarno.es\/blog\/wp-content\/uploads\/2016\/06\/stepienybarno-blog-stepien-y-barno-arquitectura-nicolas-valencia-plataforma-arquitectura.jpg","episode_player_image":"https:\/\/stepienybarno.es\/blog\/wp-content\/uploads\/2020\/11\/stepienybarno-podcast-scaled.jpg","download_link":"","player_link":"","audio_player":false,"episode_data":{"playerMode":"dark","subscribeUrls":[],"rssFeedUrl":"https:\/\/stepienybarno.es\/blog\/feed\/podcast\/podcast-de-stepienybarno","embedCode":"<blockquote class=\"wp-embedded-content\" data-secret=\"GAnx8ePO03\"><a href=\"https:\/\/stepienybarno.es\/blog\/2016\/06\/28\/estos-son-los-mejores-masters-de-arquitectura-en-espana-segun-el-mundo\/\">ESTOS SON LOS MEJORES MASTERS DE ARQUITECTURA EN ESPA\u00d1A SEG\u00daN EL MUNDO<\/a><\/blockquote><iframe sandbox=\"allow-scripts\" security=\"restricted\" src=\"https:\/\/stepienybarno.es\/blog\/2016\/06\/28\/estos-son-los-mejores-masters-de-arquitectura-en-espana-segun-el-mundo\/embed\/#?secret=GAnx8ePO03\" width=\"500\" height=\"350\" title=\"\u00abESTOS SON LOS MEJORES MASTERS DE ARQUITECTURA EN ESPA\u00d1A SEG\u00daN EL MUNDO\u00bb \u2014 Blog de STEPIEN Y BARNO - publicaci\u00f3n digital sobre arquitectura\" data-secret=\"GAnx8ePO03\" frameborder=\"0\" marginwidth=\"0\" marginheight=\"0\" scrolling=\"no\" class=\"wp-embedded-content\"><\/iframe><script type=\"text\/javascript\">\n\/* <![CDATA[ *\/\n\/*! This file is auto-generated *\/\n!function(d,l){\"use strict\";l.querySelector&&d.addEventListener&&\"undefined\"!=typeof URL&&(d.wp=d.wp||{},d.wp.receiveEmbedMessage||(d.wp.receiveEmbedMessage=function(e){var t=e.data;if((t||t.secret||t.message||t.value)&&!\/[^a-zA-Z0-9]\/.test(t.secret)){for(var s,r,n,a=l.querySelectorAll('iframe[data-secret=\"'+t.secret+'\"]'),o=l.querySelectorAll('blockquote[data-secret=\"'+t.secret+'\"]'),c=new RegExp(\"^https?:$\",\"i\"),i=0;i<o.length;i++)o[i].style.display=\"none\";for(i=0;i<a.length;i++)s=a[i],e.source===s.contentWindow&&(s.removeAttribute(\"style\"),\"height\"===t.message?(1e3<(r=parseInt(t.value,10))?r=1e3:~~r<200&&(r=200),s.height=r):\"link\"===t.message&&(r=new URL(s.getAttribute(\"src\")),n=new URL(t.value),c.test(n.protocol))&&n.host===r.host&&l.activeElement===s&&(d.top.location.href=t.value))}},d.addEventListener(\"message\",d.wp.receiveEmbedMessage,!1),l.addEventListener(\"DOMContentLoaded\",function(){for(var e,t,s=l.querySelectorAll(\"iframe.wp-embedded-content\"),r=0;r<s.length;r++)(t=(e=s[r]).getAttribute(\"data-secret\"))||(t=Math.random().toString(36).substring(2,12),e.src+=\"#?secret=\"+t,e.setAttribute(\"data-secret\",t)),e.contentWindow.postMessage({message:\"ready\",secret:t},\"*\")},!1)))}(window,document);\n\/* ]]> *\/\n<\/script>\n"},"_links":{"self":[{"href":"https:\/\/stepienybarno.es\/blog\/wp-json\/wp\/v2\/posts\/23112"}],"collection":[{"href":"https:\/\/stepienybarno.es\/blog\/wp-json\/wp\/v2\/posts"}],"about":[{"href":"https:\/\/stepienybarno.es\/blog\/wp-json\/wp\/v2\/types\/post"}],"author":[{"embeddable":true,"href":"https:\/\/stepienybarno.es\/blog\/wp-json\/wp\/v2\/users\/9"}],"replies":[{"embeddable":true,"href":"https:\/\/stepienybarno.es\/blog\/wp-json\/wp\/v2\/comments?post=23112"}],"version-history":[{"count":1,"href":"https:\/\/stepienybarno.es\/blog\/wp-json\/wp\/v2\/posts\/23112\/revisions"}],"predecessor-version":[{"id":23114,"href":"https:\/\/stepienybarno.es\/blog\/wp-json\/wp\/v2\/posts\/23112\/revisions\/23114"}],"wp:featuredmedia":[{"embeddable":true,"href":"https:\/\/stepienybarno.es\/blog\/wp-json\/wp\/v2\/media\/23113"}],"wp:attachment":[{"href":"https:\/\/stepienybarno.es\/blog\/wp-json\/wp\/v2\/media?parent=23112"}],"wp:term":[{"taxonomy":"category","embeddable":true,"href":"https:\/\/stepienybarno.es\/blog\/wp-json\/wp\/v2\/categories?post=23112"},{"taxonomy":"post_tag","embeddable":true,"href":"https:\/\/stepienybarno.es\/blog\/wp-json\/wp\/v2\/tags?post=23112"},{"taxonomy":"series","embeddable":true,"href":"https:\/\/stepienybarno.es\/blog\/wp-json\/wp\/v2\/series?post=23112"}],"curies":[{"name":"wp","href":"https:\/\/api.w.org\/{rel}","templated":true}]}}