{"id":23238,"date":"2016-07-07T12:53:42","date_gmt":"2016-07-07T10:53:42","guid":{"rendered":"https:\/\/www.stepienybarno.es\/blog\/?p=23238"},"modified":"2016-07-07T12:55:35","modified_gmt":"2016-07-07T10:55:35","slug":"cuestionando-con-arquibloggers-stepienybarno","status":"publish","type":"post","link":"https:\/\/stepienybarno.es\/blog\/2016\/07\/07\/cuestionando-con-arquibloggers-stepienybarno\/","title":{"rendered":"CUESTIONANDO CON #ARQUIBLOGGERS: STEPIENYBARNO"},"content":{"rendered":"<p style=\"text-align: center;\"><img loading=\"lazy\" decoding=\"async\" class=\"alignnone size-full wp-image-23239\" src=\"https:\/\/stepienybarno.es\/blog\/wp-content\/uploads\/2016\/07\/sf23-ARQUITECTOS-STEPIENBYARNO.png\" alt=\"sf23 ARQUITECTOS - STEPIENBYARNO\" width=\"650\" height=\"384\" srcset=\"https:\/\/stepienybarno.es\/blog\/wp-content\/uploads\/2016\/07\/sf23-ARQUITECTOS-STEPIENBYARNO.png 650w, https:\/\/stepienybarno.es\/blog\/wp-content\/uploads\/2016\/07\/sf23-ARQUITECTOS-STEPIENBYARNO-180x106.png 180w, https:\/\/stepienybarno.es\/blog\/wp-content\/uploads\/2016\/07\/sf23-ARQUITECTOS-STEPIENBYARNO-550x325.png 550w, https:\/\/stepienybarno.es\/blog\/wp-content\/uploads\/2016\/07\/sf23-ARQUITECTOS-STEPIENBYARNO-316x187.png 316w\" sizes=\"(max-width: 650px) 100vw, 650px\" \/><\/p>\n<p>Compartimos la entrevista que nos hicieron desde el bonito blog de SF23 arquitectos.<br \/>\n<!--more--><\/p>\n<p>\u201c(\u2026) \u00bfQu\u00e9 opina de la ense\u00f1anza de la Arquitectura?<br \/>\nLa ense\u00f1anza de arquitectura es tan buena como mejorable en Espa\u00f1a. El plus de tener una gran carga t\u00e9cnica es algo muy bueno, pero que a nivel administrativo no se ha sabido sacar partido.<br \/>\nPor otro lado, vemos que la ense\u00f1anza debiera mejorar en tres frentes:<br \/>\n1_ Conexi\u00f3n con la realidad; no tiene mucho sentido seguir poniendo museos como enunciados de proyectos.<br \/>\n2_ Adaptaci\u00f3n una sistema de ense\u00f1anza en el que el profesor ya no es el que sabe todo, sino el que acompa\u00f1a al alumno en su crecimiento.<br \/>\n3_ Adaptaci\u00f3n a la Nueva Era Digital que nos toca vivir, con todo lo que ello implica.\u201d<\/p>\n<p>&nbsp;<\/p>\n<h3 style=\"text-align: center;\"><span style=\"color: #ff0000;\"><a style=\"color: #ff0000;\" href=\"http:\/\/www.sf23arquitectos.com\/2016\/05\/cuestionando-con-arquibloggers-lorenzo-barno.html\" target=\"_blank\">Acceder al post<\/a><\/span><\/h3>\n<p style=\"text-align: center;\"><strong>Tambi\u00e9n te puede interesar:<\/strong><\/p>\n<p style=\"text-align: center;\">\n<p>&nbsp;<\/p>\n<p>* <span style=\"color: #808080;\">Este art\u00edculo ha sido escrito con car\u00e1cter divulgativo y sin ning\u00fan tipo de \u00e1nimo de lucro. As\u00ed que, si te apetece compartirlo en cualquier otro medio, estaremos encantados de que lo hagas siempre y cuando cites el lugar donde lo has encontrado.<\/span><\/p>\n<p><span style=\"color: #808080;\"><a style=\"color: #808080;\" href=\"https:\/\/twitter.com\/stepienybarno\">STEPIENYBARNO EN TWITTER _ @stepienybarno<\/a><\/span><\/p>\n<p><span style=\"color: #808080;\"><a style=\"color: #808080;\" href=\"http:\/\/www.linkedin.com\/company\/stepienybarno\">STEPIENYBARNO EN LINKEDIN<\/a><\/span><\/p>\n<p><span style=\"color: #808080;\"><a style=\"color: #808080;\" href=\"https:\/\/www.facebook.com\/pages\/BLOG-DE-STEPIENYBARNO\/78001079029\">STEPIENYBARNO EN FACEBOOK<\/a><\/span><\/p>\n<p><span style=\"color: #808080;\">* <a style=\"color: #808080;\" href=\"https:\/\/stepienybarno.es\/blog\/2011\/09\/04\/las-fortalezas-del-arquitecto\/\">Stepienybarno<\/a> est\u00e1 formado por Agnieszka Stepien y Lorenzo Barn\u00f3 y desde mayo del 2009 estamos en la red con\u00a0 la presente publicaci\u00f3n digital (Blog) de arquitectura.<\/span><\/p>\n<p><span style=\"color: #808080;\">Nuestra actividad se sustenta en tres pilares b\u00e1sicos: la investigaci\u00f3n, la publicaci\u00f3n y la redacci\u00f3n de proyectos de arquitectura.<\/span><\/p>\n<p><span style=\"color: #808080;\">A su vez, somos socios cofundadores de <a style=\"color: #808080;\" href=\"http:\/\/sinergiasostenible.org\/\">SINERGIA SOSTENIBLE<\/a>, redactores de <a style=\"color: #808080;\" href=\"http:\/\/www.laciudadviva.org\/blogs\/?author=45\">LA CIUDAD VIVA<\/a> y directores del blog de FUNDACI\u00d3N ARQUIA.<\/span><\/p>\n<p><span style=\"color: #808080;\">* Los editores de esta publicaci\u00f3n digital no nos hacemos cargo de de los comentarios y\u00a0 conceptos vertidos en los textos firmados por otras personas, siendo \u00e9stos de responsabilidad exclusiva de sus autores.<\/span><\/p>\n<p><span style=\"color: #808080;\">* Tu comentario pudiera ser moderado, por lo tanto, aunque aparezca inmediatamente al ser publicado en la entrada, los editores de esta publicaci\u00f3n digital nos reservamos el derecho tanto de editarlo (si fuera necesario, para hacerlo m\u00e1s legible) como de eliminarlo en el caso de que se usen expresiones incorrectas (descalificaciones, palabras malsonantes\u2026). A su vez, si quieres comentar desde el anonimato puedes hacerlo, aunque, nosotros personalmente, agradecemos que tod@s nos podamos identificar.<\/span><\/p>\n","protected":false},"excerpt":{"rendered":"<p>Compartimos la entrevista que nos hicieron desde el bonito blog<\/p>\n","protected":false},"author":2,"featured_media":23239,"comment_status":"open","ping_status":"closed","sticky":false,"template":"","format":"standard","meta":{"om_disable_all_campaigns":false,"_monsterinsights_skip_tracking":false,"_monsterinsights_sitenote_active":false,"_monsterinsights_sitenote_note":"","_monsterinsights_sitenote_category":0,"_uf_show_specific_survey":0,"_uf_disable_surveys":false,"episode_type":"","audio_file":"","cover_image":"","cover_image_id":"","duration":"","filesize":"","date_recorded":"","explicit":"","block":"","filesize_raw":"","footnotes":""},"categories":[8,22],"tags":[3146,4048],"series":[],"class_list":["post-23238","post","type-post","status-publish","format-standard","has-post-thumbnail","hentry","category-identidad-digital","category-identidad-digital-syb","tag-arquientrevista","tag-sf23-arquitectos"],"aioseo_notices":[],"episode_featured_image":"https:\/\/stepienybarno.es\/blog\/wp-content\/uploads\/2016\/07\/sf23-ARQUITECTOS-STEPIENBYARNO.png","episode_player_image":"https:\/\/stepienybarno.es\/blog\/wp-content\/uploads\/2020\/11\/stepienybarno-podcast-scaled.jpg","download_link":"","player_link":"","audio_player":false,"episode_data":{"playerMode":"dark","subscribeUrls":[],"rssFeedUrl":"https:\/\/stepienybarno.es\/blog\/feed\/podcast\/podcast-de-stepienybarno","embedCode":"<blockquote class=\"wp-embedded-content\" data-secret=\"l76G1YDgun\"><a href=\"https:\/\/stepienybarno.es\/blog\/2016\/07\/07\/cuestionando-con-arquibloggers-stepienybarno\/\">CUESTIONANDO CON #ARQUIBLOGGERS: STEPIENYBARNO<\/a><\/blockquote><iframe sandbox=\"allow-scripts\" security=\"restricted\" src=\"https:\/\/stepienybarno.es\/blog\/2016\/07\/07\/cuestionando-con-arquibloggers-stepienybarno\/embed\/#?secret=l76G1YDgun\" width=\"500\" height=\"350\" title=\"\u00abCUESTIONANDO CON #ARQUIBLOGGERS: STEPIENYBARNO\u00bb \u2014 Blog de STEPIEN Y BARNO - publicaci\u00f3n digital sobre arquitectura\" data-secret=\"l76G1YDgun\" frameborder=\"0\" marginwidth=\"0\" marginheight=\"0\" scrolling=\"no\" class=\"wp-embedded-content\"><\/iframe><script type=\"text\/javascript\">\n\/* <![CDATA[ *\/\n\/*! This file is auto-generated *\/\n!function(d,l){\"use strict\";l.querySelector&&d.addEventListener&&\"undefined\"!=typeof URL&&(d.wp=d.wp||{},d.wp.receiveEmbedMessage||(d.wp.receiveEmbedMessage=function(e){var t=e.data;if((t||t.secret||t.message||t.value)&&!\/[^a-zA-Z0-9]\/.test(t.secret)){for(var s,r,n,a=l.querySelectorAll('iframe[data-secret=\"'+t.secret+'\"]'),o=l.querySelectorAll('blockquote[data-secret=\"'+t.secret+'\"]'),c=new RegExp(\"^https?:$\",\"i\"),i=0;i<o.length;i++)o[i].style.display=\"none\";for(i=0;i<a.length;i++)s=a[i],e.source===s.contentWindow&&(s.removeAttribute(\"style\"),\"height\"===t.message?(1e3<(r=parseInt(t.value,10))?r=1e3:~~r<200&&(r=200),s.height=r):\"link\"===t.message&&(r=new URL(s.getAttribute(\"src\")),n=new URL(t.value),c.test(n.protocol))&&n.host===r.host&&l.activeElement===s&&(d.top.location.href=t.value))}},d.addEventListener(\"message\",d.wp.receiveEmbedMessage,!1),l.addEventListener(\"DOMContentLoaded\",function(){for(var e,t,s=l.querySelectorAll(\"iframe.wp-embedded-content\"),r=0;r<s.length;r++)(t=(e=s[r]).getAttribute(\"data-secret\"))||(t=Math.random().toString(36).substring(2,12),e.src+=\"#?secret=\"+t,e.setAttribute(\"data-secret\",t)),e.contentWindow.postMessage({message:\"ready\",secret:t},\"*\")},!1)))}(window,document);\n\/* ]]> *\/\n<\/script>\n"},"_links":{"self":[{"href":"https:\/\/stepienybarno.es\/blog\/wp-json\/wp\/v2\/posts\/23238"}],"collection":[{"href":"https:\/\/stepienybarno.es\/blog\/wp-json\/wp\/v2\/posts"}],"about":[{"href":"https:\/\/stepienybarno.es\/blog\/wp-json\/wp\/v2\/types\/post"}],"author":[{"embeddable":true,"href":"https:\/\/stepienybarno.es\/blog\/wp-json\/wp\/v2\/users\/2"}],"replies":[{"embeddable":true,"href":"https:\/\/stepienybarno.es\/blog\/wp-json\/wp\/v2\/comments?post=23238"}],"version-history":[{"count":2,"href":"https:\/\/stepienybarno.es\/blog\/wp-json\/wp\/v2\/posts\/23238\/revisions"}],"predecessor-version":[{"id":23241,"href":"https:\/\/stepienybarno.es\/blog\/wp-json\/wp\/v2\/posts\/23238\/revisions\/23241"}],"wp:featuredmedia":[{"embeddable":true,"href":"https:\/\/stepienybarno.es\/blog\/wp-json\/wp\/v2\/media\/23239"}],"wp:attachment":[{"href":"https:\/\/stepienybarno.es\/blog\/wp-json\/wp\/v2\/media?parent=23238"}],"wp:term":[{"taxonomy":"category","embeddable":true,"href":"https:\/\/stepienybarno.es\/blog\/wp-json\/wp\/v2\/categories?post=23238"},{"taxonomy":"post_tag","embeddable":true,"href":"https:\/\/stepienybarno.es\/blog\/wp-json\/wp\/v2\/tags?post=23238"},{"taxonomy":"series","embeddable":true,"href":"https:\/\/stepienybarno.es\/blog\/wp-json\/wp\/v2\/series?post=23238"}],"curies":[{"name":"wp","href":"https:\/\/api.w.org\/{rel}","templated":true}]}}